{"id":27548,"date":"2024-01-12T15:47:29","date_gmt":"2024-01-12T18:47:29","guid":{"rendered":"https:\/\/noticiasribeiraopreto.com.br\/index.php\/2024\/01\/12\/interior-de-sp-recebe-alerta-para-chuvas-intensas-neste-final-de-semana-veja-as-cidades\/"},"modified":"2024-01-12T15:47:29","modified_gmt":"2024-01-12T18:47:29","slug":"interior-de-sp-recebe-alerta-para-chuvas-intensas-neste-final-de-semana-veja-as-cidades","status":"publish","type":"post","link":"https:\/\/noticiasribeiraopreto.com.br\/index.php\/2024\/01\/12\/interior-de-sp-recebe-alerta-para-chuvas-intensas-neste-final-de-semana-veja-as-cidades\/","title":{"rendered":"Interior de SP recebe alerta para chuvas intensas neste final de semana; Veja as cidades"},"content":{"rendered":"<div class='code-block code-block-1' style='margin: 8px 0 8px auto; text-align: right; display: block; clear: both;'>\n<p><a href=\"https:\/\/wa.link\/vpicfd\"><img data-recalc-dims=\"1\" class=\"wp-image-4922\" style=\"aspect-ratio: 2.0253164556962027; width: 561px; height: auto;\" src=\"https:\/\/i0.wp.com\/ismaelcolosi.com.br\/wp-content\/uploads\/2023\/11\/grupo-de-empregos-whatsapp-e-facebook-ismael-colosi-vagas.jpg?ssl=1\" alt=\"\" \/><\/a><\/p>\n<!-- \/wp:image -->\n<\/div>\n<p> <br \/>\n<\/p>\n<div data-td-block-uid=\"tdi_104\">\n<div class=\"tdb-block-inner td-fix-index\">\n<p><a href=\"https:\/\/amazonashoje.com.br\/noticias\/inmet-emite-alerta-de-chuva-intensa-com-ventos-de-ate-100-km-h-para-o-amazonas\/\" target=\"_blank\" rel=\"noreferrer noopener\">O <strong><a href=\"https:\/\/alertas2.inmet.gov.br\/46093\" target=\"_blank\" rel=\"noreferrer noopener\">Inmet (Instituto Nacional de Meteorologia)<\/a><\/strong> publicou, nesta sexta-feira (12), um alerta de perigo potencial para chuvas intensas no <strong>interior de S\u00e3o Paulo<\/strong>. O comunicado \u00e9 v\u00e1lido at\u00e9 \u00e0s 10h deste s\u00e1bado (13).<\/p>\n<p>Apesar de isolada, as pancadas de chuva acontecem em um curto per\u00edodo de tempo e devem ter um volume alto. Segundo o \u00f3rg\u00e3o, pode chover o acumulado de at\u00e9 <strong>50 mil\u00edmetros<\/strong>, com ventos intensos entre <strong>40 km\/h<\/strong> e <strong>60 km\/h<\/strong>.<\/p>\n<figure class=\"wp-block-pullquote has-text-align-left\">\n<blockquote>\n<p>\u201cNesta sexta-feira e no fim de semana, o deslocamento de uma frente fria aumenta o risco de chuva forte no leste do Paran\u00e1, no estado de S\u00e3o Paulo, no estado do Rio De Janeiro e no centro-sul de Minas Gerais\u201d, explicou a Climatempo.<\/p>\n<\/blockquote>\n<\/figure>\n<p>As regi\u00f5es de <strong>Ribeir\u00e3o Preto<\/strong>, Campinas, <strong>Franca<\/strong>, <strong>Barretos<\/strong>, Piracicaba, Itapetininga, S\u00e3o Jos\u00e9 do Rio Preto, <strong>Araraquara <\/strong>e Bauru s\u00e3o mencionadas do alerta.<\/p>\n<h4 class=\"wp-block-heading\"><strong>Instru\u00e7\u00f5es<\/strong><\/h4>\n<p>Em caso de rajadas de vento: n\u00e3o se abrigue debaixo de \u00e1rvores, pois h\u00e1 leve risco de queda e descargas el\u00e9tricas e n\u00e3o estacione ve\u00edculos pr\u00f3ximos a torres de transmiss\u00e3o e placas de propaganda.<\/p>\n<p>Evite usar aparelhos eletr\u00f4nicos ligados \u00e0 tomada.<\/p>\n<p>Obtenha mais informa\u00e7\u00f5es junto \u00e0 Defesa Civil (telefone 199) e ao Corpo de Bombeiros (telefone 193).<\/p>\n<p>VEJA TAMB\u00c9M<\/p>\n<p>Frente fria aumenta risco de chuva forte no interior de SP; Veja a previs\u00e3o<\/p>\n<h4 class=\"wp-block-heading\"><strong><mark style=\"background-color:#fcb900\" class=\"has-inline-color\">FIQUE ON<\/mark><\/strong><\/h4>\n<p>Fique ligado em tudo que acontece em Ribeir\u00e3o Preto e regi\u00e3o. Siga os perfis do<strong>\u00a0acidade on\u00a0<\/strong>no\u00a0<a href=\"https:\/\/www.instagram.com\/acidadeonribeirao\" target=\"_blank\" rel=\"noreferrer noopener\">Instagram\u00a0<\/a>e no\u00a0<a href=\"https:\/\/www.facebook.com\/acidadeonribeirao\" target=\"_blank\" rel=\"noreferrer noopener\">Facebook.<\/a><\/p>\n<p>Receba not\u00edcias do\u00a0<strong>acidade on\u00a0<\/strong>no WhatsApp.<a href=\"https:\/\/chat.whatsapp.com\/Bnv2w66ZT4VDyZW3oiZ69n\" target=\"_blank\" rel=\"noreferrer noopener\">\u00a0Para entrar no grupo, basta clicar aqui.<\/a><\/p>\n<p>Fa\u00e7a uma den\u00fancia ou sugira uma reportagem sobre Ribeir\u00e3o Preto e regi\u00e3o pelo WhatsApp: 16 99117 7802.<\/p>\n<p>LEIA MAIS<\/p>\n<p>BBB 24: MC Bin Laden conta que orou quatro anos para superar opini\u00f5es homof\u00f3bicas<\/p>\n<p><!-- AI CONTENT END 1 -->\n<\/div>\n<\/div>\n<p><script async src=\"\/\/www.instagram.com\/embed.js\"><\/script><br \/>\n<br \/><br \/>\n<br \/><a href=\"https:\/\/www.acidadeon.com\/ribeiraopreto\/cotidiano\/interior-de-sp-recebe-alerta-para-chuvas-intensas-neste-final-de-semana-veja-as-cidades\/\">Source link <\/a><\/p>\n<!-- CONTENT END 1 -->\n","protected":false},"excerpt":{"rendered":"<p>O Inmet (Instituto Nacional de Meteorologia) publicou, nesta sexta-feira (12), um alerta de perigo potencial para chuvas intensas no interior de S\u00e3o Paulo. O comunicado&#8230;<\/p>\n","protected":false},"author":1,"featured_media":27549,"comment_status":"open","ping_status":"open","sticky":false,"template":"","format":"standard","meta":{"advanced_seo_description":"","jetpack_seo_html_title":"","jetpack_seo_noindex":false,"jetpack_post_was_ever_published":false,"_jetpack_newsletter_access":"","_jetpack_dont_email_post_to_subs":false,"_jetpack_newsletter_tier_id":0,"_jetpack_memberships_contains_paywalled_content":false,"_jetpack_memberships_contains_paid_content":false,"footnotes":"","jetpack_publicize_message":"","jetpack_publicize_feature_enabled":true,"jetpack_social_post_already_shared":true,"jetpack_social_options":{"image_generator_settings":{"template":"highway","default_image_id":0,"font":"","enabled":false},"version":2}},"categories":[11],"tags":[163,164,250,672,165,237,263,71,407,126,48],"class_list":["post-27548","post","type-post","status-publish","format-standard","has-post-thumbnail","hentry","category-noticias-de-ribeirao-preto-sp-e-regiao-ismael-colosi","tag-alerta","tag-chuvas","tag-cidades","tag-final","tag-intensas","tag-interior","tag-neste","tag-para","tag-recebe","tag-semana","tag-veja"],"jetpack_publicize_connections":[],"jetpack_featured_media_url":"https:\/\/i0.wp.com\/noticiasribeiraopreto.com.br\/wp-content\/uploads\/2024\/01\/VejaatquandovaioalertadechuvasintensasparaRibeiroPreto_Tamanho_2_image.jpg?fit=1200%2C900&ssl=1","jetpack-related-posts":[{"id":56123,"url":"https:\/\/noticiasribeiraopreto.com.br\/index.php\/2024\/08\/09\/frente-fria-interior-de-sp-tem-alerta-para-chuvas-intensas-veja-cidades-afetadas\/","url_meta":{"origin":27548,"position":0},"title":"Frente fria: interior de SP tem alerta para chuvas intensas; Veja cidades afetadas","author":"noticiasribeiraopreto.com.br","date":"9 de August de 2024","format":false,"excerpt":"Uma forte frente fria come\u00e7ou a atuar sobre interior do Estado de S\u00e3o Paulo nesta sexta-feira (9) e promete deixar as temperaturas mais baixas neste final de semana. Por conta desse cen\u00e1rio, o Instituto de Meteorologia (Inmet) emitiu um alerta de perigo potencial para chuvas intensas em diversas regi\u00f5es, inclusive\u2026","rel":"","context":"In &quot;Not\u00edcias de Ribeir\u00e3o Preto-SP e Regi\u00e3o&quot;","block_context":{"text":"Not\u00edcias de Ribeir\u00e3o Preto-SP e Regi\u00e3o","link":"https:\/\/noticiasribeiraopreto.com.br\/index.php\/category\/noticias-de-ribeirao-preto-sp-e-regiao-ismael-colosi\/"},"img":{"alt_text":"","src":"https:\/\/i0.wp.com\/noticiasribeiraopreto.com.br\/wp-content\/uploads\/2024\/08\/CicloneextratropicalgrandeeintensoprovocaalertaVejaaprevisodotempo_Tamanho_2_image.jpg?fit=1200%2C900&ssl=1&resize=350%2C200","width":350,"height":200,"srcset":"https:\/\/i0.wp.com\/noticiasribeiraopreto.com.br\/wp-content\/uploads\/2024\/08\/CicloneextratropicalgrandeeintensoprovocaalertaVejaaprevisodotempo_Tamanho_2_image.jpg?fit=1200%2C900&ssl=1&resize=350%2C200 1x, https:\/\/i0.wp.com\/noticiasribeiraopreto.com.br\/wp-content\/uploads\/2024\/08\/CicloneextratropicalgrandeeintensoprovocaalertaVejaaprevisodotempo_Tamanho_2_image.jpg?fit=1200%2C900&ssl=1&resize=525%2C300 1.5x, https:\/\/i0.wp.com\/noticiasribeiraopreto.com.br\/wp-content\/uploads\/2024\/08\/CicloneextratropicalgrandeeintensoprovocaalertaVejaaprevisodotempo_Tamanho_2_image.jpg?fit=1200%2C900&ssl=1&resize=700%2C400 2x, https:\/\/i0.wp.com\/noticiasribeiraopreto.com.br\/wp-content\/uploads\/2024\/08\/CicloneextratropicalgrandeeintensoprovocaalertaVejaaprevisodotempo_Tamanho_2_image.jpg?fit=1200%2C900&ssl=1&resize=1050%2C600 3x"},"classes":[]},{"id":4072,"url":"https:\/\/noticiasribeiraopreto.com.br\/index.php\/2023\/11\/20\/interior-de-sp-recebe-nova-alerta-para-chuvas-intensas-veja-a-previsao\/","url_meta":{"origin":27548,"position":1},"title":"Interior de SP recebe nova alerta para chuvas intensas; Veja a previs\u00e3o","author":"noticiasribeiraopreto.com.br","date":"20 de November de 2023","format":false,"excerpt":"O Inmet (Instituto Nacional de Meteorologia) publicou um aviso de \u201cperigo potencial\u201d para chuvas intensas em Ribeir\u00e3o Preto e regi\u00e3o, nesta segunda-feira (20). O alerta \u00e9 v\u00e1lido para parte do interior de S\u00e3o Paulo, at\u00e9 \u00e0s 11h da ter\u00e7a-feira (21). Segundo o Inmet, pode chover o acumulado de at\u00e9 30\u2026","rel":"","context":"In &quot;Not\u00edcias de Ribeir\u00e3o Preto-SP e Regi\u00e3o&quot;","block_context":{"text":"Not\u00edcias de Ribeir\u00e3o Preto-SP e Regi\u00e3o","link":"https:\/\/noticiasribeiraopreto.com.br\/index.php\/category\/noticias-de-ribeirao-preto-sp-e-regiao-ismael-colosi\/"},"img":{"alt_text":"","src":"https:\/\/i0.wp.com\/noticiasribeiraopreto.com.br\/wp-content\/uploads\/2023\/11\/chuva_ribeirao_1024x576_27012021223007.jpg?fit=1024%2C576&ssl=1&resize=350%2C200","width":350,"height":200,"srcset":"https:\/\/i0.wp.com\/noticiasribeiraopreto.com.br\/wp-content\/uploads\/2023\/11\/chuva_ribeirao_1024x576_27012021223007.jpg?fit=1024%2C576&ssl=1&resize=350%2C200 1x, https:\/\/i0.wp.com\/noticiasribeiraopreto.com.br\/wp-content\/uploads\/2023\/11\/chuva_ribeirao_1024x576_27012021223007.jpg?fit=1024%2C576&ssl=1&resize=525%2C300 1.5x, https:\/\/i0.wp.com\/noticiasribeiraopreto.com.br\/wp-content\/uploads\/2023\/11\/chuva_ribeirao_1024x576_27012021223007.jpg?fit=1024%2C576&ssl=1&resize=700%2C400 2x"},"classes":[]},{"id":80854,"url":"https:\/\/noticiasribeiraopreto.com.br\/index.php\/2025\/12\/16\/nova-frente-fria-coloca-cidades-do-interior-de-sp-em-alerta-para-chuva-confira-a-lista\/","url_meta":{"origin":27548,"position":2},"title":"Nova frente fria coloca cidades do interior de SP em alerta para chuva; confira a lista","author":"noticiasribeiraopreto.com.br","date":"16 de December de 2025","format":false,"excerpt":"Um alerta de perigo para chuvas intensas foi emitido pelo Instituto Nacional de Meteorologia (Inmet) nesta segunda-feira (15). De acordo com a Climatempo, uma nova frente fria deve refor\u00e7ar as instabilidades nesta semana, no interior de S\u00e3o Paulo. O comunicado, identificado com a cor laranja, prev\u00ea chuva entre 30 e\u2026","rel":"","context":"In &quot;Not\u00edcias de Ribeir\u00e3o Preto-SP e Regi\u00e3o&quot;","block_context":{"text":"Not\u00edcias de Ribeir\u00e3o Preto-SP e Regi\u00e3o","link":"https:\/\/noticiasribeiraopreto.com.br\/index.php\/category\/noticias-de-ribeirao-preto-sp-e-regiao-ismael-colosi\/"},"img":{"alt_text":"","src":"https:\/\/i0.wp.com\/noticiasribeiraopreto.com.br\/wp-content\/uploads\/2025\/12\/WhatsApp-Image-2025-11-22-at-09.06.01-1_2025-11-22_12-23-00.webp.webp?fit=1200%2C900&ssl=1&resize=350%2C200","width":350,"height":200,"srcset":"https:\/\/i0.wp.com\/noticiasribeiraopreto.com.br\/wp-content\/uploads\/2025\/12\/WhatsApp-Image-2025-11-22-at-09.06.01-1_2025-11-22_12-23-00.webp.webp?fit=1200%2C900&ssl=1&resize=350%2C200 1x, https:\/\/i0.wp.com\/noticiasribeiraopreto.com.br\/wp-content\/uploads\/2025\/12\/WhatsApp-Image-2025-11-22-at-09.06.01-1_2025-11-22_12-23-00.webp.webp?fit=1200%2C900&ssl=1&resize=525%2C300 1.5x, https:\/\/i0.wp.com\/noticiasribeiraopreto.com.br\/wp-content\/uploads\/2025\/12\/WhatsApp-Image-2025-11-22-at-09.06.01-1_2025-11-22_12-23-00.webp.webp?fit=1200%2C900&ssl=1&resize=700%2C400 2x, https:\/\/i0.wp.com\/noticiasribeiraopreto.com.br\/wp-content\/uploads\/2025\/12\/WhatsApp-Image-2025-11-22-at-09.06.01-1_2025-11-22_12-23-00.webp.webp?fit=1200%2C900&ssl=1&resize=1050%2C600 3x"},"classes":[]},{"id":83265,"url":"https:\/\/noticiasribeiraopreto.com.br\/index.php\/2026\/03\/14\/alerta-de-chuva-intensa-e-emitido-para-o-interior-de-sp-neste-fim-de-semana-veja-regioes\/","url_meta":{"origin":27548,"position":3},"title":"Alerta de chuva intensa \u00e9 emitido para o interior de SP neste fim de semana; Veja regi\u00f5es","author":"noticiasribeiraopreto.com.br","date":"14 de March de 2026","format":false,"excerpt":"O Instituto Nacional de Meteorologia (Inmet) emitiu um alerta de perigo potencial para chuvas intensas no interior de S\u00e3o Paulo neste fim de semana \u2013 veja as regi\u00f5es afetadas abaixo. Segundo a Climatempo, a forma\u00e7\u00e3o de um cavado meteorol\u00f3gico ainda deve refor\u00e7ar o desenvolvimento de nuvens nesta sexta-feira, al\u00e9m da\u2026","rel":"","context":"In &quot;Not\u00edcias de Ribeir\u00e3o Preto-SP e Regi\u00e3o&quot;","block_context":{"text":"Not\u00edcias de Ribeir\u00e3o Preto-SP e Regi\u00e3o","link":"https:\/\/noticiasribeiraopreto.com.br\/index.php\/category\/noticias-de-ribeirao-preto-sp-e-regiao-ismael-colosi\/"},"img":{"alt_text":"","src":"https:\/\/i0.wp.com\/noticiasribeiraopreto.com.br\/wp-content\/uploads\/2025\/12\/avenida-maurilio-biagi_2025-12-13_21-02-43-e1765659795927.webp.webp?fit=950%2C466&ssl=1&resize=350%2C200","width":350,"height":200,"srcset":"https:\/\/i0.wp.com\/noticiasribeiraopreto.com.br\/wp-content\/uploads\/2025\/12\/avenida-maurilio-biagi_2025-12-13_21-02-43-e1765659795927.webp.webp?fit=950%2C466&ssl=1&resize=350%2C200 1x, https:\/\/i0.wp.com\/noticiasribeiraopreto.com.br\/wp-content\/uploads\/2025\/12\/avenida-maurilio-biagi_2025-12-13_21-02-43-e1765659795927.webp.webp?fit=950%2C466&ssl=1&resize=525%2C300 1.5x, https:\/\/i0.wp.com\/noticiasribeiraopreto.com.br\/wp-content\/uploads\/2025\/12\/avenida-maurilio-biagi_2025-12-13_21-02-43-e1765659795927.webp.webp?fit=950%2C466&ssl=1&resize=700%2C400 2x"},"classes":[]},{"id":41068,"url":"https:\/\/noticiasribeiraopreto.com.br\/index.php\/2024\/03\/06\/inmet-publica-alerta-de-chuvas-intensas-no-interior-de-sp-ate-o-final-da-semana\/","url_meta":{"origin":27548,"position":4},"title":"Inmet publica alerta de chuvas intensas no interior de SP at\u00e9 o final da semana","author":"noticiasribeiraopreto.com.br","date":"6 de March de 2024","format":false,"excerpt":"O Inmet (Instituto Nacional de Meteorologia) publicou um alerta de chuvas intensas para o interior de S\u00e3o Paulo v\u00e1lido at\u00e9 o final desta semana. Segundo o aviso, pode chover o acumulado de at\u00e9 30 mil\u00edmetros no per\u00edodo de hora e ventos de at\u00e9 60 km\/h. O alerta \u00e9 v\u00e1lido at\u00e9\u2026","rel":"","context":"In &quot;Not\u00edcias de Ribeir\u00e3o Preto-SP e Regi\u00e3o&quot;","block_context":{"text":"Not\u00edcias de Ribeir\u00e3o Preto-SP e Regi\u00e3o","link":"https:\/\/noticiasribeiraopreto.com.br\/index.php\/category\/noticias-de-ribeirao-preto-sp-e-regiao-ismael-colosi\/"},"img":{"alt_text":"","src":"https:\/\/i0.wp.com\/noticiasribeiraopreto.com.br\/wp-content\/uploads\/2024\/03\/WhatsApp-Image-2024-02-16-at-11.24.48.jpeg?fit=1200%2C540&ssl=1&resize=350%2C200","width":350,"height":200,"srcset":"https:\/\/i0.wp.com\/noticiasribeiraopreto.com.br\/wp-content\/uploads\/2024\/03\/WhatsApp-Image-2024-02-16-at-11.24.48.jpeg?fit=1200%2C540&ssl=1&resize=350%2C200 1x, https:\/\/i0.wp.com\/noticiasribeiraopreto.com.br\/wp-content\/uploads\/2024\/03\/WhatsApp-Image-2024-02-16-at-11.24.48.jpeg?fit=1200%2C540&ssl=1&resize=525%2C300 1.5x, https:\/\/i0.wp.com\/noticiasribeiraopreto.com.br\/wp-content\/uploads\/2024\/03\/WhatsApp-Image-2024-02-16-at-11.24.48.jpeg?fit=1200%2C540&ssl=1&resize=700%2C400 2x, https:\/\/i0.wp.com\/noticiasribeiraopreto.com.br\/wp-content\/uploads\/2024\/03\/WhatsApp-Image-2024-02-16-at-11.24.48.jpeg?fit=1200%2C540&ssl=1&resize=1050%2C600 3x"},"classes":[]},{"id":82707,"url":"https:\/\/noticiasribeiraopreto.com.br\/index.php\/2026\/02\/24\/alerta-laranja-para-chuvas-intensas-e-mantido-no-interior-de-sp-ate-sexta-veja-cidades\/","url_meta":{"origin":27548,"position":5},"title":"Alerta laranja para chuvas intensas \u00e9 mantido no interior de SP at\u00e9 sexta; Veja cidades","author":"noticiasribeiraopreto.com.br","date":"24 de February de 2026","format":false,"excerpt":"O\u00a0Inmet (Instituto Nacional de Meteorologia)\u00a0publicou\u00a0um alerta de \u201cperigo\u201d para chuvas intensas no interior de S\u00e3o Paulo, com validade at\u00e9 sexta-feira (27). O aviso \u00e9 na cor laranja, a segunda em uma escala at\u00e9 tr\u00eas n\u00edveis de severidade, e abrange as regi\u00f5es norte, leste e sul do estado paulista. Clique aqui\u2026","rel":"","context":"In &quot;Not\u00edcias de Ribeir\u00e3o Preto-SP e Regi\u00e3o&quot;","block_context":{"text":"Not\u00edcias de Ribeir\u00e3o Preto-SP e Regi\u00e3o","link":"https:\/\/noticiasribeiraopreto.com.br\/index.php\/category\/noticias-de-ribeirao-preto-sp-e-regiao-ismael-colosi\/"},"img":{"alt_text":"","src":"https:\/\/i0.wp.com\/noticiasribeiraopreto.com.br\/wp-content\/uploads\/2026\/02\/MAPA_2026-02-24_09-16-09.webp.webp?fit=1200%2C873&ssl=1&resize=350%2C200","width":350,"height":200,"srcset":"https:\/\/i0.wp.com\/noticiasribeiraopreto.com.br\/wp-content\/uploads\/2026\/02\/MAPA_2026-02-24_09-16-09.webp.webp?fit=1200%2C873&ssl=1&resize=350%2C200 1x, https:\/\/i0.wp.com\/noticiasribeiraopreto.com.br\/wp-content\/uploads\/2026\/02\/MAPA_2026-02-24_09-16-09.webp.webp?fit=1200%2C873&ssl=1&resize=525%2C300 1.5x, https:\/\/i0.wp.com\/noticiasribeiraopreto.com.br\/wp-content\/uploads\/2026\/02\/MAPA_2026-02-24_09-16-09.webp.webp?fit=1200%2C873&ssl=1&resize=700%2C400 2x, https:\/\/i0.wp.com\/noticiasribeiraopreto.com.br\/wp-content\/uploads\/2026\/02\/MAPA_2026-02-24_09-16-09.webp.webp?fit=1200%2C873&ssl=1&resize=1050%2C600 3x"},"classes":[]}],"jetpack_sharing_enabled":true,"jetpack_shortlink":"https:\/\/wp.me\/peQAOb-7ak","_links":{"self":[{"href":"https:\/\/noticiasribeiraopreto.com.br\/index.php\/wp-json\/wp\/v2\/posts\/27548","targetHints":{"allow":["GET"]}}],"collection":[{"href":"https:\/\/noticiasribeiraopreto.com.br\/index.php\/wp-json\/wp\/v2\/posts"}],"about":[{"href":"https:\/\/noticiasribeiraopreto.com.br\/index.php\/wp-json\/wp\/v2\/types\/post"}],"author":[{"embeddable":true,"href":"https:\/\/noticiasribeiraopreto.com.br\/index.php\/wp-json\/wp\/v2\/users\/1"}],"replies":[{"embeddable":true,"href":"https:\/\/noticiasribeiraopreto.com.br\/index.php\/wp-json\/wp\/v2\/comments?post=27548"}],"version-history":[{"count":0,"href":"https:\/\/noticiasribeiraopreto.com.br\/index.php\/wp-json\/wp\/v2\/posts\/27548\/revisions"}],"wp:featuredmedia":[{"embeddable":true,"href":"https:\/\/noticiasribeiraopreto.com.br\/index.php\/wp-json\/wp\/v2\/media\/27549"}],"wp:attachment":[{"href":"https:\/\/noticiasribeiraopreto.com.br\/index.php\/wp-json\/wp\/v2\/media?parent=27548"}],"wp:term":[{"taxonomy":"category","embeddable":true,"href":"https:\/\/noticiasribeiraopreto.com.br\/index.php\/wp-json\/wp\/v2\/categories?post=27548"},{"taxonomy":"post_tag","embeddable":true,"href":"https:\/\/noticiasribeiraopreto.com.br\/index.php\/wp-json\/wp\/v2\/tags?post=27548"}],"curies":[{"name":"wp","href":"https:\/\/api.w.org\/{rel}","templated":true}]}}