{"id":27577,"date":"2024-01-12T16:40:14","date_gmt":"2024-01-12T19:40:14","guid":{"rendered":"https:\/\/noticiasribeiraopreto.com.br\/index.php\/2024\/01\/12\/confira-as-atividades-do-museu-casa-de-portinari-para-os-proximos-dias\/"},"modified":"2024-01-12T16:40:14","modified_gmt":"2024-01-12T19:40:14","slug":"confira-as-atividades-do-museu-casa-de-portinari-para-os-proximos-dias","status":"publish","type":"post","link":"https:\/\/noticiasribeiraopreto.com.br\/index.php\/2024\/01\/12\/confira-as-atividades-do-museu-casa-de-portinari-para-os-proximos-dias\/","title":{"rendered":"Confira as atividades do Museu Casa de Portinari para os pr\u00f3ximos dias"},"content":{"rendered":"<div class='code-block code-block-1' style='margin: 8px 0 8px auto; text-align: right; display: block; clear: both;'>\n<p><a href=\"https:\/\/wa.link\/vpicfd\"><img data-recalc-dims=\"1\" class=\"wp-image-4922\" style=\"aspect-ratio: 2.0253164556962027; width: 561px; height: auto;\" src=\"https:\/\/i0.wp.com\/ismaelcolosi.com.br\/wp-content\/uploads\/2023\/11\/grupo-de-empregos-whatsapp-e-facebook-ismael-colosi-vagas.jpg?ssl=1\" alt=\"\" \/><\/a><\/p>\n<!-- \/wp:image -->\n<\/div>\n<p> <br \/>\n<\/p>\n<div lang=\"PT-BR\">\n<p class=\"x_MsoNormal\">Os destaques s\u00e3o uma pe\u00e7a de teatro que conta de forma l\u00fadica a inf\u00e2ncia de Candido Portinari e a 11\u00aa edi\u00e7\u00e3o do #MuseumSelfieDay, que convida visitantes de museus do mundo inteiro a compartilharem suas impress\u00f5es sobre as mostras visitadas.<u\/><u\/><\/p>\n<p class=\"x_MsoNormal\"><u\/>Al\u00e9m disso, o projeto \u201cF\u00e9rias no Museu\u201d continua a todo o vapor, com oficinas, jogos e muita arte na esplanada do museu. Confira, abaixo, a programa\u00e7\u00e3o para os pr\u00f3ximos dias.<u\/><u\/><\/p>\n<p class=\"x_MsoNormal\"><b>Feira de Artesanato<\/b><\/p>\n<p class=\"x_MsoNormal\"><b><u\/><u\/><\/b><u\/>Apoiar a economia criativa no munic\u00edpio de Brodowski (SP) \u00e9 uma das iniciativas do Museu Casa de Portinari. Para isso, a institui\u00e7\u00e3o promove feiras de artesanato aos finais de semana em sua esplanada, com grupos de artes\u00e3os locais que apresentam suas produ\u00e7\u00f5es e t\u00e9cnicas em trabalhos manuais. A atividade gera renda, incentiva o empreendedorismo, contribui para a inclus\u00e3o social e promo\u00e7\u00e3o da cidadania.<u\/><u\/><\/p>\n<p class=\"x_MsoNormal\"><u\/>\u00a0<u\/>Dias 13, 14, 20 e 21 de janeiro (s\u00e1bados e domingos)<u\/><u\/><\/p>\n<p class=\"x_MsoNormal\">Hor\u00e1rio: das 10h \u00e0s 16h<u\/><u\/><\/p>\n<p class=\"x_MsoNormal\">Gratuito<u\/><u\/><\/p>\n<p class=\"x_MsoNormal\"><u\/><b>Oficina de Slime<\/b><\/p>\n<p class=\"x_MsoNormal\"><b><u\/><u\/><\/b><u\/>Dentro da programa\u00e7\u00e3o \u201cF\u00e9rias no Museu\u201d, a crian\u00e7ada \u00e9 chamada a colocar a m\u00e3o na massa durante a Oficina de Slime. A atividade proporciona uma experi\u00eancia sensorial divertida ao explorar texturas, cores, formas e personaliza\u00e7\u00e3o das pe\u00e7as.<u\/><u\/><\/p>\n<p class=\"x_MsoNormal\"><u\/>Dia 13 de janeiro (s\u00e1bado)<u\/><u\/><\/p>\n<p class=\"x_MsoNormal\">Hor\u00e1rio: das 9h \u00e0s 11h30 e das 13h30 \u00e0s 16h<br aria-hidden=\"true\"\/>Gratuito<u\/><u\/><\/p>\n<p class=\"x_MsoNormal\"><u\/><b>Teatro \u201cO cafezal, o Menino e o C\u00e9u Azul\u201d<u\/><u\/><\/b><\/p>\n<p class=\"x_MsoNormal\"><u\/>A apresenta\u00e7\u00e3o teatral conta hist\u00f3rias de inf\u00e2ncia vividas por Candido Portinari em sua terra natal, Brodowski. \u00c9 uma imers\u00e3o \u00e0s artes c\u00eanicas e pl\u00e1sticas por meio de uma obra afetuosa e l\u00fadica, que promove a reflex\u00e3o sobre quest\u00f5es humanas que permeiam o cotidiano de todos n\u00f3s.<u\/><u\/><\/p>\n<p class=\"x_MsoNormal\">Dia 14 de janeiro (domingo)<u\/><u\/><\/p>\n<p class=\"x_MsoNormal\">Hor\u00e1rio: 15h30<br aria-hidden=\"true\"\/>Local: Esplanada do Museu Casa de Portinari<u\/><u\/><\/p>\n<p class=\"x_MsoNormal\">Gratuito<u\/><u\/><\/p>\n<p class=\"x_MsoNormal\"><b>Domingo com Arte e Ateli\u00ea ao Vivo<\/b><\/p>\n<p class=\"x_MsoNormal\"><b><u\/><u\/><\/b>O Domingo com Arte \u00e9 uma iniciativa do Museu Casa de Portinari que visa fomentar a cultura e o fazer art\u00edstico na regi\u00e3o. A atividade re\u00fane artistas do munic\u00edpio de Brodowski e cidades vizinhas, al\u00e9m de grupos de artesanato da comunidade no segundo domingo de cada m\u00eas.<u\/><u\/><\/p>\n<p class=\"x_MsoNormal\"><u\/>Para a edi\u00e7\u00e3o de janeiro, a institui\u00e7\u00e3o contar\u00e1 com a participa\u00e7\u00e3o da artista Elaine Colsera, com o Ateli\u00ea ao Vivo, na esplanada do museu.<u\/><u\/><\/p>\n<p class=\"x_MsoNormal\"><u\/>Dia 14 de janeiro (domingo)<u\/><u\/><\/p>\n<p class=\"x_MsoNormal\">Hor\u00e1rio: \u00e0s 10h<u\/><u\/><\/p>\n<p class=\"x_MsoNormal\">Local: Esplanada do Museu Casa de Portinari<u\/><u\/><\/p>\n<p class=\"x_MsoNormal\">Gratuito<u\/><u\/><\/p>\n<p class=\"x_MsoNormal\"><b>Domingo com Arte e Ateli\u00ea Virtual<\/b><\/p>\n<p class=\"x_MsoNormal\">J\u00e1 a edi\u00e7\u00e3o virtual do Domingo com Arte \u00e9 com o artista Denis Anhezini, que desde pequeno \u00e9 apaixonado pelas artes e pela natureza. Anhezini \u00e9 formado em arte-educa\u00e7\u00e3o, p\u00f3s-graduado em hist\u00f3ria da arte e tem forma\u00e7\u00e3o em pedagogia. Atualmente leciona na rede municipal de ensino de Jardin\u00f3polis (SP), sendo parceiro de longa data nas a\u00e7\u00f5es do Museu Casa de Portinari.<u\/><u\/><\/p>\n<p class=\"x_MsoNormal\"><u\/>\u00a0<u\/>Dia 14 de janeiro (domingo)<u\/><u\/><\/p>\n<p class=\"x_MsoNormal\">Hor\u00e1rio: \u00e0s 14h<u\/><u\/><\/p>\n<p class=\"x_MsoNormal\">Local: Redes Sociais do Museu Casa de Portinari<br aria-hidden=\"true\"\/>Instagram: @museucadeportinari<u\/><u\/><\/p>\n<p class=\"x_MsoNormal\">Facebook: \/museucasadeportinari<u\/><u\/><\/p>\n<p class=\"x_MsoNormal\"><b>#MuseumSelfieDay<u\/><u\/><\/b><\/p>\n<p class=\"x_MsoNormal\"><u\/>Sucesso nas m\u00eddias sociais, a a\u00e7\u00e3o #MuseumSelfieDay chega a sua 11\u00aa edi\u00e7\u00e3o. Visitantes de museus de todo o mundo s\u00e3o convidados a postar uma <i>selfie<\/i>\u00a0(os famosos autorretratos nas redes sociais) com a\u00a0<i>hashtag<\/i>\u00a0ao visitar as institui\u00e7\u00f5es.<u\/><u\/><\/p>\n<p class=\"x_MsoNormal\"><u\/>O p\u00fablico pode acompanhar as publica\u00e7\u00f5es de selfies com curiosidades dos bastidores relacionadas ao acervo dos museus. O objetivo da a\u00e7\u00e3o \u00e9 estimular o visitante a produzir as fotos e circular essas imagens nas redes sociais, sendo uma oportunidade de divulgar os espa\u00e7os nas redes e mostrar ao p\u00fablico que os museus s\u00e3o divertidos, atraentes e conectados com as novas m\u00eddias.<u\/><u\/><\/p>\n<p class=\"x_MsoNormal\"><u\/>Dia 17 de janeiro (quarta-feira)<u\/><u\/><\/p>\n<p class=\"x_MsoNormal\">Local: M\u00eddias Sociais<br aria-hidden=\"true\"\/>Instagram: @museucadeportinari<u\/><u\/><\/p>\n<p class=\"x_MsoNormal\">Facebook: \/museucasadeportinari<u\/><u\/><\/p>\n<p class=\"x_MsoNormal\">Hor\u00e1rio: das 9h \u00e0s 20h<u\/><u\/><\/p>\n<p class=\"x_MsoNormal\"><u\/><b>F\u00e9rias no Museu \u2013 Oficina de Desenho<u\/><u\/><\/b><\/p>\n<p class=\"x_MsoNormal\"><u\/>A oficina de desenho \u00e9 uma das atividades que comp\u00f5em a programa\u00e7\u00e3o de F\u00e9rias no Museu. Os educadores convidam os participantes para uma conversa sobre a import\u00e2ncia do desenho na obra de Candido Portinari, como o \u201cRetrato de Carlos Gomes\u201d (1914), conhecida como a obra mais antiga do artista; e o \u201cRetrato de Vera Velloso Borges\u201d (1951), em exposi\u00e7\u00e3o no Museu Casa de Portinari. Posteriormente, os participantes ser\u00e3o incentivados a produzirem desenhos livres em papel.<u\/><u\/><\/p>\n<p class=\"x_MsoNormal\"><u\/>Dia 17 de janeiro (quarta-feira)<u\/><u\/><\/p>\n<p class=\"x_MsoNormal\">Hor\u00e1rio: \u00e0s 10h e \u00e0s 15h<u\/><u\/><\/p>\n<p class=\"x_MsoNormal\">Local: esplanada do Museu Casa de Portinari<u\/><u\/><\/p>\n<p class=\"x_MsoNormal\"><u\/>Al\u00e9m dessas atividades, o museu promove em sua esplanada, durante todo o m\u00eas de janeiro, diversas brincadeiras como pula corda, bola de meia, pi\u00e3o, bugalha, diabol\u00f4, bilboqu\u00ea, bola de gude, quebra-cabe\u00e7as, entre outras. Elas acontecem de ter\u00e7a a domingo das 10h \u00e0s 16h. Confira a <a href=\"https:\/\/www.museucasadeportinari.org.br\/programacao-do-museu\/\" target=\"_blank\" data-auth=\"NotApplicable\" data-linkindex=\"5\" rel=\"noopener\">programa\u00e7\u00e3o completa<\/a>\u00a0do Museu Casa de Portinari no site.<u\/><u\/><\/p>\n<p class=\"x_MsoNormal\"><b>Museu Casa de Portinari<u\/><u\/><\/b><\/p>\n<p class=\"x_MsoNormal\">Inaugurado em 14 de mar\u00e7o de 1970, em Brodowski, o Museu Casa de Portinari, institui\u00e7\u00e3o do Governo do Estado de S\u00e3o Paulo administrada pela Secretaria da Cultura, Economia e Ind\u00fastria Criativas do Estado de S\u00e3o Paulo em parceria com a ACAM Portinari \u2013 Organiza\u00e7\u00e3o Social de Cultura, tem como edifica\u00e7\u00e3o a antiga resid\u00eancia de Candido Portinari e representa a forte liga\u00e7\u00e3o do pintor com sua terra natal, origens e la\u00e7os familiares.<u\/><u\/><\/p>\n<p class=\"x_MsoNormal\"><u\/>\u00c9 o local onde ele realizou suas primeiras experi\u00eancias com pinturas murais e se aprofundou na t\u00e9cnica ao passar dos anos. Entre os ambientes que mais se destacam, est\u00e3o o ateli\u00ea, com os objetos de trabalho do artista, e a \u201cCapela da Nonna\u201d, que Portinari pintou para sua av\u00f3.<u\/><u\/><\/p>\n<p class=\"x_MsoNormal\"><u\/>\u00a0<u\/><b>Funcionamento:<\/b>\u00a0de ter\u00e7a-feira a domingo, das 9h \u00e0s 18h; \u00e0s quartas-feiras, o hor\u00e1rio \u00e9 estendido at\u00e9 \u00e0s 20h.<br aria-hidden=\"true\"\/><b><br aria-hidden=\"true\"\/>Entrada:<\/b>\u00a0gratuita<u\/><u\/><\/p>\n<p class=\"x_MsoNormal\"><b>Endere\u00e7o:<\/b>\u00a0Pra\u00e7a Candido Portinari, n\u00ba 298 \u2013 Centro, em Brodowski (SP).<br aria-hidden=\"true\"\/><b>Informa\u00e7\u00f5es:<\/b>\u00a0(16) 3664-4284<u\/><u\/><\/p>\n<p class=\"x_MsoNormal\"><u\/>YouTube: \/casadeportinari<u\/><u\/><\/p>\n<p class=\"x_MsoNormal\">Instagram: @museucadeportinari<u\/><u\/><\/p>\n<p class=\"x_MsoNormal\">Facebook: \/museucasadeportinari<\/p>\n<\/div>\n<p><br \/>\n<br \/><a href=\"https:\/\/www.tribunaribeirao.com.br\/site\/confira-as-atividades-do-museu-casa-de-portinari-para-os-proximos-dias\/\">Source link <\/a><\/p>\n<!-- CONTENT END 1 -->\n","protected":false},"excerpt":{"rendered":"<p>Os destaques s\u00e3o uma pe\u00e7a de teatro que conta de forma l\u00fadica a inf\u00e2ncia de Candido Portinari e a 11\u00aa edi\u00e7\u00e3o do #MuseumSelfieDay, que convida&#8230;<\/p>\n","protected":false},"author":1,"featured_media":27578,"comment_status":"open","ping_status":"open","sticky":false,"template":"","format":"standard","meta":{"advanced_seo_description":"","jetpack_seo_html_title":"","jetpack_seo_noindex":false,"jetpack_post_was_ever_published":false,"_jetpack_newsletter_access":"","_jetpack_dont_email_post_to_subs":false,"_jetpack_newsletter_tier_id":0,"_jetpack_memberships_contains_paywalled_content":false,"_jetpack_memberships_contains_paid_content":false,"footnotes":"","jetpack_publicize_message":"","jetpack_publicize_feature_enabled":true,"jetpack_social_post_already_shared":true,"jetpack_social_options":{"image_generator_settings":{"template":"highway","default_image_id":0,"font":"","enabled":false},"version":2}},"categories":[11],"tags":[1174,289,269,493,1426,71,1427,835],"class_list":["post-27577","post","type-post","status-publish","format-standard","has-post-thumbnail","hentry","category-noticias-de-ribeirao-preto-sp-e-regiao-ismael-colosi","tag-atividades","tag-casa","tag-confira","tag-dias","tag-museu","tag-para","tag-portinari","tag-proximos"],"jetpack_publicize_connections":[],"jetpack_featured_media_url":"https:\/\/i0.wp.com\/noticiasribeiraopreto.com.br\/wp-content\/uploads\/2024\/01\/download.png?fit=524%2C295&ssl=1","jetpack-related-posts":[{"id":81314,"url":"https:\/\/noticiasribeiraopreto.com.br\/index.php\/2026\/01\/01\/feira-oficinas-e-arte-confira-programacao-de-janeiro-no-museu-casa-de-portinari\/","url_meta":{"origin":27577,"position":0},"title":"Feira, oficinas e arte: confira programa\u00e7\u00e3o de janeiro no Museu Casa de Portinari","author":"noticiasribeiraopreto.com.br","date":"1 de January de 2026","format":false,"excerpt":"O Museu Casa Portinari, institui\u00e7\u00e3o da Secretaria da Cultura, Economia e Ind\u00fastria Criativas do Estado de S\u00e3o Paulo, localizado em Brodowski, na regi\u00e3o de Ribeir\u00e3o Preto oferece uma programa\u00e7\u00e3o especial para o per\u00edodo de f\u00e9rias da crian\u00e7ada. Esplanada do Museu Casa de Portinari \u2013 Foto: Divulga\u00e7\u00e3o O p\u00fablico encontrar\u00e1 exposi\u00e7\u00f5es,\u2026","rel":"","context":"In &quot;Not\u00edcias de Ribeir\u00e3o Preto-SP e Regi\u00e3o&quot;","block_context":{"text":"Not\u00edcias de Ribeir\u00e3o Preto-SP e Regi\u00e3o","link":"https:\/\/noticiasribeiraopreto.com.br\/index.php\/category\/noticias-de-ribeirao-preto-sp-e-regiao-ismael-colosi\/"},"img":{"alt_text":"","src":"https:\/\/i0.wp.com\/noticiasribeiraopreto.com.br\/wp-content\/uploads\/2026\/01\/2553e360-a9c3-42a1-b43e-08e45def53d6_2025-12-31_12-44-40.webp.webp?fit=1200%2C797&ssl=1&resize=350%2C200","width":350,"height":200,"srcset":"https:\/\/i0.wp.com\/noticiasribeiraopreto.com.br\/wp-content\/uploads\/2026\/01\/2553e360-a9c3-42a1-b43e-08e45def53d6_2025-12-31_12-44-40.webp.webp?fit=1200%2C797&ssl=1&resize=350%2C200 1x, https:\/\/i0.wp.com\/noticiasribeiraopreto.com.br\/wp-content\/uploads\/2026\/01\/2553e360-a9c3-42a1-b43e-08e45def53d6_2025-12-31_12-44-40.webp.webp?fit=1200%2C797&ssl=1&resize=525%2C300 1.5x, https:\/\/i0.wp.com\/noticiasribeiraopreto.com.br\/wp-content\/uploads\/2026\/01\/2553e360-a9c3-42a1-b43e-08e45def53d6_2025-12-31_12-44-40.webp.webp?fit=1200%2C797&ssl=1&resize=700%2C400 2x, https:\/\/i0.wp.com\/noticiasribeiraopreto.com.br\/wp-content\/uploads\/2026\/01\/2553e360-a9c3-42a1-b43e-08e45def53d6_2025-12-31_12-44-40.webp.webp?fit=1200%2C797&ssl=1&resize=1050%2C600 3x"},"classes":[]},{"id":73283,"url":"https:\/\/noticiasribeiraopreto.com.br\/index.php\/2025\/06\/28\/museu-casa-de-portinari-tem-programacao-especial-nas-ferias-de-julho-confira\/","url_meta":{"origin":27577,"position":1},"title":"Museu Casa de Portinari tem programa\u00e7\u00e3o especial nas f\u00e9rias de julho; Confira","author":"noticiasribeiraopreto.com.br","date":"28 de June de 2025","format":false,"excerpt":"O Museu Casa de Portinari, em Brodowski, na regi\u00e3o de Ribeir\u00e3o Preto, oferece uma programa\u00e7\u00e3o especial de f\u00e9rias gratuita com oficinas, brincadeiras, jogos e espa\u00e7os de leitura. O projeto \u201cF\u00e9rias no Museu\u201d estimula a criatividade e aproxima as crian\u00e7as do universo art\u00edstico de Portinari. As atividades acontecem na esplanada do\u2026","rel":"","context":"In &quot;Not\u00edcias de Ribeir\u00e3o Preto-SP e Regi\u00e3o&quot;","block_context":{"text":"Not\u00edcias de Ribeir\u00e3o Preto-SP e Regi\u00e3o","link":"https:\/\/noticiasribeiraopreto.com.br\/index.php\/category\/noticias-de-ribeirao-preto-sp-e-regiao-ismael-colosi\/"},"img":{"alt_text":"","src":"https:\/\/i0.wp.com\/noticiasribeiraopreto.com.br\/wp-content\/uploads\/2025\/06\/5b6b7a56-6e5e-497d-8fe3-fe7aeed37d26_2025-06-28_17-41-04.webp.webp?fit=1200%2C728&ssl=1&resize=350%2C200","width":350,"height":200,"srcset":"https:\/\/i0.wp.com\/noticiasribeiraopreto.com.br\/wp-content\/uploads\/2025\/06\/5b6b7a56-6e5e-497d-8fe3-fe7aeed37d26_2025-06-28_17-41-04.webp.webp?fit=1200%2C728&ssl=1&resize=350%2C200 1x, https:\/\/i0.wp.com\/noticiasribeiraopreto.com.br\/wp-content\/uploads\/2025\/06\/5b6b7a56-6e5e-497d-8fe3-fe7aeed37d26_2025-06-28_17-41-04.webp.webp?fit=1200%2C728&ssl=1&resize=525%2C300 1.5x, https:\/\/i0.wp.com\/noticiasribeiraopreto.com.br\/wp-content\/uploads\/2025\/06\/5b6b7a56-6e5e-497d-8fe3-fe7aeed37d26_2025-06-28_17-41-04.webp.webp?fit=1200%2C728&ssl=1&resize=700%2C400 2x, https:\/\/i0.wp.com\/noticiasribeiraopreto.com.br\/wp-content\/uploads\/2025\/06\/5b6b7a56-6e5e-497d-8fe3-fe7aeed37d26_2025-06-28_17-41-04.webp.webp?fit=1200%2C728&ssl=1&resize=1050%2C600 3x"},"classes":[]},{"id":61894,"url":"https:\/\/noticiasribeiraopreto.com.br\/index.php\/2024\/12\/26\/museu-casa-de-portinari-promove-atividades-gratuitas-para-ferias-de-janeiro\/","url_meta":{"origin":27577,"position":2},"title":"Museu Casa de Portinari promove atividades gratuitas para f\u00e9rias de janeiro","author":"noticiasribeiraopreto.com.br","date":"26 de December de 2024","format":false,"excerpt":"O Museu Casa de Portinari, localizado em Brodowski, na regi\u00e3o de Ribeir\u00e3o Preto, preparou uma programa\u00e7\u00e3o gratuita para todos os p\u00fablicos durante as f\u00e9rias de janeiro. Entre os destaques est\u00e3o o projeto \u201cF\u00e9rias no Museu: Brincandinho\u201d, com jogos e brincadeiras tradicionais, al\u00e9m de diversas oficinas e atra\u00e7\u00f5es culturais como a\u2026","rel":"","context":"In &quot;Not\u00edcias de Ribeir\u00e3o Preto-SP e Regi\u00e3o&quot;","block_context":{"text":"Not\u00edcias de Ribeir\u00e3o Preto-SP e Regi\u00e3o","link":"https:\/\/noticiasribeiraopreto.com.br\/index.php\/category\/noticias-de-ribeirao-preto-sp-e-regiao-ismael-colosi\/"},"img":{"alt_text":"","src":"https:\/\/i0.wp.com\/noticiasribeiraopreto.com.br\/wp-content\/uploads\/2024\/12\/Copia-de-Copia-de-Copia-de-TAMANHO-EXATO-PARA-FOTOS-NO-SISTEMA-NOVO-2024-12-26T204630.618_2024-12-26_23-48-01_png_2024-12-26_23-48-01.webp.webp?fit=1200%2C675&ssl=1&resize=350%2C200","width":350,"height":200,"srcset":"https:\/\/i0.wp.com\/noticiasribeiraopreto.com.br\/wp-content\/uploads\/2024\/12\/Copia-de-Copia-de-Copia-de-TAMANHO-EXATO-PARA-FOTOS-NO-SISTEMA-NOVO-2024-12-26T204630.618_2024-12-26_23-48-01_png_2024-12-26_23-48-01.webp.webp?fit=1200%2C675&ssl=1&resize=350%2C200 1x, https:\/\/i0.wp.com\/noticiasribeiraopreto.com.br\/wp-content\/uploads\/2024\/12\/Copia-de-Copia-de-Copia-de-TAMANHO-EXATO-PARA-FOTOS-NO-SISTEMA-NOVO-2024-12-26T204630.618_2024-12-26_23-48-01_png_2024-12-26_23-48-01.webp.webp?fit=1200%2C675&ssl=1&resize=525%2C300 1.5x, https:\/\/i0.wp.com\/noticiasribeiraopreto.com.br\/wp-content\/uploads\/2024\/12\/Copia-de-Copia-de-Copia-de-TAMANHO-EXATO-PARA-FOTOS-NO-SISTEMA-NOVO-2024-12-26T204630.618_2024-12-26_23-48-01_png_2024-12-26_23-48-01.webp.webp?fit=1200%2C675&ssl=1&resize=700%2C400 2x, https:\/\/i0.wp.com\/noticiasribeiraopreto.com.br\/wp-content\/uploads\/2024\/12\/Copia-de-Copia-de-Copia-de-TAMANHO-EXATO-PARA-FOTOS-NO-SISTEMA-NOVO-2024-12-26T204630.618_2024-12-26_23-48-01_png_2024-12-26_23-48-01.webp.webp?fit=1200%2C675&ssl=1&resize=1050%2C600 3x"},"classes":[]},{"id":81209,"url":"https:\/\/noticiasribeiraopreto.com.br\/index.php\/2025\/12\/28\/museu-casa-de-portinari-celebra-aniversario-do-artista-com-programacao-especial-confira\/","url_meta":{"origin":27577,"position":3},"title":"Museu Casa de Portinari celebra anivers\u00e1rio do artista com programa\u00e7\u00e3o especial; Confira","author":"noticiasribeiraopreto.com.br","date":"28 de December de 2025","format":false,"excerpt":"O Museu Casa de Portinari, localizado em Brodowski, cidade na regi\u00e3o de Ribeir\u00e3o Preto, est\u00e1 com uma programa\u00e7\u00e3o especial para o final de dezembro, que re\u00fane oficinas educativas, sarau musical e exposi\u00e7\u00f5es que ampliam o di\u00e1logo entre arte, mem\u00f3ria e identidade cultural. As atividades s\u00e3o gratuitas, abertas ao p\u00fablico, e\u2026","rel":"","context":"In &quot;Not\u00edcias de Ribeir\u00e3o Preto-SP e Regi\u00e3o&quot;","block_context":{"text":"Not\u00edcias de Ribeir\u00e3o Preto-SP e Regi\u00e3o","link":"https:\/\/noticiasribeiraopreto.com.br\/index.php\/category\/noticias-de-ribeirao-preto-sp-e-regiao-ismael-colosi\/"},"img":{"alt_text":"","src":"https:\/\/i0.wp.com\/noticiasribeiraopreto.com.br\/wp-content\/uploads\/2025\/08\/f39de422-408e-4e01-885d-e6f6ebd33ced_2025-08-01_15-24-13.webp.webp?fit=1200%2C800&ssl=1&resize=350%2C200","width":350,"height":200,"srcset":"https:\/\/i0.wp.com\/noticiasribeiraopreto.com.br\/wp-content\/uploads\/2025\/08\/f39de422-408e-4e01-885d-e6f6ebd33ced_2025-08-01_15-24-13.webp.webp?fit=1200%2C800&ssl=1&resize=350%2C200 1x, https:\/\/i0.wp.com\/noticiasribeiraopreto.com.br\/wp-content\/uploads\/2025\/08\/f39de422-408e-4e01-885d-e6f6ebd33ced_2025-08-01_15-24-13.webp.webp?fit=1200%2C800&ssl=1&resize=525%2C300 1.5x, https:\/\/i0.wp.com\/noticiasribeiraopreto.com.br\/wp-content\/uploads\/2025\/08\/f39de422-408e-4e01-885d-e6f6ebd33ced_2025-08-01_15-24-13.webp.webp?fit=1200%2C800&ssl=1&resize=700%2C400 2x, https:\/\/i0.wp.com\/noticiasribeiraopreto.com.br\/wp-content\/uploads\/2025\/08\/f39de422-408e-4e01-885d-e6f6ebd33ced_2025-08-01_15-24-13.webp.webp?fit=1200%2C800&ssl=1&resize=1050%2C600 3x"},"classes":[]},{"id":79450,"url":"https:\/\/noticiasribeiraopreto.com.br\/index.php\/2025\/11\/01\/programacao-de-museu-casa-de-portinari-destaca-memoria-educacao-e-sustentabilidade-confira\/","url_meta":{"origin":27577,"position":4},"title":"Programa\u00e7\u00e3o de Museu Casa de Portinari destaca mem\u00f3ria, educa\u00e7\u00e3o e sustentabilidade; confira","author":"noticiasribeiraopreto.com.br","date":"1 de November de 2025","format":false,"excerpt":"Em novembro o Museu Casa de Portinari, localizado em Brodowski, regi\u00e3o de Ribeir\u00e3o Preto promoveu uma programa\u00e7\u00e3o que celebra a cultura, mem\u00f3ria e sustentabilidade. Entre as atividades est\u00e3o exposi\u00e7\u00f5es, oficinas e a\u00e7\u00f5es educativas. Feira de artesanato\u00a0 O Museu promove aos finais de semana a Feira de Artesanato. O evento re\u00fane\u2026","rel":"","context":"In &quot;Not\u00edcias de Ribeir\u00e3o Preto-SP e Regi\u00e3o&quot;","block_context":{"text":"Not\u00edcias de Ribeir\u00e3o Preto-SP e Regi\u00e3o","link":"https:\/\/noticiasribeiraopreto.com.br\/index.php\/category\/noticias-de-ribeirao-preto-sp-e-regiao-ismael-colosi\/"},"img":{"alt_text":"","src":"https:\/\/i0.wp.com\/noticiasribeiraopreto.com.br\/wp-content\/uploads\/2025\/08\/f39de422-408e-4e01-885d-e6f6ebd33ced_2025-08-01_15-24-13.webp.webp?fit=1200%2C800&ssl=1&resize=350%2C200","width":350,"height":200,"srcset":"https:\/\/i0.wp.com\/noticiasribeiraopreto.com.br\/wp-content\/uploads\/2025\/08\/f39de422-408e-4e01-885d-e6f6ebd33ced_2025-08-01_15-24-13.webp.webp?fit=1200%2C800&ssl=1&resize=350%2C200 1x, https:\/\/i0.wp.com\/noticiasribeiraopreto.com.br\/wp-content\/uploads\/2025\/08\/f39de422-408e-4e01-885d-e6f6ebd33ced_2025-08-01_15-24-13.webp.webp?fit=1200%2C800&ssl=1&resize=525%2C300 1.5x, https:\/\/i0.wp.com\/noticiasribeiraopreto.com.br\/wp-content\/uploads\/2025\/08\/f39de422-408e-4e01-885d-e6f6ebd33ced_2025-08-01_15-24-13.webp.webp?fit=1200%2C800&ssl=1&resize=700%2C400 2x, https:\/\/i0.wp.com\/noticiasribeiraopreto.com.br\/wp-content\/uploads\/2025\/08\/f39de422-408e-4e01-885d-e6f6ebd33ced_2025-08-01_15-24-13.webp.webp?fit=1200%2C800&ssl=1&resize=1050%2C600 3x"},"classes":[]},{"id":75034,"url":"https:\/\/noticiasribeiraopreto.com.br\/index.php\/2025\/08\/01\/casa-de-portinari-tem-programacao-especial-no-mes-de-aniversario-de-brodowski-confira\/","url_meta":{"origin":27577,"position":5},"title":"Casa de Portinari tem programa\u00e7\u00e3o especial no m\u00eas de anivers\u00e1rio de Brodowski; confira","author":"noticiasribeiraopreto.com.br","date":"1 de August de 2025","format":false,"excerpt":"O Museu Casa de Portinari, em Brodowski, regi\u00e3o de Ribeir\u00e3o Preto, conta com uma agenda especial em agosto, m\u00eas que celebra os 112 anos da cidade. A programa\u00e7\u00e3o re\u00fane atividades culturais que valorizam a hist\u00f3ria e a mem\u00f3ria local, tendo como ponto alto a 50\u00aa Semana de Portinari, que acontece\u2026","rel":"","context":"In &quot;Not\u00edcias de Ribeir\u00e3o Preto-SP e Regi\u00e3o&quot;","block_context":{"text":"Not\u00edcias de Ribeir\u00e3o Preto-SP e Regi\u00e3o","link":"https:\/\/noticiasribeiraopreto.com.br\/index.php\/category\/noticias-de-ribeirao-preto-sp-e-regiao-ismael-colosi\/"},"img":{"alt_text":"","src":"https:\/\/i0.wp.com\/noticiasribeiraopreto.com.br\/wp-content\/uploads\/2025\/08\/f39de422-408e-4e01-885d-e6f6ebd33ced_2025-08-01_15-24-13.webp.webp?fit=1200%2C800&ssl=1&resize=350%2C200","width":350,"height":200,"srcset":"https:\/\/i0.wp.com\/noticiasribeiraopreto.com.br\/wp-content\/uploads\/2025\/08\/f39de422-408e-4e01-885d-e6f6ebd33ced_2025-08-01_15-24-13.webp.webp?fit=1200%2C800&ssl=1&resize=350%2C200 1x, https:\/\/i0.wp.com\/noticiasribeiraopreto.com.br\/wp-content\/uploads\/2025\/08\/f39de422-408e-4e01-885d-e6f6ebd33ced_2025-08-01_15-24-13.webp.webp?fit=1200%2C800&ssl=1&resize=525%2C300 1.5x, https:\/\/i0.wp.com\/noticiasribeiraopreto.com.br\/wp-content\/uploads\/2025\/08\/f39de422-408e-4e01-885d-e6f6ebd33ced_2025-08-01_15-24-13.webp.webp?fit=1200%2C800&ssl=1&resize=700%2C400 2x, https:\/\/i0.wp.com\/noticiasribeiraopreto.com.br\/wp-content\/uploads\/2025\/08\/f39de422-408e-4e01-885d-e6f6ebd33ced_2025-08-01_15-24-13.webp.webp?fit=1200%2C800&ssl=1&resize=1050%2C600 3x"},"classes":[]}],"jetpack_sharing_enabled":true,"jetpack_shortlink":"https:\/\/wp.me\/peQAOb-7aN","_links":{"self":[{"href":"https:\/\/noticiasribeiraopreto.com.br\/index.php\/wp-json\/wp\/v2\/posts\/27577","targetHints":{"allow":["GET"]}}],"collection":[{"href":"https:\/\/noticiasribeiraopreto.com.br\/index.php\/wp-json\/wp\/v2\/posts"}],"about":[{"href":"https:\/\/noticiasribeiraopreto.com.br\/index.php\/wp-json\/wp\/v2\/types\/post"}],"author":[{"embeddable":true,"href":"https:\/\/noticiasribeiraopreto.com.br\/index.php\/wp-json\/wp\/v2\/users\/1"}],"replies":[{"embeddable":true,"href":"https:\/\/noticiasribeiraopreto.com.br\/index.php\/wp-json\/wp\/v2\/comments?post=27577"}],"version-history":[{"count":0,"href":"https:\/\/noticiasribeiraopreto.com.br\/index.php\/wp-json\/wp\/v2\/posts\/27577\/revisions"}],"wp:featuredmedia":[{"embeddable":true,"href":"https:\/\/noticiasribeiraopreto.com.br\/index.php\/wp-json\/wp\/v2\/media\/27578"}],"wp:attachment":[{"href":"https:\/\/noticiasribeiraopreto.com.br\/index.php\/wp-json\/wp\/v2\/media?parent=27577"}],"wp:term":[{"taxonomy":"category","embeddable":true,"href":"https:\/\/noticiasribeiraopreto.com.br\/index.php\/wp-json\/wp\/v2\/categories?post=27577"},{"taxonomy":"post_tag","embeddable":true,"href":"https:\/\/noticiasribeiraopreto.com.br\/index.php\/wp-json\/wp\/v2\/tags?post=27577"}],"curies":[{"name":"wp","href":"https:\/\/api.w.org\/{rel}","templated":true}]}}