{"id":27593,"date":"2024-01-12T17:30:09","date_gmt":"2024-01-12T20:30:09","guid":{"rendered":"https:\/\/noticiasribeiraopreto.com.br\/index.php\/2024\/01\/12\/concurso-unificado-amplia-vagas-para-cadastro-reserva\/"},"modified":"2024-01-12T17:30:09","modified_gmt":"2024-01-12T20:30:09","slug":"concurso-unificado-amplia-vagas-para-cadastro-reserva","status":"publish","type":"post","link":"https:\/\/noticiasribeiraopreto.com.br\/index.php\/2024\/01\/12\/concurso-unificado-amplia-vagas-para-cadastro-reserva\/","title":{"rendered":"Concurso unificado amplia vagas para cadastro reserva \u2013 Folha de Ribeir\u00e3o"},"content":{"rendered":"<div class='code-block code-block-1' style='margin: 8px 0 8px auto; text-align: right; display: block; clear: both;'>\n<p><a href=\"https:\/\/wa.link\/vpicfd\"><img data-recalc-dims=\"1\" class=\"wp-image-4922\" style=\"aspect-ratio: 2.0253164556962027; width: 561px; height: auto;\" src=\"https:\/\/i0.wp.com\/ismaelcolosi.com.br\/wp-content\/uploads\/2023\/11\/grupo-de-empregos-whatsapp-e-facebook-ismael-colosi-vagas.jpg?ssl=1\" alt=\"\" \/><\/a><\/p>\n<!-- \/wp:image -->\n<\/div>\n<p> <br \/>\n<\/p>\n<div>\n<p>O governo federal publicou um decreto prevendo a amplia\u00e7\u00e3o do n\u00famero de vagas para cadastro de reserva do Concurso Nacional Unificado, chamado de Enem dos Concursos. A norma que estabeleceu o certame previa que o quantitativo do cadastro de reserva seria o dobro da quantidade vagas. Pela nova regra, publicada na quarta-feira (10), a quantidade de vagas ser\u00e1 definida em edital, com mais vagas do que o previsto anteriormente.<img data-recalc-dims=\"1\" decoding=\"async\" src=\"https:\/\/i0.wp.com\/agenciabrasil.ebc.com.br\/ebc.gif?ssl=1\"\/><\/p>\n<p>De acordo com o Minist\u00e9rio da Gest\u00e3o e Inova\u00e7\u00e3o em Servi\u00e7os P\u00fablicos, com o quantitativo anterior, muitos \u00f3rg\u00e3os da administra\u00e7\u00e3o p\u00fablica enfrentariam dificuldade em preencher as vac\u00e2ncias que acontecem ao longo do tempo.<\/p>\n<p>A ministra da Gest\u00e3o e Inova\u00e7\u00e3o em servi\u00e7os P\u00fablicos, Esther Dweck, disse que com o novo decreto esse quantitativo poder\u00e1 ser duplicado para cada bloco.<\/p>\n<p>\u201cAntes o cadastro de reserva era para um concurso espec\u00edfico. Ent\u00e3o a regra de ter o dobro de aprovados funcionava. Nesse caso, um mesmo candidato poder\u00e1 compor a lista de mais de um cargo. O que queremos garantir com a publica\u00e7\u00e3o desse decreto \u00e9 que haja duas vezes o n\u00famero de vagas de pessoas aprovadas naquele bloco\u201d, explicou a ministra.<\/p>\n<p>De acordo com o\u00a0<a href=\"https:\/\/www.planalto.gov.br\/ccivil_03\/_ato2023-2026\/2024\/Decreto\/D11880.htm\" target=\"_blank\" rel=\"noopener\">novo decreto<\/a>, o limite de candidatos aprovados no certame ser\u00e1 definido em edital e aqueles que n\u00e3o forem aprovados no quantitativo m\u00e1ximo estabelecido em edital, ainda que tenham atingido nota m\u00ednima, estar\u00e3o automaticamente reprovados. Em caso de empate, o normativo aponta que nenhum dos candidatos empatados na \u00faltima classifica\u00e7\u00e3o de aprovados ser\u00e1 considerado reprovado.<\/p>\n<div class=\"dnd-widget-wrapper context-sem_processamento type-image\">\n<div class=\"dnd-atom-rendered\">\n<div class=\"shadow overflow-hidden rounded-lg d-block w-100\"><img data-recalc-dims=\"1\" loading=\"lazy\" decoding=\"async\" class=\"flex-fill img-cover\" title=\"Arte\/EBC\" src=\"https:\/\/i0.wp.com\/agenciabrasil.ebc.com.br\/sites\/default\/files\/thumbnails\/image\/enem_concurso2_copy.jpg?resize=1060%2C1395&#038;ssl=1\" alt=\"Arte Enem dos Concursos. Reserva de Vagas e Cronograma. Foto: Arte\/EBC\" width=\"1060\" height=\"1395\"\/><\/div>\n<\/div>\n<\/div>\n<p>Na quarta-feira (10), o governo publicou os\u00a0oito editais\u00a0tem\u00e1ticos do certame, em edi\u00e7\u00e3o extraordin\u00e1ria do\u00a0<em>Di\u00e1rio Oficial da Uni\u00e3o<\/em>.<\/p>\n<p>Outro ponto levantado pela ministra \u00e9 o fato de que os aprovados no Concurso Nacional Unificado poder\u00e3o, ser aproveitados, inclusive, em casos de excepcional necessidade de servi\u00e7o p\u00fablico, como \u00e9 o caso das contrata\u00e7\u00f5es tempor\u00e1rias. Nesses casos, segundo a ministra, os candidatos convocados para as contrata\u00e7\u00f5es tempor\u00e1rias continuar\u00e3o na lista de espera para as contrata\u00e7\u00f5es de cargo efetivo.<\/p>\n<p>\u201cN\u00e3o faz sentido fazer concurso tempor\u00e1rio, para uma contrata\u00e7\u00e3o urgente, que vai levar o mesmo tempo de um concurso efetivo. Qual a l\u00f3gica de voc\u00ea demorar quase um ano para contratar pessoas para algo que \u00e9 urgente? O que queremos fazer \u00e9 aproveitar os aprovados no banco de candidatos para as contrata\u00e7\u00f5es tempor\u00e1rias. Para aqueles cargos que est\u00e3o nos blocos, se algum dos \u00f3rg\u00e3os precisar de tempor\u00e1rio, poder\u00e1 chamar os aprovados do banco de candidatos. Os candidatos convocados para as contrata\u00e7\u00f5es tempor\u00e1rias continuam na lista de espera para as contrata\u00e7\u00f5es de cargo efetivo\u201d, informou a ministra.<\/p>\n<div class=\"dnd-widget-wrapper context-sem_processamento type-image\">\n<div class=\"dnd-atom-rendered\">\n<div class=\"shadow overflow-hidden rounded-lg d-block w-100\"><img data-recalc-dims=\"1\" loading=\"lazy\" decoding=\"async\" class=\"flex-fill img-cover\" title=\"Arte\/EBC\" src=\"https:\/\/i0.wp.com\/agenciabrasil.ebc.com.br\/sites\/default\/files\/thumbnails\/image\/enem_concurso3_copy.jpg?resize=988%2C1880&#038;ssl=1\" alt=\"Arte Enem dos Concursos. Inscri\u00e7\u00f5es, taxa, escolhas das vagas. Foto: Arte\/EBC\" width=\"988\" height=\"1880\"\/><\/div>\n<\/div>\n<\/div><\/div>\n<p><br \/>\n<br \/><a href=\"https:\/\/folhaderibeirao.com.br\/2024\/01\/12\/concurso-unificado-amplia-vagas-para-cadastro-reserva\/\">Source link <\/a><\/p>\n<!-- CONTENT END 1 -->\n","protected":false},"excerpt":{"rendered":"<p>O governo federal publicou um decreto prevendo a amplia\u00e7\u00e3o do n\u00famero de vagas para cadastro de reserva do Concurso Nacional Unificado, chamado de Enem dos&#8230;<\/p>\n","protected":false},"author":1,"featured_media":27594,"comment_status":"open","ping_status":"open","sticky":false,"template":"","format":"standard","meta":{"advanced_seo_description":"","jetpack_seo_html_title":"","jetpack_seo_noindex":false,"jetpack_post_was_ever_published":false,"_jetpack_newsletter_access":"","_jetpack_dont_email_post_to_subs":false,"_jetpack_newsletter_tier_id":0,"_jetpack_memberships_contains_paywalled_content":false,"_jetpack_memberships_contains_paid_content":false,"footnotes":"","jetpack_publicize_message":"","jetpack_publicize_feature_enabled":true,"jetpack_social_post_already_shared":true,"jetpack_social_options":{"image_generator_settings":{"template":"highway","default_image_id":0,"font":"","enabled":false},"version":2}},"categories":[11],"tags":[3448,2697,567,753,71,3449,26,1358,143],"class_list":["post-27593","post","type-post","status-publish","format-standard","has-post-thumbnail","hentry","category-noticias-de-ribeirao-preto-sp-e-regiao-ismael-colosi","tag-amplia","tag-cadastro","tag-concurso","tag-folha","tag-para","tag-reserva","tag-ribeirao","tag-unificado","tag-vagas"],"jetpack_publicize_connections":[],"jetpack_featured_media_url":"https:\/\/i0.wp.com\/noticiasribeiraopreto.com.br\/wp-content\/uploads\/2024\/01\/1705091411_ebc.png?fit=1%2C1&ssl=1","jetpack-related-posts":[{"id":36968,"url":"https:\/\/noticiasribeiraopreto.com.br\/index.php\/2024\/02\/13\/concurso-publico-nacional-tem-265-milhoes-de-inscritos\/","url_meta":{"origin":27593,"position":0},"title":"Concurso p\u00fablico nacional tem 2,65 milh\u00f5es de inscritos","author":"noticiasribeiraopreto.com.br","date":"13 de February de 2024","format":false,"excerpt":"13 de fevereiro de 2024 | 10:0013 de fevereiro de 2024 | 9:40 0O Concurso P\u00fablico Nacional Unificado tem 2,65 milh\u00f5es de inscritos. O balan\u00e7o foi divulgado pelo Minist\u00e9rio da Gest\u00e3o e da Inova\u00e7\u00e3o em Servi\u00e7os P\u00fablicos (MGI) ap\u00f3s o fim das inscri\u00e7\u00f5es.De acordo com a pasta, o total de\u2026","rel":"","context":"In &quot;Not\u00edcias de Ribeir\u00e3o Preto-SP e Regi\u00e3o&quot;","block_context":{"text":"Not\u00edcias de Ribeir\u00e3o Preto-SP e Regi\u00e3o","link":"https:\/\/noticiasribeiraopreto.com.br\/index.php\/category\/noticias-de-ribeirao-preto-sp-e-regiao-ismael-colosi\/"},"img":{"alt_text":"","src":"https:\/\/i0.wp.com\/noticiasribeiraopreto.com.br\/wp-content\/uploads\/2024\/02\/concurso-nacional-unificado-1536x1024-1-scaled.jpg?fit=967%2C645&ssl=1&resize=350%2C200","width":350,"height":200,"srcset":"https:\/\/i0.wp.com\/noticiasribeiraopreto.com.br\/wp-content\/uploads\/2024\/02\/concurso-nacional-unificado-1536x1024-1-scaled.jpg?fit=967%2C645&ssl=1&resize=350%2C200 1x, https:\/\/i0.wp.com\/noticiasribeiraopreto.com.br\/wp-content\/uploads\/2024\/02\/concurso-nacional-unificado-1536x1024-1-scaled.jpg?fit=967%2C645&ssl=1&resize=525%2C300 1.5x, https:\/\/i0.wp.com\/noticiasribeiraopreto.com.br\/wp-content\/uploads\/2024\/02\/concurso-nacional-unificado-1536x1024-1-scaled.jpg?fit=967%2C645&ssl=1&resize=700%2C400 2x"},"classes":[]},{"id":17932,"url":"https:\/\/noticiasribeiraopreto.com.br\/index.php\/2023\/12\/19\/alexandre-de-moraes-confirma-selecao-no-primeiro-semestre\/","url_meta":{"origin":27593,"position":1},"title":"Alexandre de Moraes confirma sele\u00e7\u00e3o no primeiro semestre","author":"noticiasribeiraopreto.com.br","date":"19 de December de 2023","format":false,"excerpt":"O concurso TREs Unificado (Tribunal Regional Eleitoral) ser\u00e1 efetivamente realizado no primeiro semestre de 2024. A confirma\u00e7\u00e3o foi feita nesta ter\u00e7a-feira, 19 de dezembro, pelo presidente do Tribunal Superior Eleitoral (TSE), Alexandre de Moraes, durante a sess\u00e3o plen\u00e1rio do tribunal. \u201cO plen\u00e1rio aprovou em outubro a resolu\u00e7\u00e3o 23.724, estabelecendo normas\u2026","rel":"","context":"In &quot;Vagas de Emprego em Ribeir\u00e3o Preto-SP&quot;","block_context":{"text":"Vagas de Emprego em Ribeir\u00e3o Preto-SP","link":"https:\/\/noticiasribeiraopreto.com.br\/index.php\/category\/empregos-classificados-vagas-trabalho\/vagas-de-empregos-em-ribeirao-preto-regiao-brasil\/"},"img":{"alt_text":"","src":"https:\/\/i0.wp.com\/noticiasribeiraopreto.com.br\/wp-content\/uploads\/2023\/12\/concurso_tres_unificado_alexandre_de_moraes_marcelo_camargo_agencia_brasil.jpg?fit=1200%2C675&ssl=1&resize=350%2C200","width":350,"height":200,"srcset":"https:\/\/i0.wp.com\/noticiasribeiraopreto.com.br\/wp-content\/uploads\/2023\/12\/concurso_tres_unificado_alexandre_de_moraes_marcelo_camargo_agencia_brasil.jpg?fit=1200%2C675&ssl=1&resize=350%2C200 1x, https:\/\/i0.wp.com\/noticiasribeiraopreto.com.br\/wp-content\/uploads\/2023\/12\/concurso_tres_unificado_alexandre_de_moraes_marcelo_camargo_agencia_brasil.jpg?fit=1200%2C675&ssl=1&resize=525%2C300 1.5x, https:\/\/i0.wp.com\/noticiasribeiraopreto.com.br\/wp-content\/uploads\/2023\/12\/concurso_tres_unificado_alexandre_de_moraes_marcelo_camargo_agencia_brasil.jpg?fit=1200%2C675&ssl=1&resize=700%2C400 2x, https:\/\/i0.wp.com\/noticiasribeiraopreto.com.br\/wp-content\/uploads\/2023\/12\/concurso_tres_unificado_alexandre_de_moraes_marcelo_camargo_agencia_brasil.jpg?fit=1200%2C675&ssl=1&resize=1050%2C600 3x"},"classes":[]},{"id":25875,"url":"https:\/\/noticiasribeiraopreto.com.br\/index.php\/2024\/01\/08\/edital-do-concurso-publico-nacional-unificado-sera-publicado-na-quarta\/","url_meta":{"origin":27593,"position":2},"title":"Edital do Concurso P\u00fablico Nacional Unificado ser\u00e1 publicado na quarta \u2013 Folha de Ribeir\u00e3o","author":"noticiasribeiraopreto.com.br","date":"8 de January de 2024","format":false,"excerpt":"Ser\u00e1 publicado no\u00a0Di\u00e1rio Oficial da Uni\u00e3o\u00a0desta quarta-feira (10) o edital com as regras para o Concurso P\u00fablico Nacional Unificado (CPNU), que selecionar\u00e1 6.640 servidores para 21 \u00f3rg\u00e3os p\u00fablicos. A previs\u00e3o \u00e9 de que as inscri\u00e7\u00f5es estejam abertas entre os dias 19 de janeiro e 9 de fevereiro\u00a0e que a prova\u2026","rel":"","context":"In &quot;Not\u00edcias de Ribeir\u00e3o Preto-SP e Regi\u00e3o&quot;","block_context":{"text":"Not\u00edcias de Ribeir\u00e3o Preto-SP e Regi\u00e3o","link":"https:\/\/noticiasribeiraopreto.com.br\/index.php\/category\/noticias-de-ribeirao-preto-sp-e-regiao-ismael-colosi\/"},"img":{"alt_text":"","src":"","width":0,"height":0},"classes":[]},{"id":46806,"url":"https:\/\/noticiasribeiraopreto.com.br\/index.php\/2024\/04\/15\/camara-no-interior-de-sp-abre-concurso-publico-com-salarios-de-r-5-mil\/","url_meta":{"origin":27593,"position":3},"title":"C\u00e2mara no interior de SP abre concurso p\u00fablico com sal\u00e1rios de R$ 5 mil","author":"noticiasribeiraopreto.com.br","date":"15 de April de 2024","format":false,"excerpt":"A C\u00e2mara Municipal de Cajuru, no interior de S\u00e3o Paulo, abriu concurso p\u00fablico com sal\u00e1rios que variam entre R$ 2 mil e R$ 5 mil. S\u00e3o quatro vagas de n\u00edvel fundamental, m\u00e9dio e superior, al\u00e9m de oportunidades para o cadastro de reserva. As inscri\u00e7\u00f5es devem ser realizadas no per\u00edodo entre\u2026","rel":"","context":"In &quot;Not\u00edcias de Ribeir\u00e3o Preto-SP e Regi\u00e3o&quot;","block_context":{"text":"Not\u00edcias de Ribeir\u00e3o Preto-SP e Regi\u00e3o","link":"https:\/\/noticiasribeiraopreto.com.br\/index.php\/category\/noticias-de-ribeirao-preto-sp-e-regiao-ismael-colosi\/"},"img":{"alt_text":"","src":"https:\/\/i0.wp.com\/noticiasribeiraopreto.com.br\/wp-content\/uploads\/2024\/04\/1713191118_concurso-publico.jpg?fit=1200%2C800&ssl=1&resize=350%2C200","width":350,"height":200,"srcset":"https:\/\/i0.wp.com\/noticiasribeiraopreto.com.br\/wp-content\/uploads\/2024\/04\/1713191118_concurso-publico.jpg?fit=1200%2C800&ssl=1&resize=350%2C200 1x, https:\/\/i0.wp.com\/noticiasribeiraopreto.com.br\/wp-content\/uploads\/2024\/04\/1713191118_concurso-publico.jpg?fit=1200%2C800&ssl=1&resize=525%2C300 1.5x, https:\/\/i0.wp.com\/noticiasribeiraopreto.com.br\/wp-content\/uploads\/2024\/04\/1713191118_concurso-publico.jpg?fit=1200%2C800&ssl=1&resize=700%2C400 2x, https:\/\/i0.wp.com\/noticiasribeiraopreto.com.br\/wp-content\/uploads\/2024\/04\/1713191118_concurso-publico.jpg?fit=1200%2C800&ssl=1&resize=1050%2C600 3x"},"classes":[]},{"id":57475,"url":"https:\/\/noticiasribeiraopreto.com.br\/index.php\/2024\/09\/02\/cidade-da-regiao-de-ribeirao-abre-concurso-com-salario-ate-r-11-mil\/","url_meta":{"origin":27593,"position":4},"title":"Cidade da regi\u00e3o de Ribeir\u00e3o abre concurso com sal\u00e1rio at\u00e9 R$ 11 mil","author":"noticiasribeiraopreto.com.br","date":"2 de September de 2024","format":false,"excerpt":"O Departamento de Esgoto e \u00c1gua de Gua\u00edra (Deagua), abriu inscri\u00e7\u00f5es para o concurso p\u00fablico destinado as vagas e cadastro reserva com sal\u00e1rios at\u00e9 R$ 11 mil. O concurso t\u00eam oportunidades em diferentes n\u00edveis de escolaridade, desde o fundamental incompleto at\u00e9 o superior completo. Entre os cargos oferecidos est\u00e3o Agente\u2026","rel":"","context":"In &quot;Not\u00edcias de Ribeir\u00e3o Preto-SP e Regi\u00e3o&quot;","block_context":{"text":"Not\u00edcias de Ribeir\u00e3o Preto-SP e Regi\u00e3o","link":"https:\/\/noticiasribeiraopreto.com.br\/index.php\/category\/noticias-de-ribeirao-preto-sp-e-regiao-ismael-colosi\/"},"img":{"alt_text":"","src":"https:\/\/i0.wp.com\/noticiasribeiraopreto.com.br\/wp-content\/uploads\/2024\/09\/Copia-de-Copia-de-TAMANHO-EXATO-PARA-FOTOS-NO-SISTEMA-NOVO-22_2024-07-24_20-00-55_jpg_2024-07-24_20-00-55.webp.webp?fit=1200%2C675&ssl=1&resize=350%2C200","width":350,"height":200,"srcset":"https:\/\/i0.wp.com\/noticiasribeiraopreto.com.br\/wp-content\/uploads\/2024\/09\/Copia-de-Copia-de-TAMANHO-EXATO-PARA-FOTOS-NO-SISTEMA-NOVO-22_2024-07-24_20-00-55_jpg_2024-07-24_20-00-55.webp.webp?fit=1200%2C675&ssl=1&resize=350%2C200 1x, https:\/\/i0.wp.com\/noticiasribeiraopreto.com.br\/wp-content\/uploads\/2024\/09\/Copia-de-Copia-de-TAMANHO-EXATO-PARA-FOTOS-NO-SISTEMA-NOVO-22_2024-07-24_20-00-55_jpg_2024-07-24_20-00-55.webp.webp?fit=1200%2C675&ssl=1&resize=525%2C300 1.5x, https:\/\/i0.wp.com\/noticiasribeiraopreto.com.br\/wp-content\/uploads\/2024\/09\/Copia-de-Copia-de-TAMANHO-EXATO-PARA-FOTOS-NO-SISTEMA-NOVO-22_2024-07-24_20-00-55_jpg_2024-07-24_20-00-55.webp.webp?fit=1200%2C675&ssl=1&resize=700%2C400 2x, https:\/\/i0.wp.com\/noticiasribeiraopreto.com.br\/wp-content\/uploads\/2024\/09\/Copia-de-Copia-de-TAMANHO-EXATO-PARA-FOTOS-NO-SISTEMA-NOVO-22_2024-07-24_20-00-55_jpg_2024-07-24_20-00-55.webp.webp?fit=1200%2C675&ssl=1&resize=1050%2C600 3x"},"classes":[]},{"id":31511,"url":"https:\/\/noticiasribeiraopreto.com.br\/index.php\/2024\/01\/22\/concurso-publico-tem-salarios-de-r-5-mil-e-vagas-no-interior-de-sp\/","url_meta":{"origin":27593,"position":5},"title":"Concurso p\u00fablico tem sal\u00e1rios de R$ 5 mil e vagas no interior de SP","author":"noticiasribeiraopreto.com.br","date":"22 de January de 2024","format":false,"excerpt":"O Cress-SP (Conselho Regional de Servi\u00e7o Social de S\u00e3o Paulo) da 9\u00aa Regi\u00e3o publicou edital de concurso p\u00fablico com oportunidades para diversas \u00e1reas e vagas no interior de S\u00e3o Paulo. Os sal\u00e1rios variam entre R$ 2,6 mil e R$ 5 mil. As inscri\u00e7\u00f5es devem ser realizadas no per\u00edodo entre 29\u2026","rel":"","context":"In &quot;Not\u00edcias de Ribeir\u00e3o Preto-SP e Regi\u00e3o&quot;","block_context":{"text":"Not\u00edcias de Ribeir\u00e3o Preto-SP e Regi\u00e3o","link":"https:\/\/noticiasribeiraopreto.com.br\/index.php\/category\/noticias-de-ribeirao-preto-sp-e-regiao-ismael-colosi\/"},"img":{"alt_text":"","src":"https:\/\/i0.wp.com\/noticiasribeiraopreto.com.br\/wp-content\/uploads\/2024\/01\/1705946192_concurso-publico-nacional-unificado-cesgranrio.jpg?fit=1200%2C798&ssl=1&resize=350%2C200","width":350,"height":200,"srcset":"https:\/\/i0.wp.com\/noticiasribeiraopreto.com.br\/wp-content\/uploads\/2024\/01\/1705946192_concurso-publico-nacional-unificado-cesgranrio.jpg?fit=1200%2C798&ssl=1&resize=350%2C200 1x, https:\/\/i0.wp.com\/noticiasribeiraopreto.com.br\/wp-content\/uploads\/2024\/01\/1705946192_concurso-publico-nacional-unificado-cesgranrio.jpg?fit=1200%2C798&ssl=1&resize=525%2C300 1.5x, https:\/\/i0.wp.com\/noticiasribeiraopreto.com.br\/wp-content\/uploads\/2024\/01\/1705946192_concurso-publico-nacional-unificado-cesgranrio.jpg?fit=1200%2C798&ssl=1&resize=700%2C400 2x, https:\/\/i0.wp.com\/noticiasribeiraopreto.com.br\/wp-content\/uploads\/2024\/01\/1705946192_concurso-publico-nacional-unificado-cesgranrio.jpg?fit=1200%2C798&ssl=1&resize=1050%2C600 3x"},"classes":[]}],"jetpack_sharing_enabled":true,"jetpack_shortlink":"https:\/\/wp.me\/peQAOb-7b3","_links":{"self":[{"href":"https:\/\/noticiasribeiraopreto.com.br\/index.php\/wp-json\/wp\/v2\/posts\/27593","targetHints":{"allow":["GET"]}}],"collection":[{"href":"https:\/\/noticiasribeiraopreto.com.br\/index.php\/wp-json\/wp\/v2\/posts"}],"about":[{"href":"https:\/\/noticiasribeiraopreto.com.br\/index.php\/wp-json\/wp\/v2\/types\/post"}],"author":[{"embeddable":true,"href":"https:\/\/noticiasribeiraopreto.com.br\/index.php\/wp-json\/wp\/v2\/users\/1"}],"replies":[{"embeddable":true,"href":"https:\/\/noticiasribeiraopreto.com.br\/index.php\/wp-json\/wp\/v2\/comments?post=27593"}],"version-history":[{"count":0,"href":"https:\/\/noticiasribeiraopreto.com.br\/index.php\/wp-json\/wp\/v2\/posts\/27593\/revisions"}],"wp:featuredmedia":[{"embeddable":true,"href":"https:\/\/noticiasribeiraopreto.com.br\/index.php\/wp-json\/wp\/v2\/media\/27594"}],"wp:attachment":[{"href":"https:\/\/noticiasribeiraopreto.com.br\/index.php\/wp-json\/wp\/v2\/media?parent=27593"}],"wp:term":[{"taxonomy":"category","embeddable":true,"href":"https:\/\/noticiasribeiraopreto.com.br\/index.php\/wp-json\/wp\/v2\/categories?post=27593"},{"taxonomy":"post_tag","embeddable":true,"href":"https:\/\/noticiasribeiraopreto.com.br\/index.php\/wp-json\/wp\/v2\/tags?post=27593"}],"curies":[{"name":"wp","href":"https:\/\/api.w.org\/{rel}","templated":true}]}}