{"id":27603,"date":"2024-01-12T17:47:07","date_gmt":"2024-01-12T20:47:07","guid":{"rendered":"https:\/\/noticiasribeiraopreto.com.br\/index.php\/2024\/01\/12\/inflacao-fecha-2023-em-462\/"},"modified":"2024-01-12T17:47:07","modified_gmt":"2024-01-12T20:47:07","slug":"inflacao-fecha-2023-em-462","status":"publish","type":"post","link":"https:\/\/noticiasribeiraopreto.com.br\/index.php\/2024\/01\/12\/inflacao-fecha-2023-em-462\/","title":{"rendered":"Infla\u00e7\u00e3o fecha 2023 em 4,62% \u00a0"},"content":{"rendered":"<div class='code-block code-block-1' style='margin: 8px 0 8px auto; text-align: right; display: block; clear: both;'>\n<p><a href=\"https:\/\/wa.link\/vpicfd\"><img data-recalc-dims=\"1\" class=\"wp-image-4922\" style=\"aspect-ratio: 2.0253164556962027; width: 561px; height: auto;\" src=\"https:\/\/i0.wp.com\/ismaelcolosi.com.br\/wp-content\/uploads\/2023\/11\/grupo-de-empregos-whatsapp-e-facebook-ismael-colosi-vagas.jpg?ssl=1\" alt=\"\" \/><\/a><\/p>\n<!-- \/wp:image -->\n<\/div>\n<p> <br \/>\n<\/p>\n<div>\n<p><span data-contrast=\"auto\">A infla\u00e7\u00e3o medida pelo \u00cdndice Nacional de Pre\u00e7os ao Consumidor Amplo \u2013 indexador oficial \u2013 fechou dezembro com alta de 0,56%, ante 0,28% de novembro, avan\u00e7o de 0,24%, em outubro, de 0,26% em setembro, de 0,23% em agosto e 0,12% em julho, ap\u00f3s defla\u00e7\u00e3o de 0,08% em junho, eleva\u00e7\u00e3o de 0,23% em maio e de 0,61% de abril. <\/span><\/p>\n<p><span data-contrast=\"auto\">J\u00e1 havia disparado 0,71% em mar\u00e7o e 0,84% em fevereiro, ante 0,53% de janeiro, ap\u00f3s encerrar 2022 com 0,62% em dezembro. Os dados foram divulgados na manh\u00e3 desta quinta-feira, 11 de janeiro, pelo Instituto Brasileiro de Geografia e Estat\u00edstica (IBGE). <\/span><\/p>\n<p><span data-contrast=\"auto\">A alta de 0,56% registrada pelo IPCA em dezembro de 2023 foi o resultado mais baixo para o m\u00eas desde 2018, quando houve alta de 0,15%, informou o IBGE. No m\u00eas de dezembro de 2022, o IPCA tinha sido de 0,62%. A taxa acumulada em doze meses arrefeceu pelo terceiro m\u00eas consecutivo, passando de 4,68% em novembro para 4,62%, a mais branda desde agosto de 2023, quando estava em 4,61%.<\/span><\/p>\n<p><span data-contrast=\"auto\">A taxa de 4,62% ficou acima da mediana de 3,25% para o per\u00edodo, mas dentro do intervalo da meta estabelecida pelo Conselho Monet\u00e1rio Nacional (CMN), entre de 1,75% a 4,75%, quebrando uma sequ\u00eancia de dois anos seguidos al\u00e9m do teto e voltando ao n\u00edvel de 2020, de 4,52%. O IPCA fechou 2022 em 5,79% e 2021, em 10,06%<\/span><span data-contrast=\"none\">.<\/span><\/p>\n<p><span data-contrast=\"none\">A infla\u00e7\u00e3o do ano passado ficou acima da expectativa do mercado financeiro. A proje\u00e7\u00e3o era de 4,47%, segundo o Relat\u00f3rio de Mercado Focus divulgado na segunda-feira (8) pelo Banco Central. Para 2024, foco da pol\u00edtica monet\u00e1ria, \u00e9 de 3,90%. A meta para este ano \u00e9 de 3%, com intervalo de 1,5 ponto percentual (entre 1,5% e 4,5%).<\/span><\/p>\n<p><b><span data-contrast=\"none\">IPCA mensal <\/span><\/b><b><span data-contrast=\"auto\">\u2013 <\/span><\/b><span data-contrast=\"none\">A alta de 8,87% na passagem a\u00e9rea exerceu a maior press\u00e3o sobre a infla\u00e7\u00e3o de dezembro, uma contribui\u00e7\u00e3o de 0,08 ponto percentual. Figuraram ainda no ranking de maiores press\u00f5es sobre o IPCA de dezembro o emplacamento e licen\u00e7a (0,05 p.p.), arroz (0,04 p.p ), batata-inglesa (0,04 p.p.) e plano de sa\u00fade (0,03 p.p.). Na dire\u00e7\u00e3o oposta, os principais al\u00edvios partiram da gasolina (-0,02 p.p.), autom\u00f3vel usado (-0,01 p.p.), leite longa vida (-0,01 p.p.), etanol (-0,01 p.p.) e \u00f4nibus urbano (-0,01 p.p.).<\/span><\/p>\n<p><b><span data-contrast=\"none\">IPCA anual <\/span><\/b><b><span data-contrast=\"auto\">\u2013 <\/span><\/b><span data-contrast=\"none\">A alta de 12,09% na gasolina em 2023 exerceu a maior press\u00e3o sobre a infla\u00e7\u00e3o do ano. O item deu uma contribui\u00e7\u00e3o de 0,56 ponto percentual para a taxa de 4,62% registrada pelo \u00cdndice Nacional de Pre\u00e7os ao Consumidor Amplo.<\/span><\/p>\n<p><span data-contrast=\"none\">Figuraram ainda no ranking de maiores press\u00f5es sobre o IPCA de 2023 o emplacamento e licen\u00e7a (alta de 21,22% e impacto de 0,53 p.p.), plano de sa\u00fade (alta de 11,52% e impacto de 0,43 p.p.), energia el\u00e9trica residencial (alta de 9,52% e impacto de 0,37 p p.) e passagem a\u00e9rea (alta de 47,24% e impacto de 0,32 p.p.).<\/span><\/p>\n<p><span data-contrast=\"none\">Na dire\u00e7\u00e3o oposta, os principais al\u00edvios partiram do g\u00e1s de botij\u00e3o (queda de 6,89% e contribui\u00e7\u00e3o de -0,10 p.p.), autom\u00f3vel usado (-4,80% e -0,09 p.p.), \u00f3leo de soja (-28,00% e -0,09 p.p ), frango em peda\u00e7os (-10,12% e -0,07 p.p.) e cebola (-25,32% e -0,07 p.p.).<\/span><\/p>\n<p><b><span data-contrast=\"none\">Aumentos em 2023 <\/span><\/b><b><span data-contrast=\"auto\">\u2013 <\/span><\/b><span data-contrast=\"none\">Os aumentos de pre\u00e7os de itens n\u00e3o aliment\u00edcios foram respons\u00e1veis por 95% da infla\u00e7\u00e3o oficial no pa\u00eds em 2023. Enquanto os itens aliment\u00edcios subiram 1,03% em 2023, os pre\u00e7os dos n\u00e3o aliment\u00edcios avan\u00e7aram 5,62%, uma contribui\u00e7\u00e3o de 4,39 pontos percentuais para a taxa de 4,62%.<\/span><\/p>\n<p><span data-contrast=\"none\">Entre os dez itens de maior impacto, que responderam juntos por quase 65% do IPCA em 2023, apenas dois eram de alimentos: refei\u00e7\u00e3o fora de casa (alta de 4,34%) e arroz (24,54%). Os demais eram n\u00e3o aliment\u00edcios: gasolina (12,09%), emplacamento e licen\u00e7a (21,22%), plano de sa\u00fade (11,52%), energia el\u00e9trica residencial (9,52%), passagem a\u00e9rea (47,24%), taxa de \u00e1gua e esgoto (10,08%), ensino fundamental (10,63%) e condom\u00ednio (6,74%).<\/span><\/p>\n<p><b><span data-contrast=\"none\">Difus\u00e3o <\/span><\/b><b><span data-contrast=\"auto\">\u2013 <\/span><\/b><span data-contrast=\"none\">O \u00edndice de difus\u00e3o do IPCA, que mostra o percentual de itens com aumentos de pre\u00e7os, passou de 52% em novembro para 65% em dezembro. A difus\u00e3o de itens aliment\u00edcios passou de 58% em novembro para 67% em dezembro. J\u00e1 a de itens n\u00e3o aliment\u00edcios saiu de 46% em novembro para 64% em dezembro.<\/span><\/p>\n<p><span data-contrast=\"none\">A infla\u00e7\u00e3o de servi\u00e7os <\/span><span data-contrast=\"auto\">\u2013<\/span><span data-contrast=\"none\"> usada como term\u00f4metro de press\u00f5es de demanda sobre os pre\u00e7os <\/span><span data-contrast=\"auto\">\u2013<\/span><span data-contrast=\"none\"> passou de um aumento de 0,70% em novembro para uma alta de 0,60% em dezembro. A alta nos servi\u00e7os foi puxada pelas passagens a\u00e9reas e pela alimenta\u00e7\u00e3o fora de casa, aponta Andr\u00e9 Almeida, gerente do Sistema Nacional de \u00cdndices de Pre\u00e7os do IBGE.<\/span><\/p>\n<p><span data-contrast=\"none\">J\u00e1 os pre\u00e7os de itens monitorados pelo governo sa\u00edram de alta de 0,16% em novembro para aumento de 0,31% em dezembro. No acumulado em doze meses, a infla\u00e7\u00e3o de servi\u00e7os passou de 6,05% em novembro para 6,22% em dezembro. A infla\u00e7\u00e3o de monitorados em doze meses saiu de 9,07% em novembro para 9,12% em dezembro.<\/span><\/p>\n<p><b><span data-contrast=\"auto\">Grupos \u2013 <\/span><\/b><span data-contrast=\"auto\">Todos os nove grupos que integram o \u00cdndice Nacional de Pre\u00e7os ao Consumidor Amplo registraram altas de pre\u00e7os em dezembro. Os aumentos foram em Alimenta\u00e7\u00e3o e bebidas (1,11%, impacto de 0,23 ponto percentual), Transportes (0,48%, impacto de 0,10 p.p ) e Sa\u00fade e cuidados pessoais (0,35%, impacto de 0,05 p.p.).<\/span><\/p>\n<p><span data-contrast=\"auto\">Os demais s\u00e3o Despesas pessoais (0,48%, impacto de 0,05 p.p.), Educa\u00e7\u00e3o (0,24%, impacto de 0,02 p.p.), Habita\u00e7\u00e3o (0,34%, impacto de 0,05 p.p.), Comunica\u00e7\u00e3o (0,04%, sem impacto), Vestu\u00e1rio (0,70%, impacto de 0,03 p.p.) e Artigos de resid\u00eancia (0,76%, impacto de 0,03<\/span> <span data-contrast=\"auto\">p.p.).<\/span><\/p>\n<p><span data-contrast=\"none\">Todos os nove grupos registraram altas de pre\u00e7os em 2023, informou o Instituto Brasileiro de Geografia e Estat\u00edstica. A maior press\u00e3o partiu do grupo Transportes, com alta de 7,14% e contribui\u00e7\u00e3o de 1,46 ponto percentual para a taxa de 4,62% registrada pelo IPCA em 2023.<\/span><\/p>\n<p><b><span data-contrast=\"auto\">Alimenta\u00e7\u00e3o bebidas \u2013\u00a0 <\/span><\/b><span data-contrast=\"auto\">O grupo Alimenta\u00e7\u00e3o e bebidas saiu de um aumento de 0,63% em novembro para um avan\u00e7o de 1,11% em dezembro e contribuiu com 0,23 ponto percentual para a taxa de 0,56% do IPCA do \u00faltimo m\u00eas. Subiu 1,03% no ano, impacto de 0,23 ponto para o IPCA. A alimenta\u00e7\u00e3o no domic\u00edlio subiu 1,34% em dezembro. <\/span><\/p>\n<p><span data-contrast=\"auto\">As fam\u00edlias pagaram mais pela batata-inglesa (19,09%), feij\u00e3o-carioca (13,79%), arroz (5,81%) e frutas (3,37%). J\u00e1 o leite longa vida ficou mais barato pelo s\u00e9timo m\u00eas consecutivo, com queda de 1,26% em dezembro. A alimenta\u00e7\u00e3o fora do domic\u00edlio aumentou 0,53% em dezembro. A refei\u00e7\u00e3o fora de casa subiu 0,48%, e o lanche teve eleva\u00e7\u00e3o de 0,74%.<\/span><\/p>\n<p><b><span data-contrast=\"auto\">Transportes \u2013 <\/span><\/b><span data-contrast=\"auto\">O grupo Transportes saiu de um aumento de 0,27% em novembro para um avan\u00e7o de 0,48% em dezembro e contribuiu com 0,10 ponto percentual para a taxa do m\u00eas. Houve press\u00e3o do aumento de 8,87% nos pre\u00e7os das passagens a\u00e9reas, subitem de maior contribui\u00e7\u00e3o individual, impacto de 0,08 ponto.<\/span><\/p>\n<p><span data-contrast=\"auto\">Os combust\u00edveis recuaram 0,50% no m\u00eas. Houve quedas no \u00f3leo diesel (-1,96%), etanol (-1,24%), gasolina (-0,34%) e g\u00e1s veicular (-0,21%). A gasolina foi o item de maior contribui\u00e7\u00e3o negativa para a infla\u00e7\u00e3o de dezembro, -0,02 ponto percentual. <\/span><\/p>\n<p><b><span data-contrast=\"auto\">Habita\u00e7\u00e3o \u2013 <\/span><\/b><span data-contrast=\"auto\">As fam\u00edlias brasileiras gastaram 0,34% a mais com habita\u00e7\u00e3o em dezembro, contribui\u00e7\u00e3o de 0,05 ponto percentual para a taxa de 0,56%. Em novembro, havia subido 0,48% e gerado impacto de 0,07 ponto no \u00edndice geral de 0,28%. A energia el\u00e9trica residencial aumentou 0,54%. O g\u00e1s encanado subiu 1,25%, por conta do reajuste de 3,30% em S\u00e3o Paulo a partir de 10 de dezembro.<\/span><\/p>\n<p><b><span data-contrast=\"auto\">INPC avan\u00e7a<\/span><\/b><br \/><b><span data-contrast=\"auto\">3,71% no ano<\/span><\/b><br \/><span data-contrast=\"auto\">O \u00cdndice Nacional de Pre\u00e7os ao Consumidor (INPC) teve eleva\u00e7\u00e3o de 0,55% em dezembro, ap\u00f3s uma alta de 0,10% em novembro, segundo dados divulgados do IBGE. Com o resultado, o \u00edndice acumulou uma eleva\u00e7\u00e3o de 3,71% no ano passado. Em 2022, havia sido de 5,93%. No acumulado de 2023, houve alta de 0,33% nos produtos aliment\u00edcios e de 4,83% nos n\u00e3o aliment\u00edcios. <\/span><\/p>\n<p><span data-contrast=\"auto\">Em dezembro do ano passado, os pre\u00e7os dos produtos aliment\u00edcios aceleraram (de 0,57% para 1,20%). Os n\u00e3o aliment\u00edcios tamb\u00e9m registraram varia\u00e7\u00f5es maiores (0,35% em dezembro contra -0,05% no m\u00eas anterior). O indexador mede a varia\u00e7\u00e3o dos pre\u00e7os para as fam\u00edlias com renda de um a cinco sal\u00e1rios m\u00ednimos (entre R$ 1.412 e R$ 7.060) e chefiadas por assalariados.<\/span><\/p>\n<p><b><span data-contrast=\"auto\">Constru\u00e7\u00e3o\u00a0 \u2013<\/span><\/b><span data-contrast=\"auto\"> O \u00cdndice Nacional da Constru\u00e7\u00e3o Civil (INCC\/Sinapi) subiu 0,26% em dezembro. O resultado sucede um avan\u00e7o de 0,08% em novembro. No ano passado, acumulou alta de 2,55%. A taxa em 2022 tinha sido de 10,9%. <\/span><\/p>\n<p><span data-contrast=\"auto\">O custo nacional da constru\u00e7\u00e3o foi de R$ 1.722,19 por metro quadrado em dezembro. A parcela dos materiais teve eleva\u00e7\u00e3o de 0,27%, enquanto o custo da m\u00e3o de obra subiu 0,24%. Em 2023, os materiais subiram 0,06%, enquanto o custo com m\u00e3o de obra avan\u00e7ou 6,22%. Em 2022, a parcela dos materiais tinha aumentado 10,02%, e a m\u00e3o de obra, 12,18%.<\/span><\/p>\n<p><span data-ccp-props=\"{&quot;201341983&quot;:0,&quot;335559739&quot;:200,&quot;335559740&quot;:276}\">\u00a0<\/span><\/p>\n<\/div>\n<p><br \/>\n<br \/><a href=\"https:\/\/www.tribunaribeirao.com.br\/site\/inflacao-fecha-2023-em-462\/\">Source link <\/a><\/p>\n<!-- CONTENT END 1 -->\n","protected":false},"excerpt":{"rendered":"<p>A infla\u00e7\u00e3o medida pelo \u00cdndice Nacional de Pre\u00e7os ao Consumidor Amplo \u2013 indexador oficial \u2013 fechou dezembro com alta de 0,56%, ante 0,28% de novembro,&#8230;<\/p>\n","protected":false},"author":1,"featured_media":27604,"comment_status":"open","ping_status":"open","sticky":false,"template":"","format":"standard","meta":{"advanced_seo_description":"","jetpack_seo_html_title":"","jetpack_seo_noindex":false,"jetpack_post_was_ever_published":false,"_jetpack_newsletter_access":"","_jetpack_dont_email_post_to_subs":false,"_jetpack_newsletter_tier_id":0,"_jetpack_memberships_contains_paywalled_content":false,"_jetpack_memberships_contains_paid_content":false,"footnotes":"","jetpack_publicize_message":"","jetpack_publicize_feature_enabled":true,"jetpack_social_post_already_shared":true,"jetpack_social_options":{"image_generator_settings":{"template":"highway","default_image_id":0,"font":"","enabled":false},"version":2}},"categories":[11],"tags":[726,510],"class_list":["post-27603","post","type-post","status-publish","format-standard","has-post-thumbnail","hentry","category-noticias-de-ribeirao-preto-sp-e-regiao-ismael-colosi","tag-fecha","tag-inflacao"],"jetpack_publicize_connections":[],"jetpack_featured_media_url":"https:\/\/i0.wp.com\/noticiasribeiraopreto.com.br\/wp-content\/uploads\/2024\/01\/InflaIPCA-Aro-Marcelo-Camargo-Ag.Br_-scaled.jpg?fit=967%2C645&ssl=1","jetpack-related-posts":[{"id":84533,"url":"https:\/\/noticiasribeiraopreto.com.br\/index.php\/2026\/04\/11\/inflacao-sobe-a-088-em-marco\/","url_meta":{"origin":27603,"position":0},"title":"Infla\u00e7\u00e3o sobe a 0,88% em mar\u00e7o","author":"noticiasribeiraopreto.com.br","date":"11 de April de 2026","format":false,"excerpt":"O \u00cdndice Nacional de Pre\u00e7os ao Consumidor Amplo (IPCA) acelerou de 0,70% em fevereiro para 0,88% em mar\u00e7o, 0,18 ponto percentual acima, s\u00e9timo m\u00eas seguido de infla\u00e7\u00e3o e a taxa mais elevada desde fevereiro do ano passado, quando disparou 1,31%. O avan\u00e7o foi puxado pelos pre\u00e7os dos grupos Transportes e\u2026","rel":"","context":"In &quot;Not\u00edcias de Ribeir\u00e3o Preto-SP e Regi\u00e3o&quot;","block_context":{"text":"Not\u00edcias de Ribeir\u00e3o Preto-SP e Regi\u00e3o","link":"https:\/\/noticiasribeiraopreto.com.br\/index.php\/category\/noticias-de-ribeirao-preto-sp-e-regiao-ismael-colosi\/"},"img":{"alt_text":"","src":"https:\/\/i0.wp.com\/noticiasribeiraopreto.com.br\/wp-content\/uploads\/2026\/04\/InflaIPCA-Tomaz-Silva-Ag.Br_.jpg?fit=1170%2C700&ssl=1&resize=350%2C200","width":350,"height":200,"srcset":"https:\/\/i0.wp.com\/noticiasribeiraopreto.com.br\/wp-content\/uploads\/2026\/04\/InflaIPCA-Tomaz-Silva-Ag.Br_.jpg?fit=1170%2C700&ssl=1&resize=350%2C200 1x, https:\/\/i0.wp.com\/noticiasribeiraopreto.com.br\/wp-content\/uploads\/2026\/04\/InflaIPCA-Tomaz-Silva-Ag.Br_.jpg?fit=1170%2C700&ssl=1&resize=525%2C300 1.5x, https:\/\/i0.wp.com\/noticiasribeiraopreto.com.br\/wp-content\/uploads\/2026\/04\/InflaIPCA-Tomaz-Silva-Ag.Br_.jpg?fit=1170%2C700&ssl=1&resize=700%2C400 2x, https:\/\/i0.wp.com\/noticiasribeiraopreto.com.br\/wp-content\/uploads\/2026\/04\/InflaIPCA-Tomaz-Silva-Ag.Br_.jpg?fit=1170%2C700&ssl=1&resize=1050%2C600 3x"},"classes":[]},{"id":39833,"url":"https:\/\/noticiasribeiraopreto.com.br\/index.php\/2024\/02\/28\/previa-do-ipca-fecha-em-078\/","url_meta":{"origin":27603,"position":1},"title":"Pr\u00e9via do IPCA\u00a0fecha em 0,78% \u00a0","author":"noticiasribeiraopreto.com.br","date":"28 de February de 2024","format":false,"excerpt":"O \u00cdndice Nacional de Pre\u00e7os ao Consumidor Amplo 15 \u2013 pr\u00e9via da infla\u00e7\u00e3o oficial no pa\u00eds \u2013 disparou 0,78% em fevereiro, ante alta de 0,31% em janeiro, avan\u00e7o de 0,40% em dezembro do ano passado. A \u00faltima defla\u00e7\u00e3o ocorreu em julho, de 0,07%. Com o resultado anunciado nesta ter\u00e7a-feira, 27\u2026","rel":"","context":"In &quot;Not\u00edcias de Ribeir\u00e3o Preto-SP e Regi\u00e3o&quot;","block_context":{"text":"Not\u00edcias de Ribeir\u00e3o Preto-SP e Regi\u00e3o","link":"https:\/\/noticiasribeiraopreto.com.br\/index.php\/category\/noticias-de-ribeirao-preto-sp-e-regiao-ismael-colosi\/"},"img":{"alt_text":"","src":"https:\/\/i0.wp.com\/noticiasribeiraopreto.com.br\/wp-content\/uploads\/2024\/02\/IZa4lmensalidade-scaled.jpg?fit=968%2C645&ssl=1&resize=350%2C200","width":350,"height":200,"srcset":"https:\/\/i0.wp.com\/noticiasribeiraopreto.com.br\/wp-content\/uploads\/2024\/02\/IZa4lmensalidade-scaled.jpg?fit=968%2C645&ssl=1&resize=350%2C200 1x, https:\/\/i0.wp.com\/noticiasribeiraopreto.com.br\/wp-content\/uploads\/2024\/02\/IZa4lmensalidade-scaled.jpg?fit=968%2C645&ssl=1&resize=525%2C300 1.5x, https:\/\/i0.wp.com\/noticiasribeiraopreto.com.br\/wp-content\/uploads\/2024\/02\/IZa4lmensalidade-scaled.jpg?fit=968%2C645&ssl=1&resize=700%2C400 2x"},"classes":[]},{"id":68547,"url":"https:\/\/noticiasribeiraopreto.com.br\/index.php\/2025\/04\/26\/previa-da-inflacao-desacelera-a-043\/","url_meta":{"origin":27603,"position":2},"title":"Pr\u00e9via da infla\u00e7\u00e3o desacelera a 0,43% \u00a0","author":"noticiasribeiraopreto.com.br","date":"26 de April de 2025","format":false,"excerpt":"O \u00cdndice Nacional de Pre\u00e7os ao Consumidor Amplo 15 \u2013 pr\u00e9via da infla\u00e7\u00e3o oficial no pa\u00eds \u2013 desacelerou de 0,64% em mar\u00e7o para 0,43% em abril, 0,21 ponto percentual abaixo ao do m\u00eas anterior, ap\u00f3s registrar taxas de 1,23% em fevereiro, 0,11% em janeiro, 0,34% em dezembro, 0,62% em novembro\u2026","rel":"","context":"In &quot;Not\u00edcias de Ribeir\u00e3o Preto-SP e Regi\u00e3o&quot;","block_context":{"text":"Not\u00edcias de Ribeir\u00e3o Preto-SP e Regi\u00e3o","link":"https:\/\/noticiasribeiraopreto.com.br\/index.php\/category\/noticias-de-ribeirao-preto-sp-e-regiao-ismael-colosi\/"},"img":{"alt_text":"","src":"https:\/\/i0.wp.com\/noticiasribeiraopreto.com.br\/wp-content\/uploads\/2025\/04\/InflaIPCA-Pas-Fernando-Frazao-Ag.Br_-scaled.jpg?fit=800%2C479&ssl=1&resize=350%2C200","width":350,"height":200,"srcset":"https:\/\/i0.wp.com\/noticiasribeiraopreto.com.br\/wp-content\/uploads\/2025\/04\/InflaIPCA-Pas-Fernando-Frazao-Ag.Br_-scaled.jpg?fit=800%2C479&ssl=1&resize=350%2C200 1x, https:\/\/i0.wp.com\/noticiasribeiraopreto.com.br\/wp-content\/uploads\/2025\/04\/InflaIPCA-Pas-Fernando-Frazao-Ag.Br_-scaled.jpg?fit=800%2C479&ssl=1&resize=525%2C300 1.5x, https:\/\/i0.wp.com\/noticiasribeiraopreto.com.br\/wp-content\/uploads\/2025\/04\/InflaIPCA-Pas-Fernando-Frazao-Ag.Br_-scaled.jpg?fit=800%2C479&ssl=1&resize=700%2C400 2x"},"classes":[]},{"id":21868,"url":"https:\/\/noticiasribeiraopreto.com.br\/index.php\/2023\/12\/28\/previa-da-inflacao-oficial-surpreende-e-fecha-2023-abaixo-da-meta\/","url_meta":{"origin":27603,"position":3},"title":"Pr\u00e9via da infla\u00e7\u00e3o oficial surpreende e fecha 2023 abaixo da meta","author":"noticiasribeiraopreto.com.br","date":"28 de December de 2023","format":false,"excerpt":"A pr\u00e9via da infla\u00e7\u00e3o oficial de 2023 ficou abaixo da meta estabelecida pelo Banco Central, mas ainda \u00e9 alta. O \u00cdndice Nacional de Pre\u00e7os ao Consumidor Amplo 15 (IPCA-15), considerado uma pr\u00e9via da infla\u00e7\u00e3o oficial, fechou o ano em 4,72%, abaixo dos 5,90% de 2022, segundo dados divulgados nesta quinta-feira\u2026","rel":"","context":"In &quot;Vagas de Emprego em Ribeir\u00e3o Preto-SP&quot;","block_context":{"text":"Vagas de Emprego em Ribeir\u00e3o Preto-SP","link":"https:\/\/noticiasribeiraopreto.com.br\/index.php\/category\/empregos-classificados-vagas-trabalho\/vagas-de-empregos-em-ribeirao-preto-regiao-brasil\/"},"img":{"alt_text":"","src":"https:\/\/i0.wp.com\/noticiasribeiraopreto.com.br\/wp-content\/uploads\/2023\/12\/dinheiro-agencia-brasil.jpg?fit=1200%2C675&ssl=1&resize=350%2C200","width":350,"height":200,"srcset":"https:\/\/i0.wp.com\/noticiasribeiraopreto.com.br\/wp-content\/uploads\/2023\/12\/dinheiro-agencia-brasil.jpg?fit=1200%2C675&ssl=1&resize=350%2C200 1x, https:\/\/i0.wp.com\/noticiasribeiraopreto.com.br\/wp-content\/uploads\/2023\/12\/dinheiro-agencia-brasil.jpg?fit=1200%2C675&ssl=1&resize=525%2C300 1.5x, https:\/\/i0.wp.com\/noticiasribeiraopreto.com.br\/wp-content\/uploads\/2023\/12\/dinheiro-agencia-brasil.jpg?fit=1200%2C675&ssl=1&resize=700%2C400 2x, https:\/\/i0.wp.com\/noticiasribeiraopreto.com.br\/wp-content\/uploads\/2023\/12\/dinheiro-agencia-brasil.jpg?fit=1200%2C675&ssl=1&resize=1050%2C600 3x"},"classes":[]},{"id":28004,"url":"https:\/\/noticiasribeiraopreto.com.br\/index.php\/2024\/01\/14\/ipca-de-dezembro-sobe-056-veja-4-titulos-indexados-a-inflacao-para-buscar-ate-ipca-7\/","url_meta":{"origin":27603,"position":4},"title":"IPCA de dezembro sobe 0,56%: veja 4 t\u00edtulos indexados \u00e0 infla\u00e7\u00e3o para buscar at\u00e9 IPCA +7%\u00a0","author":"noticiasribeiraopreto.com.br","date":"14 de January de 2024","format":false,"excerpt":"O \u00cdndice Nacional de Pre\u00e7os ao Consumidor Amplo (IPCA) do m\u00eas de dezembro e do acumulado de 2023 foi divulgado na \u00faltima quinta-feira (11), pelo IBGE. O indicador oficial de infla\u00e7\u00e3o no pa\u00eds subiu 0,56% em dezembro, uma acelera\u00e7\u00e3o em rela\u00e7\u00e3o aos 0,28% em novembro. No ano, a infla\u00e7\u00e3o acumulada\u2026","rel":"","context":"In &quot;Dinheiro e Investimento&quot;","block_context":{"text":"Dinheiro e Investimento","link":"https:\/\/noticiasribeiraopreto.com.br\/index.php\/category\/dinheiro-e-investimento-como-fazer-como-ganhar\/"},"img":{"alt_text":"","src":"https:\/\/i0.wp.com\/noticiasribeiraopreto.com.br\/wp-content\/uploads\/2024\/01\/selic-IPCA-628x353.jpg?fit=628%2C353&ssl=1&resize=350%2C200","width":350,"height":200,"srcset":"https:\/\/i0.wp.com\/noticiasribeiraopreto.com.br\/wp-content\/uploads\/2024\/01\/selic-IPCA-628x353.jpg?fit=628%2C353&ssl=1&resize=350%2C200 1x, https:\/\/i0.wp.com\/noticiasribeiraopreto.com.br\/wp-content\/uploads\/2024\/01\/selic-IPCA-628x353.jpg?fit=628%2C353&ssl=1&resize=525%2C300 1.5x"},"classes":[]},{"id":27026,"url":"https:\/\/noticiasribeiraopreto.com.br\/index.php\/2024\/01\/11\/campos-neto-respira-aliviado-ipca-fecha-2023-na-meta-e-presidente-do-bc-nao-vai-precisar-se-explicar-a-lula\/","url_meta":{"origin":27603,"position":5},"title":"Campos Neto respira aliviado: IPCA fecha 2023 na meta e presidente do BC n\u00e3o vai precisar se explicar a Lula","author":"noticiasribeiraopreto.com.br","date":"11 de January de 2024","format":false,"excerpt":"O presidente do Banco Central (BC), Roberto Campos Neto, provavelmente respirou aliviado ao ver o resultado do IPCA de 2023, divulgado na manh\u00e3 desta quinta-feira (11) pelo Instituto Brasileiro de Geografia e Estat\u00edstica (IBGE). Pela primeira vez desde a concess\u00e3o de autonomia formal ao BC, em 2021, a infla\u00e7\u00e3o oficial\u2026","rel":"","context":"In &quot;Dinheiro e Investimento&quot;","block_context":{"text":"Dinheiro e Investimento","link":"https:\/\/noticiasribeiraopreto.com.br\/index.php\/category\/dinheiro-e-investimento-como-fazer-como-ganhar\/"},"img":{"alt_text":"","src":"https:\/\/i0.wp.com\/noticiasribeiraopreto.com.br\/wp-content\/uploads\/2024\/01\/Viagem-ao-centro-da-terra-Roberto-Campos-Neto-creditos-cenas-filme-Jose-Dias-PR-montagem-Brenda-Silva-1-715x402.jpg?fit=715%2C402&ssl=1&resize=350%2C200","width":350,"height":200,"srcset":"https:\/\/i0.wp.com\/noticiasribeiraopreto.com.br\/wp-content\/uploads\/2024\/01\/Viagem-ao-centro-da-terra-Roberto-Campos-Neto-creditos-cenas-filme-Jose-Dias-PR-montagem-Brenda-Silva-1-715x402.jpg?fit=715%2C402&ssl=1&resize=350%2C200 1x, https:\/\/i0.wp.com\/noticiasribeiraopreto.com.br\/wp-content\/uploads\/2024\/01\/Viagem-ao-centro-da-terra-Roberto-Campos-Neto-creditos-cenas-filme-Jose-Dias-PR-montagem-Brenda-Silva-1-715x402.jpg?fit=715%2C402&ssl=1&resize=525%2C300 1.5x, https:\/\/i0.wp.com\/noticiasribeiraopreto.com.br\/wp-content\/uploads\/2024\/01\/Viagem-ao-centro-da-terra-Roberto-Campos-Neto-creditos-cenas-filme-Jose-Dias-PR-montagem-Brenda-Silva-1-715x402.jpg?fit=715%2C402&ssl=1&resize=700%2C400 2x"},"classes":[]}],"jetpack_sharing_enabled":true,"jetpack_shortlink":"https:\/\/wp.me\/peQAOb-7bd","_links":{"self":[{"href":"https:\/\/noticiasribeiraopreto.com.br\/index.php\/wp-json\/wp\/v2\/posts\/27603","targetHints":{"allow":["GET"]}}],"collection":[{"href":"https:\/\/noticiasribeiraopreto.com.br\/index.php\/wp-json\/wp\/v2\/posts"}],"about":[{"href":"https:\/\/noticiasribeiraopreto.com.br\/index.php\/wp-json\/wp\/v2\/types\/post"}],"author":[{"embeddable":true,"href":"https:\/\/noticiasribeiraopreto.com.br\/index.php\/wp-json\/wp\/v2\/users\/1"}],"replies":[{"embeddable":true,"href":"https:\/\/noticiasribeiraopreto.com.br\/index.php\/wp-json\/wp\/v2\/comments?post=27603"}],"version-history":[{"count":0,"href":"https:\/\/noticiasribeiraopreto.com.br\/index.php\/wp-json\/wp\/v2\/posts\/27603\/revisions"}],"wp:featuredmedia":[{"embeddable":true,"href":"https:\/\/noticiasribeiraopreto.com.br\/index.php\/wp-json\/wp\/v2\/media\/27604"}],"wp:attachment":[{"href":"https:\/\/noticiasribeiraopreto.com.br\/index.php\/wp-json\/wp\/v2\/media?parent=27603"}],"wp:term":[{"taxonomy":"category","embeddable":true,"href":"https:\/\/noticiasribeiraopreto.com.br\/index.php\/wp-json\/wp\/v2\/categories?post=27603"},{"taxonomy":"post_tag","embeddable":true,"href":"https:\/\/noticiasribeiraopreto.com.br\/index.php\/wp-json\/wp\/v2\/tags?post=27603"}],"curies":[{"name":"wp","href":"https:\/\/api.w.org\/{rel}","templated":true}]}}