{"id":27613,"date":"2024-01-12T18:16:38","date_gmt":"2024-01-12T21:16:38","guid":{"rendered":"https:\/\/noticiasribeiraopreto.com.br\/index.php\/2024\/01\/12\/concurso-caixa-vai-abrir-milhares-de-vagas-para-a-area-de-tecnologia\/"},"modified":"2024-01-12T18:16:38","modified_gmt":"2024-01-12T21:16:38","slug":"concurso-caixa-vai-abrir-milhares-de-vagas-para-a-area-de-tecnologia","status":"publish","type":"post","link":"https:\/\/noticiasribeiraopreto.com.br\/index.php\/2024\/01\/12\/concurso-caixa-vai-abrir-milhares-de-vagas-para-a-area-de-tecnologia\/","title":{"rendered":"Concurso: Caixa vai abrir milhares de vagas para a \u00e1rea de tecnologia"},"content":{"rendered":"<div class='code-block code-block-1' style='margin: 8px 0 8px auto; text-align: right; display: block; clear: both;'>\n<p><a href=\"https:\/\/wa.link\/vpicfd\"><img data-recalc-dims=\"1\" class=\"wp-image-4922\" style=\"aspect-ratio: 2.0253164556962027; width: 561px; height: auto;\" src=\"https:\/\/i0.wp.com\/ismaelcolosi.com.br\/wp-content\/uploads\/2023\/11\/grupo-de-empregos-whatsapp-e-facebook-ismael-colosi-vagas.jpg?ssl=1\" alt=\"\" \/><\/a><\/p>\n<!-- \/wp:image -->\n<\/div>\n<p> <br \/>\n<\/p>\n<div id=\"\">\n<div class=\"content-infos\">\n<div class=\"texts\">\n<p class=\"author tooltip-comp\"> Da reda\u00e7\u00e3o com Ag\u00eancias<span class=\"icon-i\">i<\/span><span class=\"tooltiptext\"> <span class=\"author\"><span>Da reda\u00e7\u00e3o com Ag\u00eancias<\/span> <\/span><span class=\"desc\"\/> <\/span><\/p>\n<p>12\/01\/2024 &#8211; 18:16<\/p>\n<\/div>\n<div id=\"share-modal\" class=\"share-modal\"> <button class=\"box-close btn-share\"> <img decoding=\"async\" src=\"https:\/\/istoedinheiro.com.br\/wp-content\/themes\/dinheiro-wp-theme\/assets\/img\/svg\/closeIcon.svg?x46096\" alt=\"Close icon\" class=\"close-btn lazy\"\/> <\/button><\/div>\n<\/p><\/div>\n<p>A Caixa Econ\u00f4mica Federal deve publicar nos pr\u00f3ximos 30 dias um edital de concurso p\u00fablico com mais de 4000 vagas, metade delas sendo na \u00e1rea de tecnologia. O objetivo \u00e9 impulsionar a digitaliza\u00e7\u00e3o e a moderniza\u00e7\u00e3o das opera\u00e7\u00f5es do banco estatal.<\/p>\n<p>A digitaliza\u00e7\u00e3o \u00e9 uma das frentes que o presidente do banco, Carlos Vieira, quer acelerar em sua gest\u00e3o. Ap\u00f3s assumir o cargo em novembro, em dezembro ele divulgou aos funcion\u00e1rios diretrizes do plano estrat\u00e9gico do banco que inclu\u00edam a melhoria do atendimento online e da contrata\u00e7\u00e3o de produtos como o cr\u00e9dito imobili\u00e1rio atrav\u00e9s dos canais digitais, como mostrou o Broadcast, sistema de not\u00edcias em tempo real do Grupo Estado.<\/p>\n<p>+MRV tem gera\u00e7\u00e3o de caixa no 4\u00ba tri pela primeira vez em tr\u00eas anos<\/p>\n<p>As outras 2.000 vagas ser\u00e3o para o que a Caixa chama de \u201ceconomi\u00e1rios\u201d, funcion\u00e1rios que trabalham nas opera\u00e7\u00f5es banc\u00e1rias, como na rede de atendimento, por exemplo. A abertura de um novo concurso vinha sendo demandada internamente, diante da redu\u00e7\u00e3o do contingente da Caixa nos \u00faltimos anos.<\/p>\n<p>O plano de Vieira inclui melhoria no atendimento atrav\u00e9s da rede f\u00edsica. O executivo afirmou \u00e0 reportagem em dezembro que a estrutura presencial da Caixa n\u00e3o deve encolher, mas que deve ser reequilibrada, com uma melhor distribui\u00e7\u00e3o das ag\u00eancias e pontos de atendimento pelo Pa\u00eds.<\/p>\n<p>Em paralelo \u00e0 abertura do concurso, o banco p\u00fablico abrir\u00e1 um novo Programa de Demiss\u00e3o Volunt\u00e1ria (PDV), focado em funcion\u00e1rios com mais tempo de casa. Ser\u00e3o aceitas at\u00e9 3.200 ades\u00f5es. As inscri\u00e7\u00f5es tamb\u00e9m devem ser abertas ao longo do pr\u00f3ximo m\u00eas.<\/p>\n<p>Tanto a abertura do concurso quanto o PDV foram aprovados pelo conselho de administra\u00e7\u00e3o da Caixa na quinta-feira, 11.<\/p>\n<p>Em setembro do ano passado, a Caixa tinha 87.053 funcion\u00e1rios, o que significava 158 postos a menos que no mesmo m\u00eas de 2022. A rede de ag\u00eancias era de 3.371, uma a menos que no ano anterior.<\/p>\n<section data-hb-type=\"ads\" name=\"adsMateria\" data-hb-position=\"after-content\" data-hb-provider=\"\">\n<hr\/>\n<\/section>\n<div id=\"share-modal\" class=\"share-modal\"> <button class=\"box-close btn-share\"> <img decoding=\"async\" src=\"https:\/\/istoedinheiro.com.br\/wp-content\/themes\/dinheiro-wp-theme\/assets\/img\/svg\/closeIcon.svg?x46096\" alt=\"Close icon\" class=\"close-btn lazy\"\/> <\/button><\/div>\n<\/p><\/div>\n<p><script>!function(f,b,e,v,n,t,s){if(f.fbq)return;n=f.fbq=function(){n.callMethod?n.callMethod.apply(n,arguments):n.queue.push(arguments)};if(!f._fbq)f._fbq=n;n.push=n;n.loaded=!0;n.version='2.0';n.queue=[];t=b.createElement(e);t.async=!0;t.src=v;s=b.getElementsByTagName(e)[0];s.parentNode.insertBefore(t,s)}(window,document,'script','<\/script><br \/>\n<br \/><br \/>\n<br \/><a href=\"https:\/\/istoedinheiro.com.br\/concurso-caixa-vai-abrir-milhares-de-vagas-para-a-area-de-tecnologia\/\">Source link <\/a><\/p>\n<!-- CONTENT END 1 -->\n","protected":false},"excerpt":{"rendered":"<p>Da reda\u00e7\u00e3o com Ag\u00eanciasi Da reda\u00e7\u00e3o com Ag\u00eancias 12\/01\/2024 &#8211; 18:16 A Caixa Econ\u00f4mica Federal deve publicar nos pr\u00f3ximos 30 dias um edital de concurso&#8230;<\/p>\n","protected":false},"author":1,"featured_media":27614,"comment_status":"open","ping_status":"open","sticky":false,"template":"","format":"standard","meta":{"advanced_seo_description":"","jetpack_seo_html_title":"","jetpack_seo_noindex":false,"jetpack_post_was_ever_published":false,"_jetpack_newsletter_access":"","_jetpack_dont_email_post_to_subs":false,"_jetpack_newsletter_tier_id":0,"_jetpack_memberships_contains_paywalled_content":false,"_jetpack_memberships_contains_paid_content":false,"footnotes":"","jetpack_publicize_message":"","jetpack_publicize_feature_enabled":true,"jetpack_social_post_already_shared":true,"jetpack_social_options":{"image_generator_settings":{"template":"highway","default_image_id":0,"font":"","enabled":false},"version":2}},"categories":[7],"tags":[],"class_list":["post-27613","post","type-post","status-publish","format-standard","has-post-thumbnail","hentry","category-vagas-de-empregos-em-ribeirao-preto-regiao-brasil"],"jetpack_publicize_connections":[],"jetpack_featured_media_url":"https:\/\/i0.wp.com\/noticiasribeiraopreto.com.br\/wp-content\/uploads\/2024\/01\/agenciacaixa-2.jpg?fit=900%2C600&ssl=1","jetpack-related-posts":[{"id":46234,"url":"https:\/\/noticiasribeiraopreto.com.br\/index.php\/2024\/04\/10\/cerca-12-milhao-se-inscreveram-para-concurso-da-caixa-para-4-mil-vagas\/","url_meta":{"origin":27613,"position":0},"title":"Cerca 1,2 milh\u00e3o se inscreveram para concurso da Caixa para 4 mil vagas","author":"noticiasribeiraopreto.com.br","date":"10 de April de 2024","format":false,"excerpt":"Estad\u00e3o Conte\u00fadoi Estad\u00e3o Conte\u00fado 10\/04\/2024 - 12:10 Cerca de 1,2 milh\u00e3o de pessoas se inscrevem para o concurso da Caixa Econ\u00f4mica Federal, que acontecer\u00e1 em 26 de maio. A concorr\u00eancia \u00e9 de cerca de 300 pessoas para cada uma das 4.050 vagas que o banco abrir\u00e1.Foram 1.201.097 inscritos no concurso,\u2026","rel":"","context":"In &quot;Empregos - Classificados&quot;","block_context":{"text":"Empregos - Classificados","link":"https:\/\/noticiasribeiraopreto.com.br\/index.php\/category\/empregos-classificados-vagas-trabalho\/"},"img":{"alt_text":"","src":"https:\/\/i0.wp.com\/noticiasribeiraopreto.com.br\/wp-content\/uploads\/2024\/04\/pcd-caixa-economica-federal.jpg?fit=1200%2C800&ssl=1&resize=350%2C200","width":350,"height":200,"srcset":"https:\/\/i0.wp.com\/noticiasribeiraopreto.com.br\/wp-content\/uploads\/2024\/04\/pcd-caixa-economica-federal.jpg?fit=1200%2C800&ssl=1&resize=350%2C200 1x, https:\/\/i0.wp.com\/noticiasribeiraopreto.com.br\/wp-content\/uploads\/2024\/04\/pcd-caixa-economica-federal.jpg?fit=1200%2C800&ssl=1&resize=525%2C300 1.5x, https:\/\/i0.wp.com\/noticiasribeiraopreto.com.br\/wp-content\/uploads\/2024\/04\/pcd-caixa-economica-federal.jpg?fit=1200%2C800&ssl=1&resize=700%2C400 2x, https:\/\/i0.wp.com\/noticiasribeiraopreto.com.br\/wp-content\/uploads\/2024\/04\/pcd-caixa-economica-federal.jpg?fit=1200%2C800&ssl=1&resize=1050%2C600 3x"},"classes":[]},{"id":42923,"url":"https:\/\/noticiasribeiraopreto.com.br\/index.php\/2024\/03\/18\/concurso-da-caixa-registra-mais-de-1-milhao-de-candidatos-veja-como-se-inscrever\/","url_meta":{"origin":27613,"position":1},"title":"Concurso da Caixa registra mais de 1 milh\u00e3o de candidatos; veja como se inscrever","author":"noticiasribeiraopreto.com.br","date":"18 de March de 2024","format":false,"excerpt":"Da reda\u00e7\u00e3oi Da reda\u00e7\u00e3o 18\/03\/2024 - 10:51 O concurso lan\u00e7ado pela Caixa no dia 21 de fevereiro segue com as inscri\u00e7\u00f5es abertas e j\u00e1 registrou mais de 1 milh\u00e3o de candidatos, de acordo com o banco. S\u00e3o, ao todo, 4 mil vagas para trabalhar na estatal.+ Caixa lan\u00e7a concurso com\u2026","rel":"","context":"In &quot;Empregos - Classificados&quot;","block_context":{"text":"Empregos - Classificados","link":"https:\/\/noticiasribeiraopreto.com.br\/index.php\/category\/empregos-classificados-vagas-trabalho\/"},"img":{"alt_text":"","src":"https:\/\/i0.wp.com\/noticiasribeiraopreto.com.br\/wp-content\/uploads\/2024\/03\/caixa-economica-e1701436674346.jpeg?fit=640%2C426&ssl=1&resize=350%2C200","width":350,"height":200,"srcset":"https:\/\/i0.wp.com\/noticiasribeiraopreto.com.br\/wp-content\/uploads\/2024\/03\/caixa-economica-e1701436674346.jpeg?fit=640%2C426&ssl=1&resize=350%2C200 1x, https:\/\/i0.wp.com\/noticiasribeiraopreto.com.br\/wp-content\/uploads\/2024\/03\/caixa-economica-e1701436674346.jpeg?fit=640%2C426&ssl=1&resize=525%2C300 1.5x"},"classes":[]},{"id":38817,"url":"https:\/\/noticiasribeiraopreto.com.br\/index.php\/2024\/02\/21\/caixa-lanca-concurso-com-mais-de-4-mil-vagas\/","url_meta":{"origin":27613,"position":2},"title":"Caixa lan\u00e7a concurso com mais de 4 mil vagas","author":"noticiasribeiraopreto.com.br","date":"21 de February de 2024","format":false,"excerpt":"Da reda\u00e7\u00e3oi Da reda\u00e7\u00e3o 21\/02\/2024 - 18:13 A\u00a0 Caixa\u00a0 lan\u00e7a,\u00a0 nesta\u00a0 quarta-feira\u00a0 (21),\u00a0 concurso\u00a0 p\u00fablico\u00a0 com\u00a0 mais\u00a0 de\u00a0 4\u00a0 mil\u00a0vagas para todo o Brasil, incluindo cadastro reserva. O edital do certame ser\u00e1\u00a0 publicado na manh\u00e3 desta quinta-feira (22).\u00a0Ser\u00e3o\u00a0 2\u00a0 mil\u00a0 vagas\u00a0 para\u00a0 T\u00e9cnico\u00a0 Banc\u00e1rio\u00a0 Novo\u00a0 (TBN),\u00a0 para\u00a0 encarreiramento\u00a0 geral no\u2026","rel":"","context":"In &quot;Empregos - Classificados&quot;","block_context":{"text":"Empregos - Classificados","link":"https:\/\/noticiasribeiraopreto.com.br\/index.php\/category\/empregos-classificados-vagas-trabalho\/"},"img":{"alt_text":"","src":"https:\/\/i0.wp.com\/noticiasribeiraopreto.com.br\/wp-content\/uploads\/2024\/02\/agenciacaixa-3.jpg?fit=900%2C600&ssl=1&resize=350%2C200","width":350,"height":200,"srcset":"https:\/\/i0.wp.com\/noticiasribeiraopreto.com.br\/wp-content\/uploads\/2024\/02\/agenciacaixa-3.jpg?fit=900%2C600&ssl=1&resize=350%2C200 1x, https:\/\/i0.wp.com\/noticiasribeiraopreto.com.br\/wp-content\/uploads\/2024\/02\/agenciacaixa-3.jpg?fit=900%2C600&ssl=1&resize=525%2C300 1.5x, https:\/\/i0.wp.com\/noticiasribeiraopreto.com.br\/wp-content\/uploads\/2024\/02\/agenciacaixa-3.jpg?fit=900%2C600&ssl=1&resize=700%2C400 2x"},"classes":[]},{"id":39160,"url":"https:\/\/noticiasribeiraopreto.com.br\/index.php\/2024\/02\/23\/atencao-concurso-da-caixa-economica-foi-lancado-com-32-mil-vagas-e-salarios-de-ate-r-6-mil-confira-o-edital-para-nivel-medio-e-superior\/","url_meta":{"origin":27613,"position":3},"title":"Aten\u00e7\u00e3o! Concurso da Caixa Econ\u00f4mica foi lan\u00e7ado com 3,2 MIL vagas e sal\u00e1rios de at\u00e9 R$ 6 mil; Confira o edital para n\u00edvel m\u00e9dio e superior","author":"noticiasribeiraopreto.com.br","date":"23 de February de 2024","format":false,"excerpt":"A Caixa Econ\u00f4mica Federal divulga as principais informa\u00e7\u00f5es do concurso que ocorrer\u00e1 em 2024. Os brasileiros est\u00e3o animados para saber quais disciplinas ser\u00e3o reprovadas na prova do concurso da Caixa e quando esse evento din\u00e2mico acontecer\u00e1. A partir das 10h do dia 29 de Fevereiro, os cidad\u00e3os brasileiros poder\u00e3o se\u2026","rel":"","context":"In &quot;Empregos - Classificados&quot;","block_context":{"text":"Empregos - Classificados","link":"https:\/\/noticiasribeiraopreto.com.br\/index.php\/category\/empregos-classificados-vagas-trabalho\/"},"img":{"alt_text":"","src":"https:\/\/i0.wp.com\/noticiasribeiraopreto.com.br\/wp-content\/uploads\/2024\/02\/Escola-Expresso-do-Saber.webp.png?fit=1200%2C630&ssl=1&resize=350%2C200","width":350,"height":200,"srcset":"https:\/\/i0.wp.com\/noticiasribeiraopreto.com.br\/wp-content\/uploads\/2024\/02\/Escola-Expresso-do-Saber.webp.png?fit=1200%2C630&ssl=1&resize=350%2C200 1x, https:\/\/i0.wp.com\/noticiasribeiraopreto.com.br\/wp-content\/uploads\/2024\/02\/Escola-Expresso-do-Saber.webp.png?fit=1200%2C630&ssl=1&resize=525%2C300 1.5x, https:\/\/i0.wp.com\/noticiasribeiraopreto.com.br\/wp-content\/uploads\/2024\/02\/Escola-Expresso-do-Saber.webp.png?fit=1200%2C630&ssl=1&resize=700%2C400 2x, https:\/\/i0.wp.com\/noticiasribeiraopreto.com.br\/wp-content\/uploads\/2024\/02\/Escola-Expresso-do-Saber.webp.png?fit=1200%2C630&ssl=1&resize=1050%2C600 3x"},"classes":[]},{"id":43982,"url":"https:\/\/noticiasribeiraopreto.com.br\/index.php\/2024\/03\/25\/inscricao-para-concurso-da-caixa-com-4-mil-vagas-e-salario-de-ate-r-14-915-termina-hoje\/","url_meta":{"origin":27613,"position":4},"title":"Inscri\u00e7\u00e3o para concurso da Caixa com 4 mil vagas e sal\u00e1rio de at\u00e9 R$ 14.915 termina hoje","author":"noticiasribeiraopreto.com.br","date":"25 de March de 2024","format":false,"excerpt":"Da reda\u00e7\u00e3oi Da reda\u00e7\u00e3o 25\/03\/2024 - 8:43 Nesta segunda-feira, 25, termina o prazo das inscri\u00e7\u00f5es para o concurso da Caixa. Ao todo s\u00e3o 4 mil vagas para trabalhar na estatal.Os interessados podem se inscrever pelo site oficial da Funda\u00e7\u00e3o Cesgranrio. O valor da taxa varia de R$ 50 a R$\u2026","rel":"","context":"In &quot;Empregos - Classificados&quot;","block_context":{"text":"Empregos - Classificados","link":"https:\/\/noticiasribeiraopreto.com.br\/index.php\/category\/empregos-classificados-vagas-trabalho\/"},"img":{"alt_text":"","src":"https:\/\/i0.wp.com\/noticiasribeiraopreto.com.br\/wp-content\/uploads\/2024\/03\/caixa.jpg?fit=1200%2C648&ssl=1&resize=350%2C200","width":350,"height":200,"srcset":"https:\/\/i0.wp.com\/noticiasribeiraopreto.com.br\/wp-content\/uploads\/2024\/03\/caixa.jpg?fit=1200%2C648&ssl=1&resize=350%2C200 1x, https:\/\/i0.wp.com\/noticiasribeiraopreto.com.br\/wp-content\/uploads\/2024\/03\/caixa.jpg?fit=1200%2C648&ssl=1&resize=525%2C300 1.5x, https:\/\/i0.wp.com\/noticiasribeiraopreto.com.br\/wp-content\/uploads\/2024\/03\/caixa.jpg?fit=1200%2C648&ssl=1&resize=700%2C400 2x, https:\/\/i0.wp.com\/noticiasribeiraopreto.com.br\/wp-content\/uploads\/2024\/03\/caixa.jpg?fit=1200%2C648&ssl=1&resize=1050%2C600 3x"},"classes":[]},{"id":40028,"url":"https:\/\/noticiasribeiraopreto.com.br\/index.php\/2024\/02\/29\/caixa-abre-inscricoes-para-concurso-com-salarios-de-ate-r-149-mil\/","url_meta":{"origin":27613,"position":5},"title":"Caixa abre inscri\u00e7\u00f5es para concurso com sal\u00e1rios de at\u00e9 R$ 14,9 mil","author":"noticiasribeiraopreto.com.br","date":"29 de February de 2024","format":false,"excerpt":"29 de fevereiro de 2024 | 15:3029 de fevereiro de 2024 | 13:31 0Come\u00e7aram nesta quinta-feira (29) as inscri\u00e7\u00f5es para o concurso da Caixa. Com mais de 4 mil vagas para todo o Brasil, incluindo cadastro reserva, as inscri\u00e7\u00f5es para o certame podem ser feitas pelo\u00a0site da Funda\u00e7\u00e3o Cesgranrio.\u00a0O valor\u2026","rel":"","context":"In &quot;Not\u00edcias de Ribeir\u00e3o Preto-SP e Regi\u00e3o&quot;","block_context":{"text":"Not\u00edcias de Ribeir\u00e3o Preto-SP e Regi\u00e3o","link":"https:\/\/noticiasribeiraopreto.com.br\/index.php\/category\/noticias-de-ribeirao-preto-sp-e-regiao-ismael-colosi\/"},"img":{"alt_text":"","src":"https:\/\/i0.wp.com\/noticiasribeiraopreto.com.br\/wp-content\/uploads\/2024\/02\/937c4299-3d64-4605-bfeb-feeba2a9a61c-scaled.jpg?fit=1000%2C598&ssl=1&resize=350%2C200","width":350,"height":200,"srcset":"https:\/\/i0.wp.com\/noticiasribeiraopreto.com.br\/wp-content\/uploads\/2024\/02\/937c4299-3d64-4605-bfeb-feeba2a9a61c-scaled.jpg?fit=1000%2C598&ssl=1&resize=350%2C200 1x, https:\/\/i0.wp.com\/noticiasribeiraopreto.com.br\/wp-content\/uploads\/2024\/02\/937c4299-3d64-4605-bfeb-feeba2a9a61c-scaled.jpg?fit=1000%2C598&ssl=1&resize=525%2C300 1.5x, https:\/\/i0.wp.com\/noticiasribeiraopreto.com.br\/wp-content\/uploads\/2024\/02\/937c4299-3d64-4605-bfeb-feeba2a9a61c-scaled.jpg?fit=1000%2C598&ssl=1&resize=700%2C400 2x"},"classes":[]}],"jetpack_sharing_enabled":true,"jetpack_shortlink":"https:\/\/wp.me\/peQAOb-7bn","_links":{"self":[{"href":"https:\/\/noticiasribeiraopreto.com.br\/index.php\/wp-json\/wp\/v2\/posts\/27613","targetHints":{"allow":["GET"]}}],"collection":[{"href":"https:\/\/noticiasribeiraopreto.com.br\/index.php\/wp-json\/wp\/v2\/posts"}],"about":[{"href":"https:\/\/noticiasribeiraopreto.com.br\/index.php\/wp-json\/wp\/v2\/types\/post"}],"author":[{"embeddable":true,"href":"https:\/\/noticiasribeiraopreto.com.br\/index.php\/wp-json\/wp\/v2\/users\/1"}],"replies":[{"embeddable":true,"href":"https:\/\/noticiasribeiraopreto.com.br\/index.php\/wp-json\/wp\/v2\/comments?post=27613"}],"version-history":[{"count":0,"href":"https:\/\/noticiasribeiraopreto.com.br\/index.php\/wp-json\/wp\/v2\/posts\/27613\/revisions"}],"wp:featuredmedia":[{"embeddable":true,"href":"https:\/\/noticiasribeiraopreto.com.br\/index.php\/wp-json\/wp\/v2\/media\/27614"}],"wp:attachment":[{"href":"https:\/\/noticiasribeiraopreto.com.br\/index.php\/wp-json\/wp\/v2\/media?parent=27613"}],"wp:term":[{"taxonomy":"category","embeddable":true,"href":"https:\/\/noticiasribeiraopreto.com.br\/index.php\/wp-json\/wp\/v2\/categories?post=27613"},{"taxonomy":"post_tag","embeddable":true,"href":"https:\/\/noticiasribeiraopreto.com.br\/index.php\/wp-json\/wp\/v2\/tags?post=27613"}],"curies":[{"name":"wp","href":"https:\/\/api.w.org\/{rel}","templated":true}]}}