{"id":27641,"date":"2024-01-12T20:37:33","date_gmt":"2024-01-12T23:37:33","guid":{"rendered":"https:\/\/noticiasribeiraopreto.com.br\/index.php\/2024\/01\/12\/defesa-civil-de-ribeirao-alerta-para-os-cuidados-durante-tempestades\/"},"modified":"2024-01-12T20:37:33","modified_gmt":"2024-01-12T23:37:33","slug":"defesa-civil-de-ribeirao-alerta-para-os-cuidados-durante-tempestades","status":"publish","type":"post","link":"https:\/\/noticiasribeiraopreto.com.br\/index.php\/2024\/01\/12\/defesa-civil-de-ribeirao-alerta-para-os-cuidados-durante-tempestades\/","title":{"rendered":"Defesa civil de Ribeir\u00e3o alerta para os cuidados durante tempestades"},"content":{"rendered":"<div class='code-block code-block-1' style='margin: 8px 0 8px auto; text-align: right; display: block; clear: both;'>\n<p><a href=\"https:\/\/wa.link\/vpicfd\"><img data-recalc-dims=\"1\" class=\"wp-image-4922\" style=\"aspect-ratio: 2.0253164556962027; width: 561px; height: auto;\" src=\"https:\/\/i0.wp.com\/ismaelcolosi.com.br\/wp-content\/uploads\/2023\/11\/grupo-de-empregos-whatsapp-e-facebook-ismael-colosi-vagas.jpg?ssl=1\" alt=\"\" \/><\/a><\/p>\n<!-- \/wp:image -->\n<\/div>\n<p> <br \/>\n<\/p>\n<div id=\"\">\n<p> <span class=\"entry-meta-item penci-posted-on\"><i class=\"fa fa-clock-o\"\/><time class=\"entry-date published updated\" datetime=\"2024-01-12T16:14:58-03:00\">12 de janeiro de 2024 | 16:14<\/time><\/span><\/p>\n<p> <span class=\"penci-social-buttons penci-social-share-footer\"><a href=\"#\" class=\"penci-post-like penci_post-meta_item  single-like-button penci-social-item like\" data-post_id=\"370221\" title=\"Like\" data-like=\"Like\" data-unlike=\"Unlike\"><i class=\"fa fa-thumbs-o-up\"\/><span class=\"penci-share-number\">0<\/span><\/a><i class=\"fa fa-facebook\"\/><a class=\"penci-social-item twitter\" target=\"_blank\" rel=\"noopener\" title=\"\" href=\"https:\/\/twitter.com\/intent\/tweet?text=Defesa%20civil%20de%20Ribeir\u00e3o%20alerta%20para%20os%20cuidados%20durante%20tempestades%20-%20https:\/\/www.tribunaribeirao.com.br\/site\/defesa-civil-de-ribeirao-alerta-para-os-cuidados-durante-tempestades\/\"><i class=\"fa fa-twitter\"\/><\/a><i class=\"fa fa-whatsapp\"\/><\/span><\/div>\n<div>\n<p>Os servi\u00e7os de meteorologia est\u00e3o emitindo alertas para fortes chuvas que podem atingir Ribeir\u00e3o Preto e regi\u00e3o. A passagem de uma frente fria criar\u00e1 condi\u00e7\u00f5es para pancadas de chuvas, al\u00e9m de intensas rajadas de ventos. Entre a tarde de sexta-feira, 12, at\u00e9 a tarde de s\u00e1bado, 13, s\u00e3o esperados at\u00e9 100 mil\u00edmetros de chuva, per\u00edodo considerado curto para essa quantidade de \u00e1gua. A Defesa Civil do munic\u00edpio emitiu algumas orienta\u00e7\u00f5es para voc\u00ea morador de Ribeir\u00e3o Preto evitar acidentes provocados pela chuva.<\/p>\n<p><strong>Alagamentos:<\/strong><\/p>\n<p>. O primeiro passo \u00e9 evitar \u00e1reas alagadas. N\u00e3o enfrente, por n\u00e3o saber como est\u00e1 a profundidade e a for\u00e7a da \u00e1gua. Busque rotas alternativas.<\/p>\n<p>. Caso seja surpreendido pelo aumento do n\u00edvel da \u00e1gua, o primeiro passo \u00e9 manter a calma e avaliar o trecho em quest\u00e3o.<\/p>\n<p>. Mantenha o carro em acelera\u00e7\u00e3o constante, permane\u00e7a sempre em baixa velocidade.<\/p>\n<p>. Procure um lugar alto, no caso a cal\u00e7ada mais pr\u00f3xima e estaciona em cima dela.<\/p>\n<p>. Desligue o som do ve\u00edculo e o ar condicionado, para evitar que a \u00e1gua entre no motor.<\/p>\n<p>. Se o c\u00e2mbio for autom\u00e1tico \u00e9 recomend\u00e1vel usar os recursos de estabilidade do ve\u00edculo.<\/p>\n<p>. Se voc\u00ea estiver a p\u00e9, n\u00e3o passe por lugares alagados ou com enxurradas.<\/p>\n<p>. N\u00e3o brinque nas enxurradas. Al\u00e9m do perigo de ser levado pela for\u00e7a da \u00e1gua, voc\u00ea pode ser contaminada por doen\u00e7as graves, que levam at\u00e9 a morte, como a leptospirose e a hepatite.<\/p>\n<p><strong>Queda de \u00e1rvores, poste e fios<\/strong><\/p>\n<p>. Ligue imediatamente para a Defesa Civil (199) e Corpo de Bombeiros (193).<\/p>\n<p>. N\u00e3o dirija sobre os fios<\/p>\n<p>. Permane\u00e7a dentro do carro at\u00e9 a chegada do socorro.<\/p>\n<p>. Agora, se houver risco de inc\u00eandio, abra a porta com cuidado, sem tocar nas partes met\u00e1licas e pule do ve\u00edculo o mais longe poss\u00edvel. \u00c9 preciso cair no ch\u00e3o com os dois p\u00e9s juntos. Afaste do carro arrastando dos p\u00e9s, sem tir\u00e1-los do ch\u00e3o, por pelo menos 10 metros de dist\u00e2ncia.<\/p>\n<p>. Evite ficar em baixo de \u00e1rvores.<\/p>\n<p>. A \u00e1rvore caiu, o que fazer? A dica \u00e9 manter a calma, tentar sair do carro sem se colocar em perigo. Caso n\u00e3o seja poss\u00edvel, acionar a Defesa Civil e o Corpo de Bombeiros.<\/p>\n<p>Contatos de Emerg\u00eancia<\/p>\n<p>. Defesa Civil \u2013 199<\/p>\n<p>. Corpo de Bombeiros \u2013 193<\/p>\n<p>\u00a0<\/p>\n<\/div>\n<p><script async src=\"\/\/platform.twitter.com\/widgets.js\" charset=\"utf-8\"><\/script><br \/>\n<br \/><br \/>\n<br \/><a href=\"https:\/\/www.tribunaribeirao.com.br\/site\/defesa-civil-de-ribeirao-alerta-para-os-cuidados-durante-tempestades\/\">Source link <\/a><\/p>\n<!-- CONTENT END 1 -->\n","protected":false},"excerpt":{"rendered":"<p>12 de janeiro de 2024 | 16:14 0 Os servi\u00e7os de meteorologia est\u00e3o emitindo alertas para fortes chuvas que podem atingir Ribeir\u00e3o Preto e regi\u00e3o&#8230;.<\/p>\n","protected":false},"author":1,"featured_media":27642,"comment_status":"open","ping_status":"open","sticky":false,"template":"","format":"standard","meta":{"advanced_seo_description":"","jetpack_seo_html_title":"","jetpack_seo_noindex":false,"jetpack_post_was_ever_published":false,"_jetpack_newsletter_access":"","_jetpack_dont_email_post_to_subs":false,"_jetpack_newsletter_tier_id":0,"_jetpack_memberships_contains_paywalled_content":false,"_jetpack_memberships_contains_paid_content":false,"footnotes":"","jetpack_publicize_message":"","jetpack_publicize_feature_enabled":true,"jetpack_social_post_already_shared":true,"jetpack_social_options":{"image_generator_settings":{"template":"highway","default_image_id":0,"font":"","enabled":false},"version":2}},"categories":[11],"tags":[163,450,3452,544,324,71,26,3453],"class_list":["post-27641","post","type-post","status-publish","format-standard","has-post-thumbnail","hentry","category-noticias-de-ribeirao-preto-sp-e-regiao-ismael-colosi","tag-alerta","tag-civil","tag-cuidados","tag-defesa","tag-durante","tag-para","tag-ribeirao","tag-tempestades"],"jetpack_publicize_connections":[],"jetpack_featured_media_url":"https:\/\/i0.wp.com\/noticiasribeiraopreto.com.br\/wp-content\/uploads\/2024\/01\/dicas_defesa_civil_-_foto_fernando_gonzaga-scaled.jpeg?fit=860%2C645&ssl=1","jetpack-related-posts":[{"id":79807,"url":"https:\/\/noticiasribeiraopreto.com.br\/index.php\/2025\/11\/07\/ciclone-avanca-sobre-sp-e-alerta-para-tempestade-e-emitido-confira-as-areas-afetadas\/","url_meta":{"origin":27641,"position":0},"title":"Ciclone avan\u00e7a sobre SP e alerta para tempestade \u00e9 emitido; confira as \u00e1reas afetadas","author":"noticiasribeiraopreto.com.br","date":"7 de November de 2025","format":false,"excerpt":"O Instituto Nacional de Meteorologia (Inmet) emitiu um novo alerta de perigo para tempestades no interior de S\u00e3o Paulo. A forma\u00e7\u00e3o de um ciclone extratropical deve provocar temporais neste fim de semana, com previs\u00e3o de chuva de at\u00e9 100 mil\u00edmetros por dia e risco de granizo. O fen\u00f4meno \u00e9 resultado\u2026","rel":"","context":"In &quot;Not\u00edcias de Ribeir\u00e3o Preto-SP e Regi\u00e3o&quot;","block_context":{"text":"Not\u00edcias de Ribeir\u00e3o Preto-SP e Regi\u00e3o","link":"https:\/\/noticiasribeiraopreto.com.br\/index.php\/category\/noticias-de-ribeirao-preto-sp-e-regiao-ismael-colosi\/"},"img":{"alt_text":"","src":"https:\/\/i0.wp.com\/noticiasribeiraopreto.com.br\/wp-content\/uploads\/2025\/11\/chuva_tempestade_1200x675_28012022180501_2025-11-07_19-55-54.webp.webp?fit=1200%2C675&ssl=1&resize=350%2C200","width":350,"height":200,"srcset":"https:\/\/i0.wp.com\/noticiasribeiraopreto.com.br\/wp-content\/uploads\/2025\/11\/chuva_tempestade_1200x675_28012022180501_2025-11-07_19-55-54.webp.webp?fit=1200%2C675&ssl=1&resize=350%2C200 1x, https:\/\/i0.wp.com\/noticiasribeiraopreto.com.br\/wp-content\/uploads\/2025\/11\/chuva_tempestade_1200x675_28012022180501_2025-11-07_19-55-54.webp.webp?fit=1200%2C675&ssl=1&resize=525%2C300 1.5x, https:\/\/i0.wp.com\/noticiasribeiraopreto.com.br\/wp-content\/uploads\/2025\/11\/chuva_tempestade_1200x675_28012022180501_2025-11-07_19-55-54.webp.webp?fit=1200%2C675&ssl=1&resize=700%2C400 2x, https:\/\/i0.wp.com\/noticiasribeiraopreto.com.br\/wp-content\/uploads\/2025\/11\/chuva_tempestade_1200x675_28012022180501_2025-11-07_19-55-54.webp.webp?fit=1200%2C675&ssl=1&resize=1050%2C600 3x"},"classes":[]},{"id":62938,"url":"https:\/\/noticiasribeiraopreto.com.br\/index.php\/2025\/01\/29\/defesa-civil-alerta-para-tempestade-no-estado-sp-veja-previsao\/","url_meta":{"origin":27641,"position":1},"title":"Defesa Civil alerta para tempestade no Estado SP; Veja previs\u00e3o","author":"noticiasribeiraopreto.com.br","date":"29 de January de 2025","format":false,"excerpt":"A quarta-feira (29) em Ribeir\u00e3o Preto ser\u00e1 de sol com muitas nuvens e per\u00edodos nublado pela manh\u00e3, com possibilidade de temporal no per\u00edodo da tarde e a noite. A temperatura m\u00e1xima deve ser de 29\u00baC \u2013 veja mais detalhes abaixo. Alerta de tempestade A Defesa Civil do Estado de S\u00e3o\u2026","rel":"","context":"In &quot;Not\u00edcias de Ribeir\u00e3o Preto-SP e Regi\u00e3o&quot;","block_context":{"text":"Not\u00edcias de Ribeir\u00e3o Preto-SP e Regi\u00e3o","link":"https:\/\/noticiasribeiraopreto.com.br\/index.php\/category\/noticias-de-ribeirao-preto-sp-e-regiao-ismael-colosi\/"},"img":{"alt_text":"","src":"https:\/\/i0.wp.com\/noticiasribeiraopreto.com.br\/wp-content\/uploads\/2024\/11\/ceu-ribeirao-preto_2024-11-30_12-35-29_jpeg_2024-11-30_12-35-29.webp.webp?fit=1200%2C900&ssl=1&resize=350%2C200","width":350,"height":200,"srcset":"https:\/\/i0.wp.com\/noticiasribeiraopreto.com.br\/wp-content\/uploads\/2024\/11\/ceu-ribeirao-preto_2024-11-30_12-35-29_jpeg_2024-11-30_12-35-29.webp.webp?fit=1200%2C900&ssl=1&resize=350%2C200 1x, https:\/\/i0.wp.com\/noticiasribeiraopreto.com.br\/wp-content\/uploads\/2024\/11\/ceu-ribeirao-preto_2024-11-30_12-35-29_jpeg_2024-11-30_12-35-29.webp.webp?fit=1200%2C900&ssl=1&resize=525%2C300 1.5x, https:\/\/i0.wp.com\/noticiasribeiraopreto.com.br\/wp-content\/uploads\/2024\/11\/ceu-ribeirao-preto_2024-11-30_12-35-29_jpeg_2024-11-30_12-35-29.webp.webp?fit=1200%2C900&ssl=1&resize=700%2C400 2x, https:\/\/i0.wp.com\/noticiasribeiraopreto.com.br\/wp-content\/uploads\/2024\/11\/ceu-ribeirao-preto_2024-11-30_12-35-29_jpeg_2024-11-30_12-35-29.webp.webp?fit=1200%2C900&ssl=1&resize=1050%2C600 3x"},"classes":[]},{"id":2522,"url":"https:\/\/noticiasribeiraopreto.com.br\/index.php\/2023\/11\/15\/defesa-civil-do-estado-de-sp-emite-alerta-para-ventos-e-tempestades\/","url_meta":{"origin":27641,"position":2},"title":"Defesa Civil do Estado de SP emite alerta para ventos e tempestades","author":"noticiasribeiraopreto.com.br","date":"15 de November de 2023","format":false,"excerpt":"A Defesa Civil do Estado de S\u00e3o Paulo emitiu, na tarde desta quinta-feira (15), um alerta para a chegada de uma frente fria que deve provocar tempestades volumosas e ventos fortes. O alerta \u00e9 para o per\u00edodo entre a sexta-feira (17) e domingo (19) e prev\u00ea chuva intensa, que pode\u2026","rel":"","context":"In &quot;Not\u00edcias de Ribeir\u00e3o Preto-SP e Regi\u00e3o&quot;","block_context":{"text":"Not\u00edcias de Ribeir\u00e3o Preto-SP e Regi\u00e3o","link":"https:\/\/noticiasribeiraopreto.com.br\/index.php\/category\/noticias-de-ribeirao-preto-sp-e-regiao-ismael-colosi\/"},"img":{"alt_text":"","src":"https:\/\/i0.wp.com\/noticiasribeiraopreto.com.br\/wp-content\/uploads\/2023\/11\/WhatsApp-Image-2023-11-15-at-18.38.17.jpeg?fit=1200%2C709&ssl=1&resize=350%2C200","width":350,"height":200,"srcset":"https:\/\/i0.wp.com\/noticiasribeiraopreto.com.br\/wp-content\/uploads\/2023\/11\/WhatsApp-Image-2023-11-15-at-18.38.17.jpeg?fit=1200%2C709&ssl=1&resize=350%2C200 1x, https:\/\/i0.wp.com\/noticiasribeiraopreto.com.br\/wp-content\/uploads\/2023\/11\/WhatsApp-Image-2023-11-15-at-18.38.17.jpeg?fit=1200%2C709&ssl=1&resize=525%2C300 1.5x, https:\/\/i0.wp.com\/noticiasribeiraopreto.com.br\/wp-content\/uploads\/2023\/11\/WhatsApp-Image-2023-11-15-at-18.38.17.jpeg?fit=1200%2C709&ssl=1&resize=700%2C400 2x, https:\/\/i0.wp.com\/noticiasribeiraopreto.com.br\/wp-content\/uploads\/2023\/11\/WhatsApp-Image-2023-11-15-at-18.38.17.jpeg?fit=1200%2C709&ssl=1&resize=1050%2C600 3x"},"classes":[]},{"id":68672,"url":"https:\/\/noticiasribeiraopreto.com.br\/index.php\/2025\/04\/27\/semana-comeca-com-risco-de-temporal-e-chegada-de-frente-fria-alerta-defesa-civil\/","url_meta":{"origin":27641,"position":3},"title":"Semana come\u00e7a com risco de temporal e chegada de frente fria, alerta Defesa Civil","author":"noticiasribeiraopreto.com.br","date":"27 de April de 2025","format":false,"excerpt":"Neste domingo (27), a Defesa Civil de S\u00e3o Paulo emitiu um alerta para a chegada de uma frente fria que trar\u00e1 chuvas ao estado a partir das primeiras horas desta segunda-feira (28). De acordo com a pasta, o in\u00edcio da semana ser\u00e1 marcado por tempestades em v\u00e1rias regi\u00f5es, com raios\u2026","rel":"","context":"In &quot;Not\u00edcias de Ribeir\u00e3o Preto-SP e Regi\u00e3o&quot;","block_context":{"text":"Not\u00edcias de Ribeir\u00e3o Preto-SP e Regi\u00e3o","link":"https:\/\/noticiasribeiraopreto.com.br\/index.php\/category\/noticias-de-ribeirao-preto-sp-e-regiao-ismael-colosi\/"},"img":{"alt_text":"","src":"https:\/\/i0.wp.com\/noticiasribeiraopreto.com.br\/wp-content\/uploads\/2025\/03\/CHUVA-RIBEIRAO-PRETO_2025-03-23_20-40-26_jpg_2025-03-23_20-40-26.webp.webp?fit=1030%2C644&ssl=1&resize=350%2C200","width":350,"height":200,"srcset":"https:\/\/i0.wp.com\/noticiasribeiraopreto.com.br\/wp-content\/uploads\/2025\/03\/CHUVA-RIBEIRAO-PRETO_2025-03-23_20-40-26_jpg_2025-03-23_20-40-26.webp.webp?fit=1030%2C644&ssl=1&resize=350%2C200 1x, https:\/\/i0.wp.com\/noticiasribeiraopreto.com.br\/wp-content\/uploads\/2025\/03\/CHUVA-RIBEIRAO-PRETO_2025-03-23_20-40-26_jpg_2025-03-23_20-40-26.webp.webp?fit=1030%2C644&ssl=1&resize=525%2C300 1.5x, https:\/\/i0.wp.com\/noticiasribeiraopreto.com.br\/wp-content\/uploads\/2025\/03\/CHUVA-RIBEIRAO-PRETO_2025-03-23_20-40-26_jpg_2025-03-23_20-40-26.webp.webp?fit=1030%2C644&ssl=1&resize=700%2C400 2x"},"classes":[]},{"id":81699,"url":"https:\/\/noticiasribeiraopreto.com.br\/index.php\/2026\/01\/14\/recebeu-um-alerta-no-celular-entenda-o-aviso-da-defesa-civil-em-ribeirao-preto\/","url_meta":{"origin":27641,"position":4},"title":"Recebeu um alerta no celular? Entenda o aviso da Defesa Civil em Ribeir\u00e3o Preto","author":"noticiasribeiraopreto.com.br","date":"14 de January de 2026","format":false,"excerpt":"Na tarde desta ter\u00e7a-feira (13), a Defesa Civil emitiu um alerta severo por meio do sistema Cell Broadcast para Ribeir\u00e3o Preto e munic\u00edpios da regi\u00e3o. O aviso aponta a ocorr\u00eancia de chuva forte, acompanhada de raios, ventos intensos e condi\u00e7\u00e3o para queda de granizo. Segundo a notifica\u00e7\u00e3o, a instabilidade avan\u00e7a\u2026","rel":"","context":"In &quot;Not\u00edcias de Ribeir\u00e3o Preto-SP e Regi\u00e3o&quot;","block_context":{"text":"Not\u00edcias de Ribeir\u00e3o Preto-SP e Regi\u00e3o","link":"https:\/\/noticiasribeiraopreto.com.br\/index.php\/category\/noticias-de-ribeirao-preto-sp-e-regiao-ismael-colosi\/"},"img":{"alt_text":"","src":"https:\/\/i0.wp.com\/noticiasribeiraopreto.com.br\/wp-content\/uploads\/2026\/01\/domingo-41_2026-01-13_19-56-35.webp.webp?fit=1200%2C675&ssl=1&resize=350%2C200","width":350,"height":200,"srcset":"https:\/\/i0.wp.com\/noticiasribeiraopreto.com.br\/wp-content\/uploads\/2026\/01\/domingo-41_2026-01-13_19-56-35.webp.webp?fit=1200%2C675&ssl=1&resize=350%2C200 1x, https:\/\/i0.wp.com\/noticiasribeiraopreto.com.br\/wp-content\/uploads\/2026\/01\/domingo-41_2026-01-13_19-56-35.webp.webp?fit=1200%2C675&ssl=1&resize=525%2C300 1.5x, https:\/\/i0.wp.com\/noticiasribeiraopreto.com.br\/wp-content\/uploads\/2026\/01\/domingo-41_2026-01-13_19-56-35.webp.webp?fit=1200%2C675&ssl=1&resize=700%2C400 2x, https:\/\/i0.wp.com\/noticiasribeiraopreto.com.br\/wp-content\/uploads\/2026\/01\/domingo-41_2026-01-13_19-56-35.webp.webp?fit=1200%2C675&ssl=1&resize=1050%2C600 3x"},"classes":[]},{"id":80390,"url":"https:\/\/noticiasribeiraopreto.com.br\/index.php\/2025\/12\/03\/estado-de-sp-continua-em-alerta-para-tempestades-nesta-quarta-feira\/","url_meta":{"origin":27641,"position":5},"title":"Estado de SP continua em alerta para tempestades nesta quarta-feira","author":"noticiasribeiraopreto.com.br","date":"3 de December de 2025","format":false,"excerpt":"Uma frente fria mant\u00e9m o tempo inst\u00e1vel em todo o estado de S\u00e3o Paulo nesta quarta-feira (3). Segundo a Climatempo, pancadas de chuva est\u00e3o previstas desde a manh\u00e3 no norte, nordeste, leste e litoral, e podem se espalhar para outras \u00e1reas ao longo do dia. No per\u00edodo da tarde, a\u2026","rel":"","context":"In &quot;Not\u00edcias de Ribeir\u00e3o Preto-SP e Regi\u00e3o&quot;","block_context":{"text":"Not\u00edcias de Ribeir\u00e3o Preto-SP e Regi\u00e3o","link":"https:\/\/noticiasribeiraopreto.com.br\/index.php\/category\/noticias-de-ribeirao-preto-sp-e-regiao-ismael-colosi\/"},"img":{"alt_text":"","src":"https:\/\/i0.wp.com\/noticiasribeiraopreto.com.br\/wp-content\/uploads\/2025\/07\/WhatsApp-Image-2024-10-15-at-08.25.28_2024-10-15_11-26-55_jpeg_2024-10-15_11-26-55.webp.webp?fit=1200%2C540&ssl=1&resize=350%2C200","width":350,"height":200,"srcset":"https:\/\/i0.wp.com\/noticiasribeiraopreto.com.br\/wp-content\/uploads\/2025\/07\/WhatsApp-Image-2024-10-15-at-08.25.28_2024-10-15_11-26-55_jpeg_2024-10-15_11-26-55.webp.webp?fit=1200%2C540&ssl=1&resize=350%2C200 1x, https:\/\/i0.wp.com\/noticiasribeiraopreto.com.br\/wp-content\/uploads\/2025\/07\/WhatsApp-Image-2024-10-15-at-08.25.28_2024-10-15_11-26-55_jpeg_2024-10-15_11-26-55.webp.webp?fit=1200%2C540&ssl=1&resize=525%2C300 1.5x, https:\/\/i0.wp.com\/noticiasribeiraopreto.com.br\/wp-content\/uploads\/2025\/07\/WhatsApp-Image-2024-10-15-at-08.25.28_2024-10-15_11-26-55_jpeg_2024-10-15_11-26-55.webp.webp?fit=1200%2C540&ssl=1&resize=700%2C400 2x, https:\/\/i0.wp.com\/noticiasribeiraopreto.com.br\/wp-content\/uploads\/2025\/07\/WhatsApp-Image-2024-10-15-at-08.25.28_2024-10-15_11-26-55_jpeg_2024-10-15_11-26-55.webp.webp?fit=1200%2C540&ssl=1&resize=1050%2C600 3x"},"classes":[]}],"jetpack_sharing_enabled":true,"jetpack_shortlink":"https:\/\/wp.me\/peQAOb-7bP","_links":{"self":[{"href":"https:\/\/noticiasribeiraopreto.com.br\/index.php\/wp-json\/wp\/v2\/posts\/27641","targetHints":{"allow":["GET"]}}],"collection":[{"href":"https:\/\/noticiasribeiraopreto.com.br\/index.php\/wp-json\/wp\/v2\/posts"}],"about":[{"href":"https:\/\/noticiasribeiraopreto.com.br\/index.php\/wp-json\/wp\/v2\/types\/post"}],"author":[{"embeddable":true,"href":"https:\/\/noticiasribeiraopreto.com.br\/index.php\/wp-json\/wp\/v2\/users\/1"}],"replies":[{"embeddable":true,"href":"https:\/\/noticiasribeiraopreto.com.br\/index.php\/wp-json\/wp\/v2\/comments?post=27641"}],"version-history":[{"count":0,"href":"https:\/\/noticiasribeiraopreto.com.br\/index.php\/wp-json\/wp\/v2\/posts\/27641\/revisions"}],"wp:featuredmedia":[{"embeddable":true,"href":"https:\/\/noticiasribeiraopreto.com.br\/index.php\/wp-json\/wp\/v2\/media\/27642"}],"wp:attachment":[{"href":"https:\/\/noticiasribeiraopreto.com.br\/index.php\/wp-json\/wp\/v2\/media?parent=27641"}],"wp:term":[{"taxonomy":"category","embeddable":true,"href":"https:\/\/noticiasribeiraopreto.com.br\/index.php\/wp-json\/wp\/v2\/categories?post=27641"},{"taxonomy":"post_tag","embeddable":true,"href":"https:\/\/noticiasribeiraopreto.com.br\/index.php\/wp-json\/wp\/v2\/tags?post=27641"}],"curies":[{"name":"wp","href":"https:\/\/api.w.org\/{rel}","templated":true}]}}