{"id":27668,"date":"2024-01-12T21:57:33","date_gmt":"2024-01-13T00:57:33","guid":{"rendered":"https:\/\/noticiasribeiraopreto.com.br\/index.php\/2024\/01\/12\/fabio-sanches-e-matheus-barbosa-sao-apresentados-ao-botafogo\/"},"modified":"2024-01-12T21:57:33","modified_gmt":"2024-01-13T00:57:33","slug":"fabio-sanches-e-matheus-barbosa-sao-apresentados-ao-botafogo","status":"publish","type":"post","link":"https:\/\/noticiasribeiraopreto.com.br\/index.php\/2024\/01\/12\/fabio-sanches-e-matheus-barbosa-sao-apresentados-ao-botafogo\/","title":{"rendered":"Fabio Sanches e Matheus Barbosa s\u00e3o apresentados ao Botafogo\u00a0\u00a0"},"content":{"rendered":"<div class='code-block code-block-1' style='margin: 8px 0 8px auto; text-align: right; display: block; clear: both;'>\n<p><a href=\"https:\/\/wa.link\/vpicfd\"><img data-recalc-dims=\"1\" class=\"wp-image-4922\" style=\"aspect-ratio: 2.0253164556962027; width: 561px; height: auto;\" src=\"https:\/\/i0.wp.com\/ismaelcolosi.com.br\/wp-content\/uploads\/2023\/11\/grupo-de-empregos-whatsapp-e-facebook-ismael-colosi-vagas.jpg?ssl=1\" alt=\"\" \/><\/a><\/p>\n<!-- \/wp:image -->\n<\/div>\n<p> <br \/>\n<\/p>\n<div id=\"\">\n<p> <span class=\"entry-meta-item penci-posted-on\"><i class=\"fa fa-clock-o\"\/><time class=\"entry-date published\" datetime=\"2024-01-12T16:00:58-03:00\">12 de janeiro de 2024 | 16:00<\/time><time class=\"updated\" datetime=\"2024-01-12T10:06:51-03:00\">12 de janeiro de 2024 | 10:06<\/time><\/span><\/p>\n<p> <span class=\"penci-social-buttons penci-social-share-footer\"><a href=\"#\" class=\"penci-post-like penci_post-meta_item  single-like-button penci-social-item like\" data-post_id=\"370149\" title=\"Like\" data-like=\"Like\" data-unlike=\"Unlike\"><i class=\"fa fa-thumbs-o-up\"\/><span class=\"penci-share-number\">0<\/span><\/a><i class=\"fa fa-facebook\"\/><a class=\"penci-social-item twitter\" target=\"_blank\" rel=\"noopener\" title=\"\" href=\"https:\/\/twitter.com\/intent\/tweet?text=Fabio%20Sanches%20e%20Matheus%20Barbosa%20s\u00e3o%20apresentados%20ao%20Botafogo\u00a0\u00a0%20-%20https:\/\/www.tribunaribeirao.com.br\/site\/fabio-sanches-e-matheus-barbosa-sao-apresentados-ao-botafogo\/\"><i class=\"fa fa-twitter\"\/><\/a><i class=\"fa fa-whatsapp\"\/><\/span><\/div>\n<div>\n<p><span data-contrast=\"auto\">O Botafogo apresentou oficialmente mais dois refor\u00e7os para a temporada de 2024. O zagueiro F\u00e1bio Sanches e o volante Matheus Barbosa vestiram o manto do Tricolor e falaram pela primeira vez como atletas do clube.\u00a0<\/span><span data-ccp-props=\"{&quot;201341983&quot;:0,&quot;335551550&quot;:6,&quot;335551620&quot;:6,&quot;335559739&quot;:200,&quot;335559740&quot;:276}\">\u00a0<\/span><\/p>\n<p><span data-contrast=\"auto\">Experiente, Sanches chega ao Pantera ap\u00f3s temporadas consistentes na Ponte Preta. Ele refor\u00e7ou que aceitou a proposta do clube por conta dos objetivos apresentados.\u00a0<\/span><span data-ccp-props=\"{&quot;201341983&quot;:0,&quot;335551550&quot;:6,&quot;335551620&quot;:6,&quot;335559739&quot;:200,&quot;335559740&quot;:276}\">\u00a0<\/span><\/p>\n<p><span data-contrast=\"auto\">\u201cO Paulo me ligou, batemos um papo e ele explicou o projeto do Botafogo, os objetivos para esse ano e isso me chamou aten\u00e7\u00e3o, me passou confian\u00e7a. O trabalho est\u00e1 sendo muito bem realizado, o Paulo Gomes \u00e9 muito bom treinador\u201d, afirmou.\u00a0<\/span><span data-ccp-props=\"{&quot;201341983&quot;:0,&quot;335551550&quot;:6,&quot;335551620&quot;:6,&quot;335559739&quot;:200,&quot;335559740&quot;:276}\">\u00a0<\/span><\/p>\n<p><span data-contrast=\"auto\">O defensor tamb\u00e9m falou sobre a possibilidade de atuar num sistema com tr\u00eas zagueiros. Sanches revelou que essa foi uma das perguntas feitas por Paulo Gomes para ele.\u00a0<\/span><span data-ccp-props=\"{&quot;201341983&quot;:0,&quot;335551550&quot;:6,&quot;335551620&quot;:6,&quot;335559739&quot;:200,&quot;335559740&quot;:276}\">\u00a0<\/span><\/p>\n<p><span data-contrast=\"auto\">\u201cFoi uma coisa que o Paulo Gomes falou comigo. Perguntou sobre a adapta\u00e7\u00e3o a essa forma\u00e7\u00e3o. Joguei assim no Goi\u00e1s, na Ponte alguns jogos. Estou preparado tamb\u00e9m\u201d, disse.\u00a0<\/span><span data-ccp-props=\"{&quot;201341983&quot;:0,&quot;335551550&quot;:6,&quot;335551620&quot;:6,&quot;335559739&quot;:200,&quot;335559740&quot;:276}\">\u00a0<\/span><\/p>\n<p><span data-contrast=\"auto\">O outro refor\u00e7o \u00e9 Matheus Barbosa, que retorna ao Botafogo ap\u00f3s 10 anos. Ele este no elenco do Pantera em 2014. O jogador refor\u00e7ou sua versatilidade, mas confirmou que sua prefer\u00eancia \u00e9 atuar como volante.\u00a0<\/span><span data-ccp-props=\"{&quot;201341983&quot;:0,&quot;335551550&quot;:6,&quot;335551620&quot;:6,&quot;335559739&quot;:200,&quot;335559740&quot;:276}\">\u00a0<\/span><\/p>\n<p><span data-contrast=\"auto\">\u201cJ\u00e1 atuei como primeiro volante, como segundo volante e tenho facilidade para jogar em ambas as fun\u00e7\u00f5es. Estou \u00e0 disposi\u00e7\u00e3o do treinador para ajudar onde ele precisar\u201d, contou.\u00a0<\/span><span data-ccp-props=\"{&quot;201341983&quot;:0,&quot;335551550&quot;:6,&quot;335551620&quot;:6,&quot;335559739&quot;:200,&quot;335559740&quot;:276}\">\u00a0<\/span><\/p>\n<p><span data-contrast=\"auto\">O Botafogo estreia no Paulist\u00e3o no pr\u00f3ximo s\u00e1bado, diante do Santos, no est\u00e1dio Santa Cruz. A partida est\u00e1 marcada para \u00e0s 18h.\u00a0<\/span><span data-ccp-props=\"{&quot;201341983&quot;:0,&quot;335551550&quot;:6,&quot;335551620&quot;:6,&quot;335559739&quot;:200,&quot;335559740&quot;:276}\">\u00a0<\/span><\/p>\n<p><b><span data-contrast=\"auto\">Copa S\u00e3o Paulo\u00a0<\/span><\/b><span data-ccp-props=\"{&quot;201341983&quot;:0,&quot;335551550&quot;:6,&quot;335551620&quot;:6,&quot;335559739&quot;:200,&quot;335559740&quot;:276}\">\u00a0<\/span><\/p>\n<p><span data-contrast=\"auto\">Classificado em primeiro lugar no seu grupo, o Botafogo enfrenta o Floresta na segunda fase da competi\u00e7\u00e3o. O jogo vai acontecer no s\u00e1bado, mas o hor\u00e1rio ainda n\u00e3o foi definido. Se passar, o Pantera encara o vencedor de Atl\u00e9tico Mineiro e Sfera.\u00a0<\/span><span data-ccp-props=\"{&quot;201341983&quot;:0,&quot;335551550&quot;:6,&quot;335551620&quot;:6,&quot;335559739&quot;:200,&quot;335559740&quot;:276}\">\u00a0<\/span><\/p>\n<p>\u00a0<\/p>\n<\/div>\n<p><script async src=\"\/\/platform.twitter.com\/widgets.js\" charset=\"utf-8\"><\/script><br \/>\n<br \/><br \/>\n<br \/><a href=\"https:\/\/www.tribunaribeirao.com.br\/site\/fabio-sanches-e-matheus-barbosa-sao-apresentados-ao-botafogo\/\">Source link <\/a><\/p>\n<!-- CONTENT END 1 -->\n","protected":false},"excerpt":{"rendered":"<p>12 de janeiro de 2024 | 16:0012 de janeiro de 2024 | 10:06 0 O Botafogo apresentou oficialmente mais dois refor\u00e7os para a temporada de&#8230;<\/p>\n","protected":false},"author":1,"featured_media":27669,"comment_status":"open","ping_status":"open","sticky":false,"template":"","format":"standard","meta":{"advanced_seo_description":"","jetpack_seo_html_title":"","jetpack_seo_noindex":false,"jetpack_post_was_ever_published":false,"_jetpack_newsletter_access":"","_jetpack_dont_email_post_to_subs":false,"_jetpack_newsletter_tier_id":0,"_jetpack_memberships_contains_paywalled_content":false,"_jetpack_memberships_contains_paid_content":false,"footnotes":"","jetpack_publicize_message":"","jetpack_publicize_feature_enabled":true,"jetpack_social_post_already_shared":true,"jetpack_social_options":{"image_generator_settings":{"template":"highway","default_image_id":0,"font":"","enabled":false},"version":2}},"categories":[11],"tags":[3457,3456,52,1421,1807,2156,50],"class_list":["post-27668","post","type-post","status-publish","format-standard","has-post-thumbnail","hentry","category-noticias-de-ribeirao-preto-sp-e-regiao-ismael-colosi","tag-apresentados","tag-barbosa","tag-botafogo","tag-fabio","tag-matheus","tag-sanches","tag-sao"],"jetpack_publicize_connections":[],"jetpack_featured_media_url":"https:\/\/i0.wp.com\/noticiasribeiraopreto.com.br\/wp-content\/uploads\/2024\/01\/aa5078b2-3a6d-4798-9fbd-7a19327dafef.jpg?fit=968%2C645&ssl=1","jetpack-related-posts":[{"id":30147,"url":"https:\/\/noticiasribeiraopreto.com.br\/index.php\/2024\/01\/20\/botafogo-recebe-o-santos-na-estreia-do-paulistao\/","url_meta":{"origin":27668,"position":0},"title":"Botafogo recebe o Santos na estreia do Paulist\u00e3o\u00a0\u00a0","author":"noticiasribeiraopreto.com.br","date":"20 de January de 2024","format":false,"excerpt":"20 de janeiro de 2024 | 11:0019 de janeiro de 2024 | 22:03 0O Botafogo est\u00e1 pronto para estrear no Campeonato Paulista. Depois de pouco menos de um m\u00eas de prepara\u00e7\u00e3o, o Pantera duela com o Santos no est\u00e1dio Santa Cruz neste s\u00e1bado, \u00e0s 18h.\u00a0\u00a0A partida marca tamb\u00e9m o inicio\u2026","rel":"","context":"In &quot;Not\u00edcias de Ribeir\u00e3o Preto-SP e Regi\u00e3o&quot;","block_context":{"text":"Not\u00edcias de Ribeir\u00e3o Preto-SP e Regi\u00e3o","link":"https:\/\/noticiasribeiraopreto.com.br\/index.php\/category\/noticias-de-ribeirao-preto-sp-e-regiao-ismael-colosi\/"},"img":{"alt_text":"","src":"https:\/\/i0.wp.com\/noticiasribeiraopreto.com.br\/wp-content\/uploads\/2024\/01\/Botafogo-2-7-scaled.jpg?fit=967%2C645&ssl=1&resize=350%2C200","width":350,"height":200,"srcset":"https:\/\/i0.wp.com\/noticiasribeiraopreto.com.br\/wp-content\/uploads\/2024\/01\/Botafogo-2-7-scaled.jpg?fit=967%2C645&ssl=1&resize=350%2C200 1x, https:\/\/i0.wp.com\/noticiasribeiraopreto.com.br\/wp-content\/uploads\/2024\/01\/Botafogo-2-7-scaled.jpg?fit=967%2C645&ssl=1&resize=525%2C300 1.5x, https:\/\/i0.wp.com\/noticiasribeiraopreto.com.br\/wp-content\/uploads\/2024\/01\/Botafogo-2-7-scaled.jpg?fit=967%2C645&ssl=1&resize=700%2C400 2x"},"classes":[]},{"id":33040,"url":"https:\/\/noticiasribeiraopreto.com.br\/index.php\/2024\/01\/27\/botafogo-visita-o-red-bull-bragantino\/","url_meta":{"origin":27668,"position":1},"title":"Botafogo visita o Red Bull Bragantino\u00a0\u00a0","author":"noticiasribeiraopreto.com.br","date":"27 de January de 2024","format":false,"excerpt":"Embalado pela vit\u00f3ria fora de casa contra o \u00c1gua Santa, o Botafogo volta a campo neste s\u00e1bado para encarar o Red Bull Bragantino, tamb\u00e9m fora de casa. O jogo acontece \u00e0s 17h15, no est\u00e1dio Nabi Abi Chedid.\u00a0\u00a0Para a partida, o t\u00e9cnico Paulo Gomes n\u00e3o vai poder contar com o centroavante\u2026","rel":"","context":"In &quot;Not\u00edcias de Ribeir\u00e3o Preto-SP e Regi\u00e3o&quot;","block_context":{"text":"Not\u00edcias de Ribeir\u00e3o Preto-SP e Regi\u00e3o","link":"https:\/\/noticiasribeiraopreto.com.br\/index.php\/category\/noticias-de-ribeirao-preto-sp-e-regiao-ismael-colosi\/"},"img":{"alt_text":"","src":"https:\/\/i0.wp.com\/noticiasribeiraopreto.com.br\/wp-content\/uploads\/2024\/01\/Botafogo-2-9-scaled.jpg?fit=967%2C645&ssl=1&resize=350%2C200","width":350,"height":200,"srcset":"https:\/\/i0.wp.com\/noticiasribeiraopreto.com.br\/wp-content\/uploads\/2024\/01\/Botafogo-2-9-scaled.jpg?fit=967%2C645&ssl=1&resize=350%2C200 1x, https:\/\/i0.wp.com\/noticiasribeiraopreto.com.br\/wp-content\/uploads\/2024\/01\/Botafogo-2-9-scaled.jpg?fit=967%2C645&ssl=1&resize=525%2C300 1.5x, https:\/\/i0.wp.com\/noticiasribeiraopreto.com.br\/wp-content\/uploads\/2024\/01\/Botafogo-2-9-scaled.jpg?fit=967%2C645&ssl=1&resize=700%2C400 2x"},"classes":[]},{"id":39357,"url":"https:\/\/noticiasribeiraopreto.com.br\/index.php\/2024\/02\/25\/botafogo-recebe-a-lusa-para-espantar-chances-de-rebaixamento\/","url_meta":{"origin":27668,"position":2},"title":"Botafogo recebe a Lusa para espantar chances de rebaixamento\u00a0\u00a0","author":"noticiasribeiraopreto.com.br","date":"25 de February de 2024","format":false,"excerpt":"O Botafogo come\u00e7ou a temporada com a promessa de mais investimento e a forma\u00e7\u00e3o de um time que teria condi\u00e7\u00f5es de brigar pelo acesso para a S\u00e9rie A do Campeonato Brasileiro.\u00a0\u00a0A folha salarial foi aumentada, chegando na casa dos R$ 2 milh\u00f5es por m\u00eas, bons jogadores chegaram, mas no primeiro\u2026","rel":"","context":"In &quot;Not\u00edcias de Ribeir\u00e3o Preto-SP e Regi\u00e3o&quot;","block_context":{"text":"Not\u00edcias de Ribeir\u00e3o Preto-SP e Regi\u00e3o","link":"https:\/\/noticiasribeiraopreto.com.br\/index.php\/category\/noticias-de-ribeirao-preto-sp-e-regiao-ismael-colosi\/"},"img":{"alt_text":"","src":"https:\/\/i0.wp.com\/noticiasribeiraopreto.com.br\/wp-content\/uploads\/2024\/02\/Botafogo-domingo-1-scaled.jpg?fit=967%2C645&ssl=1&resize=350%2C200","width":350,"height":200,"srcset":"https:\/\/i0.wp.com\/noticiasribeiraopreto.com.br\/wp-content\/uploads\/2024\/02\/Botafogo-domingo-1-scaled.jpg?fit=967%2C645&ssl=1&resize=350%2C200 1x, https:\/\/i0.wp.com\/noticiasribeiraopreto.com.br\/wp-content\/uploads\/2024\/02\/Botafogo-domingo-1-scaled.jpg?fit=967%2C645&ssl=1&resize=525%2C300 1.5x, https:\/\/i0.wp.com\/noticiasribeiraopreto.com.br\/wp-content\/uploads\/2024\/02\/Botafogo-domingo-1-scaled.jpg?fit=967%2C645&ssl=1&resize=700%2C400 2x"},"classes":[]},{"id":15867,"url":"https:\/\/noticiasribeiraopreto.com.br\/index.php\/2023\/12\/14\/com-historico-de-acessos-fabio-sanches-e-reforco-do-botafogo\/","url_meta":{"origin":27668,"position":3},"title":"Com hist\u00f3rico de acessos, F\u00e1bio Sanches \u00e9 refor\u00e7o do Botafogo\u00a0","author":"noticiasribeiraopreto.com.br","date":"14 de December de 2023","format":false,"excerpt":"14 de dezembro de 2023 | 14:0014 de dezembro de 2023 | 10:13 0O zagueiro F\u00e1bio Sanches, de 32 anos, \u00e9 mais um refor\u00e7o contratado pelo Botafogo. O jogador, que estava na Ponte Preta, acertou com o Tricolor at\u00e9 o final da pr\u00f3xima temporada.\u00a0F\u00e1bio Sanches tem no curr\u00edculo o acesso\u2026","rel":"","context":"In &quot;Not\u00edcias de Ribeir\u00e3o Preto-SP e Regi\u00e3o&quot;","block_context":{"text":"Not\u00edcias de Ribeir\u00e3o Preto-SP e Regi\u00e3o","link":"https:\/\/noticiasribeiraopreto.com.br\/index.php\/category\/noticias-de-ribeirao-preto-sp-e-regiao-ismael-colosi\/"},"img":{"alt_text":"","src":"https:\/\/i0.wp.com\/noticiasribeiraopreto.com.br\/wp-content\/uploads\/2023\/12\/bota-1-scaled.jpg?fit=1000%2C501&ssl=1&resize=350%2C200","width":350,"height":200,"srcset":"https:\/\/i0.wp.com\/noticiasribeiraopreto.com.br\/wp-content\/uploads\/2023\/12\/bota-1-scaled.jpg?fit=1000%2C501&ssl=1&resize=350%2C200 1x, https:\/\/i0.wp.com\/noticiasribeiraopreto.com.br\/wp-content\/uploads\/2023\/12\/bota-1-scaled.jpg?fit=1000%2C501&ssl=1&resize=525%2C300 1.5x, https:\/\/i0.wp.com\/noticiasribeiraopreto.com.br\/wp-content\/uploads\/2023\/12\/bota-1-scaled.jpg?fit=1000%2C501&ssl=1&resize=700%2C400 2x"},"classes":[]},{"id":32084,"url":"https:\/\/noticiasribeiraopreto.com.br\/index.php\/2024\/01\/24\/buscando-reabilitacao-botafogo-visita-o-agua-santa\/","url_meta":{"origin":27668,"position":4},"title":"Buscando reabilita\u00e7\u00e3o, Botafogo visita o \u00c1gua Santa\u00a0\u00a0","author":"noticiasribeiraopreto.com.br","date":"24 de January de 2024","format":false,"excerpt":"Depois de estrear com derrota no Paulist\u00e3o,\u00a0 o Botafogo nem teve tempo para absorver o rev\u00e9s e j\u00e1 tem um novo compromisso na competi\u00e7\u00e3o. O Pantera duela com o \u00c1gua Santa nesta ter\u00e7a, \u00e0s 21h30, na Arena Distrital Inamar. O jogo \u00e9 v\u00e1lido pela segunda rodada do Campeonato Paulista.\u00a0\u00a0Para a\u2026","rel":"","context":"In &quot;Not\u00edcias de Ribeir\u00e3o Preto-SP e Regi\u00e3o&quot;","block_context":{"text":"Not\u00edcias de Ribeir\u00e3o Preto-SP e Regi\u00e3o","link":"https:\/\/noticiasribeiraopreto.com.br\/index.php\/category\/noticias-de-ribeirao-preto-sp-e-regiao-ismael-colosi\/"},"img":{"alt_text":"","src":"https:\/\/i0.wp.com\/noticiasribeiraopreto.com.br\/wp-content\/uploads\/2024\/01\/Botafogo-2-8-scaled.jpg?fit=967%2C645&ssl=1&resize=350%2C200","width":350,"height":200,"srcset":"https:\/\/i0.wp.com\/noticiasribeiraopreto.com.br\/wp-content\/uploads\/2024\/01\/Botafogo-2-8-scaled.jpg?fit=967%2C645&ssl=1&resize=350%2C200 1x, https:\/\/i0.wp.com\/noticiasribeiraopreto.com.br\/wp-content\/uploads\/2024\/01\/Botafogo-2-8-scaled.jpg?fit=967%2C645&ssl=1&resize=525%2C300 1.5x, https:\/\/i0.wp.com\/noticiasribeiraopreto.com.br\/wp-content\/uploads\/2024\/01\/Botafogo-2-8-scaled.jpg?fit=967%2C645&ssl=1&resize=700%2C400 2x"},"classes":[]},{"id":37747,"url":"https:\/\/noticiasribeiraopreto.com.br\/index.php\/2024\/02\/18\/botafogo-visita-o-mirassol-pelo-paulistao\/","url_meta":{"origin":27668,"position":5},"title":"Botafogo visita o Mirassol pelo Paulist\u00e3o\u00a0\u00a0","author":"noticiasribeiraopreto.com.br","date":"18 de February de 2024","format":false,"excerpt":"Vindo de tr\u00eas derrotas consecutivas, o Botafogo tem mais uma oportunidade de voltar a vencer no Paulist\u00e3o. O Tricolor duela com o Mirassol, \u00e0s 18h, no est\u00e1dio Jos\u00e9 Maria de Campos Maia.\u00a0\u00a0Para a partida, o t\u00e9cnico Paulo Gomes tem alguns problemas. O lateral-direito Wallison levou o terceiro amarelo e est\u00e1\u2026","rel":"","context":"In &quot;Not\u00edcias de Ribeir\u00e3o Preto-SP e Regi\u00e3o&quot;","block_context":{"text":"Not\u00edcias de Ribeir\u00e3o Preto-SP e Regi\u00e3o","link":"https:\/\/noticiasribeiraopreto.com.br\/index.php\/category\/noticias-de-ribeirao-preto-sp-e-regiao-ismael-colosi\/"},"img":{"alt_text":"","src":"https:\/\/i0.wp.com\/noticiasribeiraopreto.com.br\/wp-content\/uploads\/2024\/02\/Botafogo-2-13-scaled.jpg?fit=967%2C645&ssl=1&resize=350%2C200","width":350,"height":200,"srcset":"https:\/\/i0.wp.com\/noticiasribeiraopreto.com.br\/wp-content\/uploads\/2024\/02\/Botafogo-2-13-scaled.jpg?fit=967%2C645&ssl=1&resize=350%2C200 1x, https:\/\/i0.wp.com\/noticiasribeiraopreto.com.br\/wp-content\/uploads\/2024\/02\/Botafogo-2-13-scaled.jpg?fit=967%2C645&ssl=1&resize=525%2C300 1.5x, https:\/\/i0.wp.com\/noticiasribeiraopreto.com.br\/wp-content\/uploads\/2024\/02\/Botafogo-2-13-scaled.jpg?fit=967%2C645&ssl=1&resize=700%2C400 2x"},"classes":[]}],"jetpack_sharing_enabled":true,"jetpack_shortlink":"https:\/\/wp.me\/peQAOb-7cg","_links":{"self":[{"href":"https:\/\/noticiasribeiraopreto.com.br\/index.php\/wp-json\/wp\/v2\/posts\/27668","targetHints":{"allow":["GET"]}}],"collection":[{"href":"https:\/\/noticiasribeiraopreto.com.br\/index.php\/wp-json\/wp\/v2\/posts"}],"about":[{"href":"https:\/\/noticiasribeiraopreto.com.br\/index.php\/wp-json\/wp\/v2\/types\/post"}],"author":[{"embeddable":true,"href":"https:\/\/noticiasribeiraopreto.com.br\/index.php\/wp-json\/wp\/v2\/users\/1"}],"replies":[{"embeddable":true,"href":"https:\/\/noticiasribeiraopreto.com.br\/index.php\/wp-json\/wp\/v2\/comments?post=27668"}],"version-history":[{"count":0,"href":"https:\/\/noticiasribeiraopreto.com.br\/index.php\/wp-json\/wp\/v2\/posts\/27668\/revisions"}],"wp:featuredmedia":[{"embeddable":true,"href":"https:\/\/noticiasribeiraopreto.com.br\/index.php\/wp-json\/wp\/v2\/media\/27669"}],"wp:attachment":[{"href":"https:\/\/noticiasribeiraopreto.com.br\/index.php\/wp-json\/wp\/v2\/media?parent=27668"}],"wp:term":[{"taxonomy":"category","embeddable":true,"href":"https:\/\/noticiasribeiraopreto.com.br\/index.php\/wp-json\/wp\/v2\/categories?post=27668"},{"taxonomy":"post_tag","embeddable":true,"href":"https:\/\/noticiasribeiraopreto.com.br\/index.php\/wp-json\/wp\/v2\/tags?post=27668"}],"curies":[{"name":"wp","href":"https:\/\/api.w.org\/{rel}","templated":true}]}}