{"id":27786,"date":"2024-01-13T10:21:43","date_gmt":"2024-01-13T13:21:43","guid":{"rendered":"https:\/\/noticiasribeiraopreto.com.br\/index.php\/2024\/01\/13\/tudo-sobre-o-bloco-california-em-ribeirao-preto-ingressos-estao-a-venda\/"},"modified":"2024-01-13T10:21:43","modified_gmt":"2024-01-13T13:21:43","slug":"tudo-sobre-o-bloco-california-em-ribeirao-preto-ingressos-estao-a-venda","status":"publish","type":"post","link":"https:\/\/noticiasribeiraopreto.com.br\/index.php\/2024\/01\/13\/tudo-sobre-o-bloco-california-em-ribeirao-preto-ingressos-estao-a-venda\/","title":{"rendered":"Tudo sobre o Bloco Calif\u00f3rnia em Ribeir\u00e3o Preto; Ingressos est\u00e3o \u00e0 venda"},"content":{"rendered":"<div class='code-block code-block-1' style='margin: 8px 0 8px auto; text-align: right; display: block; clear: both;'>\n<p><a href=\"https:\/\/wa.link\/vpicfd\"><img data-recalc-dims=\"1\" class=\"wp-image-4922\" style=\"aspect-ratio: 2.0253164556962027; width: 561px; height: auto;\" src=\"https:\/\/i0.wp.com\/ismaelcolosi.com.br\/wp-content\/uploads\/2023\/11\/grupo-de-empregos-whatsapp-e-facebook-ismael-colosi-vagas.jpg?ssl=1\" alt=\"\" \/><\/a><\/p>\n<!-- \/wp:image -->\n<\/div>\n<p> <br \/>\n<\/p>\n<div>\n<p>A 7\u00aa edi\u00e7\u00e3o do <strong>Bloco Calif\u00f3rnia <\/strong>em <strong>Ribeir\u00e3o Preto<\/strong> recebe baterias universit\u00e1rias para agitar o evento. <mark style=\"background-color:#fcb900\" class=\"has-inline-color has-black-color\">O Bloco Calif\u00f3rnia est\u00e1 confirmado para o dia 3 de fevereiro, um s\u00e1bado, a partir das 15h, no <strong>est\u00e1dio Palma Travassos<\/strong>.<\/mark><\/p>\n<p>A folia mant\u00e9m a tradi\u00e7\u00e3o de iniciar com a apresenta\u00e7\u00e3o das baterias universit\u00e1rias, a Bates\u00e3o (Medicina USP), Dorot\u00e9ia (Farma USP) e Taquicardia (Medicina Unaerp).<\/p>\n<p>Mikhael Nakad, um dos organizadores do Bloco Calif\u00f3rnia, afirma que as baterias universit\u00e1rias contribuem na programa\u00e7\u00e3o. \u00a0\u201cElas criam uma atmosfera \u00fanica, contagiante, deixando o p\u00fablico preparado para as atra\u00e7\u00f5es que assumem o circuito em seguida\u201d.<\/p>\n<h4 class=\"wp-block-heading\"><strong>7\u00aa edi\u00e7\u00e3o do Bloco Calif\u00f3rnia<\/strong><\/h4>\n<p>O Bloco Calif\u00f3rnia contar\u00e1 com apresenta\u00e7\u00e3o do<strong> funk carioca <\/strong>de<strong> Tati Quebra Barraco<\/strong>, o ax\u00e9 da banda baiana<strong> Terra Samba <\/strong>e da cantora <strong>Carla Cristina<\/strong>, o samba e o pagode do <strong>Grupo Presen\u00e7a<\/strong>, os hits do<strong> DJ Blakes <\/strong>e mais de 08 atra\u00e7\u00f5es. Ao todo, s\u00e3o previstas nove horas de evento.<\/p>\n<h4 class=\"wp-block-heading\"><strong>Ingressos<\/strong><\/h4>\n<p>Os ingressos j\u00e1 podem ser adquiridos on-line\u00a0(<a href=\"https:\/\/blacktag.com.br\/eventos\/18199\/bloco-california-2024-geral\" target=\"_blank\" rel=\"noreferrer noopener\">clique aqui<\/a>) e variam entre:<\/p>\n<ul>\n<li>R$ 50 \u2013 pista meia entrada\u00a0<\/li>\n<li>R$ 60 \u2013 pista entrada solid\u00e1ria<\/li>\n<li>R$ 100 \u2013 pista inteira\u00a0<\/li>\n<li>R$ 180 \u2013 camarote \u00a0<\/li>\n<\/ul>\n<p><em>*Doa\u00e7\u00e3o de 1kg de alimento n\u00e3o perec\u00edvel na entrada do evento \u00a0<\/em><\/p>\n<p>Na p\u00e1gina do evento, o p\u00fablico tamb\u00e9m pode adquirir o tradicional abad\u00e1 da micareta por R$30 (uso n\u00e3o obrigat\u00f3rio). A retirada come\u00e7ar\u00e1 uma semana antes da folia.<\/p>\n<h4 class=\"wp-block-heading\"><strong>SERVI\u00c7O<\/strong><\/h4>\n<p><strong>Bloco Calif\u00f3rnia 2024<\/strong><\/p>\n<p>Dia: 3 de fevereiro<br \/>Hor\u00e1rio: A partir das 15h<br \/>Local: Est\u00e1dio Palma Travassos, em Ribeir\u00e3o Preto<br \/>Ingressos: <a href=\"https:\/\/blacktag.com.br\/eventos\/18199\/bloco-california-2024-geral\">clique aqui<\/a><br \/>Local: Est\u00e1dio Palma Travassos \u2013 Av. Dr. Pl\u00ednio de Castro Prado, 1000 \u2013 Jardim Paulista<\/p>\n<p><strong>SAIBA MAIS<\/strong><\/p>\n<p>Victor e Leo trazem turn\u00ea para Ribeir\u00e3o Preto; Ingressos j\u00e1 est\u00e3o dispon\u00edveis<\/p>\n<p><strong>FIQUE ON<\/strong><\/p>\n<p>Fique ligado em tudo que acontece em Ribeir\u00e3o Preto e regi\u00e3o. Siga os perfis do acidade on no <a href=\"https:\/\/www.instagram.com\/acidadeonribeirao\/?igsh=MTUzeTBnamJyM2g0dw%3D%3D\" target=\"_blank\" rel=\"noreferrer noopener\">Instagram<\/a> e no <a href=\"https:\/\/www.facebook.com\/acidadeonribeirao\" target=\"_blank\" rel=\"noreferrer noopener\">Facebook<\/a>.<\/p>\n<p>Receba not\u00edcias do acidade on no WhatsApp. Para entrar no grupo, basta <a href=\"https:\/\/chat.whatsapp.com\/Bnv2w66ZT4VDyZW3oiZ69n\" target=\"_blank\" rel=\"noreferrer noopener\">clicar aqui<\/a>.<\/p>\n<p>Fa\u00e7a uma den\u00fancia ou sugira uma reportagem sobre Ribeir\u00e3o Preto e regi\u00e3o pelo WhatsApp: 16\u00a0 99117 7802.<\/p>\n<p><strong>VEJA TAMB\u00c9M<\/strong><\/p>\n<p>BBB 24: Entenda a briga entre Juninho e Thalyta<\/p>\n<p><!-- AI CONTENT END 1 -->\n<\/div>\n<p><script async src=\"\/\/www.instagram.com\/embed.js\"><\/script><br \/>\n<br \/><br \/>\n<br \/><a href=\"https:\/\/www.acidadeon.com\/ribeiraopreto\/lazer-e-cultura\/tudo-sobre-o-bloco-california-em-ribeirao-preto-ingressos-estao-a-venda\/\">Source link <\/a><\/p>\n<!-- CONTENT END 1 -->\n","protected":false},"excerpt":{"rendered":"<p>A 7\u00aa edi\u00e7\u00e3o do Bloco Calif\u00f3rnia em Ribeir\u00e3o Preto recebe baterias universit\u00e1rias para agitar o evento. O Bloco Calif\u00f3rnia est\u00e1 confirmado para o dia 3&#8230;<\/p>\n","protected":false},"author":1,"featured_media":27787,"comment_status":"open","ping_status":"open","sticky":false,"template":"","format":"standard","meta":{"advanced_seo_description":"","jetpack_seo_html_title":"","jetpack_seo_noindex":false,"jetpack_post_was_ever_published":false,"_jetpack_newsletter_access":"","_jetpack_dont_email_post_to_subs":false,"_jetpack_newsletter_tier_id":0,"_jetpack_memberships_contains_paywalled_content":false,"_jetpack_memberships_contains_paid_content":false,"footnotes":"","jetpack_publicize_message":"","jetpack_publicize_feature_enabled":true,"jetpack_social_post_already_shared":true,"jetpack_social_options":{"image_generator_settings":{"template":"highway","default_image_id":0,"font":"","enabled":false},"version":2}},"categories":[11],"tags":[1673,1674,1450,370,27,26,468,43,1062],"class_list":["post-27786","post","type-post","status-publish","format-standard","has-post-thumbnail","hentry","category-noticias-de-ribeirao-preto-sp-e-regiao-ismael-colosi","tag-bloco","tag-california","tag-estao","tag-ingressos","tag-preto","tag-ribeirao","tag-sobre","tag-tudo","tag-venda"],"jetpack_publicize_connections":[],"jetpack_featured_media_url":"https:\/\/i0.wp.com\/noticiasribeiraopreto.com.br\/wp-content\/uploads\/2024\/01\/WhatsApp-Image-2024-01-12-at-16.55.47.jpeg?fit=1600%2C1066&ssl=1","jetpack-related-posts":[{"id":62418,"url":"https:\/\/noticiasribeiraopreto.com.br\/index.php\/2025\/01\/13\/ingressos-para-o-bloco-california-estao-disponiveis-veja-atracoes-e-como-comprar\/","url_meta":{"origin":27786,"position":0},"title":"Ingressos para o Bloco Calif\u00f3rnia est\u00e3o dispon\u00edveis; Veja atra\u00e7\u00f5es e como comprar","author":"noticiasribeiraopreto.com.br","date":"13 de January de 2025","format":false,"excerpt":"Est\u00e3o dispon\u00edveis novamente os ingressos para o Bloco Calif\u00f3rnia, em Ribeir\u00e3o Preto. O evento acontece no dia 22 de fevereiro, a partir das 13h, no est\u00e1dio Palma Travassos, zona Leste da cidade. Considerado o maior pr\u00e9-carnaval do interior de S\u00e3o Paulo, a 8\u00aa edi\u00e7\u00e3o da festa pretende reunir 15 mil\u2026","rel":"","context":"In &quot;Not\u00edcias de Ribeir\u00e3o Preto-SP e Regi\u00e3o&quot;","block_context":{"text":"Not\u00edcias de Ribeir\u00e3o Preto-SP e Regi\u00e3o","link":"https:\/\/noticiasribeiraopreto.com.br\/index.php\/category\/noticias-de-ribeirao-preto-sp-e-regiao-ismael-colosi\/"},"img":{"alt_text":"","src":"https:\/\/i0.wp.com\/noticiasribeiraopreto.com.br\/wp-content\/uploads\/2024\/11\/28a7b1165d885b532a0bacbb0a142d6c_2024-11-14_19-34-04_jpeg_2024-11-14_19-34-05.webp.webp?fit=1200%2C800&ssl=1&resize=350%2C200","width":350,"height":200,"srcset":"https:\/\/i0.wp.com\/noticiasribeiraopreto.com.br\/wp-content\/uploads\/2024\/11\/28a7b1165d885b532a0bacbb0a142d6c_2024-11-14_19-34-04_jpeg_2024-11-14_19-34-05.webp.webp?fit=1200%2C800&ssl=1&resize=350%2C200 1x, https:\/\/i0.wp.com\/noticiasribeiraopreto.com.br\/wp-content\/uploads\/2024\/11\/28a7b1165d885b532a0bacbb0a142d6c_2024-11-14_19-34-04_jpeg_2024-11-14_19-34-05.webp.webp?fit=1200%2C800&ssl=1&resize=525%2C300 1.5x, https:\/\/i0.wp.com\/noticiasribeiraopreto.com.br\/wp-content\/uploads\/2024\/11\/28a7b1165d885b532a0bacbb0a142d6c_2024-11-14_19-34-04_jpeg_2024-11-14_19-34-05.webp.webp?fit=1200%2C800&ssl=1&resize=700%2C400 2x, https:\/\/i0.wp.com\/noticiasribeiraopreto.com.br\/wp-content\/uploads\/2024\/11\/28a7b1165d885b532a0bacbb0a142d6c_2024-11-14_19-34-04_jpeg_2024-11-14_19-34-05.webp.webp?fit=1200%2C800&ssl=1&resize=1050%2C600 3x"},"classes":[]},{"id":30047,"url":"https:\/\/noticiasribeiraopreto.com.br\/index.php\/2024\/01\/20\/baterias-vao-agitar-o-bloco-california\/","url_meta":{"origin":27786,"position":1},"title":"Baterias v\u00e3o agitar o Bloco Calif\u00f3rnia\u00a0","author":"noticiasribeiraopreto.com.br","date":"20 de January de 2024","format":false,"excerpt":"O Bloco Calif\u00f3rnia est\u00e1 confirmado para 3 de fevereiro, primeiro s\u00e1bado do m\u00eas, a partir das 15 horas, no Est\u00e1dio Palma Travassos, em Ribeir\u00e3o Preto. Mantendo a tradi\u00e7\u00e3o, a folia come\u00e7a com a apresenta\u00e7\u00e3o de tr\u00eas baterias universit\u00e1rias \u2013 Bates\u00e3o (Medicina USP), Dorot\u00e9ia (Farma USP) e Taquicardia (Medicina Unaerp). \u201cDesde\u2026","rel":"","context":"In &quot;Not\u00edcias de Ribeir\u00e3o Preto-SP e Regi\u00e3o&quot;","block_context":{"text":"Not\u00edcias de Ribeir\u00e3o Preto-SP e Regi\u00e3o","link":"https:\/\/noticiasribeiraopreto.com.br\/index.php\/category\/noticias-de-ribeirao-preto-sp-e-regiao-ismael-colosi\/"},"img":{"alt_text":"","src":"https:\/\/i0.wp.com\/noticiasribeiraopreto.com.br\/wp-content\/uploads\/2024\/01\/Bloco-Bat-Divulgacao-scaled.jpg?fit=968%2C645&ssl=1&resize=350%2C200","width":350,"height":200,"srcset":"https:\/\/i0.wp.com\/noticiasribeiraopreto.com.br\/wp-content\/uploads\/2024\/01\/Bloco-Bat-Divulgacao-scaled.jpg?fit=968%2C645&ssl=1&resize=350%2C200 1x, https:\/\/i0.wp.com\/noticiasribeiraopreto.com.br\/wp-content\/uploads\/2024\/01\/Bloco-Bat-Divulgacao-scaled.jpg?fit=968%2C645&ssl=1&resize=525%2C300 1.5x, https:\/\/i0.wp.com\/noticiasribeiraopreto.com.br\/wp-content\/uploads\/2024\/01\/Bloco-Bat-Divulgacao-scaled.jpg?fit=968%2C645&ssl=1&resize=700%2C400 2x"},"classes":[]},{"id":34573,"url":"https:\/\/noticiasribeiraopreto.com.br\/index.php\/2024\/02\/02\/bloco-california-abre-o-carnaval\/","url_meta":{"origin":27786,"position":2},"title":"Bloco Calif\u00f3rnia\u00a0abre o carnaval\u00a0 &#8211; Jornal Tribuna Ribeir\u00e3o","author":"noticiasribeiraopreto.com.br","date":"2 de February de 2024","format":false,"excerpt":"2 de fevereiro de 2024 | 15:001 de fevereiro de 2024 | 17:46 0O Bloco Calif\u00f3rnia vai abrir o carnaval em Ribeir\u00e3o Preto, Ser\u00e1 neste s\u00e1bado, 3 de fevereiro, a partir das 15 horas, no Est\u00e1dio Palma Travassos. Com sucessos que marcaram a hist\u00f3ria dos grandes carnavais, Terra Samba desembarca\u2026","rel":"","context":"In &quot;Not\u00edcias de Ribeir\u00e3o Preto-SP e Regi\u00e3o&quot;","block_context":{"text":"Not\u00edcias de Ribeir\u00e3o Preto-SP e Regi\u00e3o","link":"https:\/\/noticiasribeiraopreto.com.br\/index.php\/category\/noticias-de-ribeirao-preto-sp-e-regiao-ismael-colosi\/"},"img":{"alt_text":"","src":"https:\/\/i0.wp.com\/noticiasribeiraopreto.com.br\/wp-content\/uploads\/2024\/02\/Bloco-Bat-Divulgacao-1-scaled.jpg?fit=968%2C645&ssl=1&resize=350%2C200","width":350,"height":200,"srcset":"https:\/\/i0.wp.com\/noticiasribeiraopreto.com.br\/wp-content\/uploads\/2024\/02\/Bloco-Bat-Divulgacao-1-scaled.jpg?fit=968%2C645&ssl=1&resize=350%2C200 1x, https:\/\/i0.wp.com\/noticiasribeiraopreto.com.br\/wp-content\/uploads\/2024\/02\/Bloco-Bat-Divulgacao-1-scaled.jpg?fit=968%2C645&ssl=1&resize=525%2C300 1.5x, https:\/\/i0.wp.com\/noticiasribeiraopreto.com.br\/wp-content\/uploads\/2024\/02\/Bloco-Bat-Divulgacao-1-scaled.jpg?fit=968%2C645&ssl=1&resize=700%2C400 2x"},"classes":[]},{"id":31261,"url":"https:\/\/noticiasribeiraopreto.com.br\/index.php\/2024\/01\/21\/tati-quebra-barraco-e-uma-das-atracoes-do-bloco-california-em-ribeirao-preto\/","url_meta":{"origin":27786,"position":3},"title":"Tati Quebra Barraco \u00e9 uma das atra\u00e7\u00f5es do Bloco Calif\u00f3rnia em Ribeir\u00e3o Preto","author":"noticiasribeiraopreto.com.br","date":"21 de January de 2024","format":false,"excerpt":"O funk carioca estar\u00e1 representado na 7\u00aa edi\u00e7\u00e3o do Bloco Calif\u00f3rnia, que acontece no est\u00e1dio Palma Travassos, em Ribeir\u00e3o Preto, no dia 3 de fevereiro. Isso porque, entre as atra\u00e7\u00f5es est\u00e1 a cantora Tati Quebra Barraco. Pioneira no g\u00eanero, Tati Quebra Barraco \u00e9 dona de m\u00fasicas como \u201cBoladona\u201d. Segundo a\u2026","rel":"","context":"In &quot;Not\u00edcias de Ribeir\u00e3o Preto-SP e Regi\u00e3o&quot;","block_context":{"text":"Not\u00edcias de Ribeir\u00e3o Preto-SP e Regi\u00e3o","link":"https:\/\/noticiasribeiraopreto.com.br\/index.php\/category\/noticias-de-ribeirao-preto-sp-e-regiao-ismael-colosi\/"},"img":{"alt_text":"","src":"https:\/\/i0.wp.com\/noticiasribeiraopreto.com.br\/wp-content\/uploads\/2024\/01\/tati-quebra-barraco.jpg?fit=827%2C589&ssl=1&resize=350%2C200","width":350,"height":200,"srcset":"https:\/\/i0.wp.com\/noticiasribeiraopreto.com.br\/wp-content\/uploads\/2024\/01\/tati-quebra-barraco.jpg?fit=827%2C589&ssl=1&resize=350%2C200 1x, https:\/\/i0.wp.com\/noticiasribeiraopreto.com.br\/wp-content\/uploads\/2024\/01\/tati-quebra-barraco.jpg?fit=827%2C589&ssl=1&resize=525%2C300 1.5x, https:\/\/i0.wp.com\/noticiasribeiraopreto.com.br\/wp-content\/uploads\/2024\/01\/tati-quebra-barraco.jpg?fit=827%2C589&ssl=1&resize=700%2C400 2x"},"classes":[]},{"id":63753,"url":"https:\/\/noticiasribeiraopreto.com.br\/index.php\/2025\/02\/20\/bloco-california-saiba-tudo-sobre-o-pre-carnaval-em-ribeirao-preto\/","url_meta":{"origin":27786,"position":4},"title":"Bloco Calif\u00f3rnia: Saiba tudo sobre o pr\u00e9-carnaval em Ribeir\u00e3o Preto","author":"noticiasribeiraopreto.com.br","date":"20 de February de 2025","format":false,"excerpt":"Considerada a maior pr\u00e9via carnavalesca do interior de S\u00e3o Paulo, a 8\u00aa edi\u00e7\u00e3o do Bloco Calif\u00f3rnia acontecer\u00e1 no dia 22 de fevereiro, no Est\u00e1dio Palma Travassos, em Ribeir\u00e3o Preto. Com um line-up recheado de 18 atra\u00e7\u00f5es confirmadas e uma programa\u00e7\u00e3o de oito horas de festa. O evento, que promete reunir\u2026","rel":"","context":"In &quot;Not\u00edcias de Ribeir\u00e3o Preto-SP e Regi\u00e3o&quot;","block_context":{"text":"Not\u00edcias de Ribeir\u00e3o Preto-SP e Regi\u00e3o","link":"https:\/\/noticiasribeiraopreto.com.br\/index.php\/category\/noticias-de-ribeirao-preto-sp-e-regiao-ismael-colosi\/"},"img":{"alt_text":"","src":"https:\/\/i0.wp.com\/noticiasribeiraopreto.com.br\/wp-content\/uploads\/2024\/11\/28a7b1165d885b532a0bacbb0a142d6c_2024-11-14_19-34-04_jpeg_2024-11-14_19-34-05.webp.webp?fit=1200%2C800&ssl=1&resize=350%2C200","width":350,"height":200,"srcset":"https:\/\/i0.wp.com\/noticiasribeiraopreto.com.br\/wp-content\/uploads\/2024\/11\/28a7b1165d885b532a0bacbb0a142d6c_2024-11-14_19-34-04_jpeg_2024-11-14_19-34-05.webp.webp?fit=1200%2C800&ssl=1&resize=350%2C200 1x, https:\/\/i0.wp.com\/noticiasribeiraopreto.com.br\/wp-content\/uploads\/2024\/11\/28a7b1165d885b532a0bacbb0a142d6c_2024-11-14_19-34-04_jpeg_2024-11-14_19-34-05.webp.webp?fit=1200%2C800&ssl=1&resize=525%2C300 1.5x, https:\/\/i0.wp.com\/noticiasribeiraopreto.com.br\/wp-content\/uploads\/2024\/11\/28a7b1165d885b532a0bacbb0a142d6c_2024-11-14_19-34-04_jpeg_2024-11-14_19-34-05.webp.webp?fit=1200%2C800&ssl=1&resize=700%2C400 2x, https:\/\/i0.wp.com\/noticiasribeiraopreto.com.br\/wp-content\/uploads\/2024\/11\/28a7b1165d885b532a0bacbb0a142d6c_2024-11-14_19-34-04_jpeg_2024-11-14_19-34-05.webp.webp?fit=1200%2C800&ssl=1&resize=1050%2C600 3x"},"classes":[]},{"id":63514,"url":"https:\/\/noticiasribeiraopreto.com.br\/index.php\/2025\/02\/14\/bloco-california-divulga-horarios-dos-shows-de-sua-8a-edicao\/","url_meta":{"origin":27786,"position":5},"title":"Bloco Calif\u00f3rnia divulga hor\u00e1rios dos shows de sua 8\u00aa edi\u00e7\u00e3o","author":"noticiasribeiraopreto.com.br","date":"14 de February de 2025","format":false,"excerpt":"Foi dada a largada para as celebra\u00e7\u00f5es de Carnaval em Ribeir\u00e3o Preto e regi\u00e3o. No dia 22 de fevereiro, o Bloco Calif\u00f3rnia abre a agenda das festividades com 18 atra\u00e7\u00f5es, nove horas de evento e a expectativa de reunir mais de 15 mil pessoas em um circuito fechado no est\u00e1dio\u2026","rel":"","context":"In &quot;Not\u00edcias de Ribeir\u00e3o Preto-SP e Regi\u00e3o&quot;","block_context":{"text":"Not\u00edcias de Ribeir\u00e3o Preto-SP e Regi\u00e3o","link":"https:\/\/noticiasribeiraopreto.com.br\/index.php\/category\/noticias-de-ribeirao-preto-sp-e-regiao-ismael-colosi\/"},"img":{"alt_text":"","src":"https:\/\/i0.wp.com\/noticiasribeiraopreto.com.br\/wp-content\/uploads\/2025\/02\/Imagem-do-WhatsApp-de-2025-02-14-as-15.45.48_f720a9c3.jpg?fit=1200%2C900&ssl=1&resize=350%2C200","width":350,"height":200,"srcset":"https:\/\/i0.wp.com\/noticiasribeiraopreto.com.br\/wp-content\/uploads\/2025\/02\/Imagem-do-WhatsApp-de-2025-02-14-as-15.45.48_f720a9c3.jpg?fit=1200%2C900&ssl=1&resize=350%2C200 1x, https:\/\/i0.wp.com\/noticiasribeiraopreto.com.br\/wp-content\/uploads\/2025\/02\/Imagem-do-WhatsApp-de-2025-02-14-as-15.45.48_f720a9c3.jpg?fit=1200%2C900&ssl=1&resize=525%2C300 1.5x, https:\/\/i0.wp.com\/noticiasribeiraopreto.com.br\/wp-content\/uploads\/2025\/02\/Imagem-do-WhatsApp-de-2025-02-14-as-15.45.48_f720a9c3.jpg?fit=1200%2C900&ssl=1&resize=700%2C400 2x, https:\/\/i0.wp.com\/noticiasribeiraopreto.com.br\/wp-content\/uploads\/2025\/02\/Imagem-do-WhatsApp-de-2025-02-14-as-15.45.48_f720a9c3.jpg?fit=1200%2C900&ssl=1&resize=1050%2C600 3x"},"classes":[]}],"jetpack_sharing_enabled":true,"jetpack_shortlink":"https:\/\/wp.me\/peQAOb-7ea","_links":{"self":[{"href":"https:\/\/noticiasribeiraopreto.com.br\/index.php\/wp-json\/wp\/v2\/posts\/27786","targetHints":{"allow":["GET"]}}],"collection":[{"href":"https:\/\/noticiasribeiraopreto.com.br\/index.php\/wp-json\/wp\/v2\/posts"}],"about":[{"href":"https:\/\/noticiasribeiraopreto.com.br\/index.php\/wp-json\/wp\/v2\/types\/post"}],"author":[{"embeddable":true,"href":"https:\/\/noticiasribeiraopreto.com.br\/index.php\/wp-json\/wp\/v2\/users\/1"}],"replies":[{"embeddable":true,"href":"https:\/\/noticiasribeiraopreto.com.br\/index.php\/wp-json\/wp\/v2\/comments?post=27786"}],"version-history":[{"count":0,"href":"https:\/\/noticiasribeiraopreto.com.br\/index.php\/wp-json\/wp\/v2\/posts\/27786\/revisions"}],"wp:featuredmedia":[{"embeddable":true,"href":"https:\/\/noticiasribeiraopreto.com.br\/index.php\/wp-json\/wp\/v2\/media\/27787"}],"wp:attachment":[{"href":"https:\/\/noticiasribeiraopreto.com.br\/index.php\/wp-json\/wp\/v2\/media?parent=27786"}],"wp:term":[{"taxonomy":"category","embeddable":true,"href":"https:\/\/noticiasribeiraopreto.com.br\/index.php\/wp-json\/wp\/v2\/categories?post=27786"},{"taxonomy":"post_tag","embeddable":true,"href":"https:\/\/noticiasribeiraopreto.com.br\/index.php\/wp-json\/wp\/v2\/tags?post=27786"}],"curies":[{"name":"wp","href":"https:\/\/api.w.org\/{rel}","templated":true}]}}