{"id":27908,"date":"2024-01-13T19:50:07","date_gmt":"2024-01-13T22:50:07","guid":{"rendered":"https:\/\/noticiasribeiraopreto.com.br\/index.php\/2024\/01\/13\/guilherme-boulos-e-marta-suplicy-tentam-reeditar-em-sao-paulo-a-frente-ampla-que-derrotou-bolsonaro\/"},"modified":"2024-01-13T19:50:07","modified_gmt":"2024-01-13T22:50:07","slug":"guilherme-boulos-e-marta-suplicy-tentam-reeditar-em-sao-paulo-a-frente-ampla-que-derrotou-bolsonaro","status":"publish","type":"post","link":"https:\/\/noticiasribeiraopreto.com.br\/index.php\/2024\/01\/13\/guilherme-boulos-e-marta-suplicy-tentam-reeditar-em-sao-paulo-a-frente-ampla-que-derrotou-bolsonaro\/","title":{"rendered":"Guilherme Boulos e Marta Suplicy tentam reeditar em S\u00e3o Paulo a frente ampla que derrotou Bolsonaro"},"content":{"rendered":"<div class='code-block code-block-1' style='margin: 8px 0 8px auto; text-align: right; display: block; clear: both;'>\n<p><a href=\"https:\/\/wa.link\/vpicfd\"><img data-recalc-dims=\"1\" class=\"wp-image-4922\" style=\"aspect-ratio: 2.0253164556962027; width: 561px; height: auto;\" src=\"https:\/\/i0.wp.com\/ismaelcolosi.com.br\/wp-content\/uploads\/2023\/11\/grupo-de-empregos-whatsapp-e-facebook-ismael-colosi-vagas.jpg?ssl=1\" alt=\"\" \/><\/a><\/p>\n<!-- \/wp:image -->\n<\/div>\n<p> <br \/>\n<\/p>\n<div id=\"js-first-letter\">\n<p>O deputado federal Guilherme Boulos (Psol) e a ex-prefeita paulistana Marta Suplicy selaram em almo\u00e7o realizado neste s\u00e1bado (13) uma alian\u00e7a para disputar a Prefeitura de S\u00e3o Paulo.<\/p>\n<p>A chapa deve ter Boulos como candidato a prefeito e Marta, que est\u00e1 trilhando seu retorno ao PT, na condi\u00e7\u00e3o de vice.<\/p>\n<p>Numa entrevista coletiva concedida por Boulos e em nota divulgada por Marta depois do encontro, ambos deixaram claro que a inten\u00e7\u00e3o \u00e9 formar, a partir dessa candidatura, uma frente ampla com potencial de vit\u00f3ria nas urnas.<\/p>\n<p>Essa frente ampla seria formada nos mesmos moldes daquela encabe\u00e7ada pelo presidente Luiz In\u00e1cio Lula da Silva para impedir a reelei\u00e7\u00e3o de Jair Bolsonaro.<\/p>\n<h2 class=\"wp-block-heading\" id=\"h-marta-trilha-retorno-ao-pt-para-ser-vice-de-boulos\">Marta trilha retorno ao PT para ser vice de Boulos<\/h2>\n<p>A aproxima\u00e7\u00e3o de Marta Suplicy com Guilherme Boulos deu-se em um cen\u00e1rio no qual o atual prefeito de S\u00e3o Paulo, Ricardo Nunes (MDB), corteja abertamente o apoio formal de Bolsonaro para sua candidatura.<\/p>\n<p>Quando foi prefeita de S\u00e3o Paulo, entre 2001 e 2004, Marta ainda estava no PT. Ela desfiliou-se em 2015, \u00e9poca na qual o partido era alvo de uma s\u00e9rie de acusa\u00e7\u00f5es de corrup\u00e7\u00e3o, e foi para o MDB.<\/p>\n<p>At\u00e9 alguns dias atr\u00e1s, Marta era secret\u00e1ria de Rela\u00e7\u00f5es Internacionais de Nunes. Agora, o regresso formal dela ao PT est\u00e1 previsto para 3 de fevereiro.<\/p>\n<h2 class=\"wp-block-heading\" id=\"h-marta-divulga-manifesto-da-frente-ampla\">Marta divulga \u201cManifesto da Frente Ampla&#8221;<\/h2>\n<p>Marta limitou-se a divulgar uma nota \u00e0 imprensa ao t\u00e9rmino do encontro com Boulos.<\/p>\n<p>A ex-prefeita disse sentir-se honrada com a visita do deputado.<\/p>\n<p>&#8220;Recebi em minha resid\u00eancia, neste s\u00e1bado, e me sinto muito honrada com a vinda de Guilherme Boulos e sua esposa, Nat\u00e1lia, os amigos e companheiros de lutas Rui Falc\u00e3o e sua esposa Cris&#8221;, afirmou no comunicado.<\/p>\n<p>&#8220;Nesta oportunidade, resgato o Manifesto Frente Ampla, que foi lan\u00e7ado nesta mesma resid\u00eancia. \u00c9 a express\u00e3o do que esta reuni\u00e3o representa.&#8221;<\/p>\n<figure class=\"wp-block-embed is-type-rich is-provider-twitter wp-block-embed-twitter\">\n<div class=\"wp-block-embed__wrapper\">\n<blockquote class=\"twitter-tweet\" data-width=\"500\" data-dnt=\"true\">\n<p lang=\"pt\" dir=\"ltr\">Nesta oportunidade, resgato o Manifesto Frente Ampla, que foi lan\u00e7ado nesta mesma resid\u00eancia. \u00c9 a express\u00e3o do que esta reuni\u00e3o representa: <a href=\"https:\/\/t.co\/ODBJRohGg5\">pic.twitter.com\/ODBJRohGg5<\/a><\/p>\n<p>\u2014 Marta Suplicy (@martasuplicy_) <a href=\"https:\/\/twitter.com\/martasuplicy_\/status\/1746278513504580013?ref_src=twsrc%5Etfw\">January 13, 2024<\/a><\/p><\/blockquote>\n<\/div>\n<\/figure>\n<ul>\n<li><strong>ONDE INVESTIR EM 2024:<\/strong>\u00a0Descubra o que esperar do cen\u00e1rio econ\u00f4mico brasileiro e internacional e quais s\u00e3o os melhores investimentos para a sua carteira, em diferentes classes de ativos.\u00a0<strong><a href=\"https:\/\/lp.seudinheiro.com\/onde-investir-oinv01-a\/?xpromo=XD-MEL-SD-OINV01-AUDSD-X-CHLTB-EDITORIAL1-MKTPORTAIS\" target=\"_blank\" rel=\"noreferrer noopener\">Clique aqui<\/a><\/strong>.<\/li>\n<\/ul>\n<h2 class=\"wp-block-heading\" id=\"h-boulos-destaca-que-alianca-ainda-precisa-do-aval-do-pt\">Boulos destaca que alian\u00e7a ainda precisa do aval do PT<\/h2>\n<p>Apesar de os dois j\u00e1 estarem em acordo, a formaliza\u00e7\u00e3o da candidatura ainda depende do aval do PT, partido no qual a ex-prefeita iniciou sua trajet\u00f3ria pol\u00edtica em 1981.<\/p>\n<p>\u201cA confirma\u00e7\u00e3o da chapa depende do Partido dos Trabalhadores\u201d, declarou Boulos a jornalistas ao t\u00e9rmino do encontro.<\/p>\n<p>Boulos disse que as cr\u00edticas trocadas entre eles ficaram no passado e enfatizou que as diverg\u00eancias pol\u00edticas mostram que a alian\u00e7a amplia o alcance pol\u00edtico e eleitoral da chapa pretendida pela dupla.<\/p>\n<p>Os objetivos da alian\u00e7a, segundo ele, s\u00e3o claros: reeditar uma frente democr\u00e1tica, discutir o futuro da cidade e derrotar o bolsonarismo em S\u00e3o Paulo.<\/p>\n<p>*<em>Com informa\u00e7\u00f5es do Estad\u00e3o Conte\u00fado<\/em>.<\/p>\n<\/div>\n<p><script async src=\"\/\/platform.twitter.com\/widgets.js\" charset=\"utf-8\"><\/script><br \/>\n<br \/><br \/>\n<br \/><a href=\"https:\/\/www.seudinheiro.com\/2024\/politica\/guilherme-boulos-marta-suplicy-selam-alianca-prefeitura-sao-paulo-rsgp\/\">Source link <\/a><\/p>\n<!-- CONTENT END 1 -->\n","protected":false},"excerpt":{"rendered":"<p>O deputado federal Guilherme Boulos (Psol) e a ex-prefeita paulistana Marta Suplicy selaram em almo\u00e7o realizado neste s\u00e1bado (13) uma alian\u00e7a para disputar a Prefeitura&#8230;<\/p>\n","protected":false},"author":1,"featured_media":27909,"comment_status":"open","ping_status":"open","sticky":false,"template":"","format":"standard","meta":{"advanced_seo_description":"","jetpack_seo_html_title":"","jetpack_seo_noindex":false,"jetpack_post_was_ever_published":false,"_jetpack_newsletter_access":"","_jetpack_dont_email_post_to_subs":false,"_jetpack_newsletter_tier_id":0,"_jetpack_memberships_contains_paywalled_content":false,"_jetpack_memberships_contains_paid_content":false,"footnotes":"","jetpack_publicize_message":"","jetpack_publicize_feature_enabled":true,"jetpack_social_post_already_shared":true,"jetpack_social_options":{"image_generator_settings":{"template":"highway","default_image_id":0,"font":"","enabled":false},"version":2}},"categories":[1235],"tags":[],"class_list":["post-27908","post","type-post","status-publish","format-standard","has-post-thumbnail","hentry","category-dinheiro-e-investimento-como-fazer-como-ganhar"],"jetpack_publicize_connections":[],"jetpack_featured_media_url":"https:\/\/i0.wp.com\/noticiasribeiraopreto.com.br\/wp-content\/uploads\/2024\/01\/boulos.jpg?fit=613%2C348&ssl=1","jetpack-related-posts":[{"id":34811,"url":"https:\/\/noticiasribeiraopreto.com.br\/index.php\/2024\/02\/03\/chegada-de-marta-suplicy-ao-pt-divide-partido-e-membros-se-opoe-a-filiacao-da-politica-ao-partido\/","url_meta":{"origin":27908,"position":0},"title":"Chegada de Marta Suplicy ao PT divide partido e membros se op\u00f5e \u00e0 filia\u00e7\u00e3o da pol\u00edtica ao partido","author":"noticiasribeiraopreto.com.br","date":"3 de February de 2024","format":false,"excerpt":"Valter Pomar, dirigente nacional do Partido dos Trabalhadores (PT), publicou na manh\u00e3 deste s\u00e1bado (3), um manifesto em que pede a impugna\u00e7\u00e3o da filia\u00e7\u00e3o de Marta Suplicy ao partido, confirmada em cerim\u00f4nia na \u00faltima sexta-feira (2). Pomar \u00e9 l\u00edder da tend\u00eancia Articula\u00e7\u00e3o de Esquerda (AE), conhecida por posi\u00e7\u00f5es contr\u00e1rias \u00e0s\u2026","rel":"","context":"In &quot;Dinheiro e Investimento&quot;","block_context":{"text":"Dinheiro e Investimento","link":"https:\/\/noticiasribeiraopreto.com.br\/index.php\/category\/dinheiro-e-investimento-como-fazer-como-ganhar\/"},"img":{"alt_text":"","src":"https:\/\/i0.wp.com\/noticiasribeiraopreto.com.br\/wp-content\/uploads\/2024\/02\/Artes-SD-Mille-715x402.png?fit=715%2C402&ssl=1&resize=350%2C200","width":350,"height":200,"srcset":"https:\/\/i0.wp.com\/noticiasribeiraopreto.com.br\/wp-content\/uploads\/2024\/02\/Artes-SD-Mille-715x402.png?fit=715%2C402&ssl=1&resize=350%2C200 1x, https:\/\/i0.wp.com\/noticiasribeiraopreto.com.br\/wp-content\/uploads\/2024\/02\/Artes-SD-Mille-715x402.png?fit=715%2C402&ssl=1&resize=525%2C300 1.5x, https:\/\/i0.wp.com\/noticiasribeiraopreto.com.br\/wp-content\/uploads\/2024\/02\/Artes-SD-Mille-715x402.png?fit=715%2C402&ssl=1&resize=700%2C400 2x"},"classes":[]},{"id":58820,"url":"https:\/\/noticiasribeiraopreto.com.br\/index.php\/2024\/10\/06\/ricardo-nunes-e-guilherme-boulos-vao-disputar-o-2o-turno-em-sao-paulo\/","url_meta":{"origin":27908,"position":1},"title":"Ricardo Nunes e Guilherme Boulos v\u00e3o disputar o 2\u00ba turno em S\u00e3o Paulo","author":"noticiasribeiraopreto.com.br","date":"6 de October de 2024","format":false,"excerpt":"Os candidatos Ricardo Nunes (MDB) e Guilherme Boulos (PSOL) v\u00e3o decidir no 2\u00ba turno em S\u00e3o Paulo, que ser\u00e1 realizado no dia 27 de outubro. Conforme os dados do Tribunal Superior Eleitoral (TSE), \u00e0s 21h, Ricardo Nunes recebeu 1.769,638 votos (29,52%) e Boulos teve 1.740.393 votos (29,03%). Pablo Mar\u00e7al (PRTB)\u2026","rel":"","context":"In &quot;Not\u00edcias de Ribeir\u00e3o Preto-SP e Regi\u00e3o&quot;","block_context":{"text":"Not\u00edcias de Ribeir\u00e3o Preto-SP e Regi\u00e3o","link":"https:\/\/noticiasribeiraopreto.com.br\/index.php\/category\/noticias-de-ribeirao-preto-sp-e-regiao-ismael-colosi\/"},"img":{"alt_text":"","src":"https:\/\/i0.wp.com\/noticiasribeiraopreto.com.br\/wp-content\/uploads\/2024\/10\/Copia-de-Copia-de-Copia-de-TAMANHO-EXATO-PARA-FOTOS-NO-SISTEMA-NOVO-23_2024-10-07_00-00-04_jpg_2024-10-07_00-00-04.webp.webp?fit=1200%2C675&ssl=1&resize=350%2C200","width":350,"height":200,"srcset":"https:\/\/i0.wp.com\/noticiasribeiraopreto.com.br\/wp-content\/uploads\/2024\/10\/Copia-de-Copia-de-Copia-de-TAMANHO-EXATO-PARA-FOTOS-NO-SISTEMA-NOVO-23_2024-10-07_00-00-04_jpg_2024-10-07_00-00-04.webp.webp?fit=1200%2C675&ssl=1&resize=350%2C200 1x, https:\/\/i0.wp.com\/noticiasribeiraopreto.com.br\/wp-content\/uploads\/2024\/10\/Copia-de-Copia-de-Copia-de-TAMANHO-EXATO-PARA-FOTOS-NO-SISTEMA-NOVO-23_2024-10-07_00-00-04_jpg_2024-10-07_00-00-04.webp.webp?fit=1200%2C675&ssl=1&resize=525%2C300 1.5x, https:\/\/i0.wp.com\/noticiasribeiraopreto.com.br\/wp-content\/uploads\/2024\/10\/Copia-de-Copia-de-Copia-de-TAMANHO-EXATO-PARA-FOTOS-NO-SISTEMA-NOVO-23_2024-10-07_00-00-04_jpg_2024-10-07_00-00-04.webp.webp?fit=1200%2C675&ssl=1&resize=700%2C400 2x, https:\/\/i0.wp.com\/noticiasribeiraopreto.com.br\/wp-content\/uploads\/2024\/10\/Copia-de-Copia-de-Copia-de-TAMANHO-EXATO-PARA-FOTOS-NO-SISTEMA-NOVO-23_2024-10-07_00-00-04_jpg_2024-10-07_00-00-04.webp.webp?fit=1200%2C675&ssl=1&resize=1050%2C600 3x"},"classes":[]},{"id":35251,"url":"https:\/\/noticiasribeiraopreto.com.br\/index.php\/2024\/02\/05\/acaba-de-chegar-triste-noticia-sobre-aviao-do-presidente-lula-e-e-confirmado-a-aeronave-ver-mais\/","url_meta":{"origin":27908,"position":2},"title":"Acaba de chegar TRISTE NOT\u00cdCIA sobre avi\u00e3o do presidente Lula e \u00c9 CONFIRMADO: &#8220;A aeronave&#8230;Ver mais","author":"noticiasribeiraopreto.com.br","date":"5 de February de 2024","format":false,"excerpt":"O avi\u00e3o do atual presidente Luiz In\u00e1cio Lula da Silva sofreu problemas em sua decolagem, algo que preocupou grande parte dos seus apoiadores e admiradores. A aeronave que estava fazendo o transporte do presidente acabou interrompendo a decolagem em Congonhas, aeroporto localizado em S\u00e3o Paulo. Na ocasi\u00e3o o avi\u00e3o Airbus\u2026","rel":"","context":"In &quot;Variedades&quot;","block_context":{"text":"Variedades","link":"https:\/\/noticiasribeiraopreto.com.br\/index.php\/category\/variedades\/"},"img":{"alt_text":"","src":"https:\/\/i0.wp.com\/noticiasribeiraopreto.com.br\/wp-content\/uploads\/2024\/02\/Apresentacao-sem-titulo-3.png?fit=960%2C540&ssl=1&resize=350%2C200","width":350,"height":200,"srcset":"https:\/\/i0.wp.com\/noticiasribeiraopreto.com.br\/wp-content\/uploads\/2024\/02\/Apresentacao-sem-titulo-3.png?fit=960%2C540&ssl=1&resize=350%2C200 1x, https:\/\/i0.wp.com\/noticiasribeiraopreto.com.br\/wp-content\/uploads\/2024\/02\/Apresentacao-sem-titulo-3.png?fit=960%2C540&ssl=1&resize=525%2C300 1.5x, https:\/\/i0.wp.com\/noticiasribeiraopreto.com.br\/wp-content\/uploads\/2024\/02\/Apresentacao-sem-titulo-3.png?fit=960%2C540&ssl=1&resize=700%2C400 2x"},"classes":[]},{"id":59214,"url":"https:\/\/noticiasribeiraopreto.com.br\/index.php\/2024\/10\/17\/de-saida-reuniao-na-proxima-semana-pode-definir-futuro-de-nogueira-no-psdb\/","url_meta":{"origin":27908,"position":3},"title":"De sa\u00edda? Reuni\u00e3o na pr\u00f3xima semana pode definir futuro de Nogueira no PSDB","author":"noticiasribeiraopreto.com.br","date":"17 de October de 2024","format":false,"excerpt":"O presidente nacional do PSDB, Marconi Perillo, deve se reunir com Duarte Nogueira para discutir a manuten\u00e7\u00e3o do prefeito de Ribeir\u00e3o Preto na legenda. Nogueira \u00e9 o atual presidente da Federa\u00e7\u00e3o PSDB\/Cidadania no Estado de S\u00e3o Paulo. A informa\u00e7\u00e3o foi publicada pela coluna Painel, da Folha de S. Paulo, e\u2026","rel":"","context":"In &quot;Not\u00edcias de Ribeir\u00e3o Preto-SP e Regi\u00e3o&quot;","block_context":{"text":"Not\u00edcias de Ribeir\u00e3o Preto-SP e Regi\u00e3o","link":"https:\/\/noticiasribeiraopreto.com.br\/index.php\/category\/noticias-de-ribeirao-preto-sp-e-regiao-ismael-colosi\/"},"img":{"alt_text":"","src":"https:\/\/i0.wp.com\/noticiasribeiraopreto.com.br\/wp-content\/uploads\/2024\/10\/duarte-nogueira_2024-10-17_17-55-49_jpeg_2024-10-17_17-55-50.webp.webp?fit=1200%2C800&ssl=1&resize=350%2C200","width":350,"height":200,"srcset":"https:\/\/i0.wp.com\/noticiasribeiraopreto.com.br\/wp-content\/uploads\/2024\/10\/duarte-nogueira_2024-10-17_17-55-49_jpeg_2024-10-17_17-55-50.webp.webp?fit=1200%2C800&ssl=1&resize=350%2C200 1x, https:\/\/i0.wp.com\/noticiasribeiraopreto.com.br\/wp-content\/uploads\/2024\/10\/duarte-nogueira_2024-10-17_17-55-49_jpeg_2024-10-17_17-55-50.webp.webp?fit=1200%2C800&ssl=1&resize=525%2C300 1.5x, https:\/\/i0.wp.com\/noticiasribeiraopreto.com.br\/wp-content\/uploads\/2024\/10\/duarte-nogueira_2024-10-17_17-55-49_jpeg_2024-10-17_17-55-50.webp.webp?fit=1200%2C800&ssl=1&resize=700%2C400 2x, https:\/\/i0.wp.com\/noticiasribeiraopreto.com.br\/wp-content\/uploads\/2024\/10\/duarte-nogueira_2024-10-17_17-55-49_jpeg_2024-10-17_17-55-50.webp.webp?fit=1200%2C800&ssl=1&resize=1050%2C600 3x"},"classes":[]},{"id":59688,"url":"https:\/\/noticiasribeiraopreto.com.br\/index.php\/2024\/10\/28\/linfoma-nao-hodgkin-entenda-o-cancer-de-eduardo-suplicy\/","url_meta":{"origin":27908,"position":4},"title":"Linfoma n\u00e3o-Hodgkin: entenda o c\u00e2ncer de Eduardo Suplicy","author":"noticiasribeiraopreto.com.br","date":"28 de October de 2024","format":false,"excerpt":"Nesta segunda-feira (28), o deputado Eduardo Suplicy (PT) anunciou que est\u00e1 com linfoma n\u00e3o-Hodgkin. Em comunicado publicado nas redes sociais, Suplicy confirmou que recebeu o diagn\u00f3stico em julho e que est\u00e1 realizando tratamento imunoquimioter\u00e1pico para a doen\u00e7a. O que \u00e9 Linfoma n\u00e3o-Hodgkin? De acordo com o Instituto Nacional do C\u00e2ncer\u2026","rel":"","context":"In &quot;Not\u00edcias de Ribeir\u00e3o Preto-SP e Regi\u00e3o&quot;","block_context":{"text":"Not\u00edcias de Ribeir\u00e3o Preto-SP e Regi\u00e3o","link":"https:\/\/noticiasribeiraopreto.com.br\/index.php\/category\/noticias-de-ribeirao-preto-sp-e-regiao-ismael-colosi\/"},"img":{"alt_text":"","src":"https:\/\/i0.wp.com\/noticiasribeiraopreto.com.br\/wp-content\/uploads\/2024\/10\/Copia-de-Copia-de-Copia-de-TAMANHO-EXATO-PARA-FOTOS-NO-SISTEMA-NOVO-51_2024-10-28_18-52-14_png_2024-10-28_18-52-14.webp.webp?fit=1200%2C675&ssl=1&resize=350%2C200","width":350,"height":200,"srcset":"https:\/\/i0.wp.com\/noticiasribeiraopreto.com.br\/wp-content\/uploads\/2024\/10\/Copia-de-Copia-de-Copia-de-TAMANHO-EXATO-PARA-FOTOS-NO-SISTEMA-NOVO-51_2024-10-28_18-52-14_png_2024-10-28_18-52-14.webp.webp?fit=1200%2C675&ssl=1&resize=350%2C200 1x, https:\/\/i0.wp.com\/noticiasribeiraopreto.com.br\/wp-content\/uploads\/2024\/10\/Copia-de-Copia-de-Copia-de-TAMANHO-EXATO-PARA-FOTOS-NO-SISTEMA-NOVO-51_2024-10-28_18-52-14_png_2024-10-28_18-52-14.webp.webp?fit=1200%2C675&ssl=1&resize=525%2C300 1.5x, https:\/\/i0.wp.com\/noticiasribeiraopreto.com.br\/wp-content\/uploads\/2024\/10\/Copia-de-Copia-de-Copia-de-TAMANHO-EXATO-PARA-FOTOS-NO-SISTEMA-NOVO-51_2024-10-28_18-52-14_png_2024-10-28_18-52-14.webp.webp?fit=1200%2C675&ssl=1&resize=700%2C400 2x, https:\/\/i0.wp.com\/noticiasribeiraopreto.com.br\/wp-content\/uploads\/2024\/10\/Copia-de-Copia-de-Copia-de-TAMANHO-EXATO-PARA-FOTOS-NO-SISTEMA-NOVO-51_2024-10-28_18-52-14_png_2024-10-28_18-52-14.webp.webp?fit=1200%2C675&ssl=1&resize=1050%2C600 3x"},"classes":[]},{"id":58989,"url":"https:\/\/noticiasribeiraopreto.com.br\/index.php\/2024\/10\/11\/jovem-morre-apos-batida-entre-carro-e-onibus-na-regiao-de-ribeirao-preto\/","url_meta":{"origin":27908,"position":5},"title":"Jovem morre ap\u00f3s batida entre carro e \u00f4nibus na regi\u00e3o de Ribeir\u00e3o Preto","author":"noticiasribeiraopreto.com.br","date":"11 de October de 2024","format":false,"excerpt":"Um jovem de 23 anos morreu na madrugada desta sexta-feira (11), ap\u00f3s uma batida entre um carro e um \u00f4nibus na estrada vicinal Jorge Luiz, em S\u00e3o Jos\u00e9 da Bela Vista, cidade a aproximadamente 80 quil\u00f4metros de Ribeir\u00e3o Preto. Segundo o boletim de ocorr\u00eancia (BO), Guilherme Pereira Teles dirigia o\u2026","rel":"","context":"In &quot;Not\u00edcias de Ribeir\u00e3o Preto-SP e Regi\u00e3o&quot;","block_context":{"text":"Not\u00edcias de Ribeir\u00e3o Preto-SP e Regi\u00e3o","link":"https:\/\/noticiasribeiraopreto.com.br\/index.php\/category\/noticias-de-ribeirao-preto-sp-e-regiao-ismael-colosi\/"},"img":{"alt_text":"","src":"https:\/\/i0.wp.com\/noticiasribeiraopreto.com.br\/wp-content\/uploads\/2024\/10\/WhatsApp-Image-2024-10-11-at-10.26.55_2024-10-11_13-27-56_jpeg_2024-10-11_13-27-56.webp.webp?fit=1200%2C675&ssl=1&resize=350%2C200","width":350,"height":200,"srcset":"https:\/\/i0.wp.com\/noticiasribeiraopreto.com.br\/wp-content\/uploads\/2024\/10\/WhatsApp-Image-2024-10-11-at-10.26.55_2024-10-11_13-27-56_jpeg_2024-10-11_13-27-56.webp.webp?fit=1200%2C675&ssl=1&resize=350%2C200 1x, https:\/\/i0.wp.com\/noticiasribeiraopreto.com.br\/wp-content\/uploads\/2024\/10\/WhatsApp-Image-2024-10-11-at-10.26.55_2024-10-11_13-27-56_jpeg_2024-10-11_13-27-56.webp.webp?fit=1200%2C675&ssl=1&resize=525%2C300 1.5x, https:\/\/i0.wp.com\/noticiasribeiraopreto.com.br\/wp-content\/uploads\/2024\/10\/WhatsApp-Image-2024-10-11-at-10.26.55_2024-10-11_13-27-56_jpeg_2024-10-11_13-27-56.webp.webp?fit=1200%2C675&ssl=1&resize=700%2C400 2x, https:\/\/i0.wp.com\/noticiasribeiraopreto.com.br\/wp-content\/uploads\/2024\/10\/WhatsApp-Image-2024-10-11-at-10.26.55_2024-10-11_13-27-56_jpeg_2024-10-11_13-27-56.webp.webp?fit=1200%2C675&ssl=1&resize=1050%2C600 3x"},"classes":[]}],"jetpack_sharing_enabled":true,"jetpack_shortlink":"https:\/\/wp.me\/peQAOb-7g8","_links":{"self":[{"href":"https:\/\/noticiasribeiraopreto.com.br\/index.php\/wp-json\/wp\/v2\/posts\/27908","targetHints":{"allow":["GET"]}}],"collection":[{"href":"https:\/\/noticiasribeiraopreto.com.br\/index.php\/wp-json\/wp\/v2\/posts"}],"about":[{"href":"https:\/\/noticiasribeiraopreto.com.br\/index.php\/wp-json\/wp\/v2\/types\/post"}],"author":[{"embeddable":true,"href":"https:\/\/noticiasribeiraopreto.com.br\/index.php\/wp-json\/wp\/v2\/users\/1"}],"replies":[{"embeddable":true,"href":"https:\/\/noticiasribeiraopreto.com.br\/index.php\/wp-json\/wp\/v2\/comments?post=27908"}],"version-history":[{"count":0,"href":"https:\/\/noticiasribeiraopreto.com.br\/index.php\/wp-json\/wp\/v2\/posts\/27908\/revisions"}],"wp:featuredmedia":[{"embeddable":true,"href":"https:\/\/noticiasribeiraopreto.com.br\/index.php\/wp-json\/wp\/v2\/media\/27909"}],"wp:attachment":[{"href":"https:\/\/noticiasribeiraopreto.com.br\/index.php\/wp-json\/wp\/v2\/media?parent=27908"}],"wp:term":[{"taxonomy":"category","embeddable":true,"href":"https:\/\/noticiasribeiraopreto.com.br\/index.php\/wp-json\/wp\/v2\/categories?post=27908"},{"taxonomy":"post_tag","embeddable":true,"href":"https:\/\/noticiasribeiraopreto.com.br\/index.php\/wp-json\/wp\/v2\/tags?post=27908"}],"curies":[{"name":"wp","href":"https:\/\/api.w.org\/{rel}","templated":true}]}}