{"id":27919,"date":"2024-01-13T20:43:04","date_gmt":"2024-01-13T23:43:04","guid":{"rendered":"https:\/\/noticiasribeiraopreto.com.br\/index.php\/2024\/01\/13\/beneficios-do-inss-avancam-371\/"},"modified":"2024-01-13T20:43:04","modified_gmt":"2024-01-13T23:43:04","slug":"beneficios-do-inss-avancam-371","status":"publish","type":"post","link":"https:\/\/noticiasribeiraopreto.com.br\/index.php\/2024\/01\/13\/beneficios-do-inss-avancam-371\/","title":{"rendered":"Benef\u00edcios do INSS\u00a0avan\u00e7am 3,71% \u00a0"},"content":{"rendered":"<div class='code-block code-block-1' style='margin: 8px 0 8px auto; text-align: right; display: block; clear: both;'>\n<p><a href=\"https:\/\/wa.link\/vpicfd\"><img data-recalc-dims=\"1\" class=\"wp-image-4922\" style=\"aspect-ratio: 2.0253164556962027; width: 561px; height: auto;\" src=\"https:\/\/i0.wp.com\/ismaelcolosi.com.br\/wp-content\/uploads\/2023\/11\/grupo-de-empregos-whatsapp-e-facebook-ismael-colosi-vagas.jpg?ssl=1\" alt=\"\" \/><\/a><\/p>\n<!-- \/wp:image -->\n<\/div>\n<p> <br \/>\n<\/p>\n<div>\n<p><span data-contrast=\"auto\">Os minist\u00e9rios da Previd\u00eancia Social e da Fazenda editaram Portaria Interministerial, publicada no Di\u00e1rio Oficial da Uni\u00e3o desta sexta-feira, 12 de janeiro, que disp\u00f5e sobre o reajuste dos benef\u00edcios pagos pelo Instituto Nacional do Seguro Social (INSS) e demais valores constantes do Regulamento da Previd\u00eancia Social (RPS). <\/span><\/p>\n<p><span data-contrast=\"auto\">De acordo com a portaria, os benef\u00edcios pagos pelo INSS ser\u00e3o reajustados, a partir de 1\u00ba de janeiro de 2024, em 3,71%. A norma tamb\u00e9m determina que, retroativo ao primeiro dia do ano, o sal\u00e1rio do benef\u00edcio e o sal\u00e1rio de contribui\u00e7\u00e3o n\u00e3o poder\u00e3o ser inferiores a R$ 1.412 \u2013 valor do sal\u00e1rio m\u00ednimo para este ano \u2013, nem superiores a R$ 7.786,02. S\u00e3o aposentadorias, aux\u00edlio-doen\u00e7a, aux\u00edlio-reclus\u00e3o e pens\u00e3o por morte<\/span><\/p>\n<p><span data-contrast=\"auto\">Tamb\u00e9m n\u00e3o poder\u00e3o ter valores inferiores a R$ 1.412 os benef\u00edcios de presta\u00e7\u00e3o continuada pagos pelo INSS correspondentes a aposentadorias, aux\u00edlio por incapacidade tempor\u00e1ria e pens\u00e3o por morte; aposentadorias dos aeronautas e pens\u00e3o especial paga \u00e0s v\u00edtimas da s\u00edndrome de talidomida. A Portaria traz todos os valores para demais benef\u00edcios assistenciais pagos pelo INSS.<\/span><\/p>\n<p><span data-contrast=\"auto\">Com o aumento do sal\u00e1rio m\u00ednimo para R$ 1.412 a al\u00edquota progressiva de contribui\u00e7\u00e3o para fins de recolhimento ao Instituto Nacional do Seguro Social (INSS) tamb\u00e9m foi alterada. Ser\u00e1 de 7,5% para quem recebe um sal\u00e1rio m\u00ednimo; de 9% para quem ganha entre R$ 1.412,01 a R$ 2.666,68; de 12% entre R$ 2.666,69 a R$ 4.000,03; e de 14% de R$ 4.000,04 a R$ 7.786,02.<\/span><\/p>\n<p><span data-contrast=\"auto\">O INSS come\u00e7ar\u00e1 a pagar os benef\u00edcios de janeiro no fim do m\u00eas. Para quem ganha um sal\u00e1rio m\u00ednimo, o pagamento da aposentadoria, pens\u00e3o ou aux\u00edlio ser\u00e1 feito entre 25 de janeiro e 7 de fevereiro. Quem recebe al\u00e9m do m\u00ednimo ter\u00e1 o benef\u00edcio depositado entre 1\u00ba e 7 de fevereiro.<\/span><\/p>\n<p><span data-contrast=\"auto\">Atualmente, 25.931.724 pessoas recebem at\u00e9 um sal\u00e1rio m\u00ednimo e 13.370.823 acima do piso nacional. Desse total, 5,8 milh\u00f5es ganham benef\u00edcios assistenciais, segundo dados da folha de pagamento de dezembro. Seguindo o cronograma, a partir do dia 23 de janeiro os benefici\u00e1rios poder\u00e3o consultar o extrato de pagamento para verificar quanto v\u00e3o receber.\u00a0<\/span><span data-ccp-props=\"{&quot;201341983&quot;:0,&quot;335559739&quot;:200,&quot;335559740&quot;:276}\">\u00a0<\/span><\/p>\n<p><span data-contrast=\"auto\">Os segurados que se aposentaram ou come\u00e7aram a receber pens\u00e3o ou aux\u00edlio ao longo de 2023 e t\u00eam benef\u00edcios acima do m\u00ednimo n\u00e3o receber\u00e3o integralmente o reajuste. Neste caso, a corre\u00e7\u00e3o ser\u00e1 proporcional ao n\u00famero de meses em que o benef\u00edcio foi concedido.<\/span><\/p>\n<p><span data-contrast=\"auto\">A corre\u00e7\u00e3o tem por base o \u00cdndice Nacional de Pre\u00e7os ao Consumidor (INPC), que passou foi de 0,55% em dezembro, ap\u00f3s uma alta de 0,10% em novembro, segundo dados divulgados do Instituto Brasileiro de Geografia e Estat\u00edstica (IBGE). Com o resultado, o \u00edndice acumulou uma eleva\u00e7\u00e3o de 3,71% no ano passado. Em 2022, havia sido de 5,93%. No acumulado de 2023, houve alta de 0,33% nos produtos aliment\u00edcios e de 4,83% nos n\u00e3o aliment\u00edcios. <\/span><\/p>\n<p><span data-contrast=\"auto\">Em dezembro do ano passado, os pre\u00e7os dos produtos aliment\u00edcios aceleraram (de 0,57% para 1,20%). Os n\u00e3o aliment\u00edcios tamb\u00e9m registraram varia\u00e7\u00f5es maiores (0,35% em dezembro contra -0,05% no m\u00eas anterior). O indexador mede a varia\u00e7\u00e3o dos pre\u00e7os para as fam\u00edlias com renda de um a cinco sal\u00e1rios m\u00ednimos (entre R$ 1.412 e R$ 7.060) e chefiadas por assalariados.<\/span><\/p>\n<p><span data-contrast=\"auto\">Em fevereiro de 2020, a prefeitura de Ribeir\u00e3o Preto conseguiu aprovar, na C\u00e2mara de Vereadores, a nova previd\u00eancia municipal. Todos os servidores concursados que foram admitidos de mar\u00e7o daquele ano para c\u00e1, quando se aposentarem, v\u00e3o receber o teto do Instituto Nacional de Seguridade Social (INSS).<\/span><\/p>\n<p><span data-contrast=\"auto\">Em Ribeir\u00e3o Preto, o teto legal para pagamento de aposentadorias e pens\u00f5es do Instituto de Previd\u00eancia dos Municipi\u00e1rios (IPM) tamb\u00e9m vai subir de R$ R$ 7.087,22 para R$ 7.786,02, mas o primeiro servidor a ter essa restri\u00e7\u00e3o de pagamento s\u00f3 vai se aposentar este ano. Quem quiser receber um valor maior quando estiver na inatividade ter\u00e1 de pagar aposentadoria complementar. <\/span><\/p>\n<p><span data-contrast=\"auto\">A al\u00edquota de dos funcion\u00e1rios p\u00fablicos da ativa saltou de 11% para 14% do sal\u00e1rio bruto. J\u00e1 a fatia da prefeitura passou de 22% para 28%. At\u00e9 o in\u00edcio de agosto do ano passado, o Instituto de Previd\u00eancia dos Municipi\u00e1rios atendia 5.117 aposentados e 1.486 pensionistas, 6.603 pessoas no total.<\/span><\/p>\n<p><b><span data-contrast=\"auto\">Os novos valores do <\/span><\/b>\u00a0<b><span data-contrast=\"auto\">seguro-desemprego <\/span><\/b><br \/><span data-contrast=\"auto\">O Minist\u00e9rio do Trabalho e Emprego atualizou a tabela anual do seguro-desemprego para 2024. A corre\u00e7\u00e3o levou em conta o \u00cdndice Nacional de Pre\u00e7os ao consumidor (INPC) de 2023, divulgado na quinta-feira (11) pelo Instituto Brasileiro de Geografia e Estat\u00edstica (IBGE), que foi de 3,71%.<\/span><\/p>\n<p><span data-contrast=\"auto\">A nova tabela para os trabalhadores que tiverem direito ao benef\u00edcio tamb\u00e9m entrou em vigor anteontem. Com isso, o valor do benef\u00edcio seguro-desemprego n\u00e3o ser\u00e1 inferior ao valor correspondente do sal\u00e1rio m\u00ednimo vigente, R$ 1.412. J\u00e1 os trabalhadores que tenham recebido sal\u00e1rios m\u00e9dios acima de R$ 3.402,65 ter\u00e3o direito, invariavelmente, ao seguro-desemprego no valor de R$ 2.313,74.<\/span><\/p>\n<\/div>\n<p><br \/>\n<br \/><a href=\"https:\/\/www.tribunaribeirao.com.br\/site\/beneficios-do-inss-avancam-371\/\">Source link <\/a><\/p>\n<!-- CONTENT END 1 -->\n","protected":false},"excerpt":{"rendered":"<p>Os minist\u00e9rios da Previd\u00eancia Social e da Fazenda editaram Portaria Interministerial, publicada no Di\u00e1rio Oficial da Uni\u00e3o desta sexta-feira, 12 de janeiro, que disp\u00f5e sobre&#8230;<\/p>\n","protected":false},"author":1,"featured_media":27920,"comment_status":"open","ping_status":"open","sticky":false,"template":"","format":"standard","meta":{"advanced_seo_description":"","jetpack_seo_html_title":"","jetpack_seo_noindex":false,"jetpack_post_was_ever_published":false,"_jetpack_newsletter_access":"","_jetpack_dont_email_post_to_subs":false,"_jetpack_newsletter_tier_id":0,"_jetpack_memberships_contains_paywalled_content":false,"_jetpack_memberships_contains_paid_content":false,"footnotes":"","jetpack_publicize_message":"","jetpack_publicize_feature_enabled":true,"jetpack_social_post_already_shared":true,"jetpack_social_options":{"image_generator_settings":{"template":"highway","default_image_id":0,"font":"","enabled":false},"version":2}},"categories":[11],"tags":[3399,3487],"class_list":["post-27919","post","type-post","status-publish","format-standard","has-post-thumbnail","hentry","category-noticias-de-ribeirao-preto-sp-e-regiao-ismael-colosi","tag-beneficios","tag-inssavancam"],"jetpack_publicize_connections":[],"jetpack_featured_media_url":"https:\/\/i0.wp.com\/noticiasribeiraopreto.com.br\/wp-content\/uploads\/2024\/01\/INSS-Tony-Winston-Agencia-Brasilia-scaled.jpeg?fit=1000%2C598&ssl=1","jetpack-related-posts":[{"id":27266,"url":"https:\/\/noticiasribeiraopreto.com.br\/index.php\/2024\/01\/11\/beneficios-do-inss-acima-do-minimo-terao-reajuste-de-371\/","url_meta":{"origin":27919,"position":0},"title":"Benef\u00edcios do INSS acima do m\u00ednimo ter\u00e3o reajuste de 3,71% \u2013 Folha de Ribeir\u00e3o","author":"noticiasribeiraopreto.com.br","date":"11 de January de 2024","format":false,"excerpt":"Os benef\u00edcios do Instituto Nacional do Seguro Social (INSS) acima de um sal\u00e1rio m\u00ednimo subir\u00e3o 3,71% neste ano, confirmou hoje (11) o Minist\u00e9rio da Previd\u00eancia Social. O reajuste seguir\u00e1 o \u00cdndice Nacional de Pre\u00e7os ao Consumidor (INPC) do ano passado, divulgado mais cedo pelo Instituto Brasileiro de Geografia e Estat\u00edstica\u2026","rel":"","context":"In &quot;Not\u00edcias de Ribeir\u00e3o Preto-SP e Regi\u00e3o&quot;","block_context":{"text":"Not\u00edcias de Ribeir\u00e3o Preto-SP e Regi\u00e3o","link":"https:\/\/noticiasribeiraopreto.com.br\/index.php\/category\/noticias-de-ribeirao-preto-sp-e-regiao-ismael-colosi\/"},"img":{"alt_text":"","src":"","width":0,"height":0},"classes":[]},{"id":27445,"url":"https:\/\/noticiasribeiraopreto.com.br\/index.php\/2024\/01\/12\/teto-do-inss-supera-os-r-7-700-com-reajuste-para-aposentadorias-acima-do-salario-minimo\/","url_meta":{"origin":27919,"position":1},"title":"Teto do INSS supera os R$ 7.700 com reajuste para aposentadorias acima do sal\u00e1rio m\u00ednimo","author":"noticiasribeiraopreto.com.br","date":"12 de January de 2024","format":false,"excerpt":"A portaria que reajusta em 3,71% os benef\u00edcios do Instituto Nacional do Seguro Social (INSS) acima de um sal\u00e1rio m\u00ednimo foi publicada nesta sexta-feira (12) no Di\u00e1rio Oficial da Uni\u00e3o. Com a defini\u00e7\u00e3o do \u00edndice de reajuste \u2014 que segue o \u00cdndice Nacional de Pre\u00e7os ao Consumidor (INPC) do ano\u2026","rel":"","context":"In &quot;Dinheiro e Investimento&quot;","block_context":{"text":"Dinheiro e Investimento","link":"https:\/\/noticiasribeiraopreto.com.br\/index.php\/category\/dinheiro-e-investimento-como-fazer-como-ganhar\/"},"img":{"alt_text":"","src":"https:\/\/i0.wp.com\/noticiasribeiraopreto.com.br\/wp-content\/uploads\/2024\/01\/inss-628x353.jpg?fit=628%2C353&ssl=1&resize=350%2C200","width":350,"height":200,"srcset":"https:\/\/i0.wp.com\/noticiasribeiraopreto.com.br\/wp-content\/uploads\/2024\/01\/inss-628x353.jpg?fit=628%2C353&ssl=1&resize=350%2C200 1x, https:\/\/i0.wp.com\/noticiasribeiraopreto.com.br\/wp-content\/uploads\/2024\/01\/inss-628x353.jpg?fit=628%2C353&ssl=1&resize=525%2C300 1.5x"},"classes":[]},{"id":21823,"url":"https:\/\/noticiasribeiraopreto.com.br\/index.php\/2023\/12\/28\/inss-vai-pagar-novo-salario-minimo-a-aposentados-em-2024-confira-valor\/","url_meta":{"origin":27919,"position":2},"title":"INSS vai pagar NOVO Sal\u00e1rio M\u00ednimo a Aposentados em 2024; confira valor","author":"noticiasribeiraopreto.com.br","date":"28 de December de 2023","format":false,"excerpt":"O governo brasileiro anunciou recentemente que o valor do sal\u00e1rio m\u00ednimo em 2024 ser\u00e1 de R$ 1.412, um aumento de R$ 92 em rela\u00e7\u00e3o ao valor atual de R$ 1.320. Este ajuste n\u00e3o s\u00f3 afeta aqueles que recebem o sal\u00e1rio m\u00ednimo, mas tamb\u00e9m ter\u00e1 um impacto significativo em v\u00e1rias outras\u2026","rel":"","context":"In &quot;Vagas de Emprego em Ribeir\u00e3o Preto-SP&quot;","block_context":{"text":"Vagas de Emprego em Ribeir\u00e3o Preto-SP","link":"https:\/\/noticiasribeiraopreto.com.br\/index.php\/category\/empregos-classificados-vagas-trabalho\/vagas-de-empregos-em-ribeirao-preto-regiao-brasil\/"},"img":{"alt_text":"","src":"","width":0,"height":0},"classes":[]},{"id":16039,"url":"https:\/\/noticiasribeiraopreto.com.br\/index.php\/2023\/12\/14\/calendario-de-pagamentos-de-beneficios-2024-divulgado-confira-as-datas\/","url_meta":{"origin":27919,"position":3},"title":"calend\u00e1rio de pagamentos de benef\u00edcios 2024 divulgado; Confira as datas","author":"noticiasribeiraopreto.com.br","date":"14 de December de 2023","format":false,"excerpt":"O Instituto Nacional do Seguro Social (INSS) divulgou o calend\u00e1rio de pagamentos de benef\u00edcios para 2024. O calend\u00e1rio \u00e9 dividido em dois grupos: segurados que recebem at\u00e9 um sal\u00e1rio m\u00ednimo e segurados que recebem acima de um sal\u00e1rio m\u00ednimo. Os segurados que recebem at\u00e9 um sal\u00e1rio m\u00ednimo ter\u00e3o seus benef\u00edcios\u2026","rel":"","context":"In &quot;Vagas de Emprego em Ribeir\u00e3o Preto-SP&quot;","block_context":{"text":"Vagas de Emprego em Ribeir\u00e3o Preto-SP","link":"https:\/\/noticiasribeiraopreto.com.br\/index.php\/category\/empregos-classificados-vagas-trabalho\/vagas-de-empregos-em-ribeirao-preto-regiao-brasil\/"},"img":{"alt_text":"","src":"https:\/\/i0.wp.com\/noticiasribeiraopreto.com.br\/wp-content\/uploads\/2023\/12\/0ee07355-cb76-4211-9481-fb35a2657a5a.png?fit=768%2C537&ssl=1&resize=350%2C200","width":350,"height":200,"srcset":"https:\/\/i0.wp.com\/noticiasribeiraopreto.com.br\/wp-content\/uploads\/2023\/12\/0ee07355-cb76-4211-9481-fb35a2657a5a.png?fit=768%2C537&ssl=1&resize=350%2C200 1x, https:\/\/i0.wp.com\/noticiasribeiraopreto.com.br\/wp-content\/uploads\/2023\/12\/0ee07355-cb76-4211-9481-fb35a2657a5a.png?fit=768%2C537&ssl=1&resize=525%2C300 1.5x, https:\/\/i0.wp.com\/noticiasribeiraopreto.com.br\/wp-content\/uploads\/2023\/12\/0ee07355-cb76-4211-9481-fb35a2657a5a.png?fit=768%2C537&ssl=1&resize=700%2C400 2x"},"classes":[]},{"id":23492,"url":"https:\/\/noticiasribeiraopreto.com.br\/index.php\/2024\/01\/02\/otima-noticia-no-inicio-de-2024-para-aposentados-que-ganham-mais-que-o-minimo-2\/","url_meta":{"origin":27919,"position":4},"title":"\u00d3TIMA NOT\u00cdCIA no in\u00edcio de 2024 para aposentados que ganham mais que o m\u00ednimo","author":"noticiasribeiraopreto.com.br","date":"2 de January de 2024","format":false,"excerpt":"Uma \u00f3tima not\u00edcia no in\u00edcio de 2024 para aposentados que ganham mais que um sal\u00e1rio m\u00ednimo. O INSS iniciou o pagamento para este grupo nesta ter\u00e7a-feira (2). Segundo informa\u00e7\u00f5es do Minist\u00e9rio da Previd\u00eancia Social, 37 milh\u00f5es de pessoas ser\u00e3o contempladas com os repasses ao longo do calend\u00e1rio de dezembro.\u00a0\u00a0 As\u2026","rel":"","context":"In &quot;Vagas de Emprego em Ribeir\u00e3o Preto-SP&quot;","block_context":{"text":"Vagas de Emprego em Ribeir\u00e3o Preto-SP","link":"https:\/\/noticiasribeiraopreto.com.br\/index.php\/category\/empregos-classificados-vagas-trabalho\/vagas-de-empregos-em-ribeirao-preto-regiao-brasil\/"},"img":{"alt_text":"","src":"https:\/\/i0.wp.com\/noticiasribeiraopreto.com.br\/wp-content\/uploads\/2024\/01\/novo-lula-evento-agencia-brasil-2.jpg?fit=1200%2C675&ssl=1&resize=350%2C200","width":350,"height":200,"srcset":"https:\/\/i0.wp.com\/noticiasribeiraopreto.com.br\/wp-content\/uploads\/2024\/01\/novo-lula-evento-agencia-brasil-2.jpg?fit=1200%2C675&ssl=1&resize=350%2C200 1x, https:\/\/i0.wp.com\/noticiasribeiraopreto.com.br\/wp-content\/uploads\/2024\/01\/novo-lula-evento-agencia-brasil-2.jpg?fit=1200%2C675&ssl=1&resize=525%2C300 1.5x, https:\/\/i0.wp.com\/noticiasribeiraopreto.com.br\/wp-content\/uploads\/2024\/01\/novo-lula-evento-agencia-brasil-2.jpg?fit=1200%2C675&ssl=1&resize=700%2C400 2x, https:\/\/i0.wp.com\/noticiasribeiraopreto.com.br\/wp-content\/uploads\/2024\/01\/novo-lula-evento-agencia-brasil-2.jpg?fit=1200%2C675&ssl=1&resize=1050%2C600 3x"},"classes":[]},{"id":68304,"url":"https:\/\/noticiasribeiraopreto.com.br\/index.php\/2025\/04\/24\/inss-libera-primeira-parcela-do-13o\/","url_meta":{"origin":27919,"position":5},"title":"INSS libera primeira parcela do 13\u00ba \u00a0","author":"noticiasribeiraopreto.com.br","date":"24 de April de 2025","format":false,"excerpt":"O Instituto Nacional do Seguro Social (INSS) credita nesta quinta-feira, 24 de abril, a primeira parcela do d\u00e9cimo terceiro sal\u00e1rio e o pagamento do m\u00eas para 34,2 milh\u00f5es de aposentados, pensionistas e benefici\u00e1rios de aux\u00edlios pagos pelo \u00f3rg\u00e3o. Os valores podem ser consultados via Central de Atendimento 135 ou pelo\u2026","rel":"","context":"In &quot;Not\u00edcias de Ribeir\u00e3o Preto-SP e Regi\u00e3o&quot;","block_context":{"text":"Not\u00edcias de Ribeir\u00e3o Preto-SP e Regi\u00e3o","link":"https:\/\/noticiasribeiraopreto.com.br\/index.php\/category\/noticias-de-ribeirao-preto-sp-e-regiao-ismael-colosi\/"},"img":{"alt_text":"","src":"https:\/\/i0.wp.com\/noticiasribeiraopreto.com.br\/wp-content\/uploads\/2025\/04\/Apose13-Fernando-Frazao-Ag.Br_.-2.jpg?fit=1170%2C700&ssl=1&resize=350%2C200","width":350,"height":200,"srcset":"https:\/\/i0.wp.com\/noticiasribeiraopreto.com.br\/wp-content\/uploads\/2025\/04\/Apose13-Fernando-Frazao-Ag.Br_.-2.jpg?fit=1170%2C700&ssl=1&resize=350%2C200 1x, https:\/\/i0.wp.com\/noticiasribeiraopreto.com.br\/wp-content\/uploads\/2025\/04\/Apose13-Fernando-Frazao-Ag.Br_.-2.jpg?fit=1170%2C700&ssl=1&resize=525%2C300 1.5x, https:\/\/i0.wp.com\/noticiasribeiraopreto.com.br\/wp-content\/uploads\/2025\/04\/Apose13-Fernando-Frazao-Ag.Br_.-2.jpg?fit=1170%2C700&ssl=1&resize=700%2C400 2x, https:\/\/i0.wp.com\/noticiasribeiraopreto.com.br\/wp-content\/uploads\/2025\/04\/Apose13-Fernando-Frazao-Ag.Br_.-2.jpg?fit=1170%2C700&ssl=1&resize=1050%2C600 3x"},"classes":[]}],"jetpack_sharing_enabled":true,"jetpack_shortlink":"https:\/\/wp.me\/peQAOb-7gj","_links":{"self":[{"href":"https:\/\/noticiasribeiraopreto.com.br\/index.php\/wp-json\/wp\/v2\/posts\/27919","targetHints":{"allow":["GET"]}}],"collection":[{"href":"https:\/\/noticiasribeiraopreto.com.br\/index.php\/wp-json\/wp\/v2\/posts"}],"about":[{"href":"https:\/\/noticiasribeiraopreto.com.br\/index.php\/wp-json\/wp\/v2\/types\/post"}],"author":[{"embeddable":true,"href":"https:\/\/noticiasribeiraopreto.com.br\/index.php\/wp-json\/wp\/v2\/users\/1"}],"replies":[{"embeddable":true,"href":"https:\/\/noticiasribeiraopreto.com.br\/index.php\/wp-json\/wp\/v2\/comments?post=27919"}],"version-history":[{"count":0,"href":"https:\/\/noticiasribeiraopreto.com.br\/index.php\/wp-json\/wp\/v2\/posts\/27919\/revisions"}],"wp:featuredmedia":[{"embeddable":true,"href":"https:\/\/noticiasribeiraopreto.com.br\/index.php\/wp-json\/wp\/v2\/media\/27920"}],"wp:attachment":[{"href":"https:\/\/noticiasribeiraopreto.com.br\/index.php\/wp-json\/wp\/v2\/media?parent=27919"}],"wp:term":[{"taxonomy":"category","embeddable":true,"href":"https:\/\/noticiasribeiraopreto.com.br\/index.php\/wp-json\/wp\/v2\/categories?post=27919"},{"taxonomy":"post_tag","embeddable":true,"href":"https:\/\/noticiasribeiraopreto.com.br\/index.php\/wp-json\/wp\/v2\/tags?post=27919"}],"curies":[{"name":"wp","href":"https:\/\/api.w.org\/{rel}","templated":true}]}}