{"id":27943,"date":"2024-01-13T23:30:50","date_gmt":"2024-01-14T02:30:50","guid":{"rendered":"https:\/\/noticiasribeiraopreto.com.br\/index.php\/2024\/01\/13\/videos-trazem-imagens-do-resgate-dos-corpos-e-do-helicoptero-completamente-destruido-aeronave-ficou-12-dias-desaparecida\/"},"modified":"2024-01-13T23:30:50","modified_gmt":"2024-01-14T02:30:50","slug":"videos-trazem-imagens-do-resgate-dos-corpos-e-do-helicoptero-completamente-destruido-aeronave-ficou-12-dias-desaparecida","status":"publish","type":"post","link":"https:\/\/noticiasribeiraopreto.com.br\/index.php\/2024\/01\/13\/videos-trazem-imagens-do-resgate-dos-corpos-e-do-helicoptero-completamente-destruido-aeronave-ficou-12-dias-desaparecida\/","title":{"rendered":"V\u00eddeos trazem imagens do resgate dos corpos e do helic\u00f3ptero completamente destru\u00eddo \u2013 Aeronave ficou 12 dias desaparecida"},"content":{"rendered":"<div class='code-block code-block-1' style='margin: 8px 0 8px auto; text-align: right; display: block; clear: both;'>\n<p><a href=\"https:\/\/wa.link\/vpicfd\"><img data-recalc-dims=\"1\" class=\"wp-image-4922\" style=\"aspect-ratio: 2.0253164556962027; width: 561px; height: auto;\" src=\"https:\/\/i0.wp.com\/ismaelcolosi.com.br\/wp-content\/uploads\/2023\/11\/grupo-de-empregos-whatsapp-e-facebook-ismael-colosi-vagas.jpg?ssl=1\" alt=\"\" \/><\/a><\/p>\n<!-- \/wp:image -->\n<\/div>\n<p> <br \/>\n<\/p>\n<div itemprop=\"text\">\n<p>O helic\u00f3ptero que se acidentou em uma regi\u00e3o de mata fechada que fica no munic\u00edpio de Paraibuna, localizada no interior do estado de S\u00e3o Paulo, sofreu danos irrepar\u00e1veis. As imagens divulgadas neste s\u00e1bado (13) exibem destro\u00e7os da aeronave e pertences das v\u00edtimas no local do ocorrido.<\/p>\n<p>Na manh\u00e3 da \u00faltima sexta-feira (12), a localiza\u00e7\u00e3o do helic\u00f3ptero foi confirmada ap\u00f3s uma opera\u00e7\u00e3o que envolveu esfor\u00e7os das for\u00e7as de seguran\u00e7a ao longo de 12 dias de intensas buscas. Infelizmente, todos os quatro ocupantes da aeronave perderam a vida no tr\u00e1gico acidente.<\/p>\n<p><a href=\"http:\/\/g1.globo.com\/sp\/vale-do-paraiba-regiao\/video\/helicoptero-que-caiu-em-area-de-mata-ficou-completamente-destruido-12264722.ghtml\" target=\"_blank\" rel=\"nofollow noopener\">V\u00cdDEO N\u00ba1<\/a><\/p>\n<p>Desde o momento em que a aeronave foi localizada, as equipes de busca e resgate est\u00e3o trabalhado arduamente para remover tanto os corpos quanto os destro\u00e7os. Devido \u00e0s condi\u00e7\u00f5es meteorol\u00f3gicas desfavor\u00e1veis na regi\u00e3o de Paraibuna, a retirada dos corpos das v\u00edtimas teve que ser realizada por terra.<\/p>\n<p><img data-recalc-dims=\"1\" decoding=\"async\" src=\"https:\/\/i0.wp.com\/fnmais.com\/wp-content\/uploads\/2024\/01\/postiimg-65a3439d3e8b18194.jpg?ssl=1\" alt=\"Bombeiros pernoitam para preservar rea onde helicptero foi encontrado em Paraibuna Foto DivulgaoCorpo de Bombeiros\"\/><\/p>\n<p>Durante a noite, policiais militares e bombeiros permaneceram no local do acidente, abrindo uma trilha atrav\u00e9s da mata. Ao amanhecer, as equipes seguiram por essa trilha at\u00e9 alcan\u00e7arem uma estrada de terra, onde os corpos foram acomodados em um ve\u00edculo para serem transportados at\u00e9 o Instituto M\u00e9dico Legal (IML) de S\u00e3o Jos\u00e9 dos Campos.<\/p>\n<p><img data-recalc-dims=\"1\" decoding=\"async\" src=\"https:\/\/i0.wp.com\/fnmais.com\/wp-content\/uploads\/2024\/01\/postiimg-65a343a0224238857.jpg?ssl=1\" alt=\"\"\/><img alt=\"\"\/><\/p>\n<p>Os corpos foram recebidos no Instituto M\u00e9dico Legal (IML) por volta das 14h40. Conforme informa\u00e7\u00f5es da SSP, eles foram submetidos a exames necrosc\u00f3picos e, ap\u00f3s a autoriza\u00e7\u00e3o para libera\u00e7\u00e3o, encaminhados ao IML Central, onde ser\u00e3o disponibilizados aos familiares. A sa\u00edda dos corpos da cidade ocorreu no final da tarde deste s\u00e1bado.<\/p>\n<p>Clemente Calvo Castilho, delegado da Divis\u00e3o de Opera\u00e7\u00f5es Especiais, comunicou que a identifica\u00e7\u00e3o dos corpos ocorreu por meio da coleta de DNA e das impress\u00f5es digitais, eliminando assim a necessidade de reconhecimento por parte das fam\u00edlias das v\u00edtimas.<\/p>\n<p><img data-recalc-dims=\"1\" decoding=\"async\" src=\"https:\/\/i0.wp.com\/fnmais.com\/wp-content\/uploads\/2024\/01\/postiimg-65a343a214f647596.png?ssl=1\" alt=\"Ocupantes do helicptero que estava desaparecido em So Paulo Foto ReproduoTV Globo\"\/><\/p>\n<p><a href=\"https:\/\/globoplay.globo.com\/v\/12264250\/\" target=\"_blank\" rel=\"nofollow noopener\">V\u00cdDEO N\u00ba 2<\/a><\/p>\n<p>Neste mesmo s\u00e1bado, os investigadores da For\u00e7a A\u00e9rea Brasileira finalizaram as an\u00e1lises iniciais no local do acidente como parte da investiga\u00e7\u00e3o das raz\u00f5es que levaram \u00e0 ocorr\u00eancia.<\/p>\n<\/div>\n<p><br \/>\n<br \/><a href=\"https:\/\/fnmais.com\/videos-trazem-imagens-resgate-corpos-helicoptero-completamente-destruido-aeronave-ficou-12-dias-desaparecida\/\">Source link <\/a><\/p>\n<!-- CONTENT END 1 -->\n","protected":false},"excerpt":{"rendered":"<p>O helic\u00f3ptero que se acidentou em uma regi\u00e3o de mata fechada que fica no munic\u00edpio de Paraibuna, localizada no interior do estado de S\u00e3o Paulo,&#8230;<\/p>\n","protected":false},"author":1,"featured_media":27944,"comment_status":"open","ping_status":"open","sticky":false,"template":"","format":"standard","meta":{"advanced_seo_description":"","jetpack_seo_html_title":"","jetpack_seo_noindex":false,"jetpack_post_was_ever_published":false,"_jetpack_newsletter_access":"","_jetpack_dont_email_post_to_subs":false,"_jetpack_newsletter_tier_id":0,"_jetpack_memberships_contains_paywalled_content":false,"_jetpack_memberships_contains_paid_content":false,"footnotes":"","jetpack_publicize_message":"","jetpack_publicize_feature_enabled":true,"jetpack_social_post_already_shared":true,"jetpack_social_options":{"image_generator_settings":{"template":"highway","default_image_id":0,"font":"","enabled":false},"version":2}},"categories":[1],"tags":[],"class_list":["post-27943","post","type-post","status-publish","format-standard","has-post-thumbnail","hentry","category-blog"],"jetpack_publicize_connections":[],"jetpack_featured_media_url":"https:\/\/i0.wp.com\/noticiasribeiraopreto.com.br\/wp-content\/uploads\/2024\/01\/postimg-65a343a5c3e7a8242.jpg?fit=1200%2C628&ssl=1","jetpack-related-posts":[{"id":27528,"url":"https:\/\/noticiasribeiraopreto.com.br\/index.php\/2024\/01\/12\/video-mostra-agentes-da-policia-descendo-de-rapel-em-area-da-mata-em-paraibuna-sp\/","url_meta":{"origin":27943,"position":0},"title":"Video mostra agentes da pol\u00edcia descendo de rapel em \u00e1rea da mata em Paraibuna (SP)","author":"noticiasribeiraopreto.com.br","date":"12 de January de 2024","format":false,"excerpt":"Ap\u00f3s uma busca intensa e angustiante que durou 12 dias, o helic\u00f3ptero que desapareceu misteriosamente em S\u00e3o Paulo foi finalmente localizado.A aeronave, que havia partido do aeroporto de Campo de Marte em S\u00e3o Paulo com destino a Ilhabela, perdeu contato com a torre de controle no dia 31 de dezembro,\u2026","rel":"","context":"In &quot;Blog&quot;","block_context":{"text":"Blog","link":"https:\/\/noticiasribeiraopreto.com.br\/index.php\/category\/blog\/"},"img":{"alt_text":"","src":"https:\/\/i0.wp.com\/noticiasribeiraopreto.com.br\/wp-content\/uploads\/2024\/01\/postimg-65a156175b63c3449.jpg?fit=1200%2C628&ssl=1&resize=350%2C200","width":350,"height":200,"srcset":"https:\/\/i0.wp.com\/noticiasribeiraopreto.com.br\/wp-content\/uploads\/2024\/01\/postimg-65a156175b63c3449.jpg?fit=1200%2C628&ssl=1&resize=350%2C200 1x, https:\/\/i0.wp.com\/noticiasribeiraopreto.com.br\/wp-content\/uploads\/2024\/01\/postimg-65a156175b63c3449.jpg?fit=1200%2C628&ssl=1&resize=525%2C300 1.5x, https:\/\/i0.wp.com\/noticiasribeiraopreto.com.br\/wp-content\/uploads\/2024\/01\/postimg-65a156175b63c3449.jpg?fit=1200%2C628&ssl=1&resize=700%2C400 2x, https:\/\/i0.wp.com\/noticiasribeiraopreto.com.br\/wp-content\/uploads\/2024\/01\/postimg-65a156175b63c3449.jpg?fit=1200%2C628&ssl=1&resize=1050%2C600 3x"},"classes":[]},{"id":27581,"url":"https:\/\/noticiasribeiraopreto.com.br\/index.php\/2024\/01\/12\/helicoptero-que-desapareceu-com-4-pessoas-em-sp-e-encontrado-apos-12-dias-de-busca-e-fab-enviou-equipe-de-resgate-de-sobreviventes\/","url_meta":{"origin":27943,"position":1},"title":"Helic\u00f3ptero que desapareceu com 4 pessoas em SP \u00e9 encontrado ap\u00f3s 12 dias de busca e FAB enviou equipe de resgate de sobreviventes","author":"noticiasribeiraopreto.com.br","date":"12 de January de 2024","format":false,"excerpt":"Na manh\u00e3 desta sexta-feira, dia 12 de janeiro, equipes de buscas conseguiram localizar o helic\u00f3ptero que estava desaparecido desde o dia 31 de dezembro em Paraibuna, em S\u00e3o Paulo.Por enquanto, a Pol\u00edcia Militar informou apenas sobre a localiza\u00e7\u00e3o, n\u00e3o fornecendo grandes detalhes sobre os quatro ocupantes e tamb\u00e9m n\u00e3o h\u00e1\u2026","rel":"","context":"In &quot;Blog&quot;","block_context":{"text":"Blog","link":"https:\/\/noticiasribeiraopreto.com.br\/index.php\/category\/blog\/"},"img":{"alt_text":"","src":"https:\/\/i0.wp.com\/noticiasribeiraopreto.com.br\/wp-content\/uploads\/2024\/01\/postimg-65a14a66eaacb7445.jpg?fit=1200%2C628&ssl=1&resize=350%2C200","width":350,"height":200,"srcset":"https:\/\/i0.wp.com\/noticiasribeiraopreto.com.br\/wp-content\/uploads\/2024\/01\/postimg-65a14a66eaacb7445.jpg?fit=1200%2C628&ssl=1&resize=350%2C200 1x, https:\/\/i0.wp.com\/noticiasribeiraopreto.com.br\/wp-content\/uploads\/2024\/01\/postimg-65a14a66eaacb7445.jpg?fit=1200%2C628&ssl=1&resize=525%2C300 1.5x, https:\/\/i0.wp.com\/noticiasribeiraopreto.com.br\/wp-content\/uploads\/2024\/01\/postimg-65a14a66eaacb7445.jpg?fit=1200%2C628&ssl=1&resize=700%2C400 2x, https:\/\/i0.wp.com\/noticiasribeiraopreto.com.br\/wp-content\/uploads\/2024\/01\/postimg-65a14a66eaacb7445.jpg?fit=1200%2C628&ssl=1&resize=1050%2C600 3x"},"classes":[]},{"id":24468,"url":"https:\/\/noticiasribeiraopreto.com.br\/index.php\/2024\/01\/04\/corpo-e-achado-em-represa-na-regiao-onde-helicoptero-desapareceu-e-policia-se-pronuncia\/","url_meta":{"origin":27943,"position":2},"title":"Corpo \u00e9 achado em represa na regi\u00e3o onde helic\u00f3ptero desapareceu e Pol\u00edcia se pronuncia","author":"noticiasribeiraopreto.com.br","date":"4 de January de 2024","format":false,"excerpt":"Nesta \u00faltima quarta-feira, dia 3 de janeiro, um corpo n\u00e3o identificado foi descoberto em uma represa pr\u00f3xima de Paraibuna e Natividade da Serra, no interior de S\u00e3o Paulo, durante as buscas pelo helic\u00f3ptero desaparecido desde domingo, dia 31 de dezembro.A aeronave partiu da localidade de S\u00e3o Paulo com destino a\u2026","rel":"","context":"In &quot;Blog&quot;","block_context":{"text":"Blog","link":"https:\/\/noticiasribeiraopreto.com.br\/index.php\/category\/blog\/"},"img":{"alt_text":"","src":"https:\/\/i0.wp.com\/noticiasribeiraopreto.com.br\/wp-content\/uploads\/2024\/01\/postimg-6596ce90979919005.jpg?fit=1200%2C628&ssl=1&resize=350%2C200","width":350,"height":200,"srcset":"https:\/\/i0.wp.com\/noticiasribeiraopreto.com.br\/wp-content\/uploads\/2024\/01\/postimg-6596ce90979919005.jpg?fit=1200%2C628&ssl=1&resize=350%2C200 1x, https:\/\/i0.wp.com\/noticiasribeiraopreto.com.br\/wp-content\/uploads\/2024\/01\/postimg-6596ce90979919005.jpg?fit=1200%2C628&ssl=1&resize=525%2C300 1.5x, https:\/\/i0.wp.com\/noticiasribeiraopreto.com.br\/wp-content\/uploads\/2024\/01\/postimg-6596ce90979919005.jpg?fit=1200%2C628&ssl=1&resize=700%2C400 2x, https:\/\/i0.wp.com\/noticiasribeiraopreto.com.br\/wp-content\/uploads\/2024\/01\/postimg-6596ce90979919005.jpg?fit=1200%2C628&ssl=1&resize=1050%2C600 3x"},"classes":[]},{"id":27546,"url":"https:\/\/noticiasribeiraopreto.com.br\/index.php\/2024\/01\/12\/quem-sao-os-passageiros-e-o-piloto-do-helicoptero-que-foi-encontrado-em-sp-apos-12-dias-de-buscas\/","url_meta":{"origin":27943,"position":3},"title":"Quem s\u00e3o os passageiros e o piloto do helic\u00f3ptero que foi encontrado em SP ap\u00f3s 12 dias de buscas","author":"noticiasribeiraopreto.com.br","date":"12 de January de 2024","format":false,"excerpt":"O helic\u00f3ptero encontrado nesta sexta-feira, dia 12 de janeiro, na regi\u00e3o do Vale da Para\u00edba, estava desaparecido h\u00e1 quase duas semanas. Dentro ele, estavam tr\u00eas passageiros e o piloto que estava a bordo.O piloto foi identificado pelo nome de Cassiano Tete Teodoro, 44 anos, e ap\u00f3s o caso, foi o\u2026","rel":"","context":"In &quot;Blog&quot;","block_context":{"text":"Blog","link":"https:\/\/noticiasribeiraopreto.com.br\/index.php\/category\/blog\/"},"img":{"alt_text":"","src":"https:\/\/i0.wp.com\/noticiasribeiraopreto.com.br\/wp-content\/uploads\/2024\/01\/postimg-65a15561d6eba4910.jpg?fit=1200%2C628&ssl=1&resize=350%2C200","width":350,"height":200,"srcset":"https:\/\/i0.wp.com\/noticiasribeiraopreto.com.br\/wp-content\/uploads\/2024\/01\/postimg-65a15561d6eba4910.jpg?fit=1200%2C628&ssl=1&resize=350%2C200 1x, https:\/\/i0.wp.com\/noticiasribeiraopreto.com.br\/wp-content\/uploads\/2024\/01\/postimg-65a15561d6eba4910.jpg?fit=1200%2C628&ssl=1&resize=525%2C300 1.5x, https:\/\/i0.wp.com\/noticiasribeiraopreto.com.br\/wp-content\/uploads\/2024\/01\/postimg-65a15561d6eba4910.jpg?fit=1200%2C628&ssl=1&resize=700%2C400 2x, https:\/\/i0.wp.com\/noticiasribeiraopreto.com.br\/wp-content\/uploads\/2024\/01\/postimg-65a15561d6eba4910.jpg?fit=1200%2C628&ssl=1&resize=1050%2C600 3x"},"classes":[]},{"id":23643,"url":"https:\/\/noticiasribeiraopreto.com.br\/index.php\/2024\/01\/02\/chega-ao-fim-de-forma-tragica-as-buscas-por-vitima-desaparecida-que-caiu-de-helicoptero-em-mg\/","url_meta":{"origin":27943,"position":4},"title":"Chega ao fim de forma tr\u00e1gica as buscas por v\u00edtima desaparecida que caiu de helic\u00f3ptero em MG","author":"noticiasribeiraopreto.com.br","date":"2 de January de 2024","format":false,"excerpt":"O tr\u00e1gico acidente envolvendo o helic\u00f3ptero que caiu na regi\u00e3o de Lago de Furnas, em Capit\u00f3lio, Minas Gerais, resultou em um triste desdobramento, com a confirma\u00e7\u00e3o da morte de um dos quatro tripulantes que estavam a bordo.A v\u00edtima, identificada como um homem, foi encontrada sem vida pelos mergulhadores do Corpo\u2026","rel":"","context":"In &quot;Blog&quot;","block_context":{"text":"Blog","link":"https:\/\/noticiasribeiraopreto.com.br\/index.php\/category\/blog\/"},"img":{"alt_text":"","src":"https:\/\/i0.wp.com\/noticiasribeiraopreto.com.br\/wp-content\/uploads\/2024\/01\/postimg-6594722a4caa49770.jpg?fit=1200%2C628&ssl=1&resize=350%2C200","width":350,"height":200,"srcset":"https:\/\/i0.wp.com\/noticiasribeiraopreto.com.br\/wp-content\/uploads\/2024\/01\/postimg-6594722a4caa49770.jpg?fit=1200%2C628&ssl=1&resize=350%2C200 1x, https:\/\/i0.wp.com\/noticiasribeiraopreto.com.br\/wp-content\/uploads\/2024\/01\/postimg-6594722a4caa49770.jpg?fit=1200%2C628&ssl=1&resize=525%2C300 1.5x, https:\/\/i0.wp.com\/noticiasribeiraopreto.com.br\/wp-content\/uploads\/2024\/01\/postimg-6594722a4caa49770.jpg?fit=1200%2C628&ssl=1&resize=700%2C400 2x, https:\/\/i0.wp.com\/noticiasribeiraopreto.com.br\/wp-content\/uploads\/2024\/01\/postimg-6594722a4caa49770.jpg?fit=1200%2C628&ssl=1&resize=1050%2C600 3x"},"classes":[]},{"id":60419,"url":"https:\/\/noticiasribeiraopreto.com.br\/index.php\/2024\/11\/13\/misterio-equipes-fazem-buscas-por-suposto-aviao-desaparecido-na-regiao-de-ribeirao\/","url_meta":{"origin":27943,"position":5},"title":"Mist\u00e9rio: Equipes fazem buscas por suposto avi\u00e3o desaparecido na regi\u00e3o de Ribeir\u00e3o","author":"noticiasribeiraopreto.com.br","date":"13 de November de 2024","format":false,"excerpt":"Equipes de resgate realizam buscas por um suposto avi\u00e3o agr\u00edcola que desapareceu em uma \u00e1rea rural de Bebedouro, cidade na regi\u00e3o de Ribeir\u00e3o Preto, na manh\u00e3 desta quarta-feira (13). De acordo com o Corpo de Bombeiros de S\u00e3o Paulo, viaturas foram acionadas por volta das 9h para atender uma ocorr\u00eancia\u2026","rel":"","context":"In &quot;Not\u00edcias de Ribeir\u00e3o Preto-SP e Regi\u00e3o&quot;","block_context":{"text":"Not\u00edcias de Ribeir\u00e3o Preto-SP e Regi\u00e3o","link":"https:\/\/noticiasribeiraopreto.com.br\/index.php\/category\/noticias-de-ribeirao-preto-sp-e-regiao-ismael-colosi\/"},"img":{"alt_text":"","src":"https:\/\/i0.wp.com\/noticiasribeiraopreto.com.br\/wp-content\/uploads\/2024\/11\/Copia-de-Copia-de-Copia-de-TAMANHO-EXATO-PARA-FOTOS-NO-SISTEMA-NOVO-2024-11-13T131544.623_2024-11-13_16-16-11_png_2024-11-13_16-16-11.webp.webp?fit=1200%2C675&ssl=1&resize=350%2C200","width":350,"height":200,"srcset":"https:\/\/i0.wp.com\/noticiasribeiraopreto.com.br\/wp-content\/uploads\/2024\/11\/Copia-de-Copia-de-Copia-de-TAMANHO-EXATO-PARA-FOTOS-NO-SISTEMA-NOVO-2024-11-13T131544.623_2024-11-13_16-16-11_png_2024-11-13_16-16-11.webp.webp?fit=1200%2C675&ssl=1&resize=350%2C200 1x, https:\/\/i0.wp.com\/noticiasribeiraopreto.com.br\/wp-content\/uploads\/2024\/11\/Copia-de-Copia-de-Copia-de-TAMANHO-EXATO-PARA-FOTOS-NO-SISTEMA-NOVO-2024-11-13T131544.623_2024-11-13_16-16-11_png_2024-11-13_16-16-11.webp.webp?fit=1200%2C675&ssl=1&resize=525%2C300 1.5x, https:\/\/i0.wp.com\/noticiasribeiraopreto.com.br\/wp-content\/uploads\/2024\/11\/Copia-de-Copia-de-Copia-de-TAMANHO-EXATO-PARA-FOTOS-NO-SISTEMA-NOVO-2024-11-13T131544.623_2024-11-13_16-16-11_png_2024-11-13_16-16-11.webp.webp?fit=1200%2C675&ssl=1&resize=700%2C400 2x, https:\/\/i0.wp.com\/noticiasribeiraopreto.com.br\/wp-content\/uploads\/2024\/11\/Copia-de-Copia-de-Copia-de-TAMANHO-EXATO-PARA-FOTOS-NO-SISTEMA-NOVO-2024-11-13T131544.623_2024-11-13_16-16-11_png_2024-11-13_16-16-11.webp.webp?fit=1200%2C675&ssl=1&resize=1050%2C600 3x"},"classes":[]}],"jetpack_sharing_enabled":true,"jetpack_shortlink":"https:\/\/wp.me\/peQAOb-7gH","_links":{"self":[{"href":"https:\/\/noticiasribeiraopreto.com.br\/index.php\/wp-json\/wp\/v2\/posts\/27943","targetHints":{"allow":["GET"]}}],"collection":[{"href":"https:\/\/noticiasribeiraopreto.com.br\/index.php\/wp-json\/wp\/v2\/posts"}],"about":[{"href":"https:\/\/noticiasribeiraopreto.com.br\/index.php\/wp-json\/wp\/v2\/types\/post"}],"author":[{"embeddable":true,"href":"https:\/\/noticiasribeiraopreto.com.br\/index.php\/wp-json\/wp\/v2\/users\/1"}],"replies":[{"embeddable":true,"href":"https:\/\/noticiasribeiraopreto.com.br\/index.php\/wp-json\/wp\/v2\/comments?post=27943"}],"version-history":[{"count":0,"href":"https:\/\/noticiasribeiraopreto.com.br\/index.php\/wp-json\/wp\/v2\/posts\/27943\/revisions"}],"wp:featuredmedia":[{"embeddable":true,"href":"https:\/\/noticiasribeiraopreto.com.br\/index.php\/wp-json\/wp\/v2\/media\/27944"}],"wp:attachment":[{"href":"https:\/\/noticiasribeiraopreto.com.br\/index.php\/wp-json\/wp\/v2\/media?parent=27943"}],"wp:term":[{"taxonomy":"category","embeddable":true,"href":"https:\/\/noticiasribeiraopreto.com.br\/index.php\/wp-json\/wp\/v2\/categories?post=27943"},{"taxonomy":"post_tag","embeddable":true,"href":"https:\/\/noticiasribeiraopreto.com.br\/index.php\/wp-json\/wp\/v2\/tags?post=27943"}],"curies":[{"name":"wp","href":"https:\/\/api.w.org\/{rel}","templated":true}]}}