{"id":27947,"date":"2024-01-14T00:01:24","date_gmt":"2024-01-14T03:01:24","guid":{"rendered":"https:\/\/noticiasribeiraopreto.com.br\/index.php\/2024\/01\/14\/bloqueios-no-centro-de-rp-voltam-dia-15\/"},"modified":"2024-01-14T00:01:24","modified_gmt":"2024-01-14T03:01:24","slug":"bloqueios-no-centro-de-rp-voltam-dia-15","status":"publish","type":"post","link":"https:\/\/noticiasribeiraopreto.com.br\/index.php\/2024\/01\/14\/bloqueios-no-centro-de-rp-voltam-dia-15\/","title":{"rendered":"Bloqueios no centro\u00a0de RP voltam dia 15\u00a0"},"content":{"rendered":"<div class='code-block code-block-1' style='margin: 8px 0 8px auto; text-align: right; display: block; clear: both;'>\n<p><a href=\"https:\/\/wa.link\/vpicfd\"><img data-recalc-dims=\"1\" class=\"wp-image-4922\" style=\"aspect-ratio: 2.0253164556962027; width: 561px; height: auto;\" src=\"https:\/\/i0.wp.com\/ismaelcolosi.com.br\/wp-content\/uploads\/2023\/11\/grupo-de-empregos-whatsapp-e-facebook-ismael-colosi-vagas.jpg?ssl=1\" alt=\"\" \/><\/a><\/p>\n<!-- \/wp:image -->\n<\/div>\n<p> <br \/>\n<\/p>\n<div id=\"\">\n<p> <span class=\"entry-meta-item penci-posted-on\"><i class=\"fa fa-clock-o\"\/><time class=\"entry-date published\" datetime=\"2024-01-13T11:00:05-03:00\">13 de janeiro de 2024 | 11:00<\/time><time class=\"updated\" datetime=\"2024-01-13T10:34:22-03:00\">13 de janeiro de 2024 | 10:34<\/time><\/span><\/p>\n<p> <span class=\"penci-social-buttons penci-social-share-footer\"><a href=\"#\" class=\"penci-post-like penci_post-meta_item  single-like-button penci-social-item like\" data-post_id=\"370262\" title=\"Like\" data-like=\"Like\" data-unlike=\"Unlike\"><i class=\"fa fa-thumbs-o-up\"\/><span class=\"penci-share-number\">0<\/span><\/a><i class=\"fa fa-facebook\"\/><a class=\"penci-social-item twitter\" target=\"_blank\" rel=\"noopener\" title=\"\" href=\"https:\/\/twitter.com\/intent\/tweet?text=Bloqueios%20no%20centro\u00a0de%20RP%20voltam%20dia%2015\u00a0%20-%20https:\/\/www.tribunaribeirao.com.br\/site\/bloqueios-no-centro-de-rp-voltam-dia-15\/\"><i class=\"fa fa-twitter\"\/><\/a><i class=\"fa fa-whatsapp\"\/><\/span><\/div>\n<div>\n<p><span data-contrast=\"none\">A Black Friday e o Natal passaram e com isso acabou o sossego dos comerciantes. Devido ao andamento das obras do corredor de \u00f4nibus do quadril\u00e1tero central, a partir de segunda-feira, 15 de janeiro, ser\u00e1 necess\u00e1ria a interdi\u00e7\u00e3o de dois trechos da rua Bar\u00e3o do Amazonas. <\/span><\/p>\n<p><span data-contrast=\"none\">No trecho entre a avenida Nove de Julho e a rua Bernardino de Campos, a interdi\u00e7\u00e3o ser\u00e1 parcial, em apenas uma das faixas. O segundo local, entre a rua Rui Barbosa e a Campos Salles, ter\u00e1 interdi\u00e7\u00e3o total. Os bloqueios devem come\u00e7ar \u00e0s 13h30. <\/span><\/p>\n<p><span data-contrast=\"none\">Essas interdi\u00e7\u00f5es marcam a retomada das obras suspensas no final de novembro durante a Black Friday e se mantiveram paralisadas durante o fim de ano. A decis\u00e3o de suspender as obras foi tomada pela prefeitura de Ribeir\u00e3o Preto para n\u00e3o prejudicar o com\u00e9rcio no per\u00edodo natalino, conforme acordado com os comerciantes da regi\u00e3o e entidades do setor.<\/span><\/p>\n<p><span data-contrast=\"none\">Agora, com a retomada das obras na pr\u00f3xima segunda, 15 de janeiro, a RP Mobi recomenda aos condutores a utilizarem rotas alternativas. Este bloqueio tem previs\u00e3o de dura\u00e7\u00e3o de 20 dias. A interdi\u00e7\u00e3o estar\u00e1 devidamente sinalizada com cavaletes e cones, al\u00e9m de placas com indica\u00e7\u00f5es sobre os desvios necess\u00e1rios. <\/span><\/p>\n<p><span data-contrast=\"none\">Al\u00e9m disso, uma equipe t\u00e9cnica estar\u00e1 monitorando o andamento dos servi\u00e7os, para garantir a seguran\u00e7a necess\u00e1ria aos condutores e pedestres. A DGB Engenharia e Constru\u00e7\u00f5es Ltda, construtora respons\u00e1vel pela execu\u00e7\u00e3o das obras do quadril\u00e1tero central, venceu a licita\u00e7\u00e3o e receber\u00e1 R$ 20.774.887,51. A empresa prometeu entregar a obra em 15 meses. A RP Mobi orienta os condutores que redobrem a aten\u00e7\u00e3o.<\/span><\/p>\n<p><span data-contrast=\"none\">Tamb\u00e9m ser\u00e3o retomadas nesta segunda-feira as obras dos corredores Castelo Branco\/Treze de maio e Cost\u00e1bile Romano\/Presidente Kennedy. Os dois juntos ter\u00e3o 13,7 quil\u00f4metros km de extens\u00e3o. <\/span><span data-contrast=\"auto\">A <\/span><span data-contrast=\"none\">DGB Engenharia e Constru\u00e7\u00f5es Ltda. venceu a concorr\u00eancia para o corredor da Cost\u00e1bile Romano R$ 29.930.470,50.<\/span><span data-contrast=\"auto\"> Ter\u00e1 seis quil\u00f4metros de extens\u00e3o. <\/span><span data-contrast=\"none\">O prazo para realiza\u00e7\u00e3o \u00e9 de 15 meses. <\/span><\/p>\n<p><span data-contrast=\"none\">Com valor licitado de R$ 26.123.173,77, o corredor Castelo Branco\/Treze de Maio ter\u00e1 8,4 quil\u00f4metros e far\u00e1 parte do segundo maior eixo vi\u00e1rio de Ribeir\u00e3o Preto, com 19 km, e atender\u00e1 usu\u00e1rios do transporte urbano de 23 bairros. Os tr\u00eas corredores fazem parte do Programa Ribeir\u00e3o Mobilidade, que contempla onze no total. Ser\u00e3o 56 km nas principais vias da cidade, em todas as regi\u00f5es, beneficiando mais de 3.500.000 usu\u00e1rios do transporte p\u00fablico.<\/span><\/p>\n<\/div>\n<p><script async src=\"\/\/platform.twitter.com\/widgets.js\" charset=\"utf-8\"><\/script><br \/>\n<br \/><br \/>\n<br \/><a href=\"https:\/\/www.tribunaribeirao.com.br\/site\/bloqueios-no-centro-de-rp-voltam-dia-15\/\">Source link <\/a><\/p>\n<!-- CONTENT END 1 -->\n","protected":false},"excerpt":{"rendered":"<p>13 de janeiro de 2024 | 11:0013 de janeiro de 2024 | 10:34 0 A Black Friday e o Natal passaram e com isso acabou&#8230;<\/p>\n","protected":false},"author":1,"featured_media":27948,"comment_status":"open","ping_status":"open","sticky":false,"template":"","format":"standard","meta":{"advanced_seo_description":"","jetpack_seo_html_title":"","jetpack_seo_noindex":false,"jetpack_post_was_ever_published":false,"_jetpack_newsletter_access":"","_jetpack_dont_email_post_to_subs":false,"_jetpack_newsletter_tier_id":0,"_jetpack_memberships_contains_paywalled_content":false,"_jetpack_memberships_contains_paid_content":false,"footnotes":"","jetpack_publicize_message":"","jetpack_publicize_feature_enabled":true,"jetpack_social_post_already_shared":true,"jetpack_social_options":{"image_generator_settings":{"template":"highway","default_image_id":0,"font":"","enabled":false},"version":2}},"categories":[11],"tags":[3197,3493,142,2329],"class_list":["post-27947","post","type-post","status-publish","format-standard","has-post-thumbnail","hentry","category-noticias-de-ribeirao-preto-sp-e-regiao-ismael-colosi","tag-bloqueios","tag-centrode","tag-dia","tag-voltam"],"jetpack_publicize_connections":[],"jetpack_featured_media_url":"https:\/\/i0.wp.com\/noticiasribeiraopreto.com.br\/wp-content\/uploads\/2024\/01\/Obras-Alfredo-Risk-scaled.jpg?fit=1000%2C563&ssl=1","jetpack-related-posts":[{"id":57120,"url":"https:\/\/noticiasribeiraopreto.com.br\/index.php\/2024\/08\/23\/incendios-voltam-a-interditar-rodovias-na-regiao-de-ribeirao-preto-veja-video\/","url_meta":{"origin":27947,"position":0},"title":"Inc\u00eandios voltam a interditar rodovias na regi\u00e3o de Ribeir\u00e3o Preto; Veja v\u00eddeo","author":"noticiasribeiraopreto.com.br","date":"23 de August de 2024","format":false,"excerpt":"Ao menos tr\u00eas rodovias foram interditadas nesta sexta-feira (23) por causa de inc\u00eandios na regi\u00e3o de Ribeir\u00e3o Preto. Assista ao v\u00eddeo abaixo. Segundo a concession\u00e1ria Entrevias, h\u00e1 bloqueio no km 340 da Att\u00edlio Balbo (SP-322), sentido Oeste, em Sert\u00e3ozinho. Tamb\u00e9m h\u00e1 interdi\u00e7\u00e3o na pra\u00e7a de Ped\u00e1gio de Pitangueiras, no sentido\u2026","rel":"","context":"In &quot;Not\u00edcias de Ribeir\u00e3o Preto-SP e Regi\u00e3o&quot;","block_context":{"text":"Not\u00edcias de Ribeir\u00e3o Preto-SP e Regi\u00e3o","link":"https:\/\/noticiasribeiraopreto.com.br\/index.php\/category\/noticias-de-ribeirao-preto-sp-e-regiao-ismael-colosi\/"},"img":{"alt_text":"","src":"https:\/\/i0.wp.com\/noticiasribeiraopreto.com.br\/wp-content\/uploads\/2024\/08\/FOGO_2024-08-23_15-53-56_jpg_2024-08-23_15-53-56.webp.webp?fit=1200%2C664&ssl=1&resize=350%2C200","width":350,"height":200,"srcset":"https:\/\/i0.wp.com\/noticiasribeiraopreto.com.br\/wp-content\/uploads\/2024\/08\/FOGO_2024-08-23_15-53-56_jpg_2024-08-23_15-53-56.webp.webp?fit=1200%2C664&ssl=1&resize=350%2C200 1x, https:\/\/i0.wp.com\/noticiasribeiraopreto.com.br\/wp-content\/uploads\/2024\/08\/FOGO_2024-08-23_15-53-56_jpg_2024-08-23_15-53-56.webp.webp?fit=1200%2C664&ssl=1&resize=525%2C300 1.5x, https:\/\/i0.wp.com\/noticiasribeiraopreto.com.br\/wp-content\/uploads\/2024\/08\/FOGO_2024-08-23_15-53-56_jpg_2024-08-23_15-53-56.webp.webp?fit=1200%2C664&ssl=1&resize=700%2C400 2x, https:\/\/i0.wp.com\/noticiasribeiraopreto.com.br\/wp-content\/uploads\/2024\/08\/FOGO_2024-08-23_15-53-56_jpg_2024-08-23_15-53-56.webp.webp?fit=1200%2C664&ssl=1&resize=1050%2C600 3x"},"classes":[]},{"id":64131,"url":"https:\/\/noticiasribeiraopreto.com.br\/index.php\/2025\/03\/02\/frente-fria-e-onda-de-calor-veja-a-previsao-do-tempo-para-o-mes-de-marco\/","url_meta":{"origin":27947,"position":1},"title":"Frente fria e onda de calor? Veja a previs\u00e3o do tempo para o m\u00eas de mar\u00e7o","author":"noticiasribeiraopreto.com.br","date":"2 de March de 2025","format":false,"excerpt":"O m\u00eas de mar\u00e7o de 2005 come\u00e7a com uma situa\u00e7\u00e3o de bloqueio atmosf\u00e9rico que estabelece uma nova onda de calor sobre o Brasil, segundo a Climatempo. Esta ser\u00e1 a quinta onda de calor neste ano e deve persistir pelo menos at\u00e9 o dia 5. Contudo, uma nova frente fria pode\u2026","rel":"","context":"In &quot;Not\u00edcias de Ribeir\u00e3o Preto-SP e Regi\u00e3o&quot;","block_context":{"text":"Not\u00edcias de Ribeir\u00e3o Preto-SP e Regi\u00e3o","link":"https:\/\/noticiasribeiraopreto.com.br\/index.php\/category\/noticias-de-ribeirao-preto-sp-e-regiao-ismael-colosi\/"},"img":{"alt_text":"","src":"https:\/\/i0.wp.com\/noticiasribeiraopreto.com.br\/wp-content\/uploads\/2024\/10\/calor-2_2024-10-08_20-08-44_jpeg_2024-10-08_20-08-44-scaled.webp.webp?fit=1200%2C800&ssl=1&resize=350%2C200","width":350,"height":200,"srcset":"https:\/\/i0.wp.com\/noticiasribeiraopreto.com.br\/wp-content\/uploads\/2024\/10\/calor-2_2024-10-08_20-08-44_jpeg_2024-10-08_20-08-44-scaled.webp.webp?fit=1200%2C800&ssl=1&resize=350%2C200 1x, https:\/\/i0.wp.com\/noticiasribeiraopreto.com.br\/wp-content\/uploads\/2024\/10\/calor-2_2024-10-08_20-08-44_jpeg_2024-10-08_20-08-44-scaled.webp.webp?fit=1200%2C800&ssl=1&resize=525%2C300 1.5x, https:\/\/i0.wp.com\/noticiasribeiraopreto.com.br\/wp-content\/uploads\/2024\/10\/calor-2_2024-10-08_20-08-44_jpeg_2024-10-08_20-08-44-scaled.webp.webp?fit=1200%2C800&ssl=1&resize=700%2C400 2x, https:\/\/i0.wp.com\/noticiasribeiraopreto.com.br\/wp-content\/uploads\/2024\/10\/calor-2_2024-10-08_20-08-44_jpeg_2024-10-08_20-08-44-scaled.webp.webp?fit=1200%2C800&ssl=1&resize=1050%2C600 3x"},"classes":[]},{"id":34989,"url":"https:\/\/noticiasribeiraopreto.com.br\/index.php\/2024\/02\/04\/aulas-voltam-nesta-segunda-feira-5\/","url_meta":{"origin":27947,"position":2},"title":"Aulas voltam nesta segunda-feira, 5 \u00a0","author":"noticiasribeiraopreto.com.br","date":"4 de February de 2024","format":false,"excerpt":"O ano letivo da rede municipal de ensino de Ribeir\u00e3o Preto ter\u00e1 in\u00edcio nesta segunda-feira, 5 de fevereiro, para todos os cerca de 50 mil alunos da educa\u00e7\u00e3o infantil, ensino fundamental, educa\u00e7\u00e3o especial, educa\u00e7\u00e3o de jovens e adultos e ensino profissionalizante. \u201cTodas as nossas escolas est\u00e3o prontas para mais um\u2026","rel":"","context":"In &quot;Not\u00edcias de Ribeir\u00e3o Preto-SP e Regi\u00e3o&quot;","block_context":{"text":"Not\u00edcias de Ribeir\u00e3o Preto-SP e Regi\u00e3o","link":"https:\/\/noticiasribeiraopreto.com.br\/index.php\/category\/noticias-de-ribeirao-preto-sp-e-regiao-ismael-colosi\/"},"img":{"alt_text":"","src":"https:\/\/i0.wp.com\/noticiasribeiraopreto.com.br\/wp-content\/uploads\/2024\/02\/AulaRP-Guilherme-Sircili-scaled.jpg?fit=967%2C645&ssl=1&resize=350%2C200","width":350,"height":200,"srcset":"https:\/\/i0.wp.com\/noticiasribeiraopreto.com.br\/wp-content\/uploads\/2024\/02\/AulaRP-Guilherme-Sircili-scaled.jpg?fit=967%2C645&ssl=1&resize=350%2C200 1x, https:\/\/i0.wp.com\/noticiasribeiraopreto.com.br\/wp-content\/uploads\/2024\/02\/AulaRP-Guilherme-Sircili-scaled.jpg?fit=967%2C645&ssl=1&resize=525%2C300 1.5x, https:\/\/i0.wp.com\/noticiasribeiraopreto.com.br\/wp-content\/uploads\/2024\/02\/AulaRP-Guilherme-Sircili-scaled.jpg?fit=967%2C645&ssl=1&resize=700%2C400 2x"},"classes":[]},{"id":27319,"url":"https:\/\/noticiasribeiraopreto.com.br\/index.php\/2024\/01\/11\/motorista-fura-bloqueio-no-rs-e-caminhao-quase-cai-de-ponte-que-foi-destruida-por-tempestade\/","url_meta":{"origin":27947,"position":3},"title":"Motorista fura bloqueio no RS e caminh\u00e3o quase cai de ponte que foi destru\u00edda por tempestade","author":"noticiasribeiraopreto.com.br","date":"11 de January de 2024","format":false,"excerpt":"Em uma manh\u00e3 que quase se transformou em trag\u00e9dia, um motorista por pouco n\u00e3o caiu de uma ponte na ERS-431, ligando Bento Gon\u00e7alves a S\u00e3o Valentim do Sul, no Rio Grande do Sul.O incidente, ocorrido na \u00faltima quarta, dia 10 de janeiro, colocou em evid\u00eancia o perigo de ignorar bloqueios\u2026","rel":"","context":"In &quot;Blog&quot;","block_context":{"text":"Blog","link":"https:\/\/noticiasribeiraopreto.com.br\/index.php\/category\/blog\/"},"img":{"alt_text":"","src":"https:\/\/i0.wp.com\/noticiasribeiraopreto.com.br\/wp-content\/uploads\/2024\/01\/postimg-65a0a4782ff9c1310.jpg?fit=1200%2C628&ssl=1&resize=350%2C200","width":350,"height":200,"srcset":"https:\/\/i0.wp.com\/noticiasribeiraopreto.com.br\/wp-content\/uploads\/2024\/01\/postimg-65a0a4782ff9c1310.jpg?fit=1200%2C628&ssl=1&resize=350%2C200 1x, https:\/\/i0.wp.com\/noticiasribeiraopreto.com.br\/wp-content\/uploads\/2024\/01\/postimg-65a0a4782ff9c1310.jpg?fit=1200%2C628&ssl=1&resize=525%2C300 1.5x, https:\/\/i0.wp.com\/noticiasribeiraopreto.com.br\/wp-content\/uploads\/2024\/01\/postimg-65a0a4782ff9c1310.jpg?fit=1200%2C628&ssl=1&resize=700%2C400 2x, https:\/\/i0.wp.com\/noticiasribeiraopreto.com.br\/wp-content\/uploads\/2024\/01\/postimg-65a0a4782ff9c1310.jpg?fit=1200%2C628&ssl=1&resize=1050%2C600 3x"},"classes":[]},{"id":22956,"url":"https:\/\/noticiasribeiraopreto.com.br\/index.php\/2023\/12\/31\/bolsa-familia-2024-os-criterios-de-exclusao-no-programa-foram-divulgados\/","url_meta":{"origin":27947,"position":4},"title":"Bolsa Fam\u00edlia 2024: os crit\u00e9rios de exclus\u00e3o no programa foram divulgados","author":"noticiasribeiraopreto.com.br","date":"31 de December de 2023","format":false,"excerpt":"Por fim, sara se manter no Bolsa Fam\u00edlia 2024, \u00e9 imperativo que os benefici\u00e1rios cumpram estritamente as regras estabelecidas pelo programa. O n\u00e3o cumprimento destas normas resultar\u00e1 no bloqueio do benef\u00edcio para regulariza\u00e7\u00e3o, sendo que ap\u00f3s um per\u00edodo de 6 meses, ocorrer\u00e1 a exclus\u00e3o definitiva. Entretanto, existem circunst\u00e2ncias espec\u00edficas que\u2026","rel":"","context":"In &quot;Vagas de Emprego em Ribeir\u00e3o Preto-SP&quot;","block_context":{"text":"Vagas de Emprego em Ribeir\u00e3o Preto-SP","link":"https:\/\/noticiasribeiraopreto.com.br\/index.php\/category\/empregos-classificados-vagas-trabalho\/vagas-de-empregos-em-ribeirao-preto-regiao-brasil\/"},"img":{"alt_text":"","src":"","width":0,"height":0},"classes":[]},{"id":34308,"url":"https:\/\/noticiasribeiraopreto.com.br\/index.php\/2024\/02\/01\/veja-quando-voltam-as-aulas-na-rede-publica-em-ribeirao-preto\/","url_meta":{"origin":27947,"position":5},"title":"Veja quando voltam \u00e0s aulas na rede p\u00fablica em Ribeir\u00e3o Preto","author":"noticiasribeiraopreto.com.br","date":"1 de February de 2024","format":false,"excerpt":"A volta \u00e0s aulas da rede p\u00fablica de ensino de Ribeir\u00e3o Preto come\u00e7a na pr\u00f3xima segunda-feira (5) para os alunos da rede municipal. Ao todo, 50 mil alunos das 140 escolas municipais voltar\u00e3o \u00e0s salas de aula. Para eles, os recessos escolares este ano ser\u00e3o no dia 17 de fevereiro,\u2026","rel":"","context":"In &quot;Not\u00edcias de Ribeir\u00e3o Preto-SP e Regi\u00e3o&quot;","block_context":{"text":"Not\u00edcias de Ribeir\u00e3o Preto-SP e Regi\u00e3o","link":"https:\/\/noticiasribeiraopreto.com.br\/index.php\/category\/noticias-de-ribeirao-preto-sp-e-regiao-ismael-colosi\/"},"img":{"alt_text":"","src":"https:\/\/i0.wp.com\/noticiasribeiraopreto.com.br\/wp-content\/uploads\/2024\/02\/2021_09_21_volta_as_aulas_presenciais_mousinho_-_foto_guilherme_sircili_43.jpg?fit=1200%2C800&ssl=1&resize=350%2C200","width":350,"height":200,"srcset":"https:\/\/i0.wp.com\/noticiasribeiraopreto.com.br\/wp-content\/uploads\/2024\/02\/2021_09_21_volta_as_aulas_presenciais_mousinho_-_foto_guilherme_sircili_43.jpg?fit=1200%2C800&ssl=1&resize=350%2C200 1x, https:\/\/i0.wp.com\/noticiasribeiraopreto.com.br\/wp-content\/uploads\/2024\/02\/2021_09_21_volta_as_aulas_presenciais_mousinho_-_foto_guilherme_sircili_43.jpg?fit=1200%2C800&ssl=1&resize=525%2C300 1.5x, https:\/\/i0.wp.com\/noticiasribeiraopreto.com.br\/wp-content\/uploads\/2024\/02\/2021_09_21_volta_as_aulas_presenciais_mousinho_-_foto_guilherme_sircili_43.jpg?fit=1200%2C800&ssl=1&resize=700%2C400 2x, https:\/\/i0.wp.com\/noticiasribeiraopreto.com.br\/wp-content\/uploads\/2024\/02\/2021_09_21_volta_as_aulas_presenciais_mousinho_-_foto_guilherme_sircili_43.jpg?fit=1200%2C800&ssl=1&resize=1050%2C600 3x"},"classes":[]}],"jetpack_sharing_enabled":true,"jetpack_shortlink":"https:\/\/wp.me\/peQAOb-7gL","_links":{"self":[{"href":"https:\/\/noticiasribeiraopreto.com.br\/index.php\/wp-json\/wp\/v2\/posts\/27947","targetHints":{"allow":["GET"]}}],"collection":[{"href":"https:\/\/noticiasribeiraopreto.com.br\/index.php\/wp-json\/wp\/v2\/posts"}],"about":[{"href":"https:\/\/noticiasribeiraopreto.com.br\/index.php\/wp-json\/wp\/v2\/types\/post"}],"author":[{"embeddable":true,"href":"https:\/\/noticiasribeiraopreto.com.br\/index.php\/wp-json\/wp\/v2\/users\/1"}],"replies":[{"embeddable":true,"href":"https:\/\/noticiasribeiraopreto.com.br\/index.php\/wp-json\/wp\/v2\/comments?post=27947"}],"version-history":[{"count":0,"href":"https:\/\/noticiasribeiraopreto.com.br\/index.php\/wp-json\/wp\/v2\/posts\/27947\/revisions"}],"wp:featuredmedia":[{"embeddable":true,"href":"https:\/\/noticiasribeiraopreto.com.br\/index.php\/wp-json\/wp\/v2\/media\/27948"}],"wp:attachment":[{"href":"https:\/\/noticiasribeiraopreto.com.br\/index.php\/wp-json\/wp\/v2\/media?parent=27947"}],"wp:term":[{"taxonomy":"category","embeddable":true,"href":"https:\/\/noticiasribeiraopreto.com.br\/index.php\/wp-json\/wp\/v2\/categories?post=27947"},{"taxonomy":"post_tag","embeddable":true,"href":"https:\/\/noticiasribeiraopreto.com.br\/index.php\/wp-json\/wp\/v2\/tags?post=27947"}],"curies":[{"name":"wp","href":"https:\/\/api.w.org\/{rel}","templated":true}]}}