{"id":27990,"date":"2024-01-14T08:53:18","date_gmt":"2024-01-14T11:53:18","guid":{"rendered":"https:\/\/noticiasribeiraopreto.com.br\/index.php\/2024\/01\/14\/o-que-a-morte-da-internet-e-o-caso-choquei-tem-a-ver-com-trump\/"},"modified":"2024-01-14T08:53:18","modified_gmt":"2024-01-14T11:53:18","slug":"o-que-a-morte-da-internet-e-o-caso-choquei-tem-a-ver-com-trump","status":"publish","type":"post","link":"https:\/\/noticiasribeiraopreto.com.br\/index.php\/2024\/01\/14\/o-que-a-morte-da-internet-e-o-caso-choquei-tem-a-ver-com-trump\/","title":{"rendered":"O que a morte da internet e o caso Choquei t\u00eam a ver com Trump?"},"content":{"rendered":"<div class='code-block code-block-1' style='margin: 8px 0 8px auto; text-align: right; display: block; clear: both;'>\n<p><a href=\"https:\/\/wa.link\/vpicfd\"><img data-recalc-dims=\"1\" class=\"wp-image-4922\" style=\"aspect-ratio: 2.0253164556962027; width: 561px; height: auto;\" src=\"https:\/\/i0.wp.com\/ismaelcolosi.com.br\/wp-content\/uploads\/2023\/11\/grupo-de-empregos-whatsapp-e-facebook-ismael-colosi-vagas.jpg?ssl=1\" alt=\"\" \/><\/a><\/p>\n<!-- \/wp:image -->\n<\/div>\n<p> <br \/>\n<\/p>\n<div id=\"js-first-letter\">\n<p>O ano era 2010. Eu aproveitava minhas tardes depois da escola como qualquer outra crian\u00e7a comum de dez anos: lendo a revista Capricho, vendo Hannah Montana e<strong> interagindo no Orkut<\/strong>.\u00a0<\/p>\n<p>Na \u00e9poca, acredite ou n\u00e3o, as pessoas se juntavam em grandes grupos nas redes para <strong>direcionar seu \u00f3dio a coisas bobas<\/strong>, como \u201cacordar cedo\u201d, ou <strong>apenas para declarar seu amor<\/strong> \u00e0 ouvir m\u00fasicas no volume m\u00e1ximo.\u00a0<\/p>\n<p>Algoritmos? Desconhe\u00e7o. Likes? Nada disso. Se eu desligasse o computador, tudo ia embora na hora.\u00a0<\/p>\n<p>Voc\u00ea j\u00e1 sentiu como se essa certa leveza inicial das redes sociais tivesse desaparecido? Como se aquele primeiro significado tivesse sido roubado <strong>num crime que permaneceu sem solu\u00e7\u00e3o <\/strong>\u2014 ou nem sequer foi importante o suficiente para ser investigado?\u00a0<\/p>\n<p>Eu sinceramente n\u00e3o sentia \u2026 at\u00e9 come\u00e7ar a escrever este texto.\u00a0<\/p>\n<p>Minha inten\u00e7\u00e3o hoje \u00e9 tentar entender<strong> o que enfrentaremos em 2024 nas redes sociais.<\/strong> O que de novo vem por a\u00ed? \u00c9 bom ou ruim? Quais assuntos v\u00e3o dominar as plataformas?.\u00a0<\/p>\n<p>Afinal, estamos em um mundo online sobre o qual n\u00e3o entendemos muita coisa, mas que nos enche de <strong>certezas.<\/strong><\/p>\n<h2 class=\"wp-block-heading\" id=\"h-01-a-voz-dos-influenciadores-e-a-nova-voz-de-deus\"><strong>01. \u00a0A voz dos influenciadores \u00e9 a nova voz de Deus?\u00a0<\/strong><\/h2>\n<p>Eu at\u00e9 tentei fugir desse assunto, acreditem. At\u00e9 porque \u00e9 um dos temas mais cabulosos e cheios de ru\u00eddos que existe nas redes hoje: <strong>o marketing de influ\u00eancia.\u00a0<\/strong><\/p>\n<p>O papo veio \u00e0 tona em meio \u00e0 confus\u00e3o envolvendo p\u00e1ginas de fofoca. O caso da <strong>Choquei<\/strong>, que divulgou informa\u00e7\u00f5es falsas que acabaram motivando o suic\u00eddio da jovem J\u00e9ssica Canedo, foi um deles.\u00a0<\/p>\n<p>Houve tamb\u00e9m a pol\u00eamica dos golpes da <strong>Blaze<\/strong>, divulgada pelo Fant\u00e1stico, em que influenciadores motivaram seu p\u00fablico a apostar e muitos perderam dinheiro. Se eu fosse entrar no detalhe dos dois, este texto s\u00f3 falaria disso.\u00a0<\/p>\n<p>Ent\u00e3o o foco desse t\u00f3pico \u00e9 a estrat\u00e9gia em si. A pergunta a ser respondida \u00e9: a voz dos influencers \u00e9 a nova <strong>voz de Deus<\/strong>?\u00a0<\/p>\n<p>O manual \u00e9 simples: se algo precisa cair na boca do povo, \u00e9 s\u00f3 chamar os influenciadores. Com milh\u00f5es e milh\u00f5es de seguidores unidos, eles conseguem viralizar assunto X ou Y. Isso existe desde os prim\u00f3rdios das redes sociais. <strong>Nada de novo sob o sol.<\/strong>\u00a0<\/p>\n<p>Mas a pergunta agora \u00e9: at\u00e9 que ponto essas pessoas s\u00e3o capazes de<strong> mudar nossa percep\u00e7\u00e3o da realidade?\u00a0<\/strong><\/p>\n<p>Se muitos influencers falam sobre uma coisa, parece que o mundo inteiro est\u00e1 falando sobre isso. Como filtrar o que realmente faz sentido quando algu\u00e9m em quem voc\u00ea confia faz propagandas de coisas que podem efetivamente causar <strong>impacto negativo na sua vida?\u00a0<\/strong><\/p>\n<p>At\u00e9 porque esse \u00e9 justamente o apelo de um influencer, usar as redes sociais para te fazer sentir como se ele estivesse pr\u00f3ximo, como se fosse <strong>acess\u00edvel<\/strong>. Diferente, por exemplo, da televis\u00e3o, que cria uma certa <strong>hierarquia entre astro e espectador.<\/strong>\u00a0<\/p>\n<p><strong>Outra pergunta: os assuntos que bombam realmente s\u00e3o espont\u00e2neos ou fazem parte de uma estrat\u00e9gia de marketing?<\/strong> Quem ganha com o buzz gerado? Fora isso: o que impede que perfis como o Choquei causem <strong>mais<\/strong> <strong>estragos irrepar\u00e1veis?<\/strong>\u00a0<\/p>\n<p>A Fran\u00e7a j\u00e1 percebeu esse problema e criou, no ano passado, uma<strong> lei para regular a profiss\u00e3o de influenciador <\/strong>e conter abusos \u2014 como a promo\u00e7\u00e3o de rem\u00e9dios que fazem mal \u00e0 sa\u00fade, jogos de aposta e etc, etc.\u00a0<\/p>\n<p>A pena \u00e9 de dois anos de pris\u00e3o mais <strong>multa de 300 mil euros <\/strong>(cerca de R$ 1,6 milh\u00e3o na cota\u00e7\u00e3o atual).\u00a0\u00a0<\/p>\n<p>E, enquanto o pa\u00eds europeu tem meros 150 mil influencers, o Brasil tem 500 mil, de acordo com uma pesquisa da Nielsen. Eles se igualam ao contingente de m\u00e9dicos e superam os engenheiros civis.\u00a0<\/p>\n<p>Quando ser\u00e1 nossa vez de colocar as r\u00e9deas?<\/p>\n<h2 class=\"wp-block-heading\" id=\"h-02-a-morte-da-internet-e-o-proximo-emprego-a-ser-roubado-pelo-chatgpt\"><strong>02. A morte da internet e o pr\u00f3ximo emprego a ser roubado pelo ChatGPT<\/strong><\/h2>\n<figure class=\"wp-block-image size-full\"><img data-recalc-dims=\"1\" loading=\"lazy\" decoding=\"async\" width=\"754\" height=\"187\" src=\"https:\/\/i0.wp.com\/media.seudinheiro.com\/uploads\/2024\/01\/image-5.png?resize=754%2C187&#038;ssl=1\" alt=\"\" class=\"wp-image-530704\" srcset=\"https:\/\/media.seudinheiro.com\/uploads\/2024\/01\/image-5.png 754w, https:\/\/media.seudinheiro.com\/uploads\/2024\/01\/image-5-260x64.png 260w\" sizes=\"auto, (max-width: 754px) 100vw, 754px\"\/><\/figure>\n<p>O <strong>Seu Dinheiro<\/strong> recebe coment\u00e1rios assim <strong>em todas as publica\u00e7\u00f5es<\/strong>. Seja no YouTube ou no Instagram, eles est\u00e3o sempre l\u00e1: <strong>os bots<\/strong>. Aposto que voc\u00ea tamb\u00e9m recebe muitas mensagens assim.\u00a0<\/p>\n<p>A presen\u00e7a massiva desses robozinhos mais o avan\u00e7o da intelig\u00eancia artificial (IA) trouxeram de volta \u00e0 vida a <strong>teoria da Internet morta<\/strong>, que basicamente parecia ser muito radical h\u00e1 algum tempo, mas agora parece ganhar contornos bem fact\u00edveis.\u00a0\u00a0<\/p>\n<p>Basicamente, a tese prev\u00ea que <strong>a internet seria toda dominada por IA e bots<\/strong> e que n\u00e3o existiria mais espa\u00e7o para intera\u00e7\u00f5es reais. Como uma boa teoria da conspira\u00e7\u00e3o, temos que deixar de lado algumas coisas.\u00a0<\/p>\n<p>Mas, para Diogo Cortiz, PhD em tecnologias da Intelig\u00eancia e Design Digital pela <em>Universit\u00e9 Paris I &#8211; Sorbonne<\/em>, \u00e9 ineg\u00e1vel que <strong>a \u2018previs\u00e3o\u2019 tem se aproximado cada vez mais da realidade <\/strong>com o avan\u00e7o da IA.\u00a0<\/p>\n<p>\u201cA web como a conhecemos pode n\u00e3o estar morta, mas est\u00e1 se transformando. E essa transforma\u00e7\u00e3o desafia o nosso entendimento do que ela representa e suas consequ\u00eancias para a humanidade e as pr\u00f3prias m\u00e1quinas\u201d, explica em um texto para o UOL.\u00a0<\/p>\n<p>Um dos sinais que apontam para isso \u00e9 a quantidade de portais que publicam conte\u00fado<strong> cem por cento feito pela intelig\u00eancia artificial<\/strong>. O n\u00famero saltou de 49, em meados de maio do ano passado, para 634 no mundo todo, de acordo com o News Guard, ferramenta que monitora a desinforma\u00e7\u00e3o.\u00a0\u00a0<\/p>\n<p>Tudo isso para ganhar dinheiro por meio de <strong>m\u00eddia program\u00e1tica <\/strong>\u2014 aquela na qual sites faturam veiculando an\u00fancios promovidos pelo Google<strong>.\u00a0<\/strong><\/p>\n<p>\u201cMais de uma centena de <strong>empresas pagam, sem saber, para aparecer em sites controlados por rob\u00f4s<\/strong>\u201d,<strong> <\/strong>explica o f\u00edsico Pedro Loos, em seu v\u00eddeo sobre a teoria da Internet morta, por onde eu fiquei sabendo sobre o tema.\u00a0<\/p>\n<p>Para Timothy Shoup, do Instituto de Estudos do Futuro de Kopenhagen, a estimativa \u00e9 de que, at\u00e9 2030,<strong> mais de 99% vai ser gerado por intelig\u00eancia artificial.\u00a0<\/strong><\/p>\n<p>E se voc\u00ea acha que estou exagerando, receba este dado: <strong>cerca de 64% do tr\u00e1fego da internet hoje em dia j\u00e1 \u00e9 gerado por rob\u00f4s<\/strong>, de acordo com a Barracuda Networks, uma das maiores empresas de seguran\u00e7a de dados dos EUA. O relat\u00f3rio est\u00e1 <a href=\"https:\/\/assets.barracuda.com\/assets\/docs\/dms\/Bot_Attacks_report_vol1_EN.pdf\">aqui<\/a>.\u00a0<\/p>\n<p>E n\u00e3o \u00e9 s\u00f3 minha profiss\u00e3o (jornalista) que corre risco.\u00a0<\/p>\n<p>At\u00e9 <strong>os influenciadores podem ser substitu\u00eddos pela IA,<\/strong> j\u00e1 que os<em> influencers<\/em> digitais (figuras que n\u00e3o existem, mas atuam como se o fizessem nas redes)\u00a0 s\u00e3o cada vez mais parte da nossa realidade, como eu explico <a href=\"https:\/\/www.seudinheiro.com\/2022\/magazine-luiza\/a-lu-do-magazine-luiza-conseguiria-te-influenciar-bdap\/\">aqui<\/a> e <a href=\"https:\/\/www.seudinheiro.com\/2023\/especiaissd\/este-episodio-de-black-mirror-vai-alugar-um-triplex-na-sua-cabeca-bdap\/\">aqui<\/a>.\u00a0<\/p>\n<p><strong>At\u00e9 o Elon Musk parece bem preocupado<\/strong> com isso, tanto que quase melou as negocia\u00e7\u00f5es de compra do falecido Twitter por n\u00e3o saber a quantidade de bots por l\u00e1.<\/p>\n<p>Nas redes o impacto chega na artificialidade das intera\u00e7\u00f5es e engajamento. A quest\u00e3o \u00e9: como saber se voc\u00ea est\u00e1 impactando pessoas reais?\u00a0<\/p>\n<p>E outra: como descobrir se os assuntos n\u00e3o est\u00e3o sendo impulsionados por IA para atingir mais pessoas, com objetivos espec\u00edficos (como pol\u00edtica)? Est\u00e1 a\u00ed uma discuss\u00e3o que conseguiu alugar um<strong> baita triplex<\/strong> na minha cabe\u00e7a\u2026<\/p>\n<p>Basicamente, tanto o primeiro quanto o segundo t\u00f3pico baseiam a teoria de que as redes sociais est\u00e3o menos sociais.\u00a0<\/p>\n<p>Quando a influ\u00eancia pode ser comprada e o engajamento \u00e9 falso, <strong>o que sobra de n\u00f3s nas redes?<\/strong> Nos reservam apenas o direito de sermos influenciados.\u00a0<\/p>\n<p>Assim, entramos no terceiro (e \u00faltimo) ponto desta an\u00e1lise.<\/p>\n<h2 class=\"wp-block-heading\" id=\"h-03-as-eleicoes-trump-e-as-outras-tambem\"><strong>03. As elei\u00e7\u00f5es Trump (e as outras tamb\u00e9m)<\/strong><\/h2>\n<p>Em 2024, acontecer\u00e3o as elei\u00e7\u00f5es na chamada maior democracia do mundo, os Estados Unidos. Se n\u00e3o for impedido pelos tribunais, <strong>Donald Trump <\/strong>provavelmente concorrer\u00e1 com <strong>Joe Biden<\/strong>, numa disputa que replica 2020, mas que pode ter <strong>outro vencedor.<\/strong>\u00a0<\/p>\n<p>O empres\u00e1rio que pode expulsar quem o expulsou da <strong>Casa Branca<\/strong> j\u00e1 esteve envolvido num esc\u00e2ndalo sobre o uso de dados do <strong>Facebook<\/strong> <strong>para influenciar o resultado das elei\u00e7\u00f5es de 2016 por l\u00e1.\u00a0<\/strong>\u00a0<\/p>\n<p>A campanha de Trump foi acusada de trabalhar com a <strong>Cambridge Analytica<\/strong>, que \u00e0 \u00e9poca era presidida por <strong>Steve Bannon<\/strong>, para tentar garantir a vit\u00f3ria.\u00a0<\/p>\n<p>Eu n\u00e3o falei do Biden pois n\u00e3o h\u00e1 nada que indique que ele usou de mecanismos obscuros para se beneficiar na corrida de 2020, mas fique \u00e0 vontade para me <strong>contestar.\u00a0<\/strong><\/p>\n<p>O ponto \u00e9: o que garante que, agora que est\u00e3o muito mais evolu\u00eddos, esses mecanismos n\u00e3o v\u00e3o influenciar significativamente o processo eleitoral no mundo inteiro?\u00a0<\/p>\n<p>E como ter certeza de que esses candidatos, que j\u00e1 usaram isso a seu favor, n\u00e3o o far\u00e3o novamente? E qual ser\u00e1 o papel das redes, do jeito que est\u00e3o se desenhando cada vez mais complexas e influentes, na pr\u00f3pria <strong>democracia ao redor do mundo<\/strong>?\u00a0<\/p>\n<p>Eu tamb\u00e9m j\u00e1 escrevi sobre o papel das redes em processos eleitorais no Brasil <a href=\"https:\/\/www.seudinheiro.com\/2022\/politica\/o-seu-dinheiro-e-bolsonarista-ou-petista-bdap\/\">aqui<\/a> e <a href=\"https:\/\/www.seudinheiro.com\/2022\/politica\/alexandre-de-moraes-nao-foi-preso-mas-voce-foi-bolsonaro-lula-bdap\/\">aqui<\/a> e tenho certeza que esse ser\u00e1 um dos principais assuntos nessa seara para 2024 \u2013 e eu terei que atualizar os conte\u00fados, porque <strong>as coisas est\u00e3o mudando r\u00e1pido\u2026\u00a0<\/strong><\/p>\n<h2 class=\"wp-block-heading\" id=\"h-mas-o-seu-dinheiro-persiste\"><strong>Mas o Seu Dinheiro persiste<\/strong><\/h2>\n<p>Como de costume, fa\u00e7o o convite para voc\u00ea nos seguir no <strong>Instagram <a href=\"https:\/\/www.instagram.com\/seudinheiro\/\">(s\u00f3 clicar aqui)<\/a> <\/strong>e se inscrever no nosso canal do <strong>YouTube<a href=\"https:\/\/www.youtube.com\/@SeuDinheiro?sub_confirmation=1\"> (c\u00e1 est\u00e1)<\/a>.\u00a0<\/strong><\/p>\n<p>Afinal, em uma internet que caminha para conte\u00fados produzidos artificialmente e com pouca profundidade, n\u00f3s trabalhamos diariamente para trazer tudo o que realmente importa para o seu bolso.\u00a0<\/p>\n<p>N\u00e3o somos negacionistas da revolu\u00e7\u00e3o que a intelig\u00eancia artificial pode trazer.\u00a0<\/p>\n<p>Mas em meio a tanta confus\u00e3o, saber quem est\u00e1 por tr\u00e1s dos assuntos que voc\u00ea consome faz grande diferen\u00e7a e<strong> voc\u00ea pode ver nossa carinha todos os dias pelo YouTube.<\/strong><\/p>\n<\/div>\n<p><script async src=\"\/\/www.instagram.com\/embed.js\"><\/script><br \/>\n<br \/><br \/>\n<br \/><a href=\"https:\/\/www.seudinheiro.com\/2024\/especiaissd\/a-morte-da-internet-o-caso-choquei-e-donaldo-trump-bdap\/\">Source link <\/a><\/p>\n<!-- CONTENT END 1 -->\n","protected":false},"excerpt":{"rendered":"<p>O ano era 2010. Eu aproveitava minhas tardes depois da escola como qualquer outra crian\u00e7a comum de dez anos: lendo a revista Capricho, vendo Hannah&#8230;<\/p>\n","protected":false},"author":1,"featured_media":27991,"comment_status":"open","ping_status":"open","sticky":false,"template":"","format":"standard","meta":{"advanced_seo_description":"","jetpack_seo_html_title":"","jetpack_seo_noindex":false,"jetpack_post_was_ever_published":false,"_jetpack_newsletter_access":"","_jetpack_dont_email_post_to_subs":false,"_jetpack_newsletter_tier_id":0,"_jetpack_memberships_contains_paywalled_content":false,"_jetpack_memberships_contains_paid_content":false,"footnotes":"","jetpack_publicize_message":"","jetpack_publicize_feature_enabled":true,"jetpack_social_post_already_shared":true,"jetpack_social_options":{"image_generator_settings":{"template":"highway","default_image_id":0,"font":"","enabled":false},"version":2}},"categories":[1235],"tags":[],"class_list":["post-27990","post","type-post","status-publish","format-standard","has-post-thumbnail","hentry","category-dinheiro-e-investimento-como-fazer-como-ganhar"],"jetpack_publicize_connections":[],"jetpack_featured_media_url":"https:\/\/i0.wp.com\/noticiasribeiraopreto.com.br\/wp-content\/uploads\/2024\/01\/Trump-Choquei-e-Internet-morta-715x402.png?fit=715%2C402&ssl=1","jetpack-related-posts":[{"id":26907,"url":"https:\/\/noticiasribeiraopreto.com.br\/index.php\/2024\/01\/11\/gustavo-tubarao-se-emociona-ao-lembrar-de-luta-contra-depressao-e-panico-chorava-em-posicao-fetal\/","url_meta":{"origin":27990,"position":0},"title":"Gustavo Tubar\u00e3o se emociona ao lembrar de luta contra depress\u00e3o e p\u00e2nico: \u201cChorava em posi\u00e7\u00e3o fetal\u201d","author":"noticiasribeiraopreto.com.br","date":"11 de January de 2024","format":false,"excerpt":"Muito conhecido nas redes sociais, o influenciador Gustavo Tubar\u00e3o chamou a aten\u00e7\u00e3o com um desabafo sobre sua luta pela sa\u00fade mental. Tubar\u00e3o falou sobre o per\u00edodo em que esteve mal.O desabafo foi publicado nas redes sociais nesta quarta-feira (10\/01). O influenciador falou sobre o per\u00edodo em que passou dois anos\u2026","rel":"","context":"In &quot;Blog&quot;","block_context":{"text":"Blog","link":"https:\/\/noticiasribeiraopreto.com.br\/index.php\/category\/blog\/"},"img":{"alt_text":"","src":"https:\/\/i0.wp.com\/noticiasribeiraopreto.com.br\/wp-content\/uploads\/2024\/01\/postimg-659f573a9e4f98368.jpg?fit=1200%2C628&ssl=1&resize=350%2C200","width":350,"height":200,"srcset":"https:\/\/i0.wp.com\/noticiasribeiraopreto.com.br\/wp-content\/uploads\/2024\/01\/postimg-659f573a9e4f98368.jpg?fit=1200%2C628&ssl=1&resize=350%2C200 1x, https:\/\/i0.wp.com\/noticiasribeiraopreto.com.br\/wp-content\/uploads\/2024\/01\/postimg-659f573a9e4f98368.jpg?fit=1200%2C628&ssl=1&resize=525%2C300 1.5x, https:\/\/i0.wp.com\/noticiasribeiraopreto.com.br\/wp-content\/uploads\/2024\/01\/postimg-659f573a9e4f98368.jpg?fit=1200%2C628&ssl=1&resize=700%2C400 2x, https:\/\/i0.wp.com\/noticiasribeiraopreto.com.br\/wp-content\/uploads\/2024\/01\/postimg-659f573a9e4f98368.jpg?fit=1200%2C628&ssl=1&resize=1050%2C600 3x"},"classes":[]},{"id":52214,"url":"https:\/\/noticiasribeiraopreto.com.br\/index.php\/2024\/06\/05\/indiana-executiva-conta-como-se-tornou-vp-da-meta\/","url_meta":{"origin":27990,"position":1},"title":"Indiana, executiva conta como se tornou VP da Meta","author":"noticiasribeiraopreto.com.br","date":"5 de June de 2024","format":false,"excerpt":"Como investidora anjo, Nikila Srinivasan, VP da Meta, aposta em startups fundadas por mulheres e imigrantes Acessibilidade L L A- A+ \u25d0 Quando usou o Facebook pela primeira vez no seu primeiro celular, com dinheiro emprestado do pai e uma conex\u00e3o de internet ruim, Nikila Srinivasan, natural de Chennai, no\u2026","rel":"","context":"In &quot;Blog&quot;","block_context":{"text":"Blog","link":"https:\/\/noticiasribeiraopreto.com.br\/index.php\/category\/blog\/"},"img":{"alt_text":"","src":"https:\/\/i0.wp.com\/noticiasribeiraopreto.com.br\/wp-content\/uploads\/2024\/06\/mulher-nikila-meta-1024x683.jpg?fit=1024%2C683&ssl=1&resize=350%2C200","width":350,"height":200,"srcset":"https:\/\/i0.wp.com\/noticiasribeiraopreto.com.br\/wp-content\/uploads\/2024\/06\/mulher-nikila-meta-1024x683.jpg?fit=1024%2C683&ssl=1&resize=350%2C200 1x, https:\/\/i0.wp.com\/noticiasribeiraopreto.com.br\/wp-content\/uploads\/2024\/06\/mulher-nikila-meta-1024x683.jpg?fit=1024%2C683&ssl=1&resize=525%2C300 1.5x, https:\/\/i0.wp.com\/noticiasribeiraopreto.com.br\/wp-content\/uploads\/2024\/06\/mulher-nikila-meta-1024x683.jpg?fit=1024%2C683&ssl=1&resize=700%2C400 2x"},"classes":[]},{"id":65317,"url":"https:\/\/noticiasribeiraopreto.com.br\/index.php\/2025\/03\/18\/jornal-da-franca-como-as-minhas-redes-sociais-sabem-do-que-gosto-e-o-que-eu-quero-assistir\/","url_meta":{"origin":27990,"position":2},"title":"Jornal da Franca &#8211; Como as minhas redes sociais sabem do que gosto e o que eu quero assistir?","author":"noticiasribeiraopreto.com.br","date":"18 de March de 2025","format":false,"excerpt":"Existem alguns segredos por tr\u00e1s dos algoritmos das diferentes redes sociais que entendem seus gostos e te prende na tela Sabe aquela sensa\u00e7\u00e3o de que o TikTok l\u00ea sua mente? E a satisfa\u00e7\u00e3o de aparecer \u201cpor acaso\u201d a 2\u00aa parte daquele v\u00eddeo legal?Passar horas rolando a for you \u00e9 algo\u2026","rel":"","context":"In &quot;Not\u00edcias de Franca-SP&quot;","block_context":{"text":"Not\u00edcias de Franca-SP","link":"https:\/\/noticiasribeiraopreto.com.br\/index.php\/category\/noticias-de-ribeirao-preto-sp-e-regiao-ismael-colosi\/noticias-franca-sp\/"},"img":{"alt_text":"","src":"https:\/\/i0.wp.com\/noticiasribeiraopreto.com.br\/wp-content\/uploads\/2025\/03\/2021-01-11t203525z_421912072_mt1hnslcs000enxngz_rtrmadp_3_hans-lucas.jpg?fit=1170%2C700&ssl=1&resize=350%2C200","width":350,"height":200,"srcset":"https:\/\/i0.wp.com\/noticiasribeiraopreto.com.br\/wp-content\/uploads\/2025\/03\/2021-01-11t203525z_421912072_mt1hnslcs000enxngz_rtrmadp_3_hans-lucas.jpg?fit=1170%2C700&ssl=1&resize=350%2C200 1x, https:\/\/i0.wp.com\/noticiasribeiraopreto.com.br\/wp-content\/uploads\/2025\/03\/2021-01-11t203525z_421912072_mt1hnslcs000enxngz_rtrmadp_3_hans-lucas.jpg?fit=1170%2C700&ssl=1&resize=525%2C300 1.5x, https:\/\/i0.wp.com\/noticiasribeiraopreto.com.br\/wp-content\/uploads\/2025\/03\/2021-01-11t203525z_421912072_mt1hnslcs000enxngz_rtrmadp_3_hans-lucas.jpg?fit=1170%2C700&ssl=1&resize=700%2C400 2x, https:\/\/i0.wp.com\/noticiasribeiraopreto.com.br\/wp-content\/uploads\/2025\/03\/2021-01-11t203525z_421912072_mt1hnslcs000enxngz_rtrmadp_3_hans-lucas.jpg?fit=1170%2C700&ssl=1&resize=1050%2C600 3x"},"classes":[]},{"id":16986,"url":"https:\/\/noticiasribeiraopreto.com.br\/index.php\/2023\/12\/17\/pesquisei-como-ganhar-r-1-mil-por-mes-sem-trabalhar-e-a-resposta-mais-facil-nao-estava-no-google-e-sim-no-tiktok\/","url_meta":{"origin":27990,"position":3},"title":"Pesquisei como ganhar R$ 1 mil por m\u00eas sem trabalhar \u2014 e a resposta mais f\u00e1cil n\u00e3o estava no Google e sim no TikTok\u00a0\u00a0","author":"noticiasribeiraopreto.com.br","date":"17 de December de 2023","format":false,"excerpt":"\u201cComo ganhar uma renda de R$ 1 mil por m\u00eas sem trabalhar?\u201d. Essa foi a pesquisa que o editor do Seu Dinheiro sugeriu que eu fizesse quando propus o tema da newsletter desta semana: o TikTok est\u00e1 roubando o espa\u00e7o do Google entre os \u2018novinhos\u2019.\u00a0 O que ele queria que\u2026","rel":"","context":"In &quot;Dinheiro e Investimento&quot;","block_context":{"text":"Dinheiro e Investimento","link":"https:\/\/noticiasribeiraopreto.com.br\/index.php\/category\/dinheiro-e-investimento-como-fazer-como-ganhar\/"},"img":{"alt_text":"","src":"https:\/\/i0.wp.com\/noticiasribeiraopreto.com.br\/wp-content\/uploads\/2023\/12\/1702810928_dinheiro-esquecido-bancos-saldo-R-120-CAPA-SD-715x402.jpg?fit=715%2C402&ssl=1&resize=350%2C200","width":350,"height":200,"srcset":"https:\/\/i0.wp.com\/noticiasribeiraopreto.com.br\/wp-content\/uploads\/2023\/12\/1702810928_dinheiro-esquecido-bancos-saldo-R-120-CAPA-SD-715x402.jpg?fit=715%2C402&ssl=1&resize=350%2C200 1x, https:\/\/i0.wp.com\/noticiasribeiraopreto.com.br\/wp-content\/uploads\/2023\/12\/1702810928_dinheiro-esquecido-bancos-saldo-R-120-CAPA-SD-715x402.jpg?fit=715%2C402&ssl=1&resize=525%2C300 1.5x, https:\/\/i0.wp.com\/noticiasribeiraopreto.com.br\/wp-content\/uploads\/2023\/12\/1702810928_dinheiro-esquecido-bancos-saldo-R-120-CAPA-SD-715x402.jpg?fit=715%2C402&ssl=1&resize=700%2C400 2x"},"classes":[]},{"id":19778,"url":"https:\/\/noticiasribeiraopreto.com.br\/index.php\/2023\/12\/23\/transferi-r-5-mil-para-comprar-criptomoedas-pela-binance-mas-dinheiro-ficou-preso-como-recupera-lo\/","url_meta":{"origin":27990,"position":4},"title":"Transferi R$ 5 mil para comprar criptomoedas pela Binance, mas dinheiro ficou \u2018preso\u2019; como recuper\u00e1-lo?","author":"noticiasribeiraopreto.com.br","date":"23 de December de 2023","format":false,"excerpt":"Dinheiro \u2018travado\u2019 num limbo. Essa era a situa\u00e7\u00e3o do leitor que enviou para a Dinheirista a d\u00favida de hoje. H\u00e1 mais de um ano, ele tentou fazer uma transfer\u00eancia de R$ 5 mil para a corretora de criptomoedas Binance, mas os recursos acabaram ficando \u201cpresos\u201d numa empresa intermedi\u00e1ria, a Capitual.\u2026","rel":"","context":"In &quot;Dinheiro e Investimento&quot;","block_context":{"text":"Dinheiro e Investimento","link":"https:\/\/noticiasribeiraopreto.com.br\/index.php\/category\/dinheiro-e-investimento-como-fazer-como-ganhar\/"},"img":{"alt_text":"","src":"https:\/\/i0.wp.com\/noticiasribeiraopreto.com.br\/wp-content\/uploads\/2023\/12\/Carol-Gama-3-715x402.png?fit=715%2C402&ssl=1&resize=350%2C200","width":350,"height":200,"srcset":"https:\/\/i0.wp.com\/noticiasribeiraopreto.com.br\/wp-content\/uploads\/2023\/12\/Carol-Gama-3-715x402.png?fit=715%2C402&ssl=1&resize=350%2C200 1x, https:\/\/i0.wp.com\/noticiasribeiraopreto.com.br\/wp-content\/uploads\/2023\/12\/Carol-Gama-3-715x402.png?fit=715%2C402&ssl=1&resize=525%2C300 1.5x, https:\/\/i0.wp.com\/noticiasribeiraopreto.com.br\/wp-content\/uploads\/2023\/12\/Carol-Gama-3-715x402.png?fit=715%2C402&ssl=1&resize=700%2C400 2x"},"classes":[]},{"id":62806,"url":"https:\/\/noticiasribeiraopreto.com.br\/index.php\/2025\/01\/24\/gravida-de-taubate-volta-as-redes-sociais-13-anos-apos-polemica\/","url_meta":{"origin":27990,"position":5},"title":"&#8216;Gr\u00e1vida de Taubat\u00e9&#8217; volta \u00e0s redes sociais 13 anos ap\u00f3s pol\u00eamica","author":"noticiasribeiraopreto.com.br","date":"24 de January de 2025","format":false,"excerpt":"Maria Ver\u00f4nica Aparecida dos Santos, mais conhecida como a \u201cGr\u00e1vida de Taubat\u00e9\u201c, voltou \u00e0s redes sociais nesta semana, 13 anos ap\u00f3s se envolver em uma pol\u00eamica, onde ela alegava estar gr\u00e1vida de quadrig\u00eameos. Segundo ela, a apari\u00e7\u00e3o em dois v\u00eddeos publicados entre 20 e 22 de janeiro, representa seu testemunho\u2026","rel":"","context":"In &quot;Not\u00edcias de Ribeir\u00e3o Preto-SP e Regi\u00e3o&quot;","block_context":{"text":"Not\u00edcias de Ribeir\u00e3o Preto-SP e Regi\u00e3o","link":"https:\/\/noticiasribeiraopreto.com.br\/index.php\/category\/noticias-de-ribeirao-preto-sp-e-regiao-ismael-colosi\/"},"img":{"alt_text":"","src":"https:\/\/i0.wp.com\/noticiasribeiraopreto.com.br\/wp-content\/uploads\/2025\/01\/Copia-de-Copia-de-Copia-de-TAMANHO-EXATO-PARA-FOTOS-NO-SISTEMA-NOVO-2025-01-24T131419.870_2025-01-24_16-14-24_png_2025-01-24_16-14-24.webp.webp?fit=1200%2C675&ssl=1&resize=350%2C200","width":350,"height":200,"srcset":"https:\/\/i0.wp.com\/noticiasribeiraopreto.com.br\/wp-content\/uploads\/2025\/01\/Copia-de-Copia-de-Copia-de-TAMANHO-EXATO-PARA-FOTOS-NO-SISTEMA-NOVO-2025-01-24T131419.870_2025-01-24_16-14-24_png_2025-01-24_16-14-24.webp.webp?fit=1200%2C675&ssl=1&resize=350%2C200 1x, https:\/\/i0.wp.com\/noticiasribeiraopreto.com.br\/wp-content\/uploads\/2025\/01\/Copia-de-Copia-de-Copia-de-TAMANHO-EXATO-PARA-FOTOS-NO-SISTEMA-NOVO-2025-01-24T131419.870_2025-01-24_16-14-24_png_2025-01-24_16-14-24.webp.webp?fit=1200%2C675&ssl=1&resize=525%2C300 1.5x, https:\/\/i0.wp.com\/noticiasribeiraopreto.com.br\/wp-content\/uploads\/2025\/01\/Copia-de-Copia-de-Copia-de-TAMANHO-EXATO-PARA-FOTOS-NO-SISTEMA-NOVO-2025-01-24T131419.870_2025-01-24_16-14-24_png_2025-01-24_16-14-24.webp.webp?fit=1200%2C675&ssl=1&resize=700%2C400 2x, https:\/\/i0.wp.com\/noticiasribeiraopreto.com.br\/wp-content\/uploads\/2025\/01\/Copia-de-Copia-de-Copia-de-TAMANHO-EXATO-PARA-FOTOS-NO-SISTEMA-NOVO-2025-01-24T131419.870_2025-01-24_16-14-24_png_2025-01-24_16-14-24.webp.webp?fit=1200%2C675&ssl=1&resize=1050%2C600 3x"},"classes":[]}],"jetpack_sharing_enabled":true,"jetpack_shortlink":"https:\/\/wp.me\/peQAOb-7hs","_links":{"self":[{"href":"https:\/\/noticiasribeiraopreto.com.br\/index.php\/wp-json\/wp\/v2\/posts\/27990","targetHints":{"allow":["GET"]}}],"collection":[{"href":"https:\/\/noticiasribeiraopreto.com.br\/index.php\/wp-json\/wp\/v2\/posts"}],"about":[{"href":"https:\/\/noticiasribeiraopreto.com.br\/index.php\/wp-json\/wp\/v2\/types\/post"}],"author":[{"embeddable":true,"href":"https:\/\/noticiasribeiraopreto.com.br\/index.php\/wp-json\/wp\/v2\/users\/1"}],"replies":[{"embeddable":true,"href":"https:\/\/noticiasribeiraopreto.com.br\/index.php\/wp-json\/wp\/v2\/comments?post=27990"}],"version-history":[{"count":0,"href":"https:\/\/noticiasribeiraopreto.com.br\/index.php\/wp-json\/wp\/v2\/posts\/27990\/revisions"}],"wp:featuredmedia":[{"embeddable":true,"href":"https:\/\/noticiasribeiraopreto.com.br\/index.php\/wp-json\/wp\/v2\/media\/27991"}],"wp:attachment":[{"href":"https:\/\/noticiasribeiraopreto.com.br\/index.php\/wp-json\/wp\/v2\/media?parent=27990"}],"wp:term":[{"taxonomy":"category","embeddable":true,"href":"https:\/\/noticiasribeiraopreto.com.br\/index.php\/wp-json\/wp\/v2\/categories?post=27990"},{"taxonomy":"post_tag","embeddable":true,"href":"https:\/\/noticiasribeiraopreto.com.br\/index.php\/wp-json\/wp\/v2\/tags?post=27990"}],"curies":[{"name":"wp","href":"https:\/\/api.w.org\/{rel}","templated":true}]}}