{"id":28014,"date":"2024-01-14T11:04:38","date_gmt":"2024-01-14T14:04:38","guid":{"rendered":"https:\/\/noticiasribeiraopreto.com.br\/index.php\/2024\/01\/14\/vem-chuva-veja-a-previsao-do-tempo-para-este-domingo-em-ribeirao-preto\/"},"modified":"2024-01-14T11:04:38","modified_gmt":"2024-01-14T14:04:38","slug":"vem-chuva-veja-a-previsao-do-tempo-para-este-domingo-em-ribeirao-preto","status":"publish","type":"post","link":"https:\/\/noticiasribeiraopreto.com.br\/index.php\/2024\/01\/14\/vem-chuva-veja-a-previsao-do-tempo-para-este-domingo-em-ribeirao-preto\/","title":{"rendered":"Vem chuva? Veja a previs\u00e3o do tempo para este domingo em Ribeir\u00e3o Preto"},"content":{"rendered":"<div class='code-block code-block-1' style='margin: 8px 0 8px auto; text-align: right; display: block; clear: both;'>\n<p><a href=\"https:\/\/wa.link\/vpicfd\"><img data-recalc-dims=\"1\" class=\"wp-image-4922\" style=\"aspect-ratio: 2.0253164556962027; width: 561px; height: auto;\" src=\"https:\/\/i0.wp.com\/ismaelcolosi.com.br\/wp-content\/uploads\/2023\/11\/grupo-de-empregos-whatsapp-e-facebook-ismael-colosi-vagas.jpg?ssl=1\" alt=\"\" \/><\/a><\/p>\n<!-- \/wp:image -->\n<\/div>\n<p> <br \/>\n<\/p>\n<div data-td-block-uid=\"tdi_104\">\n<div class=\"tdb-block-inner td-fix-index\">\n<p><strong>Ribeir\u00e3o Preto<\/strong> amanheceu sob muitas nuvens neste domingo (14). A passagem de uma <strong>frente fria<\/strong> pelo litoral de <strong>S\u00e3o Paulo<\/strong> e do <strong>Rio de Janeiro<\/strong>, aumentam as chances de <strong>temporais em todo o estado de SP.<\/strong><\/p>\n<p>Na cidade, de acordo com a <strong>Climatempo<\/strong>, <mark style=\"background-color:#fcb900\" class=\"has-inline-color\">o domingo ser\u00e1 de sol com muitas nuvens e pancadas de chuva, principalmente \u00e0 tarde e \u00e0 noite.<\/mark> A temperatura deve subir durante o dia e atingir a <strong>m\u00e1xima <\/strong>de <strong>31\u00baC<\/strong>.<\/p>\n<figure class=\"wp-block-pullquote has-text-align-left\">\n<blockquote>\n<p>\u201cO ar fica abafado e as pancadas de chuva podem ocorrer a qualquer momento, inclusive pela manh\u00e3\u201d, disse a meteorologia.<\/p>\n<\/blockquote>\n<\/figure>\n<p>Em <strong>Barretos <\/strong>e <strong>Franca<\/strong>, a previs\u00e3o \u00e9 parecida. Pode ocorrer pancadas de chuva em ambas as cidades, e as m\u00e1ximas podem atingir os 27\u00baC e 30\u00baC, respectivamente.<\/p>\n<h4 class=\"wp-block-heading\"><strong>Alerta para chuvas Intensas<\/strong><\/h4>\n<p>O <strong>Inmet (Instituto Nacional de Meteorologia)<\/strong> emitiu um novo alerta de <strong>perigo potencial<\/strong> para <strong>chuvas intensas <\/strong>em parte do <strong>interior de S\u00e3o Paulo<\/strong>, inclusive, em <strong>Ribeir\u00e3o Preto<\/strong>.<\/p>\n<p>\u00c9 esperado o acumulado de chuva entre 20 mm e 30 mm por hora, com ventos intensos de at\u00e9 60 km\/h. O comunicado \u00e9 v\u00e1lido at\u00e9 \u00e0s 10h desta segunda-feira (15).<\/p>\n<h4 class=\"wp-block-heading\"><strong>Veja mais detalhes da previs\u00e3o do tempo neste domingo:<\/strong><\/h4>\n<p>21\u00b0C \/ 31\u00b0C<\/p>\n<p>Sol com muitas nuvens. Pancadas de chuva \u00e0 tarde e \u00e0 noite.<\/p>\n<p>Chuva: 20 mm \/ 80%<\/p>\n<p>Umidade do ar: 40% \/ 91%<\/p>\n<p>21\u00b0C \/ 31\u00b0C<\/p>\n<p>19\u00baC \/ 27\u00baC<\/p>\n<p>Sol com muitas nuvens durante o dia. Per\u00edodos de nublado, com chuva a qualquer hora.<\/p>\n<p>Chuva: 30 mm \/ 90%<\/p>\n<p>Umidade do ar: 49% \/ 90%<\/p>\n<p>22\u00b0C \/ 30\u00b0C<\/p>\n<p>Sol com muitas nuvens. Pancadas de chuva \u00e0 tarde e \u00e0 noite.<\/p>\n<p>Chuva: 9 mm \/ 90%<\/p>\n<p>Umidade do ar: 37% \/ 87%<\/p>\n<p><em><strong>Fonte: <\/strong>Climatempo<\/em><\/p>\n<p>SAIBA MAIS<\/p>\n<p>Passagem do \u00f4nibus custa R$ 8,45 em Ribeir\u00e3o Preto? Entenda<\/p>\n<h4 class=\"wp-block-heading\"><strong><mark style=\"background-color:#fcb900\" class=\"has-inline-color\">FIQUE ON<\/mark><\/strong><\/h4>\n<p>Fique ligado em tudo que acontece em Ribeir\u00e3o Preto e regi\u00e3o. Siga os perfis do<strong>\u00a0acidade on<\/strong>\u00a0no\u00a0<a href=\"https:\/\/www.instagram.com\/acidadeonribeirao\" target=\"_blank\" rel=\"noreferrer noopener\">Instagram<\/a>\u00a0e no<a href=\"https:\/\/www.facebook.com\/acidadeonribeirao\" target=\"_blank\" rel=\"noreferrer noopener\">\u00a0Facebook<\/a>.<\/p>\n<p>Receba not\u00edcias do\u00a0<strong>acidade on\u00a0<\/strong>no WhatsApp.<a href=\"https:\/\/chat.whatsapp.com\/Bnv2w66ZT4VDyZW3oiZ69n\" target=\"_blank\" rel=\"noreferrer noopener\">\u00a0Para entrar no grupo, basta clicar aqui.<\/a><\/p>\n<p>Fa\u00e7a uma den\u00fancia ou sugira uma reportagem sobre Ribeir\u00e3o Preto e regi\u00e3o pelo WhatsApp: 16 99117 7802.<\/p>\n<p>VEJA TAMB\u00c9M <\/p>\n<p>Vanessa Lopes fala sobre roupas de Yasmin Brunet no BBB 24<\/p>\n<p><!-- AI CONTENT END 1 -->\n<\/div>\n<\/div>\n<p><script async src=\"\/\/www.instagram.com\/embed.js\"><\/script><br \/>\n<br \/><br \/>\n<br \/><a href=\"https:\/\/www.acidadeon.com\/ribeiraopreto\/cotidiano\/vem-chuva-veja-a-previsao-do-tempo-para-este-domingo-em-ribeirao-preto\/\">Source link <\/a><\/p>\n<!-- CONTENT END 1 -->\n","protected":false},"excerpt":{"rendered":"<p>Ribeir\u00e3o Preto amanheceu sob muitas nuvens neste domingo (14). A passagem de uma frente fria pelo litoral de S\u00e3o Paulo e do Rio de Janeiro,&#8230;<\/p>\n","protected":false},"author":1,"featured_media":28015,"comment_status":"open","ping_status":"open","sticky":false,"template":"","format":"standard","meta":{"advanced_seo_description":"","jetpack_seo_html_title":"","jetpack_seo_noindex":false,"jetpack_post_was_ever_published":false,"_jetpack_newsletter_access":"","_jetpack_dont_email_post_to_subs":false,"_jetpack_newsletter_tier_id":0,"_jetpack_memberships_contains_paywalled_content":false,"_jetpack_memberships_contains_paid_content":false,"footnotes":"","jetpack_publicize_message":"","jetpack_publicize_feature_enabled":true,"jetpack_social_post_already_shared":true,"jetpack_social_options":{"image_generator_settings":{"template":"highway","default_image_id":0,"font":"","enabled":false},"version":2}},"categories":[11],"tags":[224,338,220,71,27,350,26,351,48,1230],"class_list":["post-28014","post","type-post","status-publish","format-standard","has-post-thumbnail","hentry","category-noticias-de-ribeirao-preto-sp-e-regiao-ismael-colosi","tag-chuva","tag-domingo","tag-este","tag-para","tag-preto","tag-previsao","tag-ribeirao","tag-tempo","tag-veja","tag-vem"],"jetpack_publicize_connections":[],"jetpack_featured_media_url":"https:\/\/i0.wp.com\/noticiasribeiraopreto.com.br\/wp-content\/uploads\/2024\/01\/WhatsApp-Image-2024-01-14-at-10.08.20.jpeg?fit=1600%2C1200&ssl=1","jetpack-related-posts":[{"id":34891,"url":"https:\/\/noticiasribeiraopreto.com.br\/index.php\/2024\/02\/04\/domingo-comeca-com-tempo-fechado-em-ribeirao-veja-previsao-para-os-proximos-5-dias\/","url_meta":{"origin":28014,"position":0},"title":"Domingo come\u00e7a com tempo fechado em Ribeir\u00e3o; Veja previs\u00e3o para os pr\u00f3ximos 5 dias","author":"noticiasribeiraopreto.com.br","date":"4 de February de 2024","format":false,"excerpt":"O domingo (4) amanheceu com tempo fechado e chuvoso em Ribeir\u00e3o Preto. De acordo com a Climatempo, o sol aparece com algumas nuvens e mant\u00e9m o tempo abafado. Pancadas de chuva podem ocorrer durante o dia e \u00e0 noite. Existem 83% de chances de chover o acumulado de 10 mil\u00edmetros.\u2026","rel":"","context":"In &quot;Not\u00edcias de Ribeir\u00e3o Preto-SP e Regi\u00e3o&quot;","block_context":{"text":"Not\u00edcias de Ribeir\u00e3o Preto-SP e Regi\u00e3o","link":"https:\/\/noticiasribeiraopreto.com.br\/index.php\/category\/noticias-de-ribeirao-preto-sp-e-regiao-ismael-colosi\/"},"img":{"alt_text":"","src":"https:\/\/i0.wp.com\/noticiasribeiraopreto.com.br\/wp-content\/uploads\/2024\/02\/WhatsApp-Image-2023-12-22-at-07.23.32.jpeg?fit=1200%2C675&ssl=1&resize=350%2C200","width":350,"height":200,"srcset":"https:\/\/i0.wp.com\/noticiasribeiraopreto.com.br\/wp-content\/uploads\/2024\/02\/WhatsApp-Image-2023-12-22-at-07.23.32.jpeg?fit=1200%2C675&ssl=1&resize=350%2C200 1x, https:\/\/i0.wp.com\/noticiasribeiraopreto.com.br\/wp-content\/uploads\/2024\/02\/WhatsApp-Image-2023-12-22-at-07.23.32.jpeg?fit=1200%2C675&ssl=1&resize=525%2C300 1.5x, https:\/\/i0.wp.com\/noticiasribeiraopreto.com.br\/wp-content\/uploads\/2024\/02\/WhatsApp-Image-2023-12-22-at-07.23.32.jpeg?fit=1200%2C675&ssl=1&resize=700%2C400 2x, https:\/\/i0.wp.com\/noticiasribeiraopreto.com.br\/wp-content\/uploads\/2024\/02\/WhatsApp-Image-2023-12-22-at-07.23.32.jpeg?fit=1200%2C675&ssl=1&resize=1050%2C600 3x"},"classes":[]},{"id":71515,"url":"https:\/\/noticiasribeiraopreto.com.br\/index.php\/2025\/06\/06\/previsao-do-tempo-possibilidade-de-chuva-no-interior-de-sp-no-domingo-confira\/","url_meta":{"origin":28014,"position":1},"title":"Previs\u00e3o do tempo: possibilidade de chuva no interior de SP no domingo; confira","author":"noticiasribeiraopreto.com.br","date":"6 de June de 2025","format":false,"excerpt":"A previs\u00e3o do tempo para o final de semana no estado de S\u00e3o Paulo aponta para possibilidade de chuva, que deve acontecer a partir de domingo (8). Antes, no s\u00e1bado (7), o tempo ficar\u00e1 inst\u00e1vel na parte leste do estado, segundo a Climatempo. \u201cA chuva chega nessas \u00e1reas em forma\u2026","rel":"","context":"In &quot;Not\u00edcias de Ribeir\u00e3o Preto-SP e Regi\u00e3o&quot;","block_context":{"text":"Not\u00edcias de Ribeir\u00e3o Preto-SP e Regi\u00e3o","link":"https:\/\/noticiasribeiraopreto.com.br\/index.php\/category\/noticias-de-ribeirao-preto-sp-e-regiao-ismael-colosi\/"},"img":{"alt_text":"","src":"https:\/\/i0.wp.com\/noticiasribeiraopreto.com.br\/wp-content\/uploads\/2025\/02\/chuva-ribeirao-preto-2_2025-02-02_20-25-14_jpeg_2025-02-02_20-25-14.webp.webp?fit=1166%2C874&ssl=1&resize=350%2C200","width":350,"height":200,"srcset":"https:\/\/i0.wp.com\/noticiasribeiraopreto.com.br\/wp-content\/uploads\/2025\/02\/chuva-ribeirao-preto-2_2025-02-02_20-25-14_jpeg_2025-02-02_20-25-14.webp.webp?fit=1166%2C874&ssl=1&resize=350%2C200 1x, https:\/\/i0.wp.com\/noticiasribeiraopreto.com.br\/wp-content\/uploads\/2025\/02\/chuva-ribeirao-preto-2_2025-02-02_20-25-14_jpeg_2025-02-02_20-25-14.webp.webp?fit=1166%2C874&ssl=1&resize=525%2C300 1.5x, https:\/\/i0.wp.com\/noticiasribeiraopreto.com.br\/wp-content\/uploads\/2025\/02\/chuva-ribeirao-preto-2_2025-02-02_20-25-14_jpeg_2025-02-02_20-25-14.webp.webp?fit=1166%2C874&ssl=1&resize=700%2C400 2x, https:\/\/i0.wp.com\/noticiasribeiraopreto.com.br\/wp-content\/uploads\/2025\/02\/chuva-ribeirao-preto-2_2025-02-02_20-25-14_jpeg_2025-02-02_20-25-14.webp.webp?fit=1166%2C874&ssl=1&resize=1050%2C600 3x"},"classes":[]},{"id":62625,"url":"https:\/\/noticiasribeiraopreto.com.br\/index.php\/2025\/01\/19\/interior-de-sp-esta-em-alerta-de-perigo-potencial-veja-cidades\/","url_meta":{"origin":28014,"position":2},"title":"Interior de SP est\u00e1 em alerta de perigo potencial; Veja cidades","author":"noticiasribeiraopreto.com.br","date":"19 de January de 2025","format":false,"excerpt":"O Inmet (Instituto Nacional de Meteorologia) emitiu\u00a0 um novo alerta de perigo potencial para chuvas intensas em algumas regi\u00f5es do interior de S\u00e3o Paulo, neste domingo (20). O comunicado foi identificado com a cor amarela e diz que h\u00e1 possiblidade de chuva entre 20 e 30 mil\u00edmetros por hora ou\u2026","rel":"","context":"In &quot;Not\u00edcias de Ribeir\u00e3o Preto-SP e Regi\u00e3o&quot;","block_context":{"text":"Not\u00edcias de Ribeir\u00e3o Preto-SP e Regi\u00e3o","link":"https:\/\/noticiasribeiraopreto.com.br\/index.php\/category\/noticias-de-ribeirao-preto-sp-e-regiao-ismael-colosi\/"},"img":{"alt_text":"","src":"https:\/\/i0.wp.com\/noticiasribeiraopreto.com.br\/wp-content\/uploads\/2025\/01\/1737321755_Capturar-3.jpg?fit=739%2C452&ssl=1&resize=350%2C200","width":350,"height":200,"srcset":"https:\/\/i0.wp.com\/noticiasribeiraopreto.com.br\/wp-content\/uploads\/2025\/01\/1737321755_Capturar-3.jpg?fit=739%2C452&ssl=1&resize=350%2C200 1x, https:\/\/i0.wp.com\/noticiasribeiraopreto.com.br\/wp-content\/uploads\/2025\/01\/1737321755_Capturar-3.jpg?fit=739%2C452&ssl=1&resize=525%2C300 1.5x, https:\/\/i0.wp.com\/noticiasribeiraopreto.com.br\/wp-content\/uploads\/2025\/01\/1737321755_Capturar-3.jpg?fit=739%2C452&ssl=1&resize=700%2C400 2x"},"classes":[]},{"id":60450,"url":"https:\/\/noticiasribeiraopreto.com.br\/index.php\/2024\/11\/14\/feriadao-com-chuva-veja-a-previsao-do-tempo-em-ribeirao-preto\/","url_meta":{"origin":28014,"position":3},"title":"Feriad\u00e3o com chuva? Veja a previs\u00e3o do tempo em Ribeir\u00e3o Preto","author":"noticiasribeiraopreto.com.br","date":"14 de November de 2024","format":false,"excerpt":"As instabilidades continuam em atua\u00e7\u00e3o na regi\u00e3o de Ribeir\u00e3o Preto. Segundo a Climatempo, nesta quinta-feira (14) est\u00e3o previstas pancadas de chuva com raios e ventos a partir da tarde na regi\u00e3o. Esta \u00e9 mesma condi\u00e7\u00e3o para o feriado da Proclama\u00e7\u00e3o da Rep\u00fablica, nesta sexta-feira (15). S\u00e1bado e domingo No s\u00e1bado\u2026","rel":"","context":"In &quot;Not\u00edcias de Ribeir\u00e3o Preto-SP e Regi\u00e3o&quot;","block_context":{"text":"Not\u00edcias de Ribeir\u00e3o Preto-SP e Regi\u00e3o","link":"https:\/\/noticiasribeiraopreto.com.br\/index.php\/category\/noticias-de-ribeirao-preto-sp-e-regiao-ismael-colosi\/"},"img":{"alt_text":"","src":"https:\/\/i0.wp.com\/noticiasribeiraopreto.com.br\/wp-content\/uploads\/2024\/11\/1731593484_RIBEIRAO-PRETO.jpg?fit=1200%2C708&ssl=1&resize=350%2C200","width":350,"height":200,"srcset":"https:\/\/i0.wp.com\/noticiasribeiraopreto.com.br\/wp-content\/uploads\/2024\/11\/1731593484_RIBEIRAO-PRETO.jpg?fit=1200%2C708&ssl=1&resize=350%2C200 1x, https:\/\/i0.wp.com\/noticiasribeiraopreto.com.br\/wp-content\/uploads\/2024\/11\/1731593484_RIBEIRAO-PRETO.jpg?fit=1200%2C708&ssl=1&resize=525%2C300 1.5x, https:\/\/i0.wp.com\/noticiasribeiraopreto.com.br\/wp-content\/uploads\/2024\/11\/1731593484_RIBEIRAO-PRETO.jpg?fit=1200%2C708&ssl=1&resize=700%2C400 2x, https:\/\/i0.wp.com\/noticiasribeiraopreto.com.br\/wp-content\/uploads\/2024\/11\/1731593484_RIBEIRAO-PRETO.jpg?fit=1200%2C708&ssl=1&resize=1050%2C600 3x"},"classes":[]},{"id":9278,"url":"https:\/\/noticiasribeiraopreto.com.br\/index.php\/2023\/12\/01\/como-fica-o-tempo-em-dezembro-veja-a-previsao-para-o-interior-de-sp\/","url_meta":{"origin":28014,"position":4},"title":"Como fica o tempo em dezembro? Veja a previs\u00e3o para o interior de SP","author":"noticiasribeiraopreto.com.br","date":"1 de December de 2023","format":false,"excerpt":"O m\u00eas de dezembro dever\u00e1 ser de chuva com temperaturas acima da m\u00e9dia em todo o estado de S\u00e3o Paulo, de acordo com o Inmet (Instituto Nacional de Meteorologia). Os dias devem ser de sol com aumento de nuvens e pancadas de chuva \u00e0 tarde e \u00e0 noite. Essas instabilidades\u2026","rel":"","context":"In &quot;Not\u00edcias de Ribeir\u00e3o Preto-SP e Regi\u00e3o&quot;","block_context":{"text":"Not\u00edcias de Ribeir\u00e3o Preto-SP e Regi\u00e3o","link":"https:\/\/noticiasribeiraopreto.com.br\/index.php\/category\/noticias-de-ribeirao-preto-sp-e-regiao-ismael-colosi\/"},"img":{"alt_text":"","src":"https:\/\/i0.wp.com\/noticiasribeiraopreto.com.br\/wp-content\/uploads\/2023\/12\/WhatsApp-Image-2023-11-24-at-11.08.54.jpeg?fit=1200%2C523&ssl=1&resize=350%2C200","width":350,"height":200,"srcset":"https:\/\/i0.wp.com\/noticiasribeiraopreto.com.br\/wp-content\/uploads\/2023\/12\/WhatsApp-Image-2023-11-24-at-11.08.54.jpeg?fit=1200%2C523&ssl=1&resize=350%2C200 1x, https:\/\/i0.wp.com\/noticiasribeiraopreto.com.br\/wp-content\/uploads\/2023\/12\/WhatsApp-Image-2023-11-24-at-11.08.54.jpeg?fit=1200%2C523&ssl=1&resize=525%2C300 1.5x, https:\/\/i0.wp.com\/noticiasribeiraopreto.com.br\/wp-content\/uploads\/2023\/12\/WhatsApp-Image-2023-11-24-at-11.08.54.jpeg?fit=1200%2C523&ssl=1&resize=700%2C400 2x, https:\/\/i0.wp.com\/noticiasribeiraopreto.com.br\/wp-content\/uploads\/2023\/12\/WhatsApp-Image-2023-11-24-at-11.08.54.jpeg?fit=1200%2C523&ssl=1&resize=1050%2C600 3x"},"classes":[]},{"id":62347,"url":"https:\/\/noticiasribeiraopreto.com.br\/index.php\/2025\/01\/11\/o-calor-vai-continuar-veja-a-previsao-do-tempo-para-este-final-de-semana-em-ribeirao\/","url_meta":{"origin":28014,"position":5},"title":"O calor vai continuar? Veja a previs\u00e3o do tempo para este final de semana em Ribeir\u00e3o","author":"noticiasribeiraopreto.com.br","date":"11 de January de 2025","format":false,"excerpt":"A previs\u00e3o do tempo para este s\u00e1bado (11), na regi\u00e3o de Ribeir\u00e3o Preto, \u00e9 de\u00a0sol entre nuvens e possibilidade de chuva passageira ao longo do dia. Al\u00e9m disso, as pancadas de chuva podem vir\u00a0acompanhadas de rajadas de vento forte, raios e granizo. Isso acontece devido a combina\u00e7\u00e3o de calor e\u2026","rel":"","context":"In &quot;Not\u00edcias de Ribeir\u00e3o Preto-SP e Regi\u00e3o&quot;","block_context":{"text":"Not\u00edcias de Ribeir\u00e3o Preto-SP e Regi\u00e3o","link":"https:\/\/noticiasribeiraopreto.com.br\/index.php\/category\/noticias-de-ribeirao-preto-sp-e-regiao-ismael-colosi\/"},"img":{"alt_text":"","src":"https:\/\/i0.wp.com\/noticiasribeiraopreto.com.br\/wp-content\/uploads\/2024\/12\/chuva-ribeirao-preto_2024-12-15_20-55-28_jpeg_2024-12-15_20-55-29.webp.webp?fit=1200%2C900&ssl=1&resize=350%2C200","width":350,"height":200,"srcset":"https:\/\/i0.wp.com\/noticiasribeiraopreto.com.br\/wp-content\/uploads\/2024\/12\/chuva-ribeirao-preto_2024-12-15_20-55-28_jpeg_2024-12-15_20-55-29.webp.webp?fit=1200%2C900&ssl=1&resize=350%2C200 1x, https:\/\/i0.wp.com\/noticiasribeiraopreto.com.br\/wp-content\/uploads\/2024\/12\/chuva-ribeirao-preto_2024-12-15_20-55-28_jpeg_2024-12-15_20-55-29.webp.webp?fit=1200%2C900&ssl=1&resize=525%2C300 1.5x, https:\/\/i0.wp.com\/noticiasribeiraopreto.com.br\/wp-content\/uploads\/2024\/12\/chuva-ribeirao-preto_2024-12-15_20-55-28_jpeg_2024-12-15_20-55-29.webp.webp?fit=1200%2C900&ssl=1&resize=700%2C400 2x, https:\/\/i0.wp.com\/noticiasribeiraopreto.com.br\/wp-content\/uploads\/2024\/12\/chuva-ribeirao-preto_2024-12-15_20-55-28_jpeg_2024-12-15_20-55-29.webp.webp?fit=1200%2C900&ssl=1&resize=1050%2C600 3x"},"classes":[]}],"jetpack_sharing_enabled":true,"jetpack_shortlink":"https:\/\/wp.me\/peQAOb-7hQ","_links":{"self":[{"href":"https:\/\/noticiasribeiraopreto.com.br\/index.php\/wp-json\/wp\/v2\/posts\/28014","targetHints":{"allow":["GET"]}}],"collection":[{"href":"https:\/\/noticiasribeiraopreto.com.br\/index.php\/wp-json\/wp\/v2\/posts"}],"about":[{"href":"https:\/\/noticiasribeiraopreto.com.br\/index.php\/wp-json\/wp\/v2\/types\/post"}],"author":[{"embeddable":true,"href":"https:\/\/noticiasribeiraopreto.com.br\/index.php\/wp-json\/wp\/v2\/users\/1"}],"replies":[{"embeddable":true,"href":"https:\/\/noticiasribeiraopreto.com.br\/index.php\/wp-json\/wp\/v2\/comments?post=28014"}],"version-history":[{"count":0,"href":"https:\/\/noticiasribeiraopreto.com.br\/index.php\/wp-json\/wp\/v2\/posts\/28014\/revisions"}],"wp:featuredmedia":[{"embeddable":true,"href":"https:\/\/noticiasribeiraopreto.com.br\/index.php\/wp-json\/wp\/v2\/media\/28015"}],"wp:attachment":[{"href":"https:\/\/noticiasribeiraopreto.com.br\/index.php\/wp-json\/wp\/v2\/media?parent=28014"}],"wp:term":[{"taxonomy":"category","embeddable":true,"href":"https:\/\/noticiasribeiraopreto.com.br\/index.php\/wp-json\/wp\/v2\/categories?post=28014"},{"taxonomy":"post_tag","embeddable":true,"href":"https:\/\/noticiasribeiraopreto.com.br\/index.php\/wp-json\/wp\/v2\/tags?post=28014"}],"curies":[{"name":"wp","href":"https:\/\/api.w.org\/{rel}","templated":true}]}}