{"id":28066,"date":"2024-01-14T16:01:50","date_gmt":"2024-01-14T19:01:50","guid":{"rendered":"https:\/\/noticiasribeiraopreto.com.br\/index.php\/2024\/01\/14\/casa-da-memoria-italiana-tem-programacao-gratuita-para-as-ferias-em-ribeirao-preto\/"},"modified":"2024-01-14T16:01:50","modified_gmt":"2024-01-14T19:01:50","slug":"casa-da-memoria-italiana-tem-programacao-gratuita-para-as-ferias-em-ribeirao-preto","status":"publish","type":"post","link":"https:\/\/noticiasribeiraopreto.com.br\/index.php\/2024\/01\/14\/casa-da-memoria-italiana-tem-programacao-gratuita-para-as-ferias-em-ribeirao-preto\/","title":{"rendered":"Casa da Mem\u00f3ria Italiana tem programa\u00e7\u00e3o gratuita para as f\u00e9rias em Ribeir\u00e3o Preto"},"content":{"rendered":"<div class='code-block code-block-1' style='margin: 8px 0 8px auto; text-align: right; display: block; clear: both;'>\n<p><a href=\"https:\/\/wa.link\/vpicfd\"><img data-recalc-dims=\"1\" class=\"wp-image-4922\" style=\"aspect-ratio: 2.0253164556962027; width: 561px; height: auto;\" src=\"https:\/\/i0.wp.com\/ismaelcolosi.com.br\/wp-content\/uploads\/2023\/11\/grupo-de-empregos-whatsapp-e-facebook-ismael-colosi-vagas.jpg?ssl=1\" alt=\"\" \/><\/a><\/p>\n<!-- \/wp:image -->\n<\/div>\n<p> <br \/>\n<\/p>\n<div>\n<p>O<strong> Museu Casa da Mem\u00f3ria Italiana<\/strong>, em <strong>Ribeir\u00e3o Preto<\/strong>, anunciou uma programa\u00e7\u00e3o especial de f\u00e9rias nos dias <strong>20 <\/strong>e <strong>27 de janeiro<\/strong>. A a\u00e7\u00e3o faz parte do in\u00edcio da celebra\u00e7\u00e3o dos 150 anos da imigra\u00e7\u00e3o italiana no Brasil.<\/p>\n<p>Voltada para crian\u00e7as de<strong> 6 a 12 anos<\/strong>, o museu pretende unir o universo l\u00fadico ao criativo, por meio de <strong>oficinas art\u00edsticas<\/strong> tendo como refer\u00eancias <strong>artistas visuais \u00edtalo-brasileiros<\/strong> da regi\u00e3o de Ribeir\u00e3o.<\/p>\n<p>\u00a0\u201cAs atividades voltadas ao p\u00fablico infantil nessas datas especiais ir\u00e3o explorar a imigra\u00e7\u00e3o por meio do trabalho com as produ\u00e7\u00f5es de C\u00e2ndido Portinari e Bassano Vaccarini, artistas \u00edtalo-brasileiros radicados na regi\u00e3o de Ribeir\u00e3o Preto, com proje\u00e7\u00e3o extrapolando os limites de nosso pa\u00eds\u201d, diz a publica\u00e7\u00e3o nas redes sociais do museu.<\/p>\n<p><mark style=\"background-color:#fcb900\" class=\"has-inline-color\">Vale ressaltar que a a\u00e7\u00e3o acontece em<strong> duas turmas diferentes<\/strong>, separadas pela <strong>faixa et\u00e1ria<\/strong> das crian\u00e7as. <em>Veja<\/em>:<\/mark><\/p>\n<ul>\n<li>Dia 20 de janeiro \u2013 Crian\u00e7as de 6 a 8 anos<\/li>\n<\/ul>\n<ul>\n<li>Dia 20 de janeiro \u2013 Crian\u00e7as de 9 a 12 anos<\/li>\n<\/ul>\n<p>A <strong>programa\u00e7\u00e3o \u00e9 gratuita<\/strong>, contudo, as vagas s\u00e3o limitadas e <strong>\u00e9 necess\u00e1rio realizar o agendamento<\/strong> atrav\u00e9s do WhatsApp (16) 99760-9946.<\/p>\n<h4 class=\"wp-block-heading\"><strong>Visita\u00e7\u00e3o ao Museu<\/strong><\/h4>\n<p>Al\u00e9m da programa\u00e7\u00e3o especial para as f\u00e9rias, os interessados podem <strong>agendar <\/strong>tamb\u00e9m <strong>uma visita\u00e7\u00e3o ao Museu Casa da Mem\u00f3ria Italiana. <\/strong><\/p>\n<p>O passeio contempla visita ao jardim, quintal e parte interna da casa, mostrando os espa\u00e7os originalmente utilizados pelas fam\u00edlias que moraram no local. <strong>A dura\u00e7\u00e3o \u00e9 de aproximadamente 50 minutos.<\/strong><\/p>\n<p><mark style=\"background-color:#fcb900\" class=\"has-inline-color\">As visitas s\u00e3o realizadas as quintas-feiras, \u00e0s 15h; sextas-feiras \u00e0s 15h e aos s\u00e1bados \u00e0s 10h e \u00e0s 11h30, exceto em feriados. <\/mark>Para participar \u00e9 necess\u00e1rio verificar a data e agendar o passeio pelo site (<a href=\"https:\/\/www.sympla.com.br\/evento\/visita-mediada-a-casa-da-memoria-italiana-2024\/2275444\" target=\"_blank\" rel=\"noreferrer noopener\">clique aqui<\/a>).<\/p>\n<p>O agendamento para visita de grupos escolares \u00e9 realizado pelo e-mail educativo.cmi@gmail.com.<\/p>\n<h4 class=\"wp-block-heading\"><strong>Servi\u00e7o<\/strong><\/h4>\n<p><em>F\u00e9rias no Museu Casa da Mem\u00f3ria Italiana<\/em><\/p>\n<p>Quando: dias 20 e 27 de janeiro, \u00e0s 10h<\/p>\n<p>Onde: Museu Casa da Mem\u00f3ria Italiana \u2013 rua Tibiri\u00e7\u00e1, 776, Centro<\/p>\n<p>Atividade gratuita \u2013 \u00c9 necess\u00e1rio realizar o agendamento pelo WhatsApp (16) 99760-9946.<\/p>\n<p>SAIBA MAIS<\/p>\n<p>Monobloco far\u00e1 apresenta\u00e7\u00e3o no pr\u00e9-Carnaval em Ribeir\u00e3o Preto<\/p>\n<h4 class=\"wp-block-heading\"><strong><mark style=\"background-color:#fcb900\" class=\"has-inline-color\">FIQUE ON<\/mark><\/strong><\/h4>\n<p>Fique ligado em tudo que acontece em Ribeir\u00e3o Preto e regi\u00e3o. Siga os perfis do<strong>\u00a0acidade on<\/strong>\u00a0no\u00a0<a href=\"https:\/\/www.instagram.com\/acidadeonribeirao\" target=\"_blank\" rel=\"noreferrer noopener\">Instagram<\/a>\u00a0e no<a href=\"https:\/\/www.facebook.com\/acidadeonribeirao\" target=\"_blank\" rel=\"noreferrer noopener\">\u00a0Facebook<\/a>.<\/p>\n<p>Receba not\u00edcias do\u00a0<strong>acidade on\u00a0<\/strong>no WhatsApp.<a href=\"https:\/\/chat.whatsapp.com\/Bnv2w66ZT4VDyZW3oiZ69n\" target=\"_blank\" rel=\"noreferrer noopener\">\u00a0Para entrar no grupo, basta clicar aqui.<\/a><\/p>\n<p>Fa\u00e7a uma den\u00fancia ou sugira uma reportagem sobre Ribeir\u00e3o Preto e regi\u00e3o pelo WhatsApp: 16 99117 7802.<\/p>\n<p>VEJA TAMB\u00c9M<\/p>\n<p>Torrone italiano: veja o passo a passo desse doce especial<\/p>\n<p><!-- AI CONTENT END 1 -->\n<\/div>\n<p><script async src=\"\/\/www.instagram.com\/embed.js\"><\/script><br \/>\n<br \/><br \/>\n<br \/><a href=\"https:\/\/www.acidadeon.com\/ribeiraopreto\/lazer-e-cultura\/casa-da-memoria-italiana-tem-programacao-gratuita-para-as-ferias-em-ribeirao-preto\/\">Source link <\/a><\/p>\n<!-- CONTENT END 1 -->\n","protected":false},"excerpt":{"rendered":"<p>O Museu Casa da Mem\u00f3ria Italiana, em Ribeir\u00e3o Preto, anunciou uma programa\u00e7\u00e3o especial de f\u00e9rias nos dias 20 e 27 de janeiro. A a\u00e7\u00e3o faz&#8230;<\/p>\n","protected":false},"author":1,"featured_media":28067,"comment_status":"open","ping_status":"open","sticky":false,"template":"","format":"standard","meta":{"advanced_seo_description":"","jetpack_seo_html_title":"","jetpack_seo_noindex":false,"jetpack_post_was_ever_published":false,"_jetpack_newsletter_access":"","_jetpack_dont_email_post_to_subs":false,"_jetpack_newsletter_tier_id":0,"_jetpack_memberships_contains_paywalled_content":false,"_jetpack_memberships_contains_paid_content":false,"footnotes":"","jetpack_publicize_message":"","jetpack_publicize_feature_enabled":true,"jetpack_social_post_already_shared":true,"jetpack_social_options":{"image_generator_settings":{"template":"highway","default_image_id":0,"font":"","enabled":false},"version":2}},"categories":[11],"tags":[289,2970,343,291,290,71,27,70,26,162],"class_list":["post-28066","post","type-post","status-publish","format-standard","has-post-thumbnail","hentry","category-noticias-de-ribeirao-preto-sp-e-regiao-ismael-colosi","tag-casa","tag-ferias","tag-gratuita","tag-italiana","tag-memoria","tag-para","tag-preto","tag-programacao","tag-ribeirao","tag-tem"],"jetpack_publicize_connections":[],"jetpack_featured_media_url":"https:\/\/i0.wp.com\/noticiasribeiraopreto.com.br\/wp-content\/uploads\/2024\/01\/WhatsApp-Image-2024-01-12-at-15.11.37.jpeg?fit=1600%2C900&ssl=1","jetpack-related-posts":[{"id":73721,"url":"https:\/\/noticiasribeiraopreto.com.br\/index.php\/2025\/07\/08\/museu-casa-da-memoria-italiana-oferece-programacao-gratuita-de-ferias\/","url_meta":{"origin":28066,"position":0},"title":"Museu Casa da Mem\u00f3ria Italiana oferece programa\u00e7\u00e3o gratuita de f\u00e9rias","author":"noticiasribeiraopreto.com.br","date":"8 de July de 2025","format":false,"excerpt":"Durante o m\u00eas de julho, o Museu Casa da Mem\u00f3ria Italiana oferece uma programa\u00e7\u00e3o gratuita e especial de f\u00e9rias para as crian\u00e7as. As atividades unem cultura, m\u00fasica e tradi\u00e7\u00e3o entre os dias 10 a 13 de julho. Com exce\u00e7\u00e3o do domingo (13), as vagas s\u00e3o limitadas, com agendamento pr\u00e9vio. F\u00e9rias\u2026","rel":"","context":"In &quot;Not\u00edcias de Ribeir\u00e3o Preto-SP e Regi\u00e3o&quot;","block_context":{"text":"Not\u00edcias de Ribeir\u00e3o Preto-SP e Regi\u00e3o","link":"https:\/\/noticiasribeiraopreto.com.br\/index.php\/category\/noticias-de-ribeirao-preto-sp-e-regiao-ismael-colosi\/"},"img":{"alt_text":"","src":"https:\/\/i0.wp.com\/noticiasribeiraopreto.com.br\/wp-content\/uploads\/2025\/07\/Atividade-com-criancas_2025-07-08_13-50-38.webp.webp?fit=1200%2C900&ssl=1&resize=350%2C200","width":350,"height":200,"srcset":"https:\/\/i0.wp.com\/noticiasribeiraopreto.com.br\/wp-content\/uploads\/2025\/07\/Atividade-com-criancas_2025-07-08_13-50-38.webp.webp?fit=1200%2C900&ssl=1&resize=350%2C200 1x, https:\/\/i0.wp.com\/noticiasribeiraopreto.com.br\/wp-content\/uploads\/2025\/07\/Atividade-com-criancas_2025-07-08_13-50-38.webp.webp?fit=1200%2C900&ssl=1&resize=525%2C300 1.5x, https:\/\/i0.wp.com\/noticiasribeiraopreto.com.br\/wp-content\/uploads\/2025\/07\/Atividade-com-criancas_2025-07-08_13-50-38.webp.webp?fit=1200%2C900&ssl=1&resize=700%2C400 2x, https:\/\/i0.wp.com\/noticiasribeiraopreto.com.br\/wp-content\/uploads\/2025\/07\/Atividade-com-criancas_2025-07-08_13-50-38.webp.webp?fit=1200%2C900&ssl=1&resize=1050%2C600 3x"},"classes":[]},{"id":37955,"url":"https:\/\/noticiasribeiraopreto.com.br\/index.php\/2024\/02\/19\/casa-da-memoria-italiana-tem-programacao-especial-em-ribeirao\/","url_meta":{"origin":28066,"position":1},"title":"Casa da Mem\u00f3ria Italiana tem programa\u00e7\u00e3o especial em Ribeir\u00e3o","author":"noticiasribeiraopreto.com.br","date":"19 de February de 2024","format":false,"excerpt":"O Museu Casa da Mem\u00f3ria Italiana de Ribeir\u00e3o Preto promove uma programa\u00e7\u00e3o especial para comemorar os 150 anos da imigra\u00e7\u00e3o italiana, entre os dias 21 e 24 de fevereiro. A entrada \u00e9 gratuita. Confira a programa\u00e7\u00e3o: 19h:\u00a0abertura da\u00a0exposi\u00e7\u00e3o \u201dFor\u00e7a Italiana. Hist\u00f3rias de Fam\u00edlia\u201d, e relan\u00e7amento do livro de mesmo nome,\u2026","rel":"","context":"In &quot;Not\u00edcias de Ribeir\u00e3o Preto-SP e Regi\u00e3o&quot;","block_context":{"text":"Not\u00edcias de Ribeir\u00e3o Preto-SP e Regi\u00e3o","link":"https:\/\/noticiasribeiraopreto.com.br\/index.php\/category\/noticias-de-ribeirao-preto-sp-e-regiao-ismael-colosi\/"},"img":{"alt_text":"","src":"https:\/\/i0.wp.com\/noticiasribeiraopreto.com.br\/wp-content\/uploads\/2024\/02\/museu-da-memoria-italiana.jpg?fit=499%2C316&ssl=1&resize=350%2C200","width":350,"height":200},"classes":[]},{"id":63628,"url":"https:\/\/noticiasribeiraopreto.com.br\/index.php\/2025\/02\/18\/museu-casa-da-memoria-italiana-tem-programacao-especial-na-semana-do-imigrante\/","url_meta":{"origin":28066,"position":2},"title":"Museu Casa da Mem\u00f3ria Italiana tem programa\u00e7\u00e3o especial na Semana do Imigrante","author":"noticiasribeiraopreto.com.br","date":"18 de February de 2025","format":false,"excerpt":"Na pr\u00f3xima sexta-feira (21) \u00e9 comemorado os 151 anos da Imigra\u00e7\u00e3o Italiana no Brasil e o Museu Casa da Mem\u00f3ria Italiana, em Ribeir\u00e3o Preto, conta com uma programa\u00e7\u00e3o especial e gratuita com exposi\u00e7\u00e3o, palestra e forma\u00e7\u00e3o de educadores. Confira: Palestra Na quinta-feira (20), \u00e0s 19h, o Museu realiza a palestra\u2026","rel":"","context":"In &quot;Not\u00edcias de Ribeir\u00e3o Preto-SP e Regi\u00e3o&quot;","block_context":{"text":"Not\u00edcias de Ribeir\u00e3o Preto-SP e Regi\u00e3o","link":"https:\/\/noticiasribeiraopreto.com.br\/index.php\/category\/noticias-de-ribeirao-preto-sp-e-regiao-ismael-colosi\/"},"img":{"alt_text":"","src":"https:\/\/i0.wp.com\/noticiasribeiraopreto.com.br\/wp-content\/uploads\/2025\/02\/Fachada-2025_2025-02-18_12-58-23_jpg_2025-02-18_12-58-24-scaled.webp.webp?fit=1200%2C687&ssl=1&resize=350%2C200","width":350,"height":200,"srcset":"https:\/\/i0.wp.com\/noticiasribeiraopreto.com.br\/wp-content\/uploads\/2025\/02\/Fachada-2025_2025-02-18_12-58-23_jpg_2025-02-18_12-58-24-scaled.webp.webp?fit=1200%2C687&ssl=1&resize=350%2C200 1x, https:\/\/i0.wp.com\/noticiasribeiraopreto.com.br\/wp-content\/uploads\/2025\/02\/Fachada-2025_2025-02-18_12-58-23_jpg_2025-02-18_12-58-24-scaled.webp.webp?fit=1200%2C687&ssl=1&resize=525%2C300 1.5x, https:\/\/i0.wp.com\/noticiasribeiraopreto.com.br\/wp-content\/uploads\/2025\/02\/Fachada-2025_2025-02-18_12-58-23_jpg_2025-02-18_12-58-24-scaled.webp.webp?fit=1200%2C687&ssl=1&resize=700%2C400 2x, https:\/\/i0.wp.com\/noticiasribeiraopreto.com.br\/wp-content\/uploads\/2025\/02\/Fachada-2025_2025-02-18_12-58-23_jpg_2025-02-18_12-58-24-scaled.webp.webp?fit=1200%2C687&ssl=1&resize=1050%2C600 3x"},"classes":[]},{"id":62957,"url":"https:\/\/noticiasribeiraopreto.com.br\/index.php\/2025\/01\/29\/casa-da-memoria-italiana-conta-com-visita-guiada-bate-papo-e-cafe-com-artistas-no-fim-de-semana\/","url_meta":{"origin":28066,"position":3},"title":"Casa da Mem\u00f3ria Italiana conta com visita guiada, bate-papo e caf\u00e9 com artistas no fim de semana","author":"noticiasribeiraopreto.com.br","date":"29 de January de 2025","format":false,"excerpt":"O Museu Casa da Mem\u00f3ria Italiana, em Ribeir\u00e3o Preto, encerra a exposi\u00e7\u00e3o \u201cInvent\u00e1rio\u201d com uma programa\u00e7\u00e3o especial. No s\u00e1bado (1\u00ba de fevereiro), a partir das 10h, o museu oferece visita guiada, bate-papo e caf\u00e9 com os artistas. A entrada \u00e9 gratuita e aberta ao p\u00fablico. A exposi\u00e7\u00e3o conta com obras\u2026","rel":"","context":"In &quot;Not\u00edcias de Ribeir\u00e3o Preto-SP e Regi\u00e3o&quot;","block_context":{"text":"Not\u00edcias de Ribeir\u00e3o Preto-SP e Regi\u00e3o","link":"https:\/\/noticiasribeiraopreto.com.br\/index.php\/category\/noticias-de-ribeirao-preto-sp-e-regiao-ismael-colosi\/"},"img":{"alt_text":"","src":"https:\/\/i0.wp.com\/noticiasribeiraopreto.com.br\/wp-content\/uploads\/2025\/01\/expo-Inventario-8_2025-01-29_13-17-28_jpg_2025-01-29_13-17-30-scaled.webp.webp?fit=1200%2C900&ssl=1&resize=350%2C200","width":350,"height":200,"srcset":"https:\/\/i0.wp.com\/noticiasribeiraopreto.com.br\/wp-content\/uploads\/2025\/01\/expo-Inventario-8_2025-01-29_13-17-28_jpg_2025-01-29_13-17-30-scaled.webp.webp?fit=1200%2C900&ssl=1&resize=350%2C200 1x, https:\/\/i0.wp.com\/noticiasribeiraopreto.com.br\/wp-content\/uploads\/2025\/01\/expo-Inventario-8_2025-01-29_13-17-28_jpg_2025-01-29_13-17-30-scaled.webp.webp?fit=1200%2C900&ssl=1&resize=525%2C300 1.5x, https:\/\/i0.wp.com\/noticiasribeiraopreto.com.br\/wp-content\/uploads\/2025\/01\/expo-Inventario-8_2025-01-29_13-17-28_jpg_2025-01-29_13-17-30-scaled.webp.webp?fit=1200%2C900&ssl=1&resize=700%2C400 2x, https:\/\/i0.wp.com\/noticiasribeiraopreto.com.br\/wp-content\/uploads\/2025\/01\/expo-Inventario-8_2025-01-29_13-17-28_jpg_2025-01-29_13-17-30-scaled.webp.webp?fit=1200%2C900&ssl=1&resize=1050%2C600 3x"},"classes":[]},{"id":62383,"url":"https:\/\/noticiasribeiraopreto.com.br\/index.php\/2025\/01\/13\/museu-casa-da-memoria-italiana-tera-atividades-de-ferias-veja-a-programacao\/","url_meta":{"origin":28066,"position":4},"title":"Museu Casa da Mem\u00f3ria Italiana ter\u00e1 atividades de f\u00e9rias; Veja a programa\u00e7\u00e3o","author":"noticiasribeiraopreto.com.br","date":"13 de January de 2025","format":false,"excerpt":"No m\u00eas de janeiro, o Museu Casa da Mem\u00f3ria Italiana oferece uma programa\u00e7\u00e3o especial e gratuita para as crian\u00e7as. A programa\u00e7\u00e3o acontece entre os dias 17, 23 e 24 de janeiro, \u00e0s 15h, e nos dias 18 e 25 de janeiro, \u00e0s 10h. Para participar, \u00e9 necess\u00e1rio fazer uma inscri\u00e7\u00e3o\u2026","rel":"","context":"In &quot;Not\u00edcias de Ribeir\u00e3o Preto-SP e Regi\u00e3o&quot;","block_context":{"text":"Not\u00edcias de Ribeir\u00e3o Preto-SP e Regi\u00e3o","link":"https:\/\/noticiasribeiraopreto.com.br\/index.php\/category\/noticias-de-ribeirao-preto-sp-e-regiao-ismael-colosi\/"},"img":{"alt_text":"","src":"https:\/\/i0.wp.com\/noticiasribeiraopreto.com.br\/wp-content\/uploads\/2025\/01\/criancas-no-quintal-do-museu-casa_2025-01-13_12-09-59_jpg_2025-01-13_12-09-59.webp.webp?fit=1200%2C800&ssl=1&resize=350%2C200","width":350,"height":200,"srcset":"https:\/\/i0.wp.com\/noticiasribeiraopreto.com.br\/wp-content\/uploads\/2025\/01\/criancas-no-quintal-do-museu-casa_2025-01-13_12-09-59_jpg_2025-01-13_12-09-59.webp.webp?fit=1200%2C800&ssl=1&resize=350%2C200 1x, https:\/\/i0.wp.com\/noticiasribeiraopreto.com.br\/wp-content\/uploads\/2025\/01\/criancas-no-quintal-do-museu-casa_2025-01-13_12-09-59_jpg_2025-01-13_12-09-59.webp.webp?fit=1200%2C800&ssl=1&resize=525%2C300 1.5x, https:\/\/i0.wp.com\/noticiasribeiraopreto.com.br\/wp-content\/uploads\/2025\/01\/criancas-no-quintal-do-museu-casa_2025-01-13_12-09-59_jpg_2025-01-13_12-09-59.webp.webp?fit=1200%2C800&ssl=1&resize=700%2C400 2x, https:\/\/i0.wp.com\/noticiasribeiraopreto.com.br\/wp-content\/uploads\/2025\/01\/criancas-no-quintal-do-museu-casa_2025-01-13_12-09-59_jpg_2025-01-13_12-09-59.webp.webp?fit=1200%2C800&ssl=1&resize=1050%2C600 3x"},"classes":[]},{"id":77324,"url":"https:\/\/noticiasribeiraopreto.com.br\/index.php\/2025\/09\/16\/espetaculo-em-ribeirao-preto-celebra-os-151-anos-da-imigracao-italiana\/","url_meta":{"origin":28066,"position":5},"title":"Espet\u00e1culo em Ribeir\u00e3o Preto celebra os 151 anos da imigra\u00e7\u00e3o italiana","author":"noticiasribeiraopreto.com.br","date":"16 de September de 2025","format":false,"excerpt":"Ribeir\u00e3o Preto recebe na quarta-feira (24) o espet\u00e1culo \u201cE Eles Chegaram\u2026\u201d, uma homenagem aos 151 anos da imigra\u00e7\u00e3o italiana no Brasil. A apresenta\u00e7\u00e3o acontece no Teatro Municipal, \u00e0s 20h, e conta com entrada gratuita. O espet\u00e1culo, que tem parceria com o Instituto Casa da Mem\u00f3ria Italiana, conta com a presen\u00e7a\u2026","rel":"","context":"In &quot;Not\u00edcias de Ribeir\u00e3o Preto-SP e Regi\u00e3o&quot;","block_context":{"text":"Not\u00edcias de Ribeir\u00e3o Preto-SP e Regi\u00e3o","link":"https:\/\/noticiasribeiraopreto.com.br\/index.php\/category\/noticias-de-ribeirao-preto-sp-e-regiao-ismael-colosi\/"},"img":{"alt_text":"","src":"https:\/\/i0.wp.com\/noticiasribeiraopreto.com.br\/wp-content\/uploads\/2025\/09\/Orquestra-Jovem-de-Sertaozinho_2025-09-16_12-19-50.webp.webp?fit=800%2C418&ssl=1&resize=350%2C200","width":350,"height":200,"srcset":"https:\/\/i0.wp.com\/noticiasribeiraopreto.com.br\/wp-content\/uploads\/2025\/09\/Orquestra-Jovem-de-Sertaozinho_2025-09-16_12-19-50.webp.webp?fit=800%2C418&ssl=1&resize=350%2C200 1x, https:\/\/i0.wp.com\/noticiasribeiraopreto.com.br\/wp-content\/uploads\/2025\/09\/Orquestra-Jovem-de-Sertaozinho_2025-09-16_12-19-50.webp.webp?fit=800%2C418&ssl=1&resize=525%2C300 1.5x, https:\/\/i0.wp.com\/noticiasribeiraopreto.com.br\/wp-content\/uploads\/2025\/09\/Orquestra-Jovem-de-Sertaozinho_2025-09-16_12-19-50.webp.webp?fit=800%2C418&ssl=1&resize=700%2C400 2x"},"classes":[]}],"jetpack_sharing_enabled":true,"jetpack_shortlink":"https:\/\/wp.me\/peQAOb-7iG","_links":{"self":[{"href":"https:\/\/noticiasribeiraopreto.com.br\/index.php\/wp-json\/wp\/v2\/posts\/28066","targetHints":{"allow":["GET"]}}],"collection":[{"href":"https:\/\/noticiasribeiraopreto.com.br\/index.php\/wp-json\/wp\/v2\/posts"}],"about":[{"href":"https:\/\/noticiasribeiraopreto.com.br\/index.php\/wp-json\/wp\/v2\/types\/post"}],"author":[{"embeddable":true,"href":"https:\/\/noticiasribeiraopreto.com.br\/index.php\/wp-json\/wp\/v2\/users\/1"}],"replies":[{"embeddable":true,"href":"https:\/\/noticiasribeiraopreto.com.br\/index.php\/wp-json\/wp\/v2\/comments?post=28066"}],"version-history":[{"count":0,"href":"https:\/\/noticiasribeiraopreto.com.br\/index.php\/wp-json\/wp\/v2\/posts\/28066\/revisions"}],"wp:featuredmedia":[{"embeddable":true,"href":"https:\/\/noticiasribeiraopreto.com.br\/index.php\/wp-json\/wp\/v2\/media\/28067"}],"wp:attachment":[{"href":"https:\/\/noticiasribeiraopreto.com.br\/index.php\/wp-json\/wp\/v2\/media?parent=28066"}],"wp:term":[{"taxonomy":"category","embeddable":true,"href":"https:\/\/noticiasribeiraopreto.com.br\/index.php\/wp-json\/wp\/v2\/categories?post=28066"},{"taxonomy":"post_tag","embeddable":true,"href":"https:\/\/noticiasribeiraopreto.com.br\/index.php\/wp-json\/wp\/v2\/tags?post=28066"}],"curies":[{"name":"wp","href":"https:\/\/api.w.org\/{rel}","templated":true}]}}