{"id":28070,"date":"2024-01-14T16:25:49","date_gmt":"2024-01-14T19:25:49","guid":{"rendered":"https:\/\/noticiasribeiraopreto.com.br\/index.php\/2024\/01\/14\/videos-trazem-imagens-fortes-do-temporal-no-rj\/"},"modified":"2024-01-14T16:25:49","modified_gmt":"2024-01-14T19:25:49","slug":"videos-trazem-imagens-fortes-do-temporal-no-rj","status":"publish","type":"post","link":"https:\/\/noticiasribeiraopreto.com.br\/index.php\/2024\/01\/14\/videos-trazem-imagens-fortes-do-temporal-no-rj\/","title":{"rendered":"v\u00eddeos trazem imagens fortes do temporal no RJ"},"content":{"rendered":"<div class='code-block code-block-1' style='margin: 8px 0 8px auto; text-align: right; display: block; clear: both;'>\n<p><a href=\"https:\/\/wa.link\/vpicfd\"><img data-recalc-dims=\"1\" class=\"wp-image-4922\" style=\"aspect-ratio: 2.0253164556962027; width: 561px; height: auto;\" src=\"https:\/\/i0.wp.com\/ismaelcolosi.com.br\/wp-content\/uploads\/2023\/11\/grupo-de-empregos-whatsapp-e-facebook-ismael-colosi-vagas.jpg?ssl=1\" alt=\"\" \/><\/a><\/p>\n<!-- \/wp:image -->\n<\/div>\n<p> <br \/>\n<\/p>\n<div itemprop=\"text\">\n<p>O temporal ocorrido neste final de semana no Rio de Janeiro, causou s\u00e9rios transtornos, for\u00e7ando diversas fam\u00edlias a deixar suas casas por conta dos alagamentos. E na manh\u00e3 deste domingo, dia 14 de janeiro, ainda h\u00e1 bairros que sofrem com inunda\u00e7\u00f5es.<\/p>\n<p>E infelizmente, um homem morreu ap\u00f3s ter sido soterrado. Seu corpo foi encontrado com a ajuda de farejadores. Em Acari, uma mulher tamb\u00e9m n\u00e3o sobreviveu. Outros incidentes fatais tamb\u00e9m ocorreram, como o corpo de uma mulher encontrado nas ruas de Nova Igua\u00e7u.<\/p>\n<p>Um homem tamb\u00e9m morreu eletrocutado em S\u00e3o Jo\u00e3o de Meriti, e al\u00e9m disso, uma quinta v\u00edtima segue sendo procurada pelo Corpo de Bombeiros em Belford Roxo.<\/p>\n<p>Imagens impactantes que foram divulgadas acabaram expondo pessoas enfrentando correntezas para conseguir alcan\u00e7ar pontos de apoio. Cenas fortes tamb\u00e9m foram gravadas como uma fam\u00edlia usando um lat\u00e3o de lixo para transportar um idoso de uma casa alaga.<\/p>\n<p><a href=\"https:\/\/g1.globo.com\/rj\/rio-de-janeiro\/video\/idoso-e-carregado-em-lata-de-lixo-para-sair-de-inundacao-na-baixada-fluminense-12265570.ghtml\" target=\"_blank\" rel=\"nofollow noopener\">V\u00cdDEO 1<\/a> \u2013 <a href=\"https:\/\/g1.globo.com\/rj\/rio-de-janeiro\/video\/gestante-entra-em-trabalho-de-parto-durante-temporal-e-e-levada-de-bote-para-maternidade-12265660.ghtml\" target=\"_blank\" rel=\"nofollow noopener\">V\u00cdDEO 2<\/a><\/p>\n<p>A situa\u00e7\u00e3o incluiu ainda um resgate dram\u00e1tico, como um gestante que entrou em trabalho de parto durante o temporal ocorrido em Acari. Ela foi levada de bote pelo Corpo de Bombeiros para a maternidade ap\u00f3s receber os primeiros cuidados em unidades de sa\u00fade.<\/p>\n<p>O cen\u00e1rio de caos, com alagamentos e vidas em risco, evidencia a necessidade urgente de a\u00e7\u00f5es e recursos para lidar com as consequ\u00eancias dos desastres naturais na regi\u00e3o. As autoridades locais e organiza\u00e7\u00f5es de aux\u00edlio est\u00e3o mobilizadas para prestar assist\u00eancia \u00e0s v\u00edtimas e lidar com os desdobramentos do evento clim\u00e1tico.<\/p>\n<\/div>\n<p><br \/>\n<br \/><a href=\"https:\/\/fnmais.com\/falecimentos-idosos-carregados-em-latas-lixo-gravida-em-trabalho-parto-videos-trazem-imagens-fortes-temporal-no-rj\/\">Source link <\/a><\/p>\n<!-- CONTENT END 1 -->\n","protected":false},"excerpt":{"rendered":"<p>O temporal ocorrido neste final de semana no Rio de Janeiro, causou s\u00e9rios transtornos, for\u00e7ando diversas fam\u00edlias a deixar suas casas por conta dos alagamentos&#8230;.<\/p>\n","protected":false},"author":1,"featured_media":28071,"comment_status":"open","ping_status":"open","sticky":false,"template":"","format":"standard","meta":{"advanced_seo_description":"","jetpack_seo_html_title":"","jetpack_seo_noindex":false,"jetpack_post_was_ever_published":false,"_jetpack_newsletter_access":"","_jetpack_dont_email_post_to_subs":false,"_jetpack_newsletter_tier_id":0,"_jetpack_memberships_contains_paywalled_content":false,"_jetpack_memberships_contains_paid_content":false,"footnotes":"","jetpack_publicize_message":"","jetpack_publicize_feature_enabled":true,"jetpack_social_post_already_shared":true,"jetpack_social_options":{"image_generator_settings":{"template":"highway","default_image_id":0,"font":"","enabled":false},"version":2}},"categories":[1],"tags":[],"class_list":["post-28070","post","type-post","status-publish","format-standard","has-post-thumbnail","hentry","category-blog"],"jetpack_publicize_connections":[],"jetpack_featured_media_url":"https:\/\/i0.wp.com\/noticiasribeiraopreto.com.br\/wp-content\/uploads\/2024\/01\/postimg-65a42c649dbb85573.jpg?fit=1200%2C628&ssl=1","jetpack-related-posts":[{"id":50811,"url":"https:\/\/noticiasribeiraopreto.com.br\/index.php\/2024\/05\/19\/homem-de-54-anos-morre-em-ribeirao-preto-apos-ser-encontrado-atropelado\/","url_meta":{"origin":28070,"position":0},"title":"Homem de 54 anos morre em Ribeir\u00e3o Preto ap\u00f3s ser encontrado atropelado","author":"noticiasribeiraopreto.com.br","date":"19 de May de 2024","format":false,"excerpt":"Um homem de 54 anos morreu na \u00faltima sexta-feira (17), em um hospital de Ribeir\u00e3o Preto, ap\u00f3s ser encontrado atropelado. Segundo o boletim de ocorr\u00eancia (BO), Luciano Cesar de Lima foi levado como desconhecido para a Santa Casa, depois de ter sido encontrado desacordado em via p\u00fablica, na quarta-feira (15).\u2026","rel":"","context":"In &quot;Not\u00edcias de Ribeir\u00e3o Preto-SP e Regi\u00e3o&quot;","block_context":{"text":"Not\u00edcias de Ribeir\u00e3o Preto-SP e Regi\u00e3o","link":"https:\/\/noticiasribeiraopreto.com.br\/index.php\/category\/noticias-de-ribeirao-preto-sp-e-regiao-ismael-colosi\/"},"img":{"alt_text":"","src":"https:\/\/i0.wp.com\/noticiasribeiraopreto.com.br\/wp-content\/uploads\/2024\/05\/1716142137_cpj_1024x576_21012021092745.jpg?fit=1024%2C575&ssl=1&resize=350%2C200","width":350,"height":200,"srcset":"https:\/\/i0.wp.com\/noticiasribeiraopreto.com.br\/wp-content\/uploads\/2024\/05\/1716142137_cpj_1024x576_21012021092745.jpg?fit=1024%2C575&ssl=1&resize=350%2C200 1x, https:\/\/i0.wp.com\/noticiasribeiraopreto.com.br\/wp-content\/uploads\/2024\/05\/1716142137_cpj_1024x576_21012021092745.jpg?fit=1024%2C575&ssl=1&resize=525%2C300 1.5x, https:\/\/i0.wp.com\/noticiasribeiraopreto.com.br\/wp-content\/uploads\/2024\/05\/1716142137_cpj_1024x576_21012021092745.jpg?fit=1024%2C575&ssl=1&resize=700%2C400 2x"},"classes":[]},{"id":4950,"url":"https:\/\/noticiasribeiraopreto.com.br\/index.php\/2023\/11\/22\/corpo-de-homem-que-estava-desaparecido-e-encontrado-em-ro-pais-da-vitima-tambem-foram-achados-sem-vida-e-motivo-e-exposto\/","url_meta":{"origin":28070,"position":1},"title":"Corpo de homem que estava desaparecido \u00e9 encontrado em RO; pais da v\u00edtima tamb\u00e9m foram achados sem vida e motivo \u00e9 exposto","author":"noticiasribeiraopreto.com.br","date":"22 de November de 2023","format":false,"excerpt":"Em um rio da regi\u00e3o de Machadinho do Oeste, em Roraima, o corpo de um homem foi identificado como pertencente a Roberto Rondon Ribeiro, de 41 anos de idade.E antes disso, os pais dele, tamb\u00e9m foram achados mortos dentro da casa em que moravam. A situa\u00e7\u00e3o ocorreu neste \u00faltimo s\u00e1bado,\u2026","rel":"","context":"In &quot;Blog&quot;","block_context":{"text":"Blog","link":"https:\/\/noticiasribeiraopreto.com.br\/index.php\/category\/blog\/"},"img":{"alt_text":"","src":"https:\/\/i0.wp.com\/noticiasribeiraopreto.com.br\/wp-content\/uploads\/2023\/11\/postimg-655e46a238b369215.jpg?fit=1200%2C628&ssl=1&resize=350%2C200","width":350,"height":200,"srcset":"https:\/\/i0.wp.com\/noticiasribeiraopreto.com.br\/wp-content\/uploads\/2023\/11\/postimg-655e46a238b369215.jpg?fit=1200%2C628&ssl=1&resize=350%2C200 1x, https:\/\/i0.wp.com\/noticiasribeiraopreto.com.br\/wp-content\/uploads\/2023\/11\/postimg-655e46a238b369215.jpg?fit=1200%2C628&ssl=1&resize=525%2C300 1.5x, https:\/\/i0.wp.com\/noticiasribeiraopreto.com.br\/wp-content\/uploads\/2023\/11\/postimg-655e46a238b369215.jpg?fit=1200%2C628&ssl=1&resize=700%2C400 2x, https:\/\/i0.wp.com\/noticiasribeiraopreto.com.br\/wp-content\/uploads\/2023\/11\/postimg-655e46a238b369215.jpg?fit=1200%2C628&ssl=1&resize=1050%2C600 3x"},"classes":[]},{"id":68178,"url":"https:\/\/noticiasribeiraopreto.com.br\/index.php\/2025\/04\/23\/bombeiros-encontram-corpo-de-mulher-que-caiu-em-rio-durante-pescaria\/","url_meta":{"origin":28070,"position":2},"title":"Bombeiros encontram corpo de mulher que caiu em rio durante pescaria","author":"noticiasribeiraopreto.com.br","date":"23 de April de 2025","format":false,"excerpt":"O corpo da mulher que caiu no rio Mogi Gua\u00e7u, durante uma pescaria na sexta-feira (18), em Pontal, a aproximadamente 40 quil\u00f4metros de Ribeir\u00e3o Preto, foi localizado nesta ter\u00e7a-feira (22). O marido, de 70 anos, tamb\u00e9m morreu ao tentar salvar a mulher. Os Bombeiros localizaram o corpo de J\u00falia Gomes\u2026","rel":"","context":"In &quot;Not\u00edcias de Ribeir\u00e3o Preto-SP e Regi\u00e3o&quot;","block_context":{"text":"Not\u00edcias de Ribeir\u00e3o Preto-SP e Regi\u00e3o","link":"https:\/\/noticiasribeiraopreto.com.br\/index.php\/category\/noticias-de-ribeirao-preto-sp-e-regiao-ismael-colosi\/"},"img":{"alt_text":"","src":"https:\/\/i0.wp.com\/noticiasribeiraopreto.com.br\/wp-content\/uploads\/2025\/04\/JULIA_2025-04-23_11-10-06.webp.webp?fit=1200%2C730&ssl=1&resize=350%2C200","width":350,"height":200,"srcset":"https:\/\/i0.wp.com\/noticiasribeiraopreto.com.br\/wp-content\/uploads\/2025\/04\/JULIA_2025-04-23_11-10-06.webp.webp?fit=1200%2C730&ssl=1&resize=350%2C200 1x, https:\/\/i0.wp.com\/noticiasribeiraopreto.com.br\/wp-content\/uploads\/2025\/04\/JULIA_2025-04-23_11-10-06.webp.webp?fit=1200%2C730&ssl=1&resize=525%2C300 1.5x, https:\/\/i0.wp.com\/noticiasribeiraopreto.com.br\/wp-content\/uploads\/2025\/04\/JULIA_2025-04-23_11-10-06.webp.webp?fit=1200%2C730&ssl=1&resize=700%2C400 2x, https:\/\/i0.wp.com\/noticiasribeiraopreto.com.br\/wp-content\/uploads\/2025\/04\/JULIA_2025-04-23_11-10-06.webp.webp?fit=1200%2C730&ssl=1&resize=1050%2C600 3x"},"classes":[]},{"id":13681,"url":"https:\/\/noticiasribeiraopreto.com.br\/index.php\/2023\/12\/10\/corpo-da-menina-e-encontrado-e-policia-pega-o-suspeito-um-primo-da-vitima\/","url_meta":{"origin":28070,"position":3},"title":"corpo da menina \u00e9 encontrado e pol\u00edcia pega o suspeito, um primo da v\u00edtima","author":"noticiasribeiraopreto.com.br","date":"10 de December de 2023","format":false,"excerpt":"Neste domingo (10\/12), um homem foi detido pelas autoridades sob acusa\u00e7\u00e3o de ter cometido crime contra a menina Kemilly Hadassa Silva. A menina havia sido dada como desaparecida pela fam\u00edlia recentemente, mas seu corpo foi encontrado sem vida ap\u00f3s a pol\u00edcia receber informa\u00e7\u00f5es sobre a localiza\u00e7\u00e3o.O suspeito foi preso em\u2026","rel":"","context":"In &quot;Blog&quot;","block_context":{"text":"Blog","link":"https:\/\/noticiasribeiraopreto.com.br\/index.php\/category\/blog\/"},"img":{"alt_text":"","src":"https:\/\/i0.wp.com\/noticiasribeiraopreto.com.br\/wp-content\/uploads\/2023\/12\/postimg-6576740dd56ce2114.jpg?fit=1200%2C638&ssl=1&resize=350%2C200","width":350,"height":200,"srcset":"https:\/\/i0.wp.com\/noticiasribeiraopreto.com.br\/wp-content\/uploads\/2023\/12\/postimg-6576740dd56ce2114.jpg?fit=1200%2C638&ssl=1&resize=350%2C200 1x, https:\/\/i0.wp.com\/noticiasribeiraopreto.com.br\/wp-content\/uploads\/2023\/12\/postimg-6576740dd56ce2114.jpg?fit=1200%2C638&ssl=1&resize=525%2C300 1.5x, https:\/\/i0.wp.com\/noticiasribeiraopreto.com.br\/wp-content\/uploads\/2023\/12\/postimg-6576740dd56ce2114.jpg?fit=1200%2C638&ssl=1&resize=700%2C400 2x, https:\/\/i0.wp.com\/noticiasribeiraopreto.com.br\/wp-content\/uploads\/2023\/12\/postimg-6576740dd56ce2114.jpg?fit=1200%2C638&ssl=1&resize=1050%2C600 3x"},"classes":[]},{"id":67077,"url":"https:\/\/noticiasribeiraopreto.com.br\/index.php\/2025\/04\/09\/corpo-de-homem-e-encontrado-com-marcas-de-tiros-em-canavial-de-ribeirao-preto\/","url_meta":{"origin":28070,"position":4},"title":"Corpo de homem \u00e9 encontrado com marcas de tiros em canavial de Ribeir\u00e3o Preto","author":"noticiasribeiraopreto.com.br","date":"9 de April de 2025","format":false,"excerpt":"O corpo de um homem foi encontrado na noite desta ter\u00e7a-feira (8), em um canavial \u00e0s margens do Anel Vi\u00e1rio Norte (rodovia Alexandre Balbo, SP-328), em Ribeir\u00e3o Preto. Segundo o boletim de ocorr\u00eancia (BO), havia marcas de tiros na regi\u00e3o cervical e no queixo da v\u00edtima, que n\u00e3o portava documentos.\u2026","rel":"","context":"In &quot;Not\u00edcias de Ribeir\u00e3o Preto-SP e Regi\u00e3o&quot;","block_context":{"text":"Not\u00edcias de Ribeir\u00e3o Preto-SP e Regi\u00e3o","link":"https:\/\/noticiasribeiraopreto.com.br\/index.php\/category\/noticias-de-ribeirao-preto-sp-e-regiao-ismael-colosi\/"},"img":{"alt_text":"","src":"https:\/\/i0.wp.com\/noticiasribeiraopreto.com.br\/wp-content\/uploads\/2025\/04\/cpj_policia_1024x576_21012021082231.jpg?fit=1024%2C576&ssl=1&resize=350%2C200","width":350,"height":200,"srcset":"https:\/\/i0.wp.com\/noticiasribeiraopreto.com.br\/wp-content\/uploads\/2025\/04\/cpj_policia_1024x576_21012021082231.jpg?fit=1024%2C576&ssl=1&resize=350%2C200 1x, https:\/\/i0.wp.com\/noticiasribeiraopreto.com.br\/wp-content\/uploads\/2025\/04\/cpj_policia_1024x576_21012021082231.jpg?fit=1024%2C576&ssl=1&resize=525%2C300 1.5x, https:\/\/i0.wp.com\/noticiasribeiraopreto.com.br\/wp-content\/uploads\/2025\/04\/cpj_policia_1024x576_21012021082231.jpg?fit=1024%2C576&ssl=1&resize=700%2C400 2x"},"classes":[]},{"id":61662,"url":"https:\/\/noticiasribeiraopreto.com.br\/index.php\/2024\/12\/18\/o-que-se-sabe-sobre-o-corpo-encontrado-em-telhado-de-casa-na-zona-sul-de-ribeirao\/","url_meta":{"origin":28070,"position":5},"title":"O que se sabe sobre o corpo encontrado em telhado de casa na zona Sul de Ribeir\u00e3o","author":"noticiasribeiraopreto.com.br","date":"18 de December de 2024","format":false,"excerpt":"Um corpo foi encontrado nesta ter\u00e7a-feira (17), em cima do telhado de uma resid\u00eancia na rua Altino Arantes, no Jardim Sumar\u00e9, zona Sul de Ribeir\u00e3o Preto. Consta no boletim de ocorr\u00eancia (BO) que a v\u00edtima era um homem, mas n\u00e3o foi poss\u00edvel a sua identifica\u00e7\u00e3o. Ainda conforme o registro, a\u2026","rel":"","context":"In &quot;Not\u00edcias de Ribeir\u00e3o Preto-SP e Regi\u00e3o&quot;","block_context":{"text":"Not\u00edcias de Ribeir\u00e3o Preto-SP e Regi\u00e3o","link":"https:\/\/noticiasribeiraopreto.com.br\/index.php\/category\/noticias-de-ribeirao-preto-sp-e-regiao-ismael-colosi\/"},"img":{"alt_text":"","src":"https:\/\/i0.wp.com\/noticiasribeiraopreto.com.br\/wp-content\/uploads\/2024\/12\/corpe_encontrado_1200x675_17122024155618_2024-12-17_19-22-53_jpg_2024-12-17_19-22-53.webp.webp?fit=1200%2C675&ssl=1&resize=350%2C200","width":350,"height":200,"srcset":"https:\/\/i0.wp.com\/noticiasribeiraopreto.com.br\/wp-content\/uploads\/2024\/12\/corpe_encontrado_1200x675_17122024155618_2024-12-17_19-22-53_jpg_2024-12-17_19-22-53.webp.webp?fit=1200%2C675&ssl=1&resize=350%2C200 1x, https:\/\/i0.wp.com\/noticiasribeiraopreto.com.br\/wp-content\/uploads\/2024\/12\/corpe_encontrado_1200x675_17122024155618_2024-12-17_19-22-53_jpg_2024-12-17_19-22-53.webp.webp?fit=1200%2C675&ssl=1&resize=525%2C300 1.5x, https:\/\/i0.wp.com\/noticiasribeiraopreto.com.br\/wp-content\/uploads\/2024\/12\/corpe_encontrado_1200x675_17122024155618_2024-12-17_19-22-53_jpg_2024-12-17_19-22-53.webp.webp?fit=1200%2C675&ssl=1&resize=700%2C400 2x, https:\/\/i0.wp.com\/noticiasribeiraopreto.com.br\/wp-content\/uploads\/2024\/12\/corpe_encontrado_1200x675_17122024155618_2024-12-17_19-22-53_jpg_2024-12-17_19-22-53.webp.webp?fit=1200%2C675&ssl=1&resize=1050%2C600 3x"},"classes":[]}],"jetpack_sharing_enabled":true,"jetpack_shortlink":"https:\/\/wp.me\/peQAOb-7iK","_links":{"self":[{"href":"https:\/\/noticiasribeiraopreto.com.br\/index.php\/wp-json\/wp\/v2\/posts\/28070","targetHints":{"allow":["GET"]}}],"collection":[{"href":"https:\/\/noticiasribeiraopreto.com.br\/index.php\/wp-json\/wp\/v2\/posts"}],"about":[{"href":"https:\/\/noticiasribeiraopreto.com.br\/index.php\/wp-json\/wp\/v2\/types\/post"}],"author":[{"embeddable":true,"href":"https:\/\/noticiasribeiraopreto.com.br\/index.php\/wp-json\/wp\/v2\/users\/1"}],"replies":[{"embeddable":true,"href":"https:\/\/noticiasribeiraopreto.com.br\/index.php\/wp-json\/wp\/v2\/comments?post=28070"}],"version-history":[{"count":0,"href":"https:\/\/noticiasribeiraopreto.com.br\/index.php\/wp-json\/wp\/v2\/posts\/28070\/revisions"}],"wp:featuredmedia":[{"embeddable":true,"href":"https:\/\/noticiasribeiraopreto.com.br\/index.php\/wp-json\/wp\/v2\/media\/28071"}],"wp:attachment":[{"href":"https:\/\/noticiasribeiraopreto.com.br\/index.php\/wp-json\/wp\/v2\/media?parent=28070"}],"wp:term":[{"taxonomy":"category","embeddable":true,"href":"https:\/\/noticiasribeiraopreto.com.br\/index.php\/wp-json\/wp\/v2\/categories?post=28070"},{"taxonomy":"post_tag","embeddable":true,"href":"https:\/\/noticiasribeiraopreto.com.br\/index.php\/wp-json\/wp\/v2\/tags?post=28070"}],"curies":[{"name":"wp","href":"https:\/\/api.w.org\/{rel}","templated":true}]}}