{"id":28072,"date":"2024-01-14T17:08:27","date_gmt":"2024-01-14T20:08:27","guid":{"rendered":"https:\/\/noticiasribeiraopreto.com.br\/index.php\/2024\/01\/14\/prefeitura-autoriza-concurso-para-coordenador-pedagogico\/"},"modified":"2024-01-14T17:08:27","modified_gmt":"2024-01-14T20:08:27","slug":"prefeitura-autoriza-concurso-para-coordenador-pedagogico","status":"publish","type":"post","link":"https:\/\/noticiasribeiraopreto.com.br\/index.php\/2024\/01\/14\/prefeitura-autoriza-concurso-para-coordenador-pedagogico\/","title":{"rendered":"Prefeitura autoriza concurso para coordenador pedag\u00f3gico\u00a0"},"content":{"rendered":"<div class='code-block code-block-1' style='margin: 8px 0 8px auto; text-align: right; display: block; clear: both;'>\n<p><a href=\"https:\/\/wa.link\/vpicfd\"><img data-recalc-dims=\"1\" class=\"wp-image-4922\" style=\"aspect-ratio: 2.0253164556962027; width: 561px; height: auto;\" src=\"https:\/\/i0.wp.com\/ismaelcolosi.com.br\/wp-content\/uploads\/2023\/11\/grupo-de-empregos-whatsapp-e-facebook-ismael-colosi-vagas.jpg?ssl=1\" alt=\"\" \/><\/a><\/p>\n<!-- \/wp:image -->\n<\/div>\n<p> <br \/>\n<\/p>\n<div id=\"post-370358\">\n<header class=\"entry-header penci-entry-header penci-title-center\">\n<p> <span class=\"entry-meta-item penci-posted-on\"><i class=\"fa fa-clock-o\"\/><time class=\"entry-date published\" datetime=\"2024-01-14T17:00:18-03:00\">14 de janeiro de 2024 | 17:00<\/time><time class=\"updated\" datetime=\"2024-01-14T09:36:40-03:00\">14 de janeiro de 2024 | 9:36<\/time><\/span><\/p>\n<p> <span class=\"penci-social-buttons penci-social-share-footer\"><a href=\"#\" class=\"penci-post-like penci_post-meta_item  single-like-button penci-social-item like\" data-post_id=\"370358\" title=\"Like\" data-like=\"Like\" data-unlike=\"Unlike\"><i class=\"fa fa-thumbs-o-up\"\/><span class=\"penci-share-number\">0<\/span><\/a><i class=\"fa fa-facebook\"\/><a class=\"penci-social-item twitter\" target=\"_blank\" rel=\"noopener\" title=\"\" href=\"https:\/\/twitter.com\/intent\/tweet?text=Prefeitura%20autoriza%20concurso%20para%20coordenador%20pedag\u00f3gico\u00a0%20-%20https:\/\/www.tribunaribeirao.com.br\/site\/prefeitura-autoriza-concurso-para-coordenador-pedagogico\/\"><i class=\"fa fa-twitter\"\/><\/a><i class=\"fa fa-whatsapp\"\/><\/span><\/header>\n<div class=\"penci-entry-content entry-content\">\n<p><span data-contrast=\"auto\">A prefeitura de Ribeir\u00e3o Preto autorizou a abertura de um concurso p\u00fablico para preenchimento de vagas de coordenador pedag\u00f3gico, que ser\u00e3o lotados na rede municipal de ensino. O objetivo \u00e9 garantir que as escolas mantenham um alto padr\u00e3o de qualidade, proporcionando aprendizagem aos estudantes e forma\u00e7\u00e3o docente.<\/span><\/p>\n<p><span data-contrast=\"auto\">Os coordenadores pedag\u00f3gicos atuar\u00e3o em unidades escolares de ensino fundamental da rede municipal, desempenhando atribui\u00e7\u00f5es relacionadas na lei complementar n\u00ba 2.524, de 5 de abril de 2012. O profissional ser\u00e1 respons\u00e1vel por contribuir para a execu\u00e7\u00e3o das diretrizes educacionais da Secretaria Municipal da Educa\u00e7\u00e3o.<\/span><\/p>\n<p><span data-contrast=\"auto\">Suas atribui\u00e7\u00f5es incluem o acompanhamento da din\u00e2mica das aulas dos professores, o desempenho dos alunos, bem como a participa\u00e7\u00e3o na elabora\u00e7\u00e3o, coordena\u00e7\u00e3o e acompanhamento do Projeto Pol\u00edtico Pedag\u00f3gico da escola. Para este ano, a Educa\u00e7\u00e3o atribui novos coordenadores pedag\u00f3gicos, para o CEEEF Egydio Pedreschi e para a EMEF Professora Doutora Eneida Pereira dos Santos de Aguiar, que ser\u00e1 inaugurada na pr\u00f3xima semana.<\/span><span data-ccp-props=\"{&quot;201341983&quot;:0,&quot;335559739&quot;:200,&quot;335559740&quot;:276}\">\u00a0<\/span><\/p>\n<p><span data-ccp-props=\"{&quot;201341983&quot;:0,&quot;335559739&quot;:200,&quot;335559740&quot;:276}\">\u00a0<\/span><\/p>\n<p><span data-ccp-props=\"{&quot;201341983&quot;:0,&quot;335559739&quot;:200,&quot;335559740&quot;:276}\">\u00a0<\/span><\/p>\n<\/div>\n<footer class=\"penci-entry-footer\"\/><\/div>\n<p><script async src=\"\/\/platform.twitter.com\/widgets.js\" charset=\"utf-8\"><\/script><br \/>\n<br \/><br \/>\n<br \/><a href=\"https:\/\/www.tribunaribeirao.com.br\/site\/prefeitura-autoriza-concurso-para-coordenador-pedagogico\/\">Source link <\/a><\/p>\n<!-- CONTENT END 1 -->\n","protected":false},"excerpt":{"rendered":"<p>14 de janeiro de 2024 | 17:0014 de janeiro de 2024 | 9:36 0 A prefeitura de Ribeir\u00e3o Preto autorizou a abertura de um concurso&#8230;<\/p>\n","protected":false},"author":1,"featured_media":28073,"comment_status":"open","ping_status":"open","sticky":false,"template":"","format":"standard","meta":{"advanced_seo_description":"","jetpack_seo_html_title":"","jetpack_seo_noindex":false,"jetpack_post_was_ever_published":false,"_jetpack_newsletter_access":"","_jetpack_dont_email_post_to_subs":false,"_jetpack_newsletter_tier_id":0,"_jetpack_memberships_contains_paywalled_content":false,"_jetpack_memberships_contains_paid_content":false,"footnotes":"","jetpack_publicize_message":"","jetpack_publicize_feature_enabled":true,"jetpack_social_post_already_shared":true,"jetpack_social_options":{"image_generator_settings":{"template":"highway","default_image_id":0,"font":"","enabled":false},"version":2}},"categories":[11],"tags":[2203,567,3509,71,3510,244],"class_list":["post-28072","post","type-post","status-publish","format-standard","has-post-thumbnail","hentry","category-noticias-de-ribeirao-preto-sp-e-regiao-ismael-colosi","tag-autoriza","tag-concurso","tag-coordenador","tag-para","tag-pedagogico","tag-prefeitura"],"jetpack_publicize_connections":[],"jetpack_featured_media_url":"https:\/\/i0.wp.com\/noticiasribeiraopreto.com.br\/wp-content\/uploads\/2024\/01\/Capa-coordenador-pedagogico-min-1-scaled.jpg?fit=967%2C645&ssl=1","jetpack-related-posts":[{"id":27801,"url":"https:\/\/noticiasribeiraopreto.com.br\/index.php\/2024\/01\/13\/prefeitura-de-ribeirao-preto-autoriza-novo-concurso-publico-veja-as-vagas\/","url_meta":{"origin":28072,"position":0},"title":"Prefeitura de Ribeir\u00e3o Preto autoriza novo concurso p\u00fablico; Veja as vagas","author":"noticiasribeiraopreto.com.br","date":"13 de January de 2024","format":false,"excerpt":"A Prefeitura de Ribeir\u00e3o Preto autorizou a abertura de um concurso p\u00fablico para preenchimento de duas vagas de Coordenador Pedag\u00f3gico na rede municipal de ensino. A publica\u00e7\u00e3o do edital ainda n\u00e3o foi divulgada. Segundo o munic\u00edpio, os coordenadores pedag\u00f3gicos atuar\u00e3o em unidades escolares de ensino fundamental. O profissional ser\u00e1 respons\u00e1vel\u2026","rel":"","context":"In &quot;Not\u00edcias de Ribeir\u00e3o Preto-SP e Regi\u00e3o&quot;","block_context":{"text":"Not\u00edcias de Ribeir\u00e3o Preto-SP e Regi\u00e3o","link":"https:\/\/noticiasribeiraopreto.com.br\/index.php\/category\/noticias-de-ribeirao-preto-sp-e-regiao-ismael-colosi\/"},"img":{"alt_text":"","src":"https:\/\/i0.wp.com\/noticiasribeiraopreto.com.br\/wp-content\/uploads\/2024\/01\/concurso-publico-14-1068x713-1.jpg?fit=1068%2C713&ssl=1&resize=350%2C200","width":350,"height":200,"srcset":"https:\/\/i0.wp.com\/noticiasribeiraopreto.com.br\/wp-content\/uploads\/2024\/01\/concurso-publico-14-1068x713-1.jpg?fit=1068%2C713&ssl=1&resize=350%2C200 1x, https:\/\/i0.wp.com\/noticiasribeiraopreto.com.br\/wp-content\/uploads\/2024\/01\/concurso-publico-14-1068x713-1.jpg?fit=1068%2C713&ssl=1&resize=525%2C300 1.5x, https:\/\/i0.wp.com\/noticiasribeiraopreto.com.br\/wp-content\/uploads\/2024\/01\/concurso-publico-14-1068x713-1.jpg?fit=1068%2C713&ssl=1&resize=700%2C400 2x, https:\/\/i0.wp.com\/noticiasribeiraopreto.com.br\/wp-content\/uploads\/2024\/01\/concurso-publico-14-1068x713-1.jpg?fit=1068%2C713&ssl=1&resize=1050%2C600 3x"},"classes":[]},{"id":43774,"url":"https:\/\/noticiasribeiraopreto.com.br\/index.php\/2024\/03\/23\/rp-abre-concurso-para-coordenador-pedagogico\/","url_meta":{"origin":28072,"position":1},"title":"RP abre concurso para coordenador pedag\u00f3gico\u00a0","author":"noticiasribeiraopreto.com.br","date":"23 de March de 2024","format":false,"excerpt":"23 de mar\u00e7o de 2024 | 10:0022 de mar\u00e7o de 2024 | 20:01 0 A prefeitura de Ribeir\u00e3o Preto publicou nesta sexta-feira, 22 de mar\u00e7o, no Di\u00e1rio Oficial do Munic\u00edpio (DOM), edital de abertura do concurso n\u00ba 02\/2024, com duas vagas para o cargo de coordenador pedag\u00f3gico para a Secretaria\u2026","rel":"","context":"In &quot;Not\u00edcias de Ribeir\u00e3o Preto-SP e Regi\u00e3o&quot;","block_context":{"text":"Not\u00edcias de Ribeir\u00e3o Preto-SP e Regi\u00e3o","link":"https:\/\/noticiasribeiraopreto.com.br\/index.php\/category\/noticias-de-ribeirao-preto-sp-e-regiao-ismael-colosi\/"},"img":{"alt_text":"","src":"https:\/\/i0.wp.com\/noticiasribeiraopreto.com.br\/wp-content\/uploads\/2024\/03\/inauguracao_emef_eneida_pereira_-_foto_guilherme_sircili-1-scaled.jpg?fit=967%2C645&ssl=1&resize=350%2C200","width":350,"height":200,"srcset":"https:\/\/i0.wp.com\/noticiasribeiraopreto.com.br\/wp-content\/uploads\/2024\/03\/inauguracao_emef_eneida_pereira_-_foto_guilherme_sircili-1-scaled.jpg?fit=967%2C645&ssl=1&resize=350%2C200 1x, https:\/\/i0.wp.com\/noticiasribeiraopreto.com.br\/wp-content\/uploads\/2024\/03\/inauguracao_emef_eneida_pereira_-_foto_guilherme_sircili-1-scaled.jpg?fit=967%2C645&ssl=1&resize=525%2C300 1.5x, https:\/\/i0.wp.com\/noticiasribeiraopreto.com.br\/wp-content\/uploads\/2024\/03\/inauguracao_emef_eneida_pereira_-_foto_guilherme_sircili-1-scaled.jpg?fit=967%2C645&ssl=1&resize=700%2C400 2x"},"classes":[]},{"id":43728,"url":"https:\/\/noticiasribeiraopreto.com.br\/index.php\/2024\/03\/22\/prefeitura-de-ribeirao-preto-abre-concurso-publico-com-salario-de-r-8-mil\/","url_meta":{"origin":28072,"position":2},"title":"Prefeitura de Ribeir\u00e3o Preto abre concurso p\u00fablico com sal\u00e1rio de R$ 8 mil","author":"noticiasribeiraopreto.com.br","date":"22 de March de 2024","format":false,"excerpt":"A Prefeitura de Ribeir\u00e3o Preto publicou no Di\u00e1rio Oficial do Munic\u00edpio desta sexta-feira (22) o edital do concurso p\u00fablico para contrata\u00e7\u00e3o de coordenador pedag\u00f3gico. As vagas s\u00e3o de n\u00edvel superior e os sal\u00e1rios para fun\u00e7\u00e3o s\u00e3o de R$ 8.586,35. As inscri\u00e7\u00f5es devem ser realizadas entre os dias 02 de abril\u2026","rel":"","context":"In &quot;Not\u00edcias de Ribeir\u00e3o Preto-SP e Regi\u00e3o&quot;","block_context":{"text":"Not\u00edcias de Ribeir\u00e3o Preto-SP e Regi\u00e3o","link":"https:\/\/noticiasribeiraopreto.com.br\/index.php\/category\/noticias-de-ribeirao-preto-sp-e-regiao-ismael-colosi\/"},"img":{"alt_text":"","src":"https:\/\/i0.wp.com\/noticiasribeiraopreto.com.br\/wp-content\/uploads\/2024\/03\/inauguracao_centro_administrativo_prefeitura_-_foto_guilherme_sircili_14.jpg?fit=1200%2C799&ssl=1&resize=350%2C200","width":350,"height":200,"srcset":"https:\/\/i0.wp.com\/noticiasribeiraopreto.com.br\/wp-content\/uploads\/2024\/03\/inauguracao_centro_administrativo_prefeitura_-_foto_guilherme_sircili_14.jpg?fit=1200%2C799&ssl=1&resize=350%2C200 1x, https:\/\/i0.wp.com\/noticiasribeiraopreto.com.br\/wp-content\/uploads\/2024\/03\/inauguracao_centro_administrativo_prefeitura_-_foto_guilherme_sircili_14.jpg?fit=1200%2C799&ssl=1&resize=525%2C300 1.5x, https:\/\/i0.wp.com\/noticiasribeiraopreto.com.br\/wp-content\/uploads\/2024\/03\/inauguracao_centro_administrativo_prefeitura_-_foto_guilherme_sircili_14.jpg?fit=1200%2C799&ssl=1&resize=700%2C400 2x, https:\/\/i0.wp.com\/noticiasribeiraopreto.com.br\/wp-content\/uploads\/2024\/03\/inauguracao_centro_administrativo_prefeitura_-_foto_guilherme_sircili_14.jpg?fit=1200%2C799&ssl=1&resize=1050%2C600 3x"},"classes":[]},{"id":57659,"url":"https:\/\/noticiasribeiraopreto.com.br\/index.php\/2024\/09\/06\/ribeirao-preto-cria-cargo-de-coordenador-pedagogico-para-educacao-infantil\/","url_meta":{"origin":28072,"position":3},"title":"Ribeir\u00e3o Preto Cria Cargo de Coordenador Pedag\u00f3gico para Educa\u00e7\u00e3o Infantil","author":"noticiasribeiraopreto.com.br","date":"6 de September de 2024","format":false,"excerpt":"A C\u00e2mara Municipal de Ribeir\u00e3o Preto aprovou a cria\u00e7\u00e3o do cargo de Coordenador Pedag\u00f3gico para a Educa\u00e7\u00e3o Infantil, uma medida que promete fortalecer a qualidade do ensino nas creches e escolas municipais. A decis\u00e3o foi tomada em uma sess\u00e3o plen\u00e1ria, onde os vereadores destacaram a import\u00e2ncia desse novo cargo para\u2026","rel":"","context":"In &quot;Not\u00edcias de Ribeir\u00e3o Preto-SP e Regi\u00e3o&quot;","block_context":{"text":"Not\u00edcias de Ribeir\u00e3o Preto-SP e Regi\u00e3o","link":"https:\/\/noticiasribeiraopreto.com.br\/index.php\/category\/noticias-de-ribeirao-preto-sp-e-regiao-ismael-colosi\/"},"img":{"alt_text":"","src":"","width":0,"height":0},"classes":[]},{"id":55796,"url":"https:\/\/noticiasribeiraopreto.com.br\/index.php\/2024\/08\/06\/ultimos-dias-para-inscricao-em-concurso-publico-de-prefeitura-do-interior-de-sp\/","url_meta":{"origin":28072,"position":4},"title":"\u00daltimos dias para inscri\u00e7\u00e3o em concurso p\u00fablico de Prefeitura do interior de SP","author":"noticiasribeiraopreto.com.br","date":"6 de August de 2024","format":false,"excerpt":"O prazo para as inscri\u00e7\u00f5es no concurso p\u00fablico para cadastro de reserva da Prefeitura de Brodowski, no interior de S\u00e3o Paulo, se encerra nesta quinta-feira (8). As vagas dispon\u00edveis s\u00e3o de n\u00edvel fundamental, m\u00e9dio e superior e os sal\u00e1rios variam entre R$ 1,5 mil e R$ 3,3 mil. Para a\u2026","rel":"","context":"In &quot;Not\u00edcias de Ribeir\u00e3o Preto-SP e Regi\u00e3o&quot;","block_context":{"text":"Not\u00edcias de Ribeir\u00e3o Preto-SP e Regi\u00e3o","link":"https:\/\/noticiasribeiraopreto.com.br\/index.php\/category\/noticias-de-ribeirao-preto-sp-e-regiao-ismael-colosi\/"},"img":{"alt_text":"","src":"https:\/\/i0.wp.com\/noticiasribeiraopreto.com.br\/wp-content\/uploads\/2024\/04\/AnyConv.com__concurso-publico-4.webp.webp?fit=1200%2C800&ssl=1&resize=350%2C200","width":350,"height":200,"srcset":"https:\/\/i0.wp.com\/noticiasribeiraopreto.com.br\/wp-content\/uploads\/2024\/04\/AnyConv.com__concurso-publico-4.webp.webp?fit=1200%2C800&ssl=1&resize=350%2C200 1x, https:\/\/i0.wp.com\/noticiasribeiraopreto.com.br\/wp-content\/uploads\/2024\/04\/AnyConv.com__concurso-publico-4.webp.webp?fit=1200%2C800&ssl=1&resize=525%2C300 1.5x, https:\/\/i0.wp.com\/noticiasribeiraopreto.com.br\/wp-content\/uploads\/2024\/04\/AnyConv.com__concurso-publico-4.webp.webp?fit=1200%2C800&ssl=1&resize=700%2C400 2x, https:\/\/i0.wp.com\/noticiasribeiraopreto.com.br\/wp-content\/uploads\/2024\/04\/AnyConv.com__concurso-publico-4.webp.webp?fit=1200%2C800&ssl=1&resize=1050%2C600 3x"},"classes":[]},{"id":34961,"url":"https:\/\/noticiasribeiraopreto.com.br\/index.php\/2024\/02\/04\/regiao-oferece-concursos-para-varias-areas\/","url_meta":{"origin":28072,"position":5},"title":"Regi\u00e3o oferece concursos para v\u00e1rias \u00e1reas\u00a0","author":"noticiasribeiraopreto.com.br","date":"4 de February de 2024","format":false,"excerpt":"O ano de 2024 come\u00e7ou com concursos abertos em v\u00e1rias cidades da regi\u00e3o. Est\u00e3o com processos abertos as prefeituras de Ribeir\u00e3o Preto, Guatapar\u00e1, Santo Ant\u00f4nio de Alegria e Barrinha para cargos que v\u00e3o do ensino fundamental ao n\u00edvel superior. Al\u00e9m dos concursos de prefeituras, o governo federal est\u00e1 com inscri\u00e7\u00f5es\u2026","rel":"","context":"In &quot;Not\u00edcias de Ribeir\u00e3o Preto-SP e Regi\u00e3o&quot;","block_context":{"text":"Not\u00edcias de Ribeir\u00e3o Preto-SP e Regi\u00e3o","link":"https:\/\/noticiasribeiraopreto.com.br\/index.php\/category\/noticias-de-ribeirao-preto-sp-e-regiao-ismael-colosi\/"},"img":{"alt_text":"","src":"https:\/\/i0.wp.com\/noticiasribeiraopreto.com.br\/wp-content\/uploads\/2024\/02\/foto.png?fit=629%2C414&ssl=1&resize=350%2C200","width":350,"height":200,"srcset":"https:\/\/i0.wp.com\/noticiasribeiraopreto.com.br\/wp-content\/uploads\/2024\/02\/foto.png?fit=629%2C414&ssl=1&resize=350%2C200 1x, https:\/\/i0.wp.com\/noticiasribeiraopreto.com.br\/wp-content\/uploads\/2024\/02\/foto.png?fit=629%2C414&ssl=1&resize=525%2C300 1.5x"},"classes":[]}],"jetpack_sharing_enabled":true,"jetpack_shortlink":"https:\/\/wp.me\/peQAOb-7iM","_links":{"self":[{"href":"https:\/\/noticiasribeiraopreto.com.br\/index.php\/wp-json\/wp\/v2\/posts\/28072","targetHints":{"allow":["GET"]}}],"collection":[{"href":"https:\/\/noticiasribeiraopreto.com.br\/index.php\/wp-json\/wp\/v2\/posts"}],"about":[{"href":"https:\/\/noticiasribeiraopreto.com.br\/index.php\/wp-json\/wp\/v2\/types\/post"}],"author":[{"embeddable":true,"href":"https:\/\/noticiasribeiraopreto.com.br\/index.php\/wp-json\/wp\/v2\/users\/1"}],"replies":[{"embeddable":true,"href":"https:\/\/noticiasribeiraopreto.com.br\/index.php\/wp-json\/wp\/v2\/comments?post=28072"}],"version-history":[{"count":0,"href":"https:\/\/noticiasribeiraopreto.com.br\/index.php\/wp-json\/wp\/v2\/posts\/28072\/revisions"}],"wp:featuredmedia":[{"embeddable":true,"href":"https:\/\/noticiasribeiraopreto.com.br\/index.php\/wp-json\/wp\/v2\/media\/28073"}],"wp:attachment":[{"href":"https:\/\/noticiasribeiraopreto.com.br\/index.php\/wp-json\/wp\/v2\/media?parent=28072"}],"wp:term":[{"taxonomy":"category","embeddable":true,"href":"https:\/\/noticiasribeiraopreto.com.br\/index.php\/wp-json\/wp\/v2\/categories?post=28072"},{"taxonomy":"post_tag","embeddable":true,"href":"https:\/\/noticiasribeiraopreto.com.br\/index.php\/wp-json\/wp\/v2\/tags?post=28072"}],"curies":[{"name":"wp","href":"https:\/\/api.w.org\/{rel}","templated":true}]}}