{"id":28092,"date":"2024-01-14T18:47:42","date_gmt":"2024-01-14T21:47:42","guid":{"rendered":"https:\/\/noticiasribeiraopreto.com.br\/index.php\/2024\/01\/14\/folga-entenda-se-o-dia-20-de-janeiro-e-feriado-em-ribeirao-preto\/"},"modified":"2024-01-14T18:47:42","modified_gmt":"2024-01-14T21:47:42","slug":"folga-entenda-se-o-dia-20-de-janeiro-e-feriado-em-ribeirao-preto","status":"publish","type":"post","link":"https:\/\/noticiasribeiraopreto.com.br\/index.php\/2024\/01\/14\/folga-entenda-se-o-dia-20-de-janeiro-e-feriado-em-ribeirao-preto\/","title":{"rendered":"Folga? Entenda se o dia 20 de janeiro \u00e9 feriado em Ribeir\u00e3o Preto"},"content":{"rendered":"<div class='code-block code-block-1' style='margin: 8px 0 8px auto; text-align: right; display: block; clear: both;'>\n<p><a href=\"https:\/\/wa.link\/vpicfd\"><img data-recalc-dims=\"1\" class=\"wp-image-4922\" style=\"aspect-ratio: 2.0253164556962027; width: 561px; height: auto;\" src=\"https:\/\/i0.wp.com\/ismaelcolosi.com.br\/wp-content\/uploads\/2023\/11\/grupo-de-empregos-whatsapp-e-facebook-ismael-colosi-vagas.jpg?ssl=1\" alt=\"\" \/><\/a><\/p>\n<!-- \/wp:image -->\n<\/div>\n<p> <br \/>\n<\/p>\n<div>\n<p><strong>Sim!<\/strong> <strong>O primeiro feriado de 2024 em Ribeir\u00e3o Preto est\u00e1 chegando.<\/strong> O <strong>Dia de S\u00e3o Sebasti\u00e3o<\/strong>, celebrado no<strong> s\u00e1bado (20)<\/strong>, \u00e9 feriado municipal em raz\u00e3o de o santo ser o <strong>padroeiro da cidade.<\/strong><\/p>\n<p>Desde mar\u00e7o de 2009, o Dia de S\u00e3o Sebasti\u00e3o passou a ser feriado na cidade, atrav\u00e9s da aprova\u00e7\u00e3o da <strong>Lei Municipal 11.919<\/strong>. <mark style=\"background-color:#fcb900\" class=\"has-inline-color\">O santo padroeiro, inclusive, faz parte do nome oficial do munic\u00edpio \u2013 S\u00e3o Sebasti\u00e3o do Ribeir\u00e3o Preto.<\/mark><\/p>\n<p>Ele tamb\u00e9m d\u00e1 nome para a principal igreja do munic\u00edpio, a <strong>Catedral Metropolitana de S\u00e3o Sebasti\u00e3o<\/strong>, no Centro da cidade.<\/p>\n<h4 class=\"wp-block-heading\"><strong>Feriado em outras cidades<\/strong><\/h4>\n<p>Al\u00e9m de Ribeir\u00e3o Preto, outras cidades possuem S\u00e3o Sebasti\u00e3o como padroeiro, portanto, a folga deve acontecer em outros munic\u00edpios do Brasil, como por exemplo, S\u00e3o Sebasti\u00e3o (SP), Valinhos (SP), Rio de Janeiro (RJ), Brumadinho (MG), Ibotirama (BA), entre outros.<\/p>\n<h4 class=\"wp-block-heading\"><strong>Mais sobre S\u00e3o Sebasti\u00e3o<\/strong><\/h4>\n<p>S\u00e3o Sebasti\u00e3o \u00e9 o santo protetor contra a fome, as guerras e as epidemias. O m\u00e1rtir crist\u00e3o teria nascido na Fran\u00e7a, em 256 d.C., mas crescido na It\u00e1lia. H\u00e1, por\u00e9m, uma diverg\u00eancia sobre o local do nascimento do santo.<\/p>\n<p>Soldado do ex\u00e9rcito romano, diz \u00e0 hist\u00f3ria que ele conseguiu converter muito pag\u00e3os, inclusive o governador de Roma Crom\u00e1cio. S\u00e3o Sebasti\u00e3o \u00e9 representado pela imagem do seu mart\u00edrio, quando foi amarrado a uma \u00e1rvore e alvo de flechas.<\/p>\n<p>Ele chegou a ser dado como morto, mas estava vivo. No entanto, o imperador Diocleciano, ordenou que fosse a\u00e7oitado at\u00e9 a morte, segundo a tradi\u00e7\u00e3o, no dia 20 de janeiro de 288.<\/p>\n<p>SAIBA MAIS<\/p>\n<p>Veja quais s\u00e3o os shows nacionais e internacionais confirmados para 2024 em Ribeir\u00e3o Preto<\/p>\n<h4 class=\"wp-block-heading\"><strong><mark style=\"background-color:#fcb900\" class=\"has-inline-color\">FIQUE ON<\/mark><\/strong><\/h4>\n<p>Fique ligado em tudo que acontece em Ribeir\u00e3o Preto e regi\u00e3o. Siga os perfis do<strong>\u00a0acidade on<\/strong>\u00a0no\u00a0<a href=\"https:\/\/www.instagram.com\/acidadeonribeirao\" target=\"_blank\" rel=\"noreferrer noopener\">Instagram<\/a>\u00a0e no<a href=\"https:\/\/www.facebook.com\/acidadeonribeirao\" target=\"_blank\" rel=\"noreferrer noopener\">\u00a0Facebook<\/a>.<\/p>\n<p>Receba not\u00edcias do\u00a0<strong>acidade on\u00a0<\/strong>no WhatsApp.<a href=\"https:\/\/chat.whatsapp.com\/Bnv2w66ZT4VDyZW3oiZ69n\" target=\"_blank\" rel=\"noreferrer noopener\">\u00a0Para entrar no grupo, basta clicar aqui.<\/a><\/p>\n<p>Fa\u00e7a uma den\u00fancia ou sugira uma reportagem sobre Ribeir\u00e3o Preto e regi\u00e3o pelo WhatsApp: 16 99117 7802.<\/p>\n<p>VEJA TAMB\u00c9M<\/p>\n<p>BBB 24: Madrugada tem desmaio, intriga e choro; confira<\/p>\n<p><!-- AI CONTENT END 1 -->\n<\/div>\n<p><script async src=\"\/\/www.instagram.com\/embed.js\"><\/script><br \/>\n<br \/><br \/>\n<br \/><a href=\"https:\/\/www.acidadeon.com\/ribeiraopreto\/cotidiano\/folga-entenda-se-o-dia-20-de-janeiro-e-feriado-em-ribeirao-preto\/\">Source link <\/a><\/p>\n<!-- CONTENT END 1 -->\n","protected":false},"excerpt":{"rendered":"<p>Sim! O primeiro feriado de 2024 em Ribeir\u00e3o Preto est\u00e1 chegando. O Dia de S\u00e3o Sebasti\u00e3o, celebrado no s\u00e1bado (20), \u00e9 feriado municipal em raz\u00e3o&#8230;<\/p>\n","protected":false},"author":1,"featured_media":28093,"comment_status":"open","ping_status":"open","sticky":false,"template":"","format":"standard","meta":{"advanced_seo_description":"","jetpack_seo_html_title":"","jetpack_seo_noindex":false,"jetpack_post_was_ever_published":false,"_jetpack_newsletter_access":"","_jetpack_dont_email_post_to_subs":false,"_jetpack_newsletter_tier_id":0,"_jetpack_memberships_contains_paywalled_content":false,"_jetpack_memberships_contains_paid_content":false,"footnotes":"","jetpack_publicize_message":"","jetpack_publicize_feature_enabled":true,"jetpack_social_post_already_shared":true,"jetpack_social_options":{"image_generator_settings":{"template":"highway","default_image_id":0,"font":"","enabled":false},"version":2}},"categories":[11],"tags":[142,33,377,3514,174,27,26],"class_list":["post-28092","post","type-post","status-publish","format-standard","has-post-thumbnail","hentry","category-noticias-de-ribeirao-preto-sp-e-regiao-ismael-colosi","tag-dia","tag-entenda","tag-feriado","tag-folga","tag-janeiro","tag-preto","tag-ribeirao"],"jetpack_publicize_connections":[],"jetpack_featured_media_url":"https:\/\/i0.wp.com\/noticiasribeiraopreto.com.br\/wp-content\/uploads\/2024\/01\/catedral_metropolitana_1200x675_17012022151612.jpg?fit=1200%2C675&ssl=1","jetpack-related-posts":[{"id":62389,"url":"https:\/\/noticiasribeiraopreto.com.br\/index.php\/2025\/01\/13\/entenda-por-que-dia-20-de-janeiro-e-feriado-em-ribeirao-preto\/","url_meta":{"origin":28092,"position":0},"title":"Entenda por que dia 20 de janeiro \u00e9 feriado em Ribeir\u00e3o Preto","author":"noticiasribeiraopreto.com.br","date":"13 de January de 2025","format":false,"excerpt":"No dia 20 de janeiro \u00e9 comemorado o Dia de S\u00e3o Sebasti\u00e3o, o padroeiro de Ribeir\u00e3o Preto. E, uma d\u00favida comum na popula\u00e7\u00e3o \u00e9: a data \u00e9 feriado ou ponto facultativo? Entenda. Desde mar\u00e7o de 2009, o dia 20 de janeiro passou a ser feriado em Ribeir\u00e3o Preto, atrav\u00e9s da\u2026","rel":"","context":"In &quot;Not\u00edcias de Ribeir\u00e3o Preto-SP e Regi\u00e3o&quot;","block_context":{"text":"Not\u00edcias de Ribeir\u00e3o Preto-SP e Regi\u00e3o","link":"https:\/\/noticiasribeiraopreto.com.br\/index.php\/category\/noticias-de-ribeirao-preto-sp-e-regiao-ismael-colosi\/"},"img":{"alt_text":"","src":"https:\/\/i0.wp.com\/noticiasribeiraopreto.com.br\/wp-content\/uploads\/2025\/01\/20221224_101748_2.jpg?fit=1200%2C790&ssl=1&resize=350%2C200","width":350,"height":200,"srcset":"https:\/\/i0.wp.com\/noticiasribeiraopreto.com.br\/wp-content\/uploads\/2025\/01\/20221224_101748_2.jpg?fit=1200%2C790&ssl=1&resize=350%2C200 1x, https:\/\/i0.wp.com\/noticiasribeiraopreto.com.br\/wp-content\/uploads\/2025\/01\/20221224_101748_2.jpg?fit=1200%2C790&ssl=1&resize=525%2C300 1.5x, https:\/\/i0.wp.com\/noticiasribeiraopreto.com.br\/wp-content\/uploads\/2025\/01\/20221224_101748_2.jpg?fit=1200%2C790&ssl=1&resize=700%2C400 2x, https:\/\/i0.wp.com\/noticiasribeiraopreto.com.br\/wp-content\/uploads\/2025\/01\/20221224_101748_2.jpg?fit=1200%2C790&ssl=1&resize=1050%2C600 3x"},"classes":[]},{"id":24433,"url":"https:\/\/noticiasribeiraopreto.com.br\/index.php\/2024\/01\/04\/veja-a-lista-de-feriados-em-ribeirao-preto-em-2024-janeiro-tem-feriado\/","url_meta":{"origin":28092,"position":1},"title":"Veja a lista de feriados em Ribeir\u00e3o Preto em 2024; Janeiro tem feriado","author":"noticiasribeiraopreto.com.br","date":"4 de January de 2024","format":false,"excerpt":"O ano come\u00e7ou e muita gente j\u00e1 est\u00e1 planejando o que fazer nos feriados de 2024. S\u00e3o 14 \u2018folgas\u2019 no ano em Ribeir\u00e3o Preto, mas cinco caem aos finais de semana. Ribeir\u00e3o Preto tem um feriado municipal j\u00e1 em janeiro, no dia 20, Dia de S\u00e3o Sebasti\u00e3o, padroeiro da cidade.\u2026","rel":"","context":"In &quot;Not\u00edcias de Ribeir\u00e3o Preto-SP e Regi\u00e3o&quot;","block_context":{"text":"Not\u00edcias de Ribeir\u00e3o Preto-SP e Regi\u00e3o","link":"https:\/\/noticiasribeiraopreto.com.br\/index.php\/category\/noticias-de-ribeirao-preto-sp-e-regiao-ismael-colosi\/"},"img":{"alt_text":"","src":"https:\/\/i0.wp.com\/noticiasribeiraopreto.com.br\/wp-content\/uploads\/2024\/01\/WhatsApp-Image-2024-01-04-at-10.53.05.jpeg?fit=1200%2C675&ssl=1&resize=350%2C200","width":350,"height":200,"srcset":"https:\/\/i0.wp.com\/noticiasribeiraopreto.com.br\/wp-content\/uploads\/2024\/01\/WhatsApp-Image-2024-01-04-at-10.53.05.jpeg?fit=1200%2C675&ssl=1&resize=350%2C200 1x, https:\/\/i0.wp.com\/noticiasribeiraopreto.com.br\/wp-content\/uploads\/2024\/01\/WhatsApp-Image-2024-01-04-at-10.53.05.jpeg?fit=1200%2C675&ssl=1&resize=525%2C300 1.5x, https:\/\/i0.wp.com\/noticiasribeiraopreto.com.br\/wp-content\/uploads\/2024\/01\/WhatsApp-Image-2024-01-04-at-10.53.05.jpeg?fit=1200%2C675&ssl=1&resize=700%2C400 2x, https:\/\/i0.wp.com\/noticiasribeiraopreto.com.br\/wp-content\/uploads\/2024\/01\/WhatsApp-Image-2024-01-04-at-10.53.05.jpeg?fit=1200%2C675&ssl=1&resize=1050%2C600 3x"},"classes":[]},{"id":30009,"url":"https:\/\/noticiasribeiraopreto.com.br\/index.php\/2024\/01\/19\/dia-de-sao-sebastiao-catedral-de-ribeirao-preto-tem-programacao-especial\/","url_meta":{"origin":28092,"position":2},"title":"Dia de S\u00e3o Sebasti\u00e3o: Catedral de Ribeir\u00e3o Preto tem programa\u00e7\u00e3o especial","author":"noticiasribeiraopreto.com.br","date":"19 de January de 2024","format":false,"excerpt":"A Catedral de S\u00e3o Sebasti\u00e3o, no Centro de Ribeir\u00e3o Preto, tem uma programa\u00e7\u00e3o especial neste final de semana, devido ao dia do padroeiro da cidade. Desde mar\u00e7o de 2009, o Dia de S\u00e3o Sebasti\u00e3o passou a ser feriado na cidade, atrav\u00e9s da aprova\u00e7\u00e3o da Lei Municipal 11.919. Confira a programa\u00e7\u00e3o\u2026","rel":"","context":"In &quot;Not\u00edcias de Ribeir\u00e3o Preto-SP e Regi\u00e3o&quot;","block_context":{"text":"Not\u00edcias de Ribeir\u00e3o Preto-SP e Regi\u00e3o","link":"https:\/\/noticiasribeiraopreto.com.br\/index.php\/category\/noticias-de-ribeirao-preto-sp-e-regiao-ismael-colosi\/"},"img":{"alt_text":"","src":"https:\/\/i0.wp.com\/noticiasribeiraopreto.com.br\/wp-content\/uploads\/2024\/01\/catedral_metropolitana_1200x675_17012022151640.jpg?fit=1200%2C675&ssl=1&resize=350%2C200","width":350,"height":200,"srcset":"https:\/\/i0.wp.com\/noticiasribeiraopreto.com.br\/wp-content\/uploads\/2024\/01\/catedral_metropolitana_1200x675_17012022151640.jpg?fit=1200%2C675&ssl=1&resize=350%2C200 1x, https:\/\/i0.wp.com\/noticiasribeiraopreto.com.br\/wp-content\/uploads\/2024\/01\/catedral_metropolitana_1200x675_17012022151640.jpg?fit=1200%2C675&ssl=1&resize=525%2C300 1.5x, https:\/\/i0.wp.com\/noticiasribeiraopreto.com.br\/wp-content\/uploads\/2024\/01\/catedral_metropolitana_1200x675_17012022151640.jpg?fit=1200%2C675&ssl=1&resize=700%2C400 2x, https:\/\/i0.wp.com\/noticiasribeiraopreto.com.br\/wp-content\/uploads\/2024\/01\/catedral_metropolitana_1200x675_17012022151640.jpg?fit=1200%2C675&ssl=1&resize=1050%2C600 3x"},"classes":[]},{"id":62562,"url":"https:\/\/noticiasribeiraopreto.com.br\/index.php\/2025\/01\/17\/veja-como-fica-o-horario-do-comercio-de-ribeirao-preto-durante-o-feriado\/","url_meta":{"origin":28092,"position":3},"title":"Veja como fica o hor\u00e1rio do com\u00e9rcio de Ribeir\u00e3o Preto durante o feriado","author":"noticiasribeiraopreto.com.br","date":"17 de January de 2025","format":false,"excerpt":"Ribeir\u00e3o Preto celebra na segunda-feira (20), o dia de S\u00e3o Sebasti\u00e3o, padroeiro da cidade. Com isso, o com\u00e9rcio do munic\u00edpio ter\u00e1 o hor\u00e1rio de funcionamento alterado. Desde mar\u00e7o de 2009, o dia 20 de janeiro passou a ser feriado em Ribeir\u00e3o Preto, atrav\u00e9s da Lei Municipal 19.919. Por isso, servi\u00e7os\u2026","rel":"","context":"In &quot;Not\u00edcias de Ribeir\u00e3o Preto-SP e Regi\u00e3o&quot;","block_context":{"text":"Not\u00edcias de Ribeir\u00e3o Preto-SP e Regi\u00e3o","link":"https:\/\/noticiasribeiraopreto.com.br\/index.php\/category\/noticias-de-ribeirao-preto-sp-e-regiao-ismael-colosi\/"},"img":{"alt_text":"","src":"https:\/\/i0.wp.com\/noticiasribeiraopreto.com.br\/wp-content\/uploads\/2025\/01\/1737136628_MEIS-ribeirao-preto.jpg?fit=1200%2C799&ssl=1&resize=350%2C200","width":350,"height":200,"srcset":"https:\/\/i0.wp.com\/noticiasribeiraopreto.com.br\/wp-content\/uploads\/2025\/01\/1737136628_MEIS-ribeirao-preto.jpg?fit=1200%2C799&ssl=1&resize=350%2C200 1x, https:\/\/i0.wp.com\/noticiasribeiraopreto.com.br\/wp-content\/uploads\/2025\/01\/1737136628_MEIS-ribeirao-preto.jpg?fit=1200%2C799&ssl=1&resize=525%2C300 1.5x, https:\/\/i0.wp.com\/noticiasribeiraopreto.com.br\/wp-content\/uploads\/2025\/01\/1737136628_MEIS-ribeirao-preto.jpg?fit=1200%2C799&ssl=1&resize=700%2C400 2x, https:\/\/i0.wp.com\/noticiasribeiraopreto.com.br\/wp-content\/uploads\/2025\/01\/1737136628_MEIS-ribeirao-preto.jpg?fit=1200%2C799&ssl=1&resize=1050%2C600 3x"},"classes":[]},{"id":62558,"url":"https:\/\/noticiasribeiraopreto.com.br\/index.php\/2025\/01\/17\/comercio-de-ribeirao-preto-tem-horario-especial-durante-o-feriado-veja-como-fica\/","url_meta":{"origin":28092,"position":4},"title":"Com\u00e9rcio de Ribeir\u00e3o Preto tem hor\u00e1rio especial durante o feriado; Veja como fica","author":"noticiasribeiraopreto.com.br","date":"17 de January de 2025","format":false,"excerpt":"Ribeir\u00e3o Preto celebra na segunda-feira (20), o dia de S\u00e3o Sebasti\u00e3o, padroeiro da cidade. Com isso, o com\u00e9rcio do munic\u00edpio ter\u00e1 o hor\u00e1rio de funcionamento alterado. Desde mar\u00e7o de 2009, o dia 20 de janeiro passou a ser feriado em Ribeir\u00e3o Preto, atrav\u00e9s da Lei Municipal 19.919. Por isso, servi\u00e7os\u2026","rel":"","context":"In &quot;Not\u00edcias de Ribeir\u00e3o Preto-SP e Regi\u00e3o&quot;","block_context":{"text":"Not\u00edcias de Ribeir\u00e3o Preto-SP e Regi\u00e3o","link":"https:\/\/noticiasribeiraopreto.com.br\/index.php\/category\/noticias-de-ribeirao-preto-sp-e-regiao-ismael-colosi\/"},"img":{"alt_text":"","src":"https:\/\/i0.wp.com\/noticiasribeiraopreto.com.br\/wp-content\/uploads\/2025\/01\/MEIS-ribeirao-preto.jpg?fit=1200%2C799&ssl=1&resize=350%2C200","width":350,"height":200,"srcset":"https:\/\/i0.wp.com\/noticiasribeiraopreto.com.br\/wp-content\/uploads\/2025\/01\/MEIS-ribeirao-preto.jpg?fit=1200%2C799&ssl=1&resize=350%2C200 1x, https:\/\/i0.wp.com\/noticiasribeiraopreto.com.br\/wp-content\/uploads\/2025\/01\/MEIS-ribeirao-preto.jpg?fit=1200%2C799&ssl=1&resize=525%2C300 1.5x, https:\/\/i0.wp.com\/noticiasribeiraopreto.com.br\/wp-content\/uploads\/2025\/01\/MEIS-ribeirao-preto.jpg?fit=1200%2C799&ssl=1&resize=700%2C400 2x, https:\/\/i0.wp.com\/noticiasribeiraopreto.com.br\/wp-content\/uploads\/2025\/01\/MEIS-ribeirao-preto.jpg?fit=1200%2C799&ssl=1&resize=1050%2C600 3x"},"classes":[]},{"id":62585,"url":"https:\/\/noticiasribeiraopreto.com.br\/index.php\/2025\/01\/18\/dia-de-sao-sebastiao-veja-os-horarios-dos-shoppings-e-comercio-no-feriado-em-ribeirao\/","url_meta":{"origin":28092,"position":5},"title":"Dia de S\u00e3o Sebasti\u00e3o: Veja os hor\u00e1rios dos shoppings e com\u00e9rcio no feriado em Ribeir\u00e3o","author":"noticiasribeiraopreto.com.br","date":"18 de January de 2025","format":false,"excerpt":"Nesta segunda-feira (20), \u00e9 comemorado o feriado do dia de S\u00e3o Sebasti\u00e3o, padroeiro de Ribeir\u00e3o Preto. Os shoppings e com\u00e9rcios de rua da cidade contam com hor\u00e1rios especiais de funcionamento. O\u00a0Poupatempo\u00a0de Ribeir\u00e3o Preto n\u00e3o abre. Contudo, os servi\u00e7os digitais continuam dispon\u00edveis no portal (clique aqui), aplicativo Poupatempo SP ou pelo\u2026","rel":"","context":"In &quot;Not\u00edcias de Ribeir\u00e3o Preto-SP e Regi\u00e3o&quot;","block_context":{"text":"Not\u00edcias de Ribeir\u00e3o Preto-SP e Regi\u00e3o","link":"https:\/\/noticiasribeiraopreto.com.br\/index.php\/category\/noticias-de-ribeirao-preto-sp-e-regiao-ismael-colosi\/"},"img":{"alt_text":"","src":"https:\/\/i0.wp.com\/noticiasribeiraopreto.com.br\/wp-content\/uploads\/2025\/01\/CALCADAO_2024-07-08_13-55-48_jpg_2024-07-08_13-55-48.webp.webp?fit=945%2C627&ssl=1&resize=350%2C200","width":350,"height":200,"srcset":"https:\/\/i0.wp.com\/noticiasribeiraopreto.com.br\/wp-content\/uploads\/2025\/01\/CALCADAO_2024-07-08_13-55-48_jpg_2024-07-08_13-55-48.webp.webp?fit=945%2C627&ssl=1&resize=350%2C200 1x, https:\/\/i0.wp.com\/noticiasribeiraopreto.com.br\/wp-content\/uploads\/2025\/01\/CALCADAO_2024-07-08_13-55-48_jpg_2024-07-08_13-55-48.webp.webp?fit=945%2C627&ssl=1&resize=525%2C300 1.5x, https:\/\/i0.wp.com\/noticiasribeiraopreto.com.br\/wp-content\/uploads\/2025\/01\/CALCADAO_2024-07-08_13-55-48_jpg_2024-07-08_13-55-48.webp.webp?fit=945%2C627&ssl=1&resize=700%2C400 2x"},"classes":[]}],"jetpack_sharing_enabled":true,"jetpack_shortlink":"https:\/\/wp.me\/peQAOb-7j6","_links":{"self":[{"href":"https:\/\/noticiasribeiraopreto.com.br\/index.php\/wp-json\/wp\/v2\/posts\/28092","targetHints":{"allow":["GET"]}}],"collection":[{"href":"https:\/\/noticiasribeiraopreto.com.br\/index.php\/wp-json\/wp\/v2\/posts"}],"about":[{"href":"https:\/\/noticiasribeiraopreto.com.br\/index.php\/wp-json\/wp\/v2\/types\/post"}],"author":[{"embeddable":true,"href":"https:\/\/noticiasribeiraopreto.com.br\/index.php\/wp-json\/wp\/v2\/users\/1"}],"replies":[{"embeddable":true,"href":"https:\/\/noticiasribeiraopreto.com.br\/index.php\/wp-json\/wp\/v2\/comments?post=28092"}],"version-history":[{"count":0,"href":"https:\/\/noticiasribeiraopreto.com.br\/index.php\/wp-json\/wp\/v2\/posts\/28092\/revisions"}],"wp:featuredmedia":[{"embeddable":true,"href":"https:\/\/noticiasribeiraopreto.com.br\/index.php\/wp-json\/wp\/v2\/media\/28093"}],"wp:attachment":[{"href":"https:\/\/noticiasribeiraopreto.com.br\/index.php\/wp-json\/wp\/v2\/media?parent=28092"}],"wp:term":[{"taxonomy":"category","embeddable":true,"href":"https:\/\/noticiasribeiraopreto.com.br\/index.php\/wp-json\/wp\/v2\/categories?post=28092"},{"taxonomy":"post_tag","embeddable":true,"href":"https:\/\/noticiasribeiraopreto.com.br\/index.php\/wp-json\/wp\/v2\/tags?post=28092"}],"curies":[{"name":"wp","href":"https:\/\/api.w.org\/{rel}","templated":true}]}}