{"id":28190,"date":"2024-01-15T08:12:11","date_gmt":"2024-01-15T11:12:11","guid":{"rendered":"https:\/\/noticiasribeiraopreto.com.br\/index.php\/2024\/01\/15\/ribeirao-preto-registra-chuva-de-ate-63-milimetros-veja-se-ela-continua\/"},"modified":"2024-01-15T08:12:11","modified_gmt":"2024-01-15T11:12:11","slug":"ribeirao-preto-registra-chuva-de-ate-63-milimetros-veja-se-ela-continua","status":"publish","type":"post","link":"https:\/\/noticiasribeiraopreto.com.br\/index.php\/2024\/01\/15\/ribeirao-preto-registra-chuva-de-ate-63-milimetros-veja-se-ela-continua\/","title":{"rendered":"Ribeir\u00e3o Preto registra chuva de at\u00e9 63 mil\u00edmetros; Veja se ela continua"},"content":{"rendered":"<div class='code-block code-block-1' style='margin: 8px 0 8px auto; text-align: right; display: block; clear: both;'>\n<p><a href=\"https:\/\/wa.link\/vpicfd\"><img data-recalc-dims=\"1\" class=\"wp-image-4922\" style=\"aspect-ratio: 2.0253164556962027; width: 561px; height: auto;\" src=\"https:\/\/i0.wp.com\/ismaelcolosi.com.br\/wp-content\/uploads\/2023\/11\/grupo-de-empregos-whatsapp-e-facebook-ismael-colosi-vagas.jpg?ssl=1\" alt=\"\" \/><\/a><\/p>\n<!-- \/wp:image -->\n<\/div>\n<p> <br \/>\n<\/p>\n<div>\n<p>A <strong>zona Norte<\/strong> de<strong> Ribeir\u00e3o Preto <\/strong>registrou o acumulado de 63,6 mil\u00edmetros de chuva entre a madrugada e a manh\u00e3 desta segunda-feira (15), de acordo com o <strong>Cemaden (Centro Nacional de Monitoramento e Alertas de Desastres Naturais).<\/strong><\/p>\n<p>J\u00e1 no <strong>Centro<\/strong>, foram registrados 40 mil\u00edmetros de chuva, na zona Leste 30 mil\u00edmetros e em Bonfim Paulista, 33,6 mil\u00edmetros. Para efeitos de compara\u00e7\u00e3o, at\u00e9 o \u00faltimo domingo (14), a cidade havia registrado 81,5 mil\u00edmetros de chuva acumulada no m\u00eas de janeiro de 2024.<\/p>\n<h4 class=\"wp-block-heading\"><strong>Previs\u00e3o do tempo<\/strong><\/h4>\n<p>Segundo a <strong><a href=\"https:\/\/www.climatempo.com.br\/previsao-do-tempo\/cidade\/530\/ribeiraopreto-sp\" target=\"_blank\" rel=\"noreferrer noopener nofollow\">Climatempo<\/a><\/strong>, a chuva deve continuar em Ribeir\u00e3o Preto nesta segunda-feira, a qualquer hora do dia. <mark style=\"background-color:#fcb900\" class=\"has-inline-color has-black-color\">A segunda-feira deve ter Sol com muitas nuvens e per\u00edodos nublados<\/mark>. As temperaturas devem variar entre 22\u00b0C e 30\u00b0C.<\/p>\n<h4 class=\"wp-block-heading\"><strong>Alagamento e interdi\u00e7\u00f5es<\/strong><\/h4>\n<p>A chuva provocou<strong> pontos de alagamento em Ribeir\u00e3o Preto<\/strong>, como na avenida Francisco Junqueira, pr\u00f3ximo do cruzamento com a Maria de Jesus Condeixa e com a rua Olavo Bilac, e na Via Norte no cruzamento com a avenida Euclides Figueiredo.<\/p>\n<p>Na <strong>rodovia Anhanguera<\/strong>, o alagamento foi registrado na altura do quil\u00f4metro 281, em S\u00e3o Sim\u00e3o, no sentido Sul (Interior-Capital). No local, houve registro de 5 quil\u00f4metros de congestionamento, mas j\u00e1 foi liberado.<\/p>\n<p>J\u00e1 na altura do 278 sul, tamb\u00e9m houve interdi\u00e7\u00e3o da via por volta das 2h40 e libera\u00e7\u00e3o \u00e0s 7h. O tr\u00e1fego estava fluindo em comboio por faixa esquerda.<\/p>\n<p>E no quil\u00f4metro 274 sul, a interdi\u00e7\u00e3o acontece na faixa da direita e acostamento em raz\u00e3o da queda do talude (barranco que margeia a rodovia) por volta das 4h. O tr\u00e1fego est\u00e1 fluindo em comboio por faixa esquerda.<\/p>\n<p>SAIBA MAIS<br \/>Chuva provoca pontos de alagamento em Ribeir\u00e3o e interdi\u00e7\u00e3o na Anhanguera<\/p>\n<h4 class=\"wp-block-heading\"><strong>FIQUE ON<\/strong><\/h4>\n<p>Fique ligado em tudo que acontece em Ribeir\u00e3o Preto e regi\u00e3o. Siga os perfis do <strong>acidade on<\/strong> no <a href=\"https:\/\/www.instagram.com\/acidadeonribeirao\" target=\"_blank\" rel=\"noreferrer noopener nofollow\">Instagram<\/a> e no<a href=\"https:\/\/www.facebook.com\/acidadeonribeirao\" target=\"_blank\" rel=\"noreferrer noopener nofollow\"> Facebook<\/a>.<\/p>\n<p>Receba not\u00edcias do<strong> acidade on <\/strong>no WhatsApp. <a href=\"https:\/\/chat.whatsapp.com\/Bnv2w66ZT4VDyZW3oiZ69n\" target=\"_blank\" rel=\"noreferrer noopener nofollow\">Para entrar no grupo, basta clicar aqui.<\/a><\/p>\n<p>Fa\u00e7a uma den\u00fancia ou sugira uma reportagem sobre Ribeir\u00e3o Preto e regi\u00e3o pelo WhatsApp: 16 99117 7802.<\/p>\n<p>VEJA TAMB\u00c9M<br \/>BBB 24: Beatriz, Pizane e Davi est\u00e3o no pared\u00e3o<\/p>\n<p><!-- AI CONTENT END 1 -->\n<\/div>\n<p><script async src=\"\/\/www.instagram.com\/embed.js\"><\/script><br \/>\n<br \/><br \/>\n<br \/><a href=\"https:\/\/www.acidadeon.com\/ribeiraopreto\/cotidiano\/ribeirao-preto-registra-chuva-de-ate-63-milimetros-veja-se-ela-continua\/\">Source link <\/a><\/p>\n<!-- CONTENT END 1 -->\n","protected":false},"excerpt":{"rendered":"<p>A zona Norte de Ribeir\u00e3o Preto registrou o acumulado de 63,6 mil\u00edmetros de chuva entre a madrugada e a manh\u00e3 desta segunda-feira (15), de acordo&#8230;<\/p>\n","protected":false},"author":1,"featured_media":28191,"comment_status":"open","ping_status":"open","sticky":false,"template":"","format":"standard","meta":{"advanced_seo_description":"","jetpack_seo_html_title":"","jetpack_seo_noindex":false,"jetpack_post_was_ever_published":false,"_jetpack_newsletter_access":"","_jetpack_dont_email_post_to_subs":false,"_jetpack_newsletter_tier_id":0,"_jetpack_memberships_contains_paywalled_content":false,"_jetpack_memberships_contains_paid_content":false,"footnotes":"","jetpack_publicize_message":"","jetpack_publicize_feature_enabled":true,"jetpack_social_post_already_shared":true,"jetpack_social_options":{"image_generator_settings":{"template":"highway","default_image_id":0,"font":"","enabled":false},"version":2}},"categories":[11],"tags":[103,224,225,3529,546,27,1267,26,48],"class_list":["post-28190","post","type-post","status-publish","format-standard","has-post-thumbnail","hentry","category-noticias-de-ribeirao-preto-sp-e-regiao-ismael-colosi","tag-ate","tag-chuva","tag-continua","tag-ela","tag-milimetros","tag-preto","tag-registra","tag-ribeirao","tag-veja"],"jetpack_publicize_connections":[],"jetpack_featured_media_url":"https:\/\/i0.wp.com\/noticiasribeiraopreto.com.br\/wp-content\/uploads\/2024\/01\/chuva-em-ribeirao-preto.jpg?fit=1353%2C847&ssl=1","jetpack-related-posts":[{"id":59209,"url":"https:\/\/noticiasribeiraopreto.com.br\/index.php\/2024\/10\/17\/o-que-se-sabe-sobre-o-alerta-de-chuva-de-200-milimetros-no-interior-de-sp\/","url_meta":{"origin":28190,"position":0},"title":"O que se sabe sobre o alerta de chuva de 200 mil\u00edmetros no interior de SP","author":"noticiasribeiraopreto.com.br","date":"17 de October de 2024","format":false,"excerpt":"A Defesa Civil publicou um alerta de chuva e ventos fortes para o interior de S\u00e3o Paulo v\u00e1lido para o per\u00edodo entre sexta-feira (18) e domingo (20). Segundo o alerta, pode chover o acumulado de at\u00e9 200 mil\u00edmetros em algumas regi\u00f5es \u2013 equivalente a m\u00e9dia mensal de um m\u00eas chuvoso.\u2026","rel":"","context":"In &quot;Not\u00edcias de Ribeir\u00e3o Preto-SP e Regi\u00e3o&quot;","block_context":{"text":"Not\u00edcias de Ribeir\u00e3o Preto-SP e Regi\u00e3o","link":"https:\/\/noticiasribeiraopreto.com.br\/index.php\/category\/noticias-de-ribeirao-preto-sp-e-regiao-ismael-colosi\/"},"img":{"alt_text":"","src":"https:\/\/i0.wp.com\/noticiasribeiraopreto.com.br\/wp-content\/uploads\/2024\/10\/morro-sao-bento_2024-10-17_16-41-06_jpg_2024-10-17_16-41-07-scaled.webp.webp?fit=1200%2C675&ssl=1&resize=350%2C200","width":350,"height":200,"srcset":"https:\/\/i0.wp.com\/noticiasribeiraopreto.com.br\/wp-content\/uploads\/2024\/10\/morro-sao-bento_2024-10-17_16-41-06_jpg_2024-10-17_16-41-07-scaled.webp.webp?fit=1200%2C675&ssl=1&resize=350%2C200 1x, https:\/\/i0.wp.com\/noticiasribeiraopreto.com.br\/wp-content\/uploads\/2024\/10\/morro-sao-bento_2024-10-17_16-41-06_jpg_2024-10-17_16-41-07-scaled.webp.webp?fit=1200%2C675&ssl=1&resize=525%2C300 1.5x, https:\/\/i0.wp.com\/noticiasribeiraopreto.com.br\/wp-content\/uploads\/2024\/10\/morro-sao-bento_2024-10-17_16-41-06_jpg_2024-10-17_16-41-07-scaled.webp.webp?fit=1200%2C675&ssl=1&resize=700%2C400 2x, https:\/\/i0.wp.com\/noticiasribeiraopreto.com.br\/wp-content\/uploads\/2024\/10\/morro-sao-bento_2024-10-17_16-41-06_jpg_2024-10-17_16-41-07-scaled.webp.webp?fit=1200%2C675&ssl=1&resize=1050%2C600 3x"},"classes":[]},{"id":60153,"url":"https:\/\/noticiasribeiraopreto.com.br\/index.php\/2024\/11\/07\/muita-agua-ribeirao-preto-registra-100-milimetros-de-chuva-em-24-horas\/","url_meta":{"origin":28190,"position":1},"title":"Muita \u00e1gua: Ribeir\u00e3o Preto registra 100 mil\u00edmetros de chuva em 24 horas","author":"noticiasribeiraopreto.com.br","date":"7 de November de 2024","format":false,"excerpt":"A Defesa Civil de S\u00e3o Paulo informou que Ribeir\u00e3o Preto registrou 100 mil\u00edmetros de chuva em um per\u00edodo de 24 horas. Houve diversos pontos de alagamento pela cidade. A Via Norte, por exemplo, teve a pista tomada pela \u00e1gua da chuva no sentido Centro-bairro, entre o viaduto da Capit\u00e3o Salom\u00e3o\u2026","rel":"","context":"In &quot;Not\u00edcias de Ribeir\u00e3o Preto-SP e Regi\u00e3o&quot;","block_context":{"text":"Not\u00edcias de Ribeir\u00e3o Preto-SP e Regi\u00e3o","link":"https:\/\/noticiasribeiraopreto.com.br\/index.php\/category\/noticias-de-ribeirao-preto-sp-e-regiao-ismael-colosi\/"},"img":{"alt_text":"","src":"https:\/\/i0.wp.com\/noticiasribeiraopreto.com.br\/wp-content\/uploads\/2024\/11\/WhatsApp-Image-2024-11-07-at-09.00.51_2024-11-07_12-03-21_jpeg_2024-11-07_12-03-21.webp.webp?fit=1200%2C1060&ssl=1&resize=350%2C200","width":350,"height":200,"srcset":"https:\/\/i0.wp.com\/noticiasribeiraopreto.com.br\/wp-content\/uploads\/2024\/11\/WhatsApp-Image-2024-11-07-at-09.00.51_2024-11-07_12-03-21_jpeg_2024-11-07_12-03-21.webp.webp?fit=1200%2C1060&ssl=1&resize=350%2C200 1x, https:\/\/i0.wp.com\/noticiasribeiraopreto.com.br\/wp-content\/uploads\/2024\/11\/WhatsApp-Image-2024-11-07-at-09.00.51_2024-11-07_12-03-21_jpeg_2024-11-07_12-03-21.webp.webp?fit=1200%2C1060&ssl=1&resize=525%2C300 1.5x, https:\/\/i0.wp.com\/noticiasribeiraopreto.com.br\/wp-content\/uploads\/2024\/11\/WhatsApp-Image-2024-11-07-at-09.00.51_2024-11-07_12-03-21_jpeg_2024-11-07_12-03-21.webp.webp?fit=1200%2C1060&ssl=1&resize=700%2C400 2x, https:\/\/i0.wp.com\/noticiasribeiraopreto.com.br\/wp-content\/uploads\/2024\/11\/WhatsApp-Image-2024-11-07-at-09.00.51_2024-11-07_12-03-21_jpeg_2024-11-07_12-03-21.webp.webp?fit=1200%2C1060&ssl=1&resize=1050%2C600 3x"},"classes":[]},{"id":24364,"url":"https:\/\/noticiasribeiraopreto.com.br\/index.php\/2024\/01\/04\/chuva-continua-veja-a-previsao-do-tempo-para-o-interior-de-sp\/","url_meta":{"origin":28190,"position":2},"title":"Chuva continua? Veja a previs\u00e3o do tempo para o interior de SP","author":"noticiasribeiraopreto.com.br","date":"4 de January de 2024","format":false,"excerpt":"As temperaturas em Ribeir\u00e3o Preto, no interior de S\u00e3o Paulo, devem continuar acima dos 30\u00b0C nesta quinta-feira (4), segundos os meteorologistas. A Climatempo ainda informa que existe a possibilidade de chuva nos per\u00edodos da tarde e da noite. As temperaturas devem variar entre 21\u00b0C e 32\u00b0C e est\u00e3o previstos o\u2026","rel":"","context":"In &quot;Not\u00edcias de Ribeir\u00e3o Preto-SP e Regi\u00e3o&quot;","block_context":{"text":"Not\u00edcias de Ribeir\u00e3o Preto-SP e Regi\u00e3o","link":"https:\/\/noticiasribeiraopreto.com.br\/index.php\/category\/noticias-de-ribeirao-preto-sp-e-regiao-ismael-colosi\/"},"img":{"alt_text":"","src":"https:\/\/i0.wp.com\/noticiasribeiraopreto.com.br\/wp-content\/uploads\/2024\/01\/WhatsApp-Image-2023-12-23-at-18.39.14.jpeg?fit=1200%2C844&ssl=1&resize=350%2C200","width":350,"height":200,"srcset":"https:\/\/i0.wp.com\/noticiasribeiraopreto.com.br\/wp-content\/uploads\/2024\/01\/WhatsApp-Image-2023-12-23-at-18.39.14.jpeg?fit=1200%2C844&ssl=1&resize=350%2C200 1x, https:\/\/i0.wp.com\/noticiasribeiraopreto.com.br\/wp-content\/uploads\/2024\/01\/WhatsApp-Image-2023-12-23-at-18.39.14.jpeg?fit=1200%2C844&ssl=1&resize=525%2C300 1.5x, https:\/\/i0.wp.com\/noticiasribeiraopreto.com.br\/wp-content\/uploads\/2024\/01\/WhatsApp-Image-2023-12-23-at-18.39.14.jpeg?fit=1200%2C844&ssl=1&resize=700%2C400 2x, https:\/\/i0.wp.com\/noticiasribeiraopreto.com.br\/wp-content\/uploads\/2024\/01\/WhatsApp-Image-2023-12-23-at-18.39.14.jpeg?fit=1200%2C844&ssl=1&resize=1050%2C600 3x"},"classes":[]},{"id":58957,"url":"https:\/\/noticiasribeiraopreto.com.br\/index.php\/2024\/10\/10\/veja-ate-quando-vai-o-alerta-para-chuva-forte-no-interior-de-sp\/","url_meta":{"origin":28190,"position":3},"title":"Veja at\u00e9 quando vai o alerta para chuva forte no interior de SP","author":"noticiasribeiraopreto.com.br","date":"10 de October de 2024","format":false,"excerpt":"O alerta da Defesa Civil para chuva forte no interior de S\u00e3o Paulo segue at\u00e9 s\u00e1bado (12). Segundo o \u00f3rg\u00e3o, pode chover o acumulado de at\u00e9 100 mil\u00edmetros em algumas regi\u00f5es do interior paulista, com possibilidade de ventos intensos com velocidade entre 60 km\/h e 100 km\/h. O aviso informa\u2026","rel":"","context":"In &quot;Not\u00edcias de Ribeir\u00e3o Preto-SP e Regi\u00e3o&quot;","block_context":{"text":"Not\u00edcias de Ribeir\u00e3o Preto-SP e Regi\u00e3o","link":"https:\/\/noticiasribeiraopreto.com.br\/index.php\/category\/noticias-de-ribeirao-preto-sp-e-regiao-ismael-colosi\/"},"img":{"alt_text":"","src":"https:\/\/i0.wp.com\/noticiasribeiraopreto.com.br\/wp-content\/uploads\/2024\/10\/WhatsApp-Image-2024-02-07-at-16.31.23.jpeg?fit=1200%2C540&ssl=1&resize=350%2C200","width":350,"height":200,"srcset":"https:\/\/i0.wp.com\/noticiasribeiraopreto.com.br\/wp-content\/uploads\/2024\/10\/WhatsApp-Image-2024-02-07-at-16.31.23.jpeg?fit=1200%2C540&ssl=1&resize=350%2C200 1x, https:\/\/i0.wp.com\/noticiasribeiraopreto.com.br\/wp-content\/uploads\/2024\/10\/WhatsApp-Image-2024-02-07-at-16.31.23.jpeg?fit=1200%2C540&ssl=1&resize=525%2C300 1.5x, https:\/\/i0.wp.com\/noticiasribeiraopreto.com.br\/wp-content\/uploads\/2024\/10\/WhatsApp-Image-2024-02-07-at-16.31.23.jpeg?fit=1200%2C540&ssl=1&resize=700%2C400 2x, https:\/\/i0.wp.com\/noticiasribeiraopreto.com.br\/wp-content\/uploads\/2024\/10\/WhatsApp-Image-2024-02-07-at-16.31.23.jpeg?fit=1200%2C540&ssl=1&resize=1050%2C600 3x"},"classes":[]},{"id":29511,"url":"https:\/\/noticiasribeiraopreto.com.br\/index.php\/2024\/01\/18\/interior-de-sp-tem-alerta-de-chuvas-intensas-veja-os-locais-afetados\/","url_meta":{"origin":28190,"position":4},"title":"Interior de SP tem alerta de chuvas intensas; Veja os locais afetados","author":"noticiasribeiraopreto.com.br","date":"18 de January de 2024","format":false,"excerpt":"O Inmet (Instituto Nacional de Meteorologia) publicou nesta quinta-feira (18) um alerta de chuvas intensas para o interior de S\u00e3o Paulo. O aviso \u00e9 v\u00e1lido at\u00e9 as 10h desta sexta-feira (19). De acordo com o \u00f3rg\u00e3o, pode chover o acumulado de at\u00e9 50 mil\u00edmetros no per\u00edodo de um dia e\u2026","rel":"","context":"In &quot;Not\u00edcias de Ribeir\u00e3o Preto-SP e Regi\u00e3o&quot;","block_context":{"text":"Not\u00edcias de Ribeir\u00e3o Preto-SP e Regi\u00e3o","link":"https:\/\/noticiasribeiraopreto.com.br\/index.php\/category\/noticias-de-ribeirao-preto-sp-e-regiao-ismael-colosi\/"},"img":{"alt_text":"","src":"https:\/\/i0.wp.com\/noticiasribeiraopreto.com.br\/wp-content\/uploads\/2024\/01\/chuva-no-interior.jpeg?fit=1200%2C903&ssl=1&resize=350%2C200","width":350,"height":200,"srcset":"https:\/\/i0.wp.com\/noticiasribeiraopreto.com.br\/wp-content\/uploads\/2024\/01\/chuva-no-interior.jpeg?fit=1200%2C903&ssl=1&resize=350%2C200 1x, https:\/\/i0.wp.com\/noticiasribeiraopreto.com.br\/wp-content\/uploads\/2024\/01\/chuva-no-interior.jpeg?fit=1200%2C903&ssl=1&resize=525%2C300 1.5x, https:\/\/i0.wp.com\/noticiasribeiraopreto.com.br\/wp-content\/uploads\/2024\/01\/chuva-no-interior.jpeg?fit=1200%2C903&ssl=1&resize=700%2C400 2x, https:\/\/i0.wp.com\/noticiasribeiraopreto.com.br\/wp-content\/uploads\/2024\/01\/chuva-no-interior.jpeg?fit=1200%2C903&ssl=1&resize=1050%2C600 3x"},"classes":[]},{"id":26554,"url":"https:\/\/noticiasribeiraopreto.com.br\/index.php\/2024\/01\/10\/interior-de-sp-continua-com-previsao-de-chuva-veja-os-locais-afetados\/","url_meta":{"origin":28190,"position":5},"title":"Interior de SP continua com previs\u00e3o de chuva; Veja os locais afetados","author":"noticiasribeiraopreto.com.br","date":"10 de January de 2024","format":false,"excerpt":"O interior de S\u00e3o Paulo continua com previs\u00e3o de chuva nesta quarta-feira (10). De acordo com a Climatempo, h\u00e1 risco de pancadas de chuva moderadas a fortes e de raios, mas de maneira isolada. As rajadas m\u00e1ximas de vento n\u00e3o devem superar os 70 km\/h. Os meteorologistas informam que a\u2026","rel":"","context":"In &quot;Not\u00edcias de Ribeir\u00e3o Preto-SP e Regi\u00e3o&quot;","block_context":{"text":"Not\u00edcias de Ribeir\u00e3o Preto-SP e Regi\u00e3o","link":"https:\/\/noticiasribeiraopreto.com.br\/index.php\/category\/noticias-de-ribeirao-preto-sp-e-regiao-ismael-colosi\/"},"img":{"alt_text":"","src":"https:\/\/i0.wp.com\/noticiasribeiraopreto.com.br\/wp-content\/uploads\/2024\/01\/chuva.jpeg?fit=1200%2C903&ssl=1&resize=350%2C200","width":350,"height":200,"srcset":"https:\/\/i0.wp.com\/noticiasribeiraopreto.com.br\/wp-content\/uploads\/2024\/01\/chuva.jpeg?fit=1200%2C903&ssl=1&resize=350%2C200 1x, https:\/\/i0.wp.com\/noticiasribeiraopreto.com.br\/wp-content\/uploads\/2024\/01\/chuva.jpeg?fit=1200%2C903&ssl=1&resize=525%2C300 1.5x, https:\/\/i0.wp.com\/noticiasribeiraopreto.com.br\/wp-content\/uploads\/2024\/01\/chuva.jpeg?fit=1200%2C903&ssl=1&resize=700%2C400 2x, https:\/\/i0.wp.com\/noticiasribeiraopreto.com.br\/wp-content\/uploads\/2024\/01\/chuva.jpeg?fit=1200%2C903&ssl=1&resize=1050%2C600 3x"},"classes":[]}],"jetpack_sharing_enabled":true,"jetpack_shortlink":"https:\/\/wp.me\/peQAOb-7kG","_links":{"self":[{"href":"https:\/\/noticiasribeiraopreto.com.br\/index.php\/wp-json\/wp\/v2\/posts\/28190","targetHints":{"allow":["GET"]}}],"collection":[{"href":"https:\/\/noticiasribeiraopreto.com.br\/index.php\/wp-json\/wp\/v2\/posts"}],"about":[{"href":"https:\/\/noticiasribeiraopreto.com.br\/index.php\/wp-json\/wp\/v2\/types\/post"}],"author":[{"embeddable":true,"href":"https:\/\/noticiasribeiraopreto.com.br\/index.php\/wp-json\/wp\/v2\/users\/1"}],"replies":[{"embeddable":true,"href":"https:\/\/noticiasribeiraopreto.com.br\/index.php\/wp-json\/wp\/v2\/comments?post=28190"}],"version-history":[{"count":0,"href":"https:\/\/noticiasribeiraopreto.com.br\/index.php\/wp-json\/wp\/v2\/posts\/28190\/revisions"}],"wp:featuredmedia":[{"embeddable":true,"href":"https:\/\/noticiasribeiraopreto.com.br\/index.php\/wp-json\/wp\/v2\/media\/28191"}],"wp:attachment":[{"href":"https:\/\/noticiasribeiraopreto.com.br\/index.php\/wp-json\/wp\/v2\/media?parent=28190"}],"wp:term":[{"taxonomy":"category","embeddable":true,"href":"https:\/\/noticiasribeiraopreto.com.br\/index.php\/wp-json\/wp\/v2\/categories?post=28190"},{"taxonomy":"post_tag","embeddable":true,"href":"https:\/\/noticiasribeiraopreto.com.br\/index.php\/wp-json\/wp\/v2\/tags?post=28190"}],"curies":[{"name":"wp","href":"https:\/\/api.w.org\/{rel}","templated":true}]}}