{"id":28206,"date":"2024-01-15T09:18:54","date_gmt":"2024-01-15T12:18:54","guid":{"rendered":"https:\/\/noticiasribeiraopreto.com.br\/index.php\/2024\/01\/15\/voce-prefere-um-presidente-horrivel-ou-pessimo-bolsonaro-acredita-saber-a-resposta\/"},"modified":"2024-01-15T09:18:54","modified_gmt":"2024-01-15T12:18:54","slug":"voce-prefere-um-presidente-horrivel-ou-pessimo-bolsonaro-acredita-saber-a-resposta","status":"publish","type":"post","link":"https:\/\/noticiasribeiraopreto.com.br\/index.php\/2024\/01\/15\/voce-prefere-um-presidente-horrivel-ou-pessimo-bolsonaro-acredita-saber-a-resposta\/","title":{"rendered":"Voc\u00ea prefere um presidente horr\u00edvel ou p\u00e9ssimo? Bolsonaro acredita saber a resposta"},"content":{"rendered":"<div class='code-block code-block-1' style='margin: 8px 0 8px auto; text-align: right; display: block; clear: both;'>\n<p><a href=\"https:\/\/wa.link\/vpicfd\"><img data-recalc-dims=\"1\" class=\"wp-image-4922\" style=\"aspect-ratio: 2.0253164556962027; width: 561px; height: auto;\" src=\"https:\/\/i0.wp.com\/ismaelcolosi.com.br\/wp-content\/uploads\/2023\/11\/grupo-de-empregos-whatsapp-e-facebook-ismael-colosi-vagas.jpg?ssl=1\" alt=\"\" \/><\/a><\/p>\n<!-- \/wp:image -->\n<\/div>\n<p> <br \/>\n<\/p>\n<div id=\"js-first-letter\">\n<p>Passa elei\u00e7\u00e3o, chega elei\u00e7\u00e3o e frequentemente ouvimos algu\u00e9m dizer que vai votar em fulano ou sicrano por ser o \u201cmenos pior\u201d. Agora o \u201cmenos pior\u201d acaba de ser redefinido pelo ex-presidente <strong>Jair Bolsonaro<\/strong> em sua mais recente cr\u00edtica a seu sucessor, <strong>Luiz In\u00e1cio Lula da Silva<\/strong>.<\/p>\n<p>\u201cPosso ser um cara horr\u00edvel, mas o outro cara \u00e9 p\u00e9ssimo\u201d, disse Bolsonaro ao falar sobre o governo Lula.<\/p>\n<p>O coment\u00e1rio veio \u00e0 tona durante uma conversa de Bolsonaro com apoiadores na Vila Hist\u00f3rica de Mambucaba, em Angra dos Reis (RJ), no domingo.<\/p>\n<p>Bolsonaro citou a previs\u00e3o de d\u00e9ficit prim\u00e1rio e a revoga\u00e7\u00e3o da pol\u00edtica de facilita\u00e7\u00e3o de acesso da popula\u00e7\u00e3o \u00e0 armas de fogo.<\/p>\n<h2 class=\"wp-block-heading\" id=\"h-bolsonaro-publicou-video-de-evento-em-suas-redes-sociais\">Bolsonaro publicou v\u00eddeo de evento em suas redes sociais<\/h2>\n<p>&#8220;Um rombo de quase R$ 200 bilh\u00f5es. Essa conta quem vai pagar s\u00e3o voc\u00eas&#8221;, disse Bolsonaro em conversa com apoiadores.<\/p>\n<p>Ele publicou o v\u00eddeo do encontro em suas redes sociais. &#8220;N\u00f3s estamos no mesmo barco pessoal. Se algu\u00e9m porventura aqui votou no PT, pode ser que exista: n\u00e3o d\u00e1 para comparar, eu posso ser um cara horr\u00edvel, mas o outro cara \u00e9 p\u00e9ssimo&#8221;, acrescentou o ex-presidente.<\/p>\n<p>Segundo estimativa do Instituto de Pesquisa Econ\u00f4mica Aplicada (Ipea), o d\u00e9ficit prim\u00e1rio do ano passado foi de R$ 234,3 bilh\u00f5es. O governo ainda n\u00e3o informou o dado oficial.<\/p>\n<p>A meta do governo, defendida pelo ministro da Fazenda, Fernando Haddad (PT), para 2024 \u00e9 de d\u00e9ficit zero. O Or\u00e7amento j\u00e1 foi aprovado pelo Congresso Nacional, mas ainda precisa ser sancionado por Lula.<\/p>\n<h2 class=\"wp-block-heading\" id=\"h-bolsonaro-relaciona-possivel-quebra-da-safra-a-reversao-de-politica-de-acesso-a-armas\">Bolsonaro relaciona poss\u00edvel quebra da safra a revers\u00e3o de pol\u00edtica de acesso a armas<\/h2>\n<p>Ainda segundo Bolsonaro, o Brasil passar\u00e1 por um problema de quebra de safra na agricultura neste ano.<\/p>\n<p>Para o ex-presidente, embora isso seja causado por diversos fatores, ele destacou o que avalia como falta de seguran\u00e7a no campo.<\/p>\n<p>&#8220;A viol\u00eancia diminui no meu governo pela pol\u00edtica de armas para o pessoal de bem. Ele acabou com isso&#8221;, declarou.<\/p>\n<ul>\n<li><strong>ONDE INVESTIR EM 2024:<\/strong>\u00a0Descubra o que esperar do cen\u00e1rio econ\u00f4mico brasileiro e internacional e quais s\u00e3o os melhores investimentos para a sua carteira, em diferentes classes de ativos.\u00a0<strong><a href=\"https:\/\/lp.seudinheiro.com\/onde-investir-oinv01-a\/?xpromo=XD-MEL-SD-OINV01-AUDSD-X-CHLTB-EDITORIAL1-MKTPORTAIS\" target=\"_blank\" rel=\"noreferrer noopener\">Clique aqui<\/a><\/strong>.<\/li>\n<\/ul>\n<h3 class=\"wp-block-heading\" id=\"h-bolsonaro-esta-inelegivel-ate-2030\">Bolsonaro est\u00e1 ineleg\u00edvel at\u00e9 2030.<\/h3>\n<p>Ele foi condenado duas vezes pelo Tribunal Superior Eleitoral (TSE).<\/p>\n<p>A primeira, em junho, por uso indevido dos meios de comunica\u00e7\u00e3o durante reuni\u00e3o com embaixadores estrangeiros no Pal\u00e1cio da Alvorada em 2022 na qual ele atacou as urnas eletr\u00f4nicas.<\/p>\n<p>A segunda condena\u00e7\u00e3o ocorreu em outubro, devido a abuso de poder pol\u00edtico e econ\u00f4mico nas comemora\u00e7\u00f5es do bicenten\u00e1rio da Independ\u00eancia.<\/p>\n<p>*<em>Com informa\u00e7\u00f5es do Estad\u00e3o Conte\u00fado<\/em>.<\/p>\n<\/div>\n<p><br \/>\n<br \/><a href=\"https:\/\/www.seudinheiro.com\/2024\/politica\/bolsonaro-lula-horrivel-pessimo-rsgp\/\">Source link <\/a><\/p>\n<!-- CONTENT END 1 -->\n","protected":false},"excerpt":{"rendered":"<p>Passa elei\u00e7\u00e3o, chega elei\u00e7\u00e3o e frequentemente ouvimos algu\u00e9m dizer que vai votar em fulano ou sicrano por ser o \u201cmenos pior\u201d. Agora o \u201cmenos pior\u201d&#8230;<\/p>\n","protected":false},"author":1,"featured_media":28207,"comment_status":"open","ping_status":"open","sticky":false,"template":"","format":"standard","meta":{"advanced_seo_description":"","jetpack_seo_html_title":"","jetpack_seo_noindex":false,"jetpack_seo_schema_type":"","_jetpack_newsletter_access":"","_jetpack_dont_email_post_to_subs":false,"_jetpack_newsletter_tier_id":0,"_jetpack_memberships_contains_paywalled_content":false,"_jetpack_feature_clip_id":0,"_jetpack_memberships_contains_paid_content":false,"footnotes":"","jetpack_publicize_message":"","jetpack_publicize_feature_enabled":true,"jetpack_social_post_already_shared":true,"jetpack_social_options":{"image_generator_settings":{"template":"highway","default_image_id":0,"font":"","enabled":false},"version":2},"jetpack_post_was_ever_published":false},"categories":[1235],"tags":[],"class_list":["post-28206","post","type-post","status-publish","format-standard","has-post-thumbnail","hentry","category-dinheiro-e-investimento-como-fazer-como-ganhar"],"jetpack_publicize_connections":[],"jetpack-related-posts":[{"id":11196,"url":"https:\/\/noticiasribeiraopreto.com.br\/index.php\/2023\/12\/05\/posse-de-milei-na-argentina-bolsonaro-e-seu-cla-confirmam-presenca-sera-que-lula-tambem-vai-estar-la\/","url_meta":{"origin":28206,"position":0},"title":"Posse de Milei na Argentina: Bolsonaro e seu cl\u00e3 confirmam presen\u00e7a \u2014 ser\u00e1 que Lula tamb\u00e9m vai estar l\u00e1?","author":"noticiasribeiraopreto.com.br","date":"5 de December de 2023","format":false,"excerpt":"Depois que Javier Milei venceu o segundo turno das elei\u00e7\u00f5es na Argentina, houve uma certeza: o ex-presidente Jair Bolsonaro (PL) estaria na posse do novo ocupante da Casa Rosada. O que ningu\u00e9m sabia ao certo era se o atual chefe do Planalto, Luiz In\u00e1cio Lula da Silva, iria \u00e0 cerim\u00f4nia.\u00a0\u00a0\u2026","rel":"","context":"In &quot;Dinheiro e Investimento&quot;","block_context":{"text":"Dinheiro e Investimento","link":"https:\/\/noticiasribeiraopreto.com.br\/index.php\/category\/dinheiro-e-investimento-como-fazer-como-ganhar\/"},"img":{"alt_text":"","src":"https:\/\/i0.wp.com\/noticiasribeiraopreto.com.br\/wp-content\/uploads\/2023\/12\/3-715x402.jpg?fit=715%2C402&ssl=1&resize=350%2C200","width":350,"height":200,"srcset":"https:\/\/i0.wp.com\/noticiasribeiraopreto.com.br\/wp-content\/uploads\/2023\/12\/3-715x402.jpg?fit=715%2C402&ssl=1&resize=350%2C200 1x, https:\/\/i0.wp.com\/noticiasribeiraopreto.com.br\/wp-content\/uploads\/2023\/12\/3-715x402.jpg?fit=715%2C402&ssl=1&resize=525%2C300 1.5x, https:\/\/i0.wp.com\/noticiasribeiraopreto.com.br\/wp-content\/uploads\/2023\/12\/3-715x402.jpg?fit=715%2C402&ssl=1&resize=700%2C400 2x"},"classes":[]},{"id":32005,"url":"https:\/\/noticiasribeiraopreto.com.br\/index.php\/2024\/01\/23\/esta-agradando-pesquisa-mostra-a-taxa-de-aprovacao-do-governo-lula-e-o-que-o-petista-precisa-fazer-para-uma-possivel-reeleicao\/","url_meta":{"origin":28206,"position":1},"title":"Est\u00e1 agradando? Pesquisa mostra a taxa de aprova\u00e7\u00e3o do governo Lula e o que o petista precisa fazer para uma poss\u00edvel reelei\u00e7\u00e3o","author":"noticiasribeiraopreto.com.br","date":"23 de January de 2024","format":false,"excerpt":"O governo Lula completou o primeiro ano da terceira gest\u00e3o do petista na virada do ano e uma pesquisa da Confedera\u00e7\u00e3o Nacional do Transporte (CNT) divulgada nesta ter\u00e7a-feira (23) mostrou que 42,7% dos entrevistados avaliam a atual administra\u00e7\u00e3o como \u00f3tima ou boa, enquanto 27,9% consideram ruim ou p\u00e9ssimo. De acordo\u2026","rel":"","context":"In &quot;Dinheiro e Investimento&quot;","block_context":{"text":"Dinheiro e Investimento","link":"https:\/\/noticiasribeiraopreto.com.br\/index.php\/category\/dinheiro-e-investimento-como-fazer-como-ganhar\/"},"img":{"alt_text":"","src":"https:\/\/i0.wp.com\/noticiasribeiraopreto.com.br\/wp-content\/uploads\/2024\/01\/image1-4-715x402.png?fit=715%2C402&ssl=1&resize=350%2C200","width":350,"height":200,"srcset":"https:\/\/i0.wp.com\/noticiasribeiraopreto.com.br\/wp-content\/uploads\/2024\/01\/image1-4-715x402.png?fit=715%2C402&ssl=1&resize=350%2C200 1x, https:\/\/i0.wp.com\/noticiasribeiraopreto.com.br\/wp-content\/uploads\/2024\/01\/image1-4-715x402.png?fit=715%2C402&ssl=1&resize=525%2C300 1.5x, https:\/\/i0.wp.com\/noticiasribeiraopreto.com.br\/wp-content\/uploads\/2024\/01\/image1-4-715x402.png?fit=715%2C402&ssl=1&resize=700%2C400 2x"},"classes":[]},{"id":39415,"url":"https:\/\/noticiasribeiraopreto.com.br\/index.php\/2024\/02\/26\/na-avenida-paulista-bolsonaro-parte-pra-cima-de-lula-e-faz-revelacao-bombastica-o-impeachment-ver-mais\/","url_meta":{"origin":28206,"position":2},"title":"Na Avenida Paulista, Bolsonaro PARTE PRA CIMA de Lula e faz REVELA\u00c7\u00c3O BOMB\u00c1STICA: &#8220;O impeachment&#8230;Ver mais","author":"noticiasribeiraopreto.com.br","date":"26 de February de 2024","format":false,"excerpt":"Um discurso impactante do ex-presidente da rep\u00fablica Jair Messias Bolsonaro (PL) foi o grande ponto de uma manifesta\u00e7\u00e3o de apoio na Avenida Paulista onde milhares de pessoas compareceram com camisas de cor verde e amarelo. O ex-presidente ao lado de sua esposa Michelle Bolsonaro comentou sobre os \u00faltimos acontecimentos envolvendo\u2026","rel":"","context":"In &quot;Variedades&quot;","block_context":{"text":"Variedades","link":"https:\/\/noticiasribeiraopreto.com.br\/index.php\/category\/variedades\/"},"img":{"alt_text":"","src":"https:\/\/i0.wp.com\/noticiasribeiraopreto.com.br\/wp-content\/uploads\/2024\/02\/Apresentacao-sem-titulo-9.png?fit=960%2C540&ssl=1&resize=350%2C200","width":350,"height":200,"srcset":"https:\/\/i0.wp.com\/noticiasribeiraopreto.com.br\/wp-content\/uploads\/2024\/02\/Apresentacao-sem-titulo-9.png?fit=960%2C540&ssl=1&resize=350%2C200 1x, https:\/\/i0.wp.com\/noticiasribeiraopreto.com.br\/wp-content\/uploads\/2024\/02\/Apresentacao-sem-titulo-9.png?fit=960%2C540&ssl=1&resize=525%2C300 1.5x, https:\/\/i0.wp.com\/noticiasribeiraopreto.com.br\/wp-content\/uploads\/2024\/02\/Apresentacao-sem-titulo-9.png?fit=960%2C540&ssl=1&resize=700%2C400 2x"},"classes":[]},{"id":87782,"url":"https:\/\/noticiasribeiraopreto.com.br\/index.php\/2026\/07\/09\/lula-e-flavio-bolsonaro-empatam-em-sp-para-presidente-mas-petista-tem-rejeicao-maior-aponta-datafolha\/","url_meta":{"origin":28206,"position":3},"title":"Lula e Fl\u00e1vio Bolsonaro empatam em SP para presidente, mas petista tem rejei\u00e7\u00e3o maior, aponta Datafolha","author":"noticiasribeiraopreto.com.br","date":"9 de July de 2026","format":false,"excerpt":"O presidente Lula (PT) e o senador Fl\u00e1vio Bolsonaro (PL-RJ) empatam nas inten\u00e7\u00f5es de voto em S\u00e3o Paulo para a disputa ao Pal\u00e1cio do Planalto no primeiro e no segundo turno, mas o petista tem rejei\u00e7\u00e3o maior entre o eleitorado paulista, segundo nova pesquisa Datafolha.Tanto Lula quanto o filho do\u2026","rel":"","context":"In &quot;Not\u00edcias de Ribeir\u00e3o Preto-SP e Regi\u00e3o&quot;","block_context":{"text":"Not\u00edcias de Ribeir\u00e3o Preto-SP e Regi\u00e3o","link":"https:\/\/noticiasribeiraopreto.com.br\/index.php\/category\/noticias-de-ribeirao-preto-sp-e-regiao-ismael-colosi\/"},"img":{"alt_text":"","src":"https:\/\/i0.wp.com\/noticiasribeiraopreto.com.br\/wp-content\/uploads\/2026\/07\/TH-PORTAL-IMAGEM-2.png?fit=1200%2C675&ssl=1&resize=350%2C200","width":350,"height":200,"srcset":"https:\/\/i0.wp.com\/noticiasribeiraopreto.com.br\/wp-content\/uploads\/2026\/07\/TH-PORTAL-IMAGEM-2.png?fit=1200%2C675&ssl=1&resize=350%2C200 1x, https:\/\/i0.wp.com\/noticiasribeiraopreto.com.br\/wp-content\/uploads\/2026\/07\/TH-PORTAL-IMAGEM-2.png?fit=1200%2C675&ssl=1&resize=525%2C300 1.5x, https:\/\/i0.wp.com\/noticiasribeiraopreto.com.br\/wp-content\/uploads\/2026\/07\/TH-PORTAL-IMAGEM-2.png?fit=1200%2C675&ssl=1&resize=700%2C400 2x, https:\/\/i0.wp.com\/noticiasribeiraopreto.com.br\/wp-content\/uploads\/2026\/07\/TH-PORTAL-IMAGEM-2.png?fit=1200%2C675&ssl=1&resize=1050%2C600 3x"},"classes":[]},{"id":36538,"url":"https:\/\/noticiasribeiraopreto.com.br\/index.php\/2024\/02\/10\/em-video-bolsonaro-orienta-ministros-a-questionar-urnas-e-judiciario\/","url_meta":{"origin":28206,"position":4},"title":"Em v\u00eddeo, Bolsonaro orienta ministros a questionar urnas e Judici\u00e1rio","author":"noticiasribeiraopreto.com.br","date":"10 de February de 2024","format":false,"excerpt":"O Supremo Tribunal Federal (STF) tornou p\u00fablico, nesta sexta-feira (9) um v\u00eddeo, de uma hora e trinta minutos de dura\u00e7\u00e3o, de uma reuni\u00e3o na qual o ex-presidente Jair Bolsonaro orienta sua equipe ministerial a disseminar informa\u00e7\u00f5es que coloquem em d\u00favida a seguran\u00e7a das urnas eletr\u00f4nicas e a credibilidade do Poder\u2026","rel":"","context":"In &quot;Not\u00edcias de Ribeir\u00e3o Preto-SP e Regi\u00e3o&quot;","block_context":{"text":"Not\u00edcias de Ribeir\u00e3o Preto-SP e Regi\u00e3o","link":"https:\/\/noticiasribeiraopreto.com.br\/index.php\/category\/noticias-de-ribeirao-preto-sp-e-regiao-ismael-colosi\/"},"img":{"alt_text":"","src":"https:\/\/i0.wp.com\/noticiasribeiraopreto.com.br\/wp-content\/uploads\/2024\/02\/0ccf9675-09e0-498b-9d16-b3cc5d70e7d7-scaled.jpg?fit=1000%2C598&ssl=1&resize=350%2C200","width":350,"height":200,"srcset":"https:\/\/i0.wp.com\/noticiasribeiraopreto.com.br\/wp-content\/uploads\/2024\/02\/0ccf9675-09e0-498b-9d16-b3cc5d70e7d7-scaled.jpg?fit=1000%2C598&ssl=1&resize=350%2C200 1x, https:\/\/i0.wp.com\/noticiasribeiraopreto.com.br\/wp-content\/uploads\/2024\/02\/0ccf9675-09e0-498b-9d16-b3cc5d70e7d7-scaled.jpg?fit=1000%2C598&ssl=1&resize=525%2C300 1.5x, https:\/\/i0.wp.com\/noticiasribeiraopreto.com.br\/wp-content\/uploads\/2024\/02\/0ccf9675-09e0-498b-9d16-b3cc5d70e7d7-scaled.jpg?fit=1000%2C598&ssl=1&resize=700%2C400 2x"},"classes":[]},{"id":88916,"url":"https:\/\/noticiasribeiraopreto.com.br\/index.php\/2026\/07\/27\/salles-diz-que-decisao-de-flavio-bolsonaro-para-presidencia-nao-foi-uma-boa-escolha\/","url_meta":{"origin":28206,"position":5},"title":"Salles diz que decis\u00e3o de Fl\u00e1vio Bolsonaro para Presid\u00eancia \u2018n\u00e3o foi uma boa escolha\u2019","author":"noticiasribeiraopreto.com.br","date":"27 de July de 2026","format":false,"excerpt":"O pr\u00e9-candidato ao Senado por S\u00e3o Paulo, Ricardo Salles (Novo), afirmou que a escolha de Fl\u00e1vio Bolsonaro (PL) como pr\u00e9-candidato da direita \u00e0 Presid\u00eancia da Rep\u00fablica em 2026 \u201cn\u00e3o foi uma boa escolha\u201d. Durante entrevista realizada em Ribeir\u00e3o Preto, Salles disse que considera Eduardo Bolsonaro (PL) mais preparado entre os\u2026","rel":"","context":"In &quot;Not\u00edcias de Ribeir\u00e3o Preto-SP e Regi\u00e3o&quot;","block_context":{"text":"Not\u00edcias de Ribeir\u00e3o Preto-SP e Regi\u00e3o","link":"https:\/\/noticiasribeiraopreto.com.br\/index.php\/category\/noticias-de-ribeirao-preto-sp-e-regiao-ismael-colosi\/"},"img":{"alt_text":"","src":"https:\/\/i0.wp.com\/noticiasribeiraopreto.com.br\/wp-content\/uploads\/2026\/07\/ricardo-salles-camara-dos-deputados.jpg?fit=1200%2C675&ssl=1&resize=350%2C200","width":350,"height":200,"srcset":"https:\/\/i0.wp.com\/noticiasribeiraopreto.com.br\/wp-content\/uploads\/2026\/07\/ricardo-salles-camara-dos-deputados.jpg?fit=1200%2C675&ssl=1&resize=350%2C200 1x, https:\/\/i0.wp.com\/noticiasribeiraopreto.com.br\/wp-content\/uploads\/2026\/07\/ricardo-salles-camara-dos-deputados.jpg?fit=1200%2C675&ssl=1&resize=525%2C300 1.5x, https:\/\/i0.wp.com\/noticiasribeiraopreto.com.br\/wp-content\/uploads\/2026\/07\/ricardo-salles-camara-dos-deputados.jpg?fit=1200%2C675&ssl=1&resize=700%2C400 2x, https:\/\/i0.wp.com\/noticiasribeiraopreto.com.br\/wp-content\/uploads\/2026\/07\/ricardo-salles-camara-dos-deputados.jpg?fit=1200%2C675&ssl=1&resize=1050%2C600 3x"},"classes":[]}],"jetpack_sharing_enabled":true,"jetpack_shortlink":"https:\/\/wp.me\/peQAOb-7kW","jetpack_featured_media_url":"https:\/\/i0.wp.com\/noticiasribeiraopreto.com.br\/wp-content\/uploads\/2024\/01\/Bolsonaro-como-Dracula-e-fantasma-com-estrela-do-PT-creditos-Shutterstock-Site-PT-montagem-Brenda-Silva-628x353.jpg?fit=628%2C353&ssl=1","_links":{"self":[{"href":"https:\/\/noticiasribeiraopreto.com.br\/index.php\/wp-json\/wp\/v2\/posts\/28206","targetHints":{"allow":["GET"]}}],"collection":[{"href":"https:\/\/noticiasribeiraopreto.com.br\/index.php\/wp-json\/wp\/v2\/posts"}],"about":[{"href":"https:\/\/noticiasribeiraopreto.com.br\/index.php\/wp-json\/wp\/v2\/types\/post"}],"author":[{"embeddable":true,"href":"https:\/\/noticiasribeiraopreto.com.br\/index.php\/wp-json\/wp\/v2\/users\/1"}],"replies":[{"embeddable":true,"href":"https:\/\/noticiasribeiraopreto.com.br\/index.php\/wp-json\/wp\/v2\/comments?post=28206"}],"version-history":[{"count":0,"href":"https:\/\/noticiasribeiraopreto.com.br\/index.php\/wp-json\/wp\/v2\/posts\/28206\/revisions"}],"wp:featuredmedia":[{"embeddable":true,"href":"https:\/\/noticiasribeiraopreto.com.br\/index.php\/wp-json\/wp\/v2\/media\/28207"}],"wp:attachment":[{"href":"https:\/\/noticiasribeiraopreto.com.br\/index.php\/wp-json\/wp\/v2\/media?parent=28206"}],"wp:term":[{"taxonomy":"category","embeddable":true,"href":"https:\/\/noticiasribeiraopreto.com.br\/index.php\/wp-json\/wp\/v2\/categories?post=28206"},{"taxonomy":"post_tag","embeddable":true,"href":"https:\/\/noticiasribeiraopreto.com.br\/index.php\/wp-json\/wp\/v2\/tags?post=28206"}],"curies":[{"name":"wp","href":"https:\/\/api.w.org\/{rel}","templated":true}]}}