{"id":28230,"date":"2024-01-15T10:42:32","date_gmt":"2024-01-15T13:42:32","guid":{"rendered":"https:\/\/noticiasribeiraopreto.com.br\/index.php\/2024\/01\/15\/rp-esta-com-57-vagas-de-emprego-abertas-nesta-segunda-15\/"},"modified":"2024-01-15T10:42:32","modified_gmt":"2024-01-15T13:42:32","slug":"rp-esta-com-57-vagas-de-emprego-abertas-nesta-segunda-15","status":"publish","type":"post","link":"https:\/\/noticiasribeiraopreto.com.br\/index.php\/2024\/01\/15\/rp-esta-com-57-vagas-de-emprego-abertas-nesta-segunda-15\/","title":{"rendered":"RP est\u00e1 com 57 vagas de emprego abertas nesta segunda, 15"},"content":{"rendered":"<div class='code-block code-block-1' style='margin: 8px 0 8px auto; text-align: right; display: block; clear: both;'>\n<p><a href=\"https:\/\/wa.link\/vpicfd\"><img data-recalc-dims=\"1\" class=\"wp-image-4922\" style=\"aspect-ratio: 2.0253164556962027; width: 561px; height: auto;\" src=\"https:\/\/i0.wp.com\/ismaelcolosi.com.br\/wp-content\/uploads\/2023\/11\/grupo-de-empregos-whatsapp-e-facebook-ismael-colosi-vagas.jpg?ssl=1\" alt=\"\" \/><\/a><\/p>\n<!-- \/wp:image -->\n<\/div>\n<p> <br \/>\n<\/p>\n<div id=\"post-370404\">\n<header class=\"entry-header penci-entry-header penci-title-center\">\n<div class=\"penci-entry-categories\"><span class=\"penci-cat-links\">Destaque Empregos e Est\u00e1gios<\/span><\/div>\n<p> <span class=\"entry-meta-item penci-posted-on\"><i class=\"fa fa-clock-o\"\/><time class=\"entry-date published updated\" datetime=\"2024-01-15T10:35:11-03:00\">15 de janeiro de 2024 | 10:35<\/time><\/span><\/p>\n<p> <span class=\"penci-social-buttons penci-social-share-footer\"><a href=\"#\" class=\"penci-post-like penci_post-meta_item  single-like-button penci-social-item like\" data-post_id=\"370404\" title=\"Like\" data-like=\"Like\" data-unlike=\"Unlike\"><i class=\"fa fa-thumbs-o-up\"\/><span class=\"penci-share-number\">0<\/span><\/a><i class=\"fa fa-facebook\"\/><a class=\"penci-social-item twitter\" target=\"_blank\" rel=\"noopener\" title=\"\" href=\"https:\/\/twitter.com\/intent\/tweet?text=RP%20est\u00e1%20com%2057%20vagas%20de%20emprego%20abertas%20nesta%20segunda,%2015%20-%20https:\/\/www.tribunaribeirao.com.br\/site\/rp-esta-com-57-vagas-de-emprego-abertas-nesta-segunda-15\/\"><i class=\"fa fa-twitter\"\/><\/a><i class=\"fa fa-whatsapp\"\/><\/span><\/header>\n<div class=\"penci-entry-content entry-content\">\n<p>O Centro de Apoio ao Trabalhador e Empreendedor de Ribeir\u00e3o Preto\u00a0est\u00e1 com 101 vagas de emprego nesta segunda-feira, 15 de janeiro. Entre as vagas dispon\u00edveis est\u00e3o: ajudante de obras, carpinteiro, motorista de caminh\u00e3o, recepcionista, entre outras.<\/p>\n<p>Os interessados devem comparecer ao Caterp, das 8h \u00e0s 11h30 e das 13h \u00e0s 16h, munidos da Carteira de Trabalho, RG, CPF, comprovante de endere\u00e7o e curr\u00edculo atualizado. O Caterp est\u00e1 localizado na avenida Francisco Junqueira, n\u00ba 2625, Jardim Macedo.<\/p>\n<p>\u00a0<\/p>\n<p>Vagas dispon\u00edveis em 15 de janeiro:<\/p>\n<p>\u00a0<\/p>\n<table class=\"Table\" border=\"1\" cellspacing=\"0\">\n<tbody>\n<tr>\n<td><strong>VAGA<\/strong><\/td>\n<td><strong>ESCOLARIDADE<\/strong><\/td>\n<td><strong>EXPERI\u00caNCIA EM CARTEIRA<\/strong><\/td>\n<\/tr>\n<tr>\n<td>AGENTE DE RECICLAGEM DE MATERIAIS<\/td>\n<td>FUNDAMENTAL INCOMPLETO<\/td>\n<td><strong>0<\/strong><\/td>\n<\/tr>\n<tr>\n<td>AJUDANTE DE CARGA E DESCARGA DE MERCADORIA<\/td>\n<td>\u00a0\u00a0\u00a0\u00a0 FUNDAMENTAL COMPLETO<\/td>\n<td>0<\/td>\n<\/tr>\n<tr>\n<td>AJUDANTE DE ELETRICISTA (DISPONIBILIDADE P\/ VIAGEM)<\/td>\n<td>\u00a0\u00a0\u00a0\u00a0 FUNDAMENTAL COMPLETO<\/td>\n<td>6 MESES<\/td>\n<\/tr>\n<tr>\n<td>AJUDANTE DE MOTORISTA<\/td>\n<td>\u00a0\u00a0\u00a0\u00a0 FUNDAMENTAL COMPLETO<\/td>\n<td>6 MESES<\/td>\n<\/tr>\n<tr>\n<td>AJUDANTE DE OBRAS<\/td>\n<td>FUNDAMENTAL INCOMPLETO<\/td>\n<td>6 MESES<\/td>\n<\/tr>\n<tr>\n<td>ALINHADOR DE DIRE\u00c7\u00c3O<\/td>\n<td>\u00a0\u00a0\u00a0\u00a0 FUNDAMENTAL COMPLETO<\/td>\n<td>6 MESES<\/td>\n<\/tr>\n<tr>\n<td>ARMADOR DE ESTRUTURA DE CONCRETO (DISPONIBILIDADE P\/ VIAGEM)<\/td>\n<td>FUNDAMENTAL INCOMPLETO<\/td>\n<td>6 MESES<\/td>\n<\/tr>\n<tr>\n<td>ATENDENTE BALCONISTA (DISPONIBILIDAADE DE HOR\u00c1RIO)<\/td>\n<td>M\u00c9DIO COMPLETO<\/td>\n<td>6 MESES<\/td>\n<\/tr>\n<tr>\n<td>ATENDENTE DE BALC\u00c3O (MASCULINO)<\/td>\n<td>\u00a0\u00a0\u00a0\u00a0 FUNDAMENTAL COMPLETO<\/td>\n<td>0<\/td>\n<\/tr>\n<tr>\n<td>AUXILIAR ADMINISTRATIVO (FEMININO\/ TER VE\u00cdCULO \/ CNH A OU B\/DAS 13:00 \u00c0S 21:00 HRS)<\/td>\n<td>M\u00c9DIO COMPLETO<\/td>\n<td>6 MESES<\/td>\n<\/tr>\n<tr>\n<td>AUXILIAR CONT\u00c1BIL<\/td>\n<td>M\u00c9DIO COMPLETO<\/td>\n<td>6 MESES<\/td>\n<\/tr>\n<tr>\n<td>AUXILIAR DE COZINHA<\/td>\n<td>\u00a0\u00a0\u00a0\u00a0 FUNDAMENTAL COMPLETO<\/td>\n<td>6 MESES<\/td>\n<\/tr>\n<tr>\n<td>AUXILIAR DE ESCRIT\u00d3RIO (MASCULINO)<\/td>\n<td>M\u00c9DIO COMPLETO<\/td>\n<td>6 MESES<\/td>\n<\/tr>\n<tr>\n<td>AUXILIAR DE ESCRITURA\u00c7\u00c3O FISCAL<\/td>\n<td>M\u00c9DIO COMPLETO<\/td>\n<td>6 MESES<\/td>\n<\/tr>\n<tr>\n<td>AUXILIAR DE EXPEDI\u00c7\u00c3O (CONHECIMENTO EM MARCAS E MODELOS DE CARROS E MOTOS)<\/td>\n<td>M\u00c9DIO COMPLETO<\/td>\n<td>6 MESES<\/td>\n<\/tr>\n<tr>\n<td>AUXILIAR DE EXPEDI\u00c7\u00c3O (MASCULINO \u2013 CNH A OU B \u2013 VE\u00cdCULO PR\u00d3RPIO)<\/td>\n<td>M\u00c9DIO COMPLETO<\/td>\n<td>6 MESES<\/td>\n<\/tr>\n<tr>\n<td>AUXILIAR DE LIMPEZA<\/td>\n<td>FUNDAMENTAL INCOMPLETO<\/td>\n<td>6 MESES<\/td>\n<\/tr>\n<tr>\n<td>AUXILIAR DE LINHA DE PRODU\u00c7\u00c3O (MASCULINO)<\/td>\n<td>\u00a0\u00a0\u00a0\u00a0 FUNDAMENTAL COMPLETO<\/td>\n<td>6 MESES<\/td>\n<\/tr>\n<tr>\n<td>AUXILIAR DE LINHA DE PRODU\u00c7\u00c3O<\/td>\n<td>M\u00c9DIO COMPLETO<\/td>\n<td>6 MESES<\/td>\n<\/tr>\n<tr>\n<td>AUXILIAR DE MANUTEN\u00c7\u00c3O PREDIAL (EL\u00c9TRICA, HIDR\u00c1ULICA E PINTURA)<\/td>\n<td>\u00a0\u00a0\u00a0\u00a0 FUNDAMENTAL COMPLETO<\/td>\n<td>6 MESES<\/td>\n<\/tr>\n<tr>\n<td>AUXILIAR DE MARCENEIRO<\/td>\n<td>\u00a0\u00a0\u00a0\u00a0 FUNDAMENTAL COMPLETO<\/td>\n<td>0<\/td>\n<\/tr>\n<tr>\n<td>AUXILIAR DE MEC\u00c2NICO DE AUTOS (CNH B)<\/td>\n<td>\u00a0\u00a0\u00a0\u00a0 FUNDAMENTAL COMPLETO<\/td>\n<td>6 MESES<\/td>\n<\/tr>\n<tr>\n<td>BALANCEADOR<\/td>\n<td>\u00a0\u00a0\u00a0\u00a0 FUNDAMENTAL COMPLETO<\/td>\n<td>6 MESES<\/td>\n<\/tr>\n<tr>\n<td>BALCONISTA (EXPERI\u00caNCIA NO RAMO AUTOMOTIVO)<\/td>\n<td>M\u00c9DIO COMPLETO<\/td>\n<td>6 MESES<\/td>\n<\/tr>\n<tr>\n<td>BORRACHEIRO<\/td>\n<td>\u00a0\u00a0\u00a0\u00a0 FUNDAMENTAL COMPLETO<\/td>\n<td>6 MESES<\/td>\n<\/tr>\n<tr>\n<td>CARPINTEIRO (DISPONIBILIDADE P\/ VIAGEM)<\/td>\n<td>FUNDAMENTAL INCOMPLETO<\/td>\n<td>6 MESES<\/td>\n<\/tr>\n<tr>\n<td>CONFERENTE DE CARGA E DESCARGA (MASCULINO)<\/td>\n<td>\u00a0\u00a0\u00a0\u00a0 FUNDAMENTAL COMPLETO<\/td>\n<td>6 MESES<\/td>\n<\/tr>\n<tr>\n<td>COORDENADOR AUXILIAR DE CURSO<\/td>\n<td>M\u00c9DIO COMPLETO<\/td>\n<td>6 MESES<\/td>\n<\/tr>\n<tr>\n<td>COZINHEIRO DE RESTAURANTE<\/td>\n<td>\u00a0\u00a0\u00a0\u00a0 FUNDAMENTAL COMPLETO<\/td>\n<td>6 MESES<\/td>\n<\/tr>\n<tr>\n<td>COZINHEIRO GERAL<\/td>\n<td>\u00a0\u00a0\u00a0\u00a0 FUNDAMENTAL COMPLETO<\/td>\n<td>6 MESES<\/td>\n<\/tr>\n<tr>\n<td>INSTALADOR DE SISTEMAS ELETROELETR\u00d4NICOS DE SEGURAN\u00c7A<\/td>\n<td>\u00a0\u00a0\u00a0\u00a0 FUNDAMENTAL COMPLETO<\/td>\n<td>0<\/td>\n<\/tr>\n<tr>\n<td>INSTALADOR\/ REPARADOR DE LINHAS TELEF\u00d4NICAS A\u00c9REAS E SUBTERR\u00c2NEAS<\/td>\n<td>\u00a0\u00a0\u00a0\u00a0\u00a0\u00a0\u00a0\u00a0\u00a0\u00a0\u00a0 M\u00c9DIO COMPLETO<\/td>\n<td>0<\/td>\n<\/tr>\n<tr>\n<td>INSTRUTOR NO ENSINO PROFISSIONALIZANTE (MANUTEN\u00c7\u00c3O DE COMPUTADOR)<\/td>\n<td>M\u00c9DIO COMPLETO<\/td>\n<td>6 MESES<\/td>\n<\/tr>\n<tr>\n<td>LAVADOR DE AUTOM\u00d3VEIS<\/td>\n<td>FUNDAMENTAL INCOMPLETO<\/td>\n<td>0<\/td>\n<\/tr>\n<tr>\n<td>MEC\u00c2NICO DE SUSPENS\u00c3O<\/td>\n<td>FUNDAMENTAL COMPLETO<\/td>\n<td>6 MESES<\/td>\n<\/tr>\n<tr>\n<td>MESTRE DE OBRAS (CNH B)<\/td>\n<td>FUNDAMENTAL COMPLETO<\/td>\n<td>6 MESES<\/td>\n<\/tr>\n<tr>\n<td>MOTORISTA CARRETEIRO (CNH E)<\/td>\n<td>FUNDAMENTAL COMPLETO<\/td>\n<td>6 MESES<\/td>\n<\/tr>\n<tr>\n<td>MOTORISTA DE CAMINH\u00c3O (CNH D)<\/td>\n<td>M\u00c9DIO COMPLETO<\/td>\n<td>6 MESES<\/td>\n<\/tr>\n<tr>\n<td>MOTORISTA DE CAMINH\u00c3O-GUINCHO M\u00c9DIO (CNH C OU D)<\/td>\n<td>FUNDAMENTAL COMPLETO<\/td>\n<td>6 MESES<\/td>\n<\/tr>\n<tr>\n<td>OPERADOR DE EMPILHADEIRA<\/td>\n<td>M\u00c9DIO COMPLETO<\/td>\n<td>6 MESES<\/td>\n<\/tr>\n<tr>\n<td>OPERADOR DE M\u00c1QUINAS FIXAS, EM GERAL<\/td>\n<td>FUNDAMENTAL INCOMPLETO<\/td>\n<td>6 MESES<\/td>\n<\/tr>\n<tr>\n<td>PEDREIRO (DISPONIBILIDADE P\/ VIAGEM)<\/td>\n<td>FUNDAMENTAL INCOMPLETO<\/td>\n<td>6 MESES<\/td>\n<\/tr>\n<tr>\n<td>PINTOR DE OBRAS<\/td>\n<td>FUNDAMENTAL INCOMPLETO<\/td>\n<td>6 MESES<\/td>\n<\/tr>\n<tr>\n<td>PORTEIRO (MASCULINO)<\/td>\n<td>M\u00c9DIO INCOMPLETO<\/td>\n<td>6 MESES<\/td>\n<\/tr>\n<tr>\n<td>RECEPCIONISTA ATENDENTE (ESTAGI\u00c1RIO ENSINO M\u00c9DIO OU SUPERIOR EM ADM \/ ECONOMIA)<\/td>\n<td>M\u00c9DIO INCOMPLETO<\/td>\n<td>0<\/td>\n<\/tr>\n<tr>\n<td>REPARADOR DE APARELHOS ELETRODOM\u00c9STICOS<\/td>\n<td>FUNDAMENTAL COMPLETO<\/td>\n<td>0<\/td>\n<\/tr>\n<tr>\n<td>SEPARADOR DE MATERIAL RECICL\u00c1VEL(MASCULINO)<\/td>\n<td>FUNDAMENTAL COMPLETO<\/td>\n<td>0<\/td>\n<\/tr>\n<tr>\n<td>SERVENTE DE OBRAS (DISPONIBILIDADE P\/ VIAGEM)<\/td>\n<td>FUNDAMENTAL INCOMPLETO<\/td>\n<td>6 MESES<\/td>\n<\/tr>\n<tr>\n<td>SOLDADOR<\/td>\n<td>FUNDAMENTAL COMPLETO<\/td>\n<td>6 MESES<\/td>\n<\/tr>\n<tr>\n<td>TAPECEIRO DE M\u00d3VEIS (MASCULINO)<\/td>\n<td>FUNDAMENTAL COMPLETO<\/td>\n<td>6 MESES<\/td>\n<\/tr>\n<tr>\n<td>TRATORISTA OPERADOR DE RO\u00c7ADEIRA (CNH B \/ DISPONIBILIDADE P\/ VIAGEM)<\/td>\n<td>FUNDAMENTAL INCOMPLETO<\/td>\n<td>6 MESES<\/td>\n<\/tr>\n<tr>\n<td>VENDEDOR DE COM\u00c9CIO VAREJISTA (CNH A OU B \/ VE\u00cdCULO PR\u00d3PRIO)<\/td>\n<td>FUNDAMENTAL COMPLETO<\/td>\n<td>6 MESES<\/td>\n<\/tr>\n<tr>\n<td>VENDEDOR INTERNO (FEMININO)<\/td>\n<td>M\u00c9DIO COMPLETO<\/td>\n<td>6 MESES<\/td>\n<\/tr>\n<tr>\n<td>VENDEDOR PORTA A PORTA (PRODUTOS DE TELEFONIA)<\/td>\n<td>M\u00c9DIO COMPLETO<\/td>\n<td>6 MESES<\/td>\n<\/tr>\n<tr>\n<td>ZELADOR<\/td>\n<td>FUNDAMENTAL COMPLETO<\/td>\n<td>6 MESES<\/td>\n<\/tr>\n<\/tbody>\n<\/table>\n<p>\u00a0<\/p>\n<\/div>\n<footer class=\"penci-entry-footer\"\/><\/div>\n<p><script async src=\"\/\/platform.twitter.com\/widgets.js\" charset=\"utf-8\"><\/script><br \/>\n<br \/><br \/>\n<br \/><a href=\"https:\/\/www.tribunaribeirao.com.br\/site\/rp-esta-com-57-vagas-de-emprego-abertas-nesta-segunda-15\/\">Source link <\/a><\/p>\n<!-- CONTENT END 1 -->\n","protected":false},"excerpt":{"rendered":"<p>Destaque Empregos e Est\u00e1gios 15 de janeiro de 2024 | 10:35 0 O Centro de Apoio ao Trabalhador e Empreendedor de Ribeir\u00e3o Preto\u00a0est\u00e1 com 101&#8230;<\/p>\n","protected":false},"author":1,"featured_media":28231,"comment_status":"open","ping_status":"open","sticky":false,"template":"","format":"standard","meta":{"advanced_seo_description":"","jetpack_seo_html_title":"","jetpack_seo_noindex":false,"jetpack_post_was_ever_published":false,"_jetpack_newsletter_access":"","_jetpack_dont_email_post_to_subs":false,"_jetpack_newsletter_tier_id":0,"_jetpack_memberships_contains_paywalled_content":false,"_jetpack_memberships_contains_paid_content":false,"footnotes":"","jetpack_publicize_message":"","jetpack_publicize_feature_enabled":true,"jetpack_social_post_already_shared":true,"jetpack_social_options":{"image_generator_settings":{"template":"highway","default_image_id":0,"font":"","enabled":false},"version":2}},"categories":[11],"tags":[145,144,656,207,839,143],"class_list":["post-28230","post","type-post","status-publish","format-standard","has-post-thumbnail","hentry","category-noticias-de-ribeirao-preto-sp-e-regiao-ismael-colosi","tag-abertas","tag-emprego","tag-esta","tag-nesta","tag-segunda","tag-vagas"],"jetpack_publicize_connections":[],"jetpack_featured_media_url":"https:\/\/i0.wp.com\/noticiasribeiraopreto.com.br\/wp-content\/uploads\/2024\/01\/1trabalho_carteira_digital_-_foto_guilherme_sircili_1-scaled.jpg?fit=970%2C645&ssl=1","jetpack-related-posts":[{"id":82875,"url":"https:\/\/noticiasribeiraopreto.com.br\/index.php\/2026\/03\/02\/pat-de-ribeirao-preto-tem-44-vagas-de-emprego-abertas-nesta-segunda\/","url_meta":{"origin":28230,"position":0},"title":"PAT de Ribeir\u00e3o Preto tem 44 vagas de emprego abertas nesta segunda","author":"noticiasribeiraopreto.com.br","date":"2 de March de 2026","format":false,"excerpt":"O PAT (Posto de Atendimento ao Trabalhador) de Ribeir\u00e3o Preto conta com 44 vagas de emprego abertas nesta segunda-feira (2). Entre as oportunidades, est\u00e3o vagas para a\u00e7ougueiro, encanador, faxineiro, atendente, entre outras \u2013 veja a lista completa abaixo. Para se candidatar \u00e9 necess\u00e1rio que os interessados compare\u00e7am ao PAT de\u2026","rel":"","context":"In &quot;Not\u00edcias de Ribeir\u00e3o Preto-SP e Regi\u00e3o&quot;","block_context":{"text":"Not\u00edcias de Ribeir\u00e3o Preto-SP e Regi\u00e3o","link":"https:\/\/noticiasribeiraopreto.com.br\/index.php\/category\/noticias-de-ribeirao-preto-sp-e-regiao-ismael-colosi\/"},"img":{"alt_text":"","src":"https:\/\/i0.wp.com\/noticiasribeiraopreto.com.br\/wp-content\/uploads\/2026\/02\/trabalho_mutirao_do_emprego_caterp_pat_pei_-_foto_guilherme_sircili_4-1068x711-1_2026-02-09_18-52-13.webp.webp?fit=1068%2C711&ssl=1&resize=350%2C200","width":350,"height":200,"srcset":"https:\/\/i0.wp.com\/noticiasribeiraopreto.com.br\/wp-content\/uploads\/2026\/02\/trabalho_mutirao_do_emprego_caterp_pat_pei_-_foto_guilherme_sircili_4-1068x711-1_2026-02-09_18-52-13.webp.webp?fit=1068%2C711&ssl=1&resize=350%2C200 1x, https:\/\/i0.wp.com\/noticiasribeiraopreto.com.br\/wp-content\/uploads\/2026\/02\/trabalho_mutirao_do_emprego_caterp_pat_pei_-_foto_guilherme_sircili_4-1068x711-1_2026-02-09_18-52-13.webp.webp?fit=1068%2C711&ssl=1&resize=525%2C300 1.5x, https:\/\/i0.wp.com\/noticiasribeiraopreto.com.br\/wp-content\/uploads\/2026\/02\/trabalho_mutirao_do_emprego_caterp_pat_pei_-_foto_guilherme_sircili_4-1068x711-1_2026-02-09_18-52-13.webp.webp?fit=1068%2C711&ssl=1&resize=700%2C400 2x, https:\/\/i0.wp.com\/noticiasribeiraopreto.com.br\/wp-content\/uploads\/2026\/02\/trabalho_mutirao_do_emprego_caterp_pat_pei_-_foto_guilherme_sircili_4-1068x711-1_2026-02-09_18-52-13.webp.webp?fit=1068%2C711&ssl=1&resize=1050%2C600 3x"},"classes":[]},{"id":16412,"url":"https:\/\/noticiasribeiraopreto.com.br\/index.php\/2023\/12\/15\/empresas-de-tecnologia-abrem-vagas-de-emprego-em-diversas-areas-2\/","url_meta":{"origin":28230,"position":1},"title":"Empresas de tecnologia abrem vagas de emprego em diversas \u00e1reas","author":"noticiasribeiraopreto.com.br","date":"15 de December de 2023","format":false,"excerpt":"O setor de tecnologia continua a ser um dos mais din\u00e2micos e inovadores, oferecendo uma variedade de oportunidades para profissionais em diferentes \u00e1reas. De desenvolvedores a analistas, as empresas est\u00e3o em busca de talentos para impulsionar o crescimento e a inova\u00e7\u00e3o. Diversas empresas, incluindo o Grupo Verante, ZOOM Tech Business\u2026","rel":"","context":"In &quot;Vagas de Emprego em Ribeir\u00e3o Preto-SP&quot;","block_context":{"text":"Vagas de Emprego em Ribeir\u00e3o Preto-SP","link":"https:\/\/noticiasribeiraopreto.com.br\/index.php\/category\/empregos-classificados-vagas-trabalho\/vagas-de-empregos-em-ribeirao-preto-regiao-brasil\/"},"img":{"alt_text":"","src":"https:\/\/i0.wp.com\/noticiasribeiraopreto.com.br\/wp-content\/uploads\/2023\/12\/1702662497_cientista-tecnologia-da-informacao-freepik.jpg?fit=1200%2C675&ssl=1&resize=350%2C200","width":350,"height":200,"srcset":"https:\/\/i0.wp.com\/noticiasribeiraopreto.com.br\/wp-content\/uploads\/2023\/12\/1702662497_cientista-tecnologia-da-informacao-freepik.jpg?fit=1200%2C675&ssl=1&resize=350%2C200 1x, https:\/\/i0.wp.com\/noticiasribeiraopreto.com.br\/wp-content\/uploads\/2023\/12\/1702662497_cientista-tecnologia-da-informacao-freepik.jpg?fit=1200%2C675&ssl=1&resize=525%2C300 1.5x, https:\/\/i0.wp.com\/noticiasribeiraopreto.com.br\/wp-content\/uploads\/2023\/12\/1702662497_cientista-tecnologia-da-informacao-freepik.jpg?fit=1200%2C675&ssl=1&resize=700%2C400 2x, https:\/\/i0.wp.com\/noticiasribeiraopreto.com.br\/wp-content\/uploads\/2023\/12\/1702662497_cientista-tecnologia-da-informacao-freepik.jpg?fit=1200%2C675&ssl=1&resize=1050%2C600 3x"},"classes":[]},{"id":65253,"url":"https:\/\/noticiasribeiraopreto.com.br\/index.php\/2025\/03\/18\/jornal-da-franca-oportunidade-de-emprego-em-franca-confira-as-vagas-disponiveis-esta-semana\/","url_meta":{"origin":28230,"position":2},"title":"Jornal da Franca &#8211; Oportunidade de emprego em Franca: confira as vagas dispon\u00edveis esta semana!","author":"noticiasribeiraopreto.com.br","date":"18 de March de 2025","format":false,"excerpt":"compartilhar no whatsapp compartilhar no telegram compartilhar no facebook compartilhar no linkedin O programa Emprega Franca est\u00e1 com 160 vagas abertas nesta semana, contemplando diferentes setores e com op\u00e7\u00f5es que n\u00e3o exigem experi\u00eancia pr\u00e9via Emprega Franca come\u00e7ou a semana com 160 vagas de trabalho dispon\u00edveis \u00a0 Se voc\u00ea est\u00e1 em\u2026","rel":"","context":"In &quot;Not\u00edcias de Franca-SP&quot;","block_context":{"text":"Not\u00edcias de Franca-SP","link":"https:\/\/noticiasribeiraopreto.com.br\/index.php\/category\/noticias-de-ribeirao-preto-sp-e-regiao-ismael-colosi\/noticias-franca-sp\/"},"img":{"alt_text":"","src":"https:\/\/i0.wp.com\/noticiasribeiraopreto.com.br\/wp-content\/uploads\/2025\/03\/Emprega-Franca.jpeg?fit=1200%2C794&ssl=1&resize=350%2C200","width":350,"height":200,"srcset":"https:\/\/i0.wp.com\/noticiasribeiraopreto.com.br\/wp-content\/uploads\/2025\/03\/Emprega-Franca.jpeg?fit=1200%2C794&ssl=1&resize=350%2C200 1x, https:\/\/i0.wp.com\/noticiasribeiraopreto.com.br\/wp-content\/uploads\/2025\/03\/Emprega-Franca.jpeg?fit=1200%2C794&ssl=1&resize=525%2C300 1.5x, https:\/\/i0.wp.com\/noticiasribeiraopreto.com.br\/wp-content\/uploads\/2025\/03\/Emprega-Franca.jpeg?fit=1200%2C794&ssl=1&resize=700%2C400 2x, https:\/\/i0.wp.com\/noticiasribeiraopreto.com.br\/wp-content\/uploads\/2025\/03\/Emprega-Franca.jpeg?fit=1200%2C794&ssl=1&resize=1050%2C600 3x"},"classes":[]},{"id":82316,"url":"https:\/\/noticiasribeiraopreto.com.br\/index.php\/2026\/02\/10\/esta-procurando-emprego-em-ribeirao-preto-veja-as-vagas-abertas\/","url_meta":{"origin":28230,"position":3},"title":"Est\u00e1 procurando emprego em Ribeir\u00e3o Preto? Veja as vagas abertas","author":"noticiasribeiraopreto.com.br","date":"10 de February de 2026","format":false,"excerpt":"Quem est\u00e1 procurando trabalho em Ribeir\u00e3o Preto j\u00e1 pode conferir as novas oportunidades de emprego divulgadas pelo PAT\/Sine do munic\u00edpio. A lista atualizada re\u00fane vagas em diferentes setores da economia, contemplando desde fun\u00e7\u00f5es operacionais at\u00e9 cargos t\u00e9cnicos e de atendimento. Confira as vagas de emprego De acordo com o levantamento\u2026","rel":"","context":"In &quot;Not\u00edcias de Ribeir\u00e3o Preto-SP e Regi\u00e3o&quot;","block_context":{"text":"Not\u00edcias de Ribeir\u00e3o Preto-SP e Regi\u00e3o","link":"https:\/\/noticiasribeiraopreto.com.br\/index.php\/category\/noticias-de-ribeirao-preto-sp-e-regiao-ismael-colosi\/"},"img":{"alt_text":"","src":"https:\/\/i0.wp.com\/noticiasribeiraopreto.com.br\/wp-content\/uploads\/2026\/02\/trabalho_mutirao_do_emprego_caterp_pat_pei_-_foto_guilherme_sircili_4-1068x711-1_2026-02-09_18-52-13.webp.webp?fit=1068%2C711&ssl=1&resize=350%2C200","width":350,"height":200,"srcset":"https:\/\/i0.wp.com\/noticiasribeiraopreto.com.br\/wp-content\/uploads\/2026\/02\/trabalho_mutirao_do_emprego_caterp_pat_pei_-_foto_guilherme_sircili_4-1068x711-1_2026-02-09_18-52-13.webp.webp?fit=1068%2C711&ssl=1&resize=350%2C200 1x, https:\/\/i0.wp.com\/noticiasribeiraopreto.com.br\/wp-content\/uploads\/2026\/02\/trabalho_mutirao_do_emprego_caterp_pat_pei_-_foto_guilherme_sircili_4-1068x711-1_2026-02-09_18-52-13.webp.webp?fit=1068%2C711&ssl=1&resize=525%2C300 1.5x, https:\/\/i0.wp.com\/noticiasribeiraopreto.com.br\/wp-content\/uploads\/2026\/02\/trabalho_mutirao_do_emprego_caterp_pat_pei_-_foto_guilherme_sircili_4-1068x711-1_2026-02-09_18-52-13.webp.webp?fit=1068%2C711&ssl=1&resize=700%2C400 2x, https:\/\/i0.wp.com\/noticiasribeiraopreto.com.br\/wp-content\/uploads\/2026\/02\/trabalho_mutirao_do_emprego_caterp_pat_pei_-_foto_guilherme_sircili_4-1068x711-1_2026-02-09_18-52-13.webp.webp?fit=1068%2C711&ssl=1&resize=1050%2C600 3x"},"classes":[]},{"id":41811,"url":"https:\/\/noticiasribeiraopreto.com.br\/index.php\/2024\/03\/11\/ribeirao-preto-conta-com-40-vagas-de-emprego-abertas-confira-as-oportunidades\/","url_meta":{"origin":28230,"position":4},"title":"Ribeir\u00e3o Preto conta com 40 vagas de emprego abertas; Confira as oportunidades","author":"noticiasribeiraopreto.com.br","date":"11 de March de 2024","format":false,"excerpt":"O Caterp (Centro de Apoio ao Trabalhador e Empreendedor de Ribeir\u00e3o Preto) est\u00e1 com 40 vagas de emprego nesta segunda-feira (11). Entre as vagas dispon\u00edveis est\u00e3o para carpinteiro, estoquista, jardineiro, motorista e vendedor. Os interessados devem comparecer ao Caterp, que fica na avenida Francisco Junqueira, 2.625, Jardim Macedo. O Centro\u2026","rel":"","context":"In &quot;Not\u00edcias de Ribeir\u00e3o Preto-SP e Regi\u00e3o&quot;","block_context":{"text":"Not\u00edcias de Ribeir\u00e3o Preto-SP e Regi\u00e3o","link":"https:\/\/noticiasribeiraopreto.com.br\/index.php\/category\/noticias-de-ribeirao-preto-sp-e-regiao-ismael-colosi\/"},"img":{"alt_text":"","src":"https:\/\/i0.wp.com\/noticiasribeiraopreto.com.br\/wp-content\/uploads\/2024\/03\/AnyConv.com__emprego-ribeirao-preto.webp.webp?fit=1200%2C799&ssl=1&resize=350%2C200","width":350,"height":200,"srcset":"https:\/\/i0.wp.com\/noticiasribeiraopreto.com.br\/wp-content\/uploads\/2024\/03\/AnyConv.com__emprego-ribeirao-preto.webp.webp?fit=1200%2C799&ssl=1&resize=350%2C200 1x, https:\/\/i0.wp.com\/noticiasribeiraopreto.com.br\/wp-content\/uploads\/2024\/03\/AnyConv.com__emprego-ribeirao-preto.webp.webp?fit=1200%2C799&ssl=1&resize=525%2C300 1.5x, https:\/\/i0.wp.com\/noticiasribeiraopreto.com.br\/wp-content\/uploads\/2024\/03\/AnyConv.com__emprego-ribeirao-preto.webp.webp?fit=1200%2C799&ssl=1&resize=700%2C400 2x, https:\/\/i0.wp.com\/noticiasribeiraopreto.com.br\/wp-content\/uploads\/2024\/03\/AnyConv.com__emprego-ribeirao-preto.webp.webp?fit=1200%2C799&ssl=1&resize=1050%2C600 3x"},"classes":[]},{"id":16202,"url":"https:\/\/noticiasribeiraopreto.com.br\/index.php\/2023\/12\/15\/processos-seletivos-no-magalu-cyrela-e-mais-empresas-somam-4-mil-vagas-abertas-2\/","url_meta":{"origin":28230,"position":5},"title":"Processos seletivos no Magalu, Cyrela e mais empresas somam 4 mil vagas abertas","author":"noticiasribeiraopreto.com.br","date":"15 de December de 2023","format":false,"excerpt":"Aproximadamente 4.000 vagas est\u00e3o abertas para profissionais e estudantes de v\u00e1rias \u00e1reas. \u00c9 grande o n\u00famero de empresas que precisam contratar ou recolocar funcion\u00e1rios e\/ou estagi\u00e1rios em todas as regi\u00f5es do Brasil. Com intuito de auxiliar sua busca por uma oportunidade no mercado de trabalho, o JC Concursos preparou uma\u2026","rel":"","context":"In &quot;Vagas de Emprego em Ribeir\u00e3o Preto-SP&quot;","block_context":{"text":"Vagas de Emprego em Ribeir\u00e3o Preto-SP","link":"https:\/\/noticiasribeiraopreto.com.br\/index.php\/category\/empregos-classificados-vagas-trabalho\/vagas-de-empregos-em-ribeirao-preto-regiao-brasil\/"},"img":{"alt_text":"","src":"https:\/\/i0.wp.com\/noticiasribeiraopreto.com.br\/wp-content\/uploads\/2023\/12\/1702633309_mercado-trabalho-carteira-freepik.jpg?fit=1200%2C675&ssl=1&resize=350%2C200","width":350,"height":200,"srcset":"https:\/\/i0.wp.com\/noticiasribeiraopreto.com.br\/wp-content\/uploads\/2023\/12\/1702633309_mercado-trabalho-carteira-freepik.jpg?fit=1200%2C675&ssl=1&resize=350%2C200 1x, https:\/\/i0.wp.com\/noticiasribeiraopreto.com.br\/wp-content\/uploads\/2023\/12\/1702633309_mercado-trabalho-carteira-freepik.jpg?fit=1200%2C675&ssl=1&resize=525%2C300 1.5x, https:\/\/i0.wp.com\/noticiasribeiraopreto.com.br\/wp-content\/uploads\/2023\/12\/1702633309_mercado-trabalho-carteira-freepik.jpg?fit=1200%2C675&ssl=1&resize=700%2C400 2x, https:\/\/i0.wp.com\/noticiasribeiraopreto.com.br\/wp-content\/uploads\/2023\/12\/1702633309_mercado-trabalho-carteira-freepik.jpg?fit=1200%2C675&ssl=1&resize=1050%2C600 3x"},"classes":[]}],"jetpack_sharing_enabled":true,"jetpack_shortlink":"https:\/\/wp.me\/peQAOb-7lk","_links":{"self":[{"href":"https:\/\/noticiasribeiraopreto.com.br\/index.php\/wp-json\/wp\/v2\/posts\/28230","targetHints":{"allow":["GET"]}}],"collection":[{"href":"https:\/\/noticiasribeiraopreto.com.br\/index.php\/wp-json\/wp\/v2\/posts"}],"about":[{"href":"https:\/\/noticiasribeiraopreto.com.br\/index.php\/wp-json\/wp\/v2\/types\/post"}],"author":[{"embeddable":true,"href":"https:\/\/noticiasribeiraopreto.com.br\/index.php\/wp-json\/wp\/v2\/users\/1"}],"replies":[{"embeddable":true,"href":"https:\/\/noticiasribeiraopreto.com.br\/index.php\/wp-json\/wp\/v2\/comments?post=28230"}],"version-history":[{"count":0,"href":"https:\/\/noticiasribeiraopreto.com.br\/index.php\/wp-json\/wp\/v2\/posts\/28230\/revisions"}],"wp:featuredmedia":[{"embeddable":true,"href":"https:\/\/noticiasribeiraopreto.com.br\/index.php\/wp-json\/wp\/v2\/media\/28231"}],"wp:attachment":[{"href":"https:\/\/noticiasribeiraopreto.com.br\/index.php\/wp-json\/wp\/v2\/media?parent=28230"}],"wp:term":[{"taxonomy":"category","embeddable":true,"href":"https:\/\/noticiasribeiraopreto.com.br\/index.php\/wp-json\/wp\/v2\/categories?post=28230"},{"taxonomy":"post_tag","embeddable":true,"href":"https:\/\/noticiasribeiraopreto.com.br\/index.php\/wp-json\/wp\/v2\/tags?post=28230"}],"curies":[{"name":"wp","href":"https:\/\/api.w.org\/{rel}","templated":true}]}}