{"id":28234,"date":"2024-01-15T10:47:46","date_gmt":"2024-01-15T13:47:46","guid":{"rendered":"https:\/\/noticiasribeiraopreto.com.br\/index.php\/2024\/01\/15\/descricao-de-cargo-aprenda-como-avaliar-a-vaga-de-emprego\/"},"modified":"2024-01-15T10:47:46","modified_gmt":"2024-01-15T13:47:46","slug":"descricao-de-cargo-aprenda-como-avaliar-a-vaga-de-emprego","status":"publish","type":"post","link":"https:\/\/noticiasribeiraopreto.com.br\/index.php\/2024\/01\/15\/descricao-de-cargo-aprenda-como-avaliar-a-vaga-de-emprego\/","title":{"rendered":"Descri\u00e7\u00e3o de cargo: aprenda como avaliar a vaga de emprego"},"content":{"rendered":"<div class='code-block code-block-1' style='margin: 8px 0 8px auto; text-align: right; display: block; clear: both;'>\n<p><a href=\"https:\/\/wa.link\/vpicfd\"><img data-recalc-dims=\"1\" class=\"wp-image-4922\" style=\"aspect-ratio: 2.0253164556962027; width: 561px; height: auto;\" src=\"https:\/\/i0.wp.com\/ismaelcolosi.com.br\/wp-content\/uploads\/2023\/11\/grupo-de-empregos-whatsapp-e-facebook-ismael-colosi-vagas.jpg?ssl=1\" alt=\"\" \/><\/a><\/p>\n<!-- \/wp:image -->\n<\/div>\n<p> <br \/>\n<\/p>\n<div>\n<p>Uma das melhores formas para estudar se a oportunidade de emprego combina como o seu perfil profissional \u00e9 com certeza ler corretamente sobre a <strong>descri\u00e7\u00e3o de cargo<\/strong>. <\/p>\n<p>Esse documento descreve quais s\u00e3o as fun\u00e7\u00f5es de forma detalhada e objetiva para que ningu\u00e9m fique com d\u00favidas sobre as atividades.<\/p>\n<p>Al\u00e9m de apresentando diversas vantagens para todos, al\u00e9m de ser utilizado para o processo de sele\u00e7\u00e3o e recrutamento de novos talentos, considerando o perfil profissional, valores e compet\u00eancias. Entenda tudo sobre o assunto!<\/p>\n<nav class=\"toc-container  active\">\n<hr\/>\n<\/nav>\n<h2 class=\"wp-block-heading\" id=\"O_que_e_uma_descricao_de_cargo\">O que \u00e9 uma descri\u00e7\u00e3o de cargo?<\/h2>\n<p>A descri\u00e7\u00e3o de cargo \u00e9 um documento que descreve todas as compet\u00eancias e responsabilidades de um colaborador dentro da empresa. <\/p>\n<p>Essas atribui\u00e7\u00f5es s\u00e3o importantes\u00a0<strong>para que voc\u00ea compreenda exatamente quais s\u00e3o as suas atividades,<\/strong>\u00a0assim como tamb\u00e9m para a empresa, que sabe o que pode ser exigido de cada um.<\/p>\n<p>A descri\u00e7\u00e3o estipula informa\u00e7\u00f5es como:<\/p>\n<p>Quanto mais claro e objetivo, menos ru\u00eddos de comunica\u00e7\u00e3o ocorrem e com isso, voc\u00ea como candidato pode verificar se deu o match perfeito entre a oportunidade e seu perfil profissional. <\/p>\n<h3 class=\"wp-block-heading\" id=\"Qual_a_diferenca_entre_cargo_e_funcao\">Qual a diferen\u00e7a entre cargo e fun\u00e7\u00e3o?<\/h3>\n<p>Um cargo se refere a posi\u00e7\u00e3o hier\u00e1rquica na empresa, \u00e9 atrav\u00e9s dele que s\u00e3o definidas as fun\u00e7\u00f5es e atividades do funcion\u00e1rio. <\/p>\n<p>Ou seja, um cargo pode ter mais de uma fun\u00e7\u00e3o, conforme as habilidades e qualifica\u00e7\u00f5es da pessoa. Por exemplo, um cargo de professor, com fun\u00e7\u00f5es de lecionar as mat\u00e9rias Portugu\u00eas e Ingl\u00eas.<\/p>\n<p>\ud83d\udccc Saiba como aproveitar a Catho gr\u00e1tis para encontrar o seu novo emprego! <\/p>\n<h2 class=\"wp-block-heading\" id=\"Para_que_serve_a_descricao_de_cargo\">Para que serve a descri\u00e7\u00e3o de cargo?<\/h2>\n<p>A descri\u00e7\u00e3o pode ser utilizada para finalidades diferentes, confira as 3 principais:<\/p>\n<h3 class=\"wp-block-heading\" id=\"1_Processo_de_selecao_e_recrutamento\">1. Processo de sele\u00e7\u00e3o e recrutamento<\/h3>\n<p>Com a descri\u00e7\u00e3o de cargo, o time de RH da empresa sabe quais as obriga\u00e7\u00f5es e o\u00a0perfil profissional\u00a0desejado. <\/p>\n<p>Assim, quando ofertar a vaga de emprego, a descri\u00e7\u00e3o ser\u00e1 direta e acess\u00edvel para conseguir alcan\u00e7ar os candidatos adequados para a entrevista.\u00a0<\/p>\n<p><strong>Quanto mais assertivo o perfil do candidato menor a taxa de rotatividade do cargo<\/strong>.<\/p>\n<h3 class=\"wp-block-heading\" id=\"2_Auditoria\">2. Auditoria<\/h3>\n<p>A auditoria realizada periodicamente consegue identificar e avaliar as fun\u00e7\u00f5es de cada cargo, se est\u00e3o sendo executadas, se precisam de altera\u00e7\u00f5es e se est\u00e3o alcan\u00e7ando a qualidade esperada.<\/p>\n<h3 class=\"wp-block-heading\" id=\"3_Avaliacao_de_competencias\">3. Avalia\u00e7\u00e3o de compet\u00eancias<\/h3>\n<p>As compet\u00eancias e habilidades podem ser avaliadas de forma justa e coerente com a descri\u00e7\u00e3o de cargo. Al\u00e9m disso, \u00e9 poss\u00edvel fazer avalia\u00e7\u00f5es mais profundas para o feedback e elabora\u00e7\u00e3o de treinamentos direcionados conforme as compet\u00eancias de cada funcion\u00e1rio.<\/p>\n<h2 class=\"wp-block-heading\" id=\"Como_avaliar_a_vaga_de_emprego\">Como avaliar a vaga de emprego?<\/h2>\n<p>Como dissemos anteriormente, quanto mais claro e objetivo uma descri\u00e7\u00e3o de cargo\u00a0<strong>mais f\u00e1cil \u00e9 a comunica\u00e7\u00e3o e o entendimento sobre as expectativas do trabalho<\/strong>.<\/p>\n<p>Ent\u00e3o, se voc\u00ea est\u00e1 em busca de um emprego aqui na Catho, entenda como avaliar a vaga antes de iniciar o processo seletivo para acertar em sua escolha. <\/p>\n<h3 class=\"wp-block-heading\" id=\"Principais_elementos_de_uma_descricao_de_cargo\">Principais elementos de uma descri\u00e7\u00e3o de cargo<\/h3>\n<p>As empresas que possuem uma descri\u00e7\u00e3o de cargo bem definida, geralmente, v\u00e3o informar na vaga de emprego as seguintes informa\u00e7\u00f5es:<\/p>\n<ul>\n<li>O nome do cargo;<\/li>\n<li>Objetivos e responsabilidades do cargo;<\/li>\n<li>Fun\u00e7\u00f5es e atividades que ser\u00e3o desenvolvidas pelo colaborador;<\/li>\n<li>Experi\u00eancia profissional necess\u00e1ria, ou sem experi\u00eancia anterior;<\/li>\n<li>N\u00edvel de escolaridade exigido;<\/li>\n<li>Habilidades comportamentais e t\u00e9cnicas;<\/li>\n<li>Perfil profissional.<\/li>\n<\/ul>\n<p>\ud83d\udccc Aprenda mais sobre\u00a0J\u00fanior, Pleno e S\u00eanior: entenda as diferen\u00e7as dos n\u00edveis profissionais<\/p>\n<h3 class=\"wp-block-heading\" id=\"O_que_avaliar\">O que avaliar<\/h3>\n<p>Diante de todos esses dados \u00e9 preciso ler com muita aten\u00e7\u00e3o e avaliar se voc\u00ea possui as atribui\u00e7\u00f5es exigidas, incluindo o perfil profissional e as\u00a0habilidades comportamentais. <\/p>\n<p>Entenda que um processo seletivo serve para a empresa saber se voc\u00ea \u00e9 o candidato ideal, mas tamb\u00e9m para voc\u00ea conhecer a cultura e os valores da organiza\u00e7\u00e3o.<\/p>\n<p>\u00c9 muito comum acontecer de nos inscrevermos para todas as vagas de emprego dispon\u00edveis quando precisamos trabalhar urgentemente, por\u00e9m\u00a0isso n\u00e3o \u00e9 o caminho certo.<\/p>\n<p>Isso porque, <strong>se voc\u00ea n\u00e3o possui o perfil da empresa, provavelmente n\u00e3o vai se adaptar \u00e0 rotina de trabalho<\/strong>\u00a0e corre o risco de seu curr\u00edculo nem ser avaliado. <\/p>\n<p>Por exemplo, se a vaga desejar n\u00edvel superior ou uma capacidade especifica e voc\u00ea n\u00e3o possuir tais requisitos, ser\u00e1 desclassificado do processo. <\/p>\n<h3 class=\"wp-block-heading\" id=\"Voce_ja_definiu_o_cargo_que_deseja\">Voc\u00ea j\u00e1 definiu o cargo que deseja?<\/h3>\n<p>Agora, se voc\u00ea j\u00e1 sabe qual o cargo que deseja conquistar, ou seja, o seu objetivo profissional, analise a descri\u00e7\u00e3o das vagas e veja o que falta no seu curr\u00edculo.<\/p>\n<p>Lei com aten\u00e7\u00e3o e compare itens como:<\/p>\n<ul>\n<li>tipo de contrata\u00e7\u00e3o,<\/li>\n<li>curso t\u00e9cnico, <\/li>\n<li>l\u00edngua estrangeira, <\/li>\n<li>gradua\u00e7\u00e3o e certificados, <\/li>\n<li>habilidades que precisa desenvolver,<\/li>\n<\/ul>\n<p>Al\u00e9m disso, n\u00e3o esque\u00e7a de analisar sobre as caracter\u00edsticas desejadas, como orat\u00f3ria, comunica\u00e7\u00e3o assertiva, trabalho em equipe e mais. <\/p>\n<p>Pesquise a empresa que sonha em trabalhar, converse com os funcion\u00e1rios para entender como \u00e9 a cultura organizacional, <\/p>\n<p>E se, de fato, a descri\u00e7\u00e3o de cargo \u00e9 implementada e utilizada para as atividades di\u00e1rias, feedbacks com os gestores e principalmente para o\u00a0plano de carreira\u00a0para voc\u00ea poder se desenvolver. Prepare-se para todas as etapas do processo seletivo, entrevista, din\u00e2mica em grupo e mais.<\/p>\n<p>Por fim, a descri\u00e7\u00e3o de cargo \u00e9 um documento muito importante para as rela\u00e7\u00f5es de trabalho e beneficia a todos, tanto a empresa, l\u00edderes, RH e colaboradores que se sentem motivados a dar o seu melhor,\u00a0<strong>pois sabem quais s\u00e3o os passos para crescer e serem reconhecidos pelo bom trabalho<\/strong>.<\/p>\n<p>Quando voc\u00ea for aprovado em todas as etapas do processo seletivo,\u00a0saiba como avaliar uma proposta de emprego\u00a0antes de assinar o contrato. <\/p>\n<p>Agora que voc\u00ea j\u00e1 aprendeu a ler com aten\u00e7\u00e3o e avaliar a descri\u00e7\u00e3o de cargo, aproveite para compartilhar o texto com seus amigos e tamb\u00e9m para fazer um coment\u00e1rio. At\u00e9 a pr\u00f3xima!<\/p>\n<div id=\"banner_bottom\"><img data-recalc-dims=\"1\" decoding=\"async\" style=\"with:100%\" data-gtm-event-category=\"catho:lp-carreira-sucesso\" data-gtm-event-action=\"carreira-sucesso:banner-artigo\" data-gtm-event-label=\"botao:banner\" src=\"https:\/\/i0.wp.com\/s24534.pcdn.co\/carreira-sucesso\/wp-content\/uploads\/sites\/3\/2023\/12\/banner-970x250_CBU_CONSIDERACAO_PORTAL.jpeg?ssl=1\"\/><noscript><img data-recalc-dims=\"1\" decoding=\"async\" src=\"https:\/\/i0.wp.com\/s24534.pcdn.co\/carreira-sucesso\/wp-content\/uploads\/sites\/3\/2023\/12\/banner-970x250_CBU_CONSIDERACAO_PORTAL.jpeg?ssl=1\" style=\"with:100%\" data-gtm-event-category=\"catho:lp-carreira-sucesso\" data-gtm-event-action=\"carreira-sucesso:banner-artigo\" data-gtm-event-label=\"botao:banner\"\/><\/noscript><\/div>\n<\/p><\/div>\n<p><br \/>\n<br \/><a href=\"https:\/\/www.catho.com.br\/carreira-sucesso\/avaliar-descricao-cargo\/\">Source link <\/a><\/p>\n<!-- CONTENT END 1 -->\n","protected":false},"excerpt":{"rendered":"<p>Uma das melhores formas para estudar se a oportunidade de emprego combina como o seu perfil profissional \u00e9 com certeza ler corretamente sobre a descri\u00e7\u00e3o&#8230;<\/p>\n","protected":false},"author":1,"featured_media":28235,"comment_status":"open","ping_status":"open","sticky":false,"template":"","format":"standard","meta":{"advanced_seo_description":"","jetpack_seo_html_title":"","jetpack_seo_noindex":false,"jetpack_post_was_ever_published":false,"_jetpack_newsletter_access":"","_jetpack_dont_email_post_to_subs":false,"_jetpack_newsletter_tier_id":0,"_jetpack_memberships_contains_paywalled_content":false,"_jetpack_memberships_contains_paid_content":false,"footnotes":"","jetpack_publicize_message":"","jetpack_publicize_feature_enabled":true,"jetpack_social_post_already_shared":true,"jetpack_social_options":{"image_generator_settings":{"template":"highway","default_image_id":0,"font":"","enabled":false},"version":2}},"categories":[1],"tags":[],"class_list":["post-28234","post","type-post","status-publish","format-standard","has-post-thumbnail","hentry","category-blog"],"jetpack_publicize_connections":[],"jetpack_featured_media_url":"https:\/\/i0.wp.com\/noticiasribeiraopreto.com.br\/wp-content\/uploads\/2024\/01\/avaliacao-de-cargo.jpg?fit=1200%2C675&ssl=1","jetpack-related-posts":[{"id":40809,"url":"https:\/\/noticiasribeiraopreto.com.br\/index.php\/2024\/03\/05\/o-que-e-quais-os-tipos-e-beneficios\/","url_meta":{"origin":28234,"position":0},"title":"o que \u00e9, quais os tipos e benef\u00edcios","author":"noticiasribeiraopreto.com.br","date":"5 de March de 2024","format":false,"excerpt":"Para realizar uma contrata\u00e7\u00e3o, o RH pode optar pelo recrutamento externo, misto ou interno. Para cada vaga dispon\u00edvel, \u00e9 preciso analisar qual deles ser\u00e1 utilizado conforme as necessidades da empresa e o perfil profissional desejado. Esse fator tamb\u00e9m depende da\u00a0cultura organizacional\u00a0da empresa, se possui plano de carreira e se tem\u2026","rel":"","context":"In &quot;Blog&quot;","block_context":{"text":"Blog","link":"https:\/\/noticiasribeiraopreto.com.br\/index.php\/category\/blog\/"},"img":{"alt_text":"","src":"https:\/\/i0.wp.com\/noticiasribeiraopreto.com.br\/wp-content\/uploads\/2024\/03\/recrutamento-interno.jpg?fit=1200%2C675&ssl=1&resize=350%2C200","width":350,"height":200,"srcset":"https:\/\/i0.wp.com\/noticiasribeiraopreto.com.br\/wp-content\/uploads\/2024\/03\/recrutamento-interno.jpg?fit=1200%2C675&ssl=1&resize=350%2C200 1x, https:\/\/i0.wp.com\/noticiasribeiraopreto.com.br\/wp-content\/uploads\/2024\/03\/recrutamento-interno.jpg?fit=1200%2C675&ssl=1&resize=525%2C300 1.5x, https:\/\/i0.wp.com\/noticiasribeiraopreto.com.br\/wp-content\/uploads\/2024\/03\/recrutamento-interno.jpg?fit=1200%2C675&ssl=1&resize=700%2C400 2x, https:\/\/i0.wp.com\/noticiasribeiraopreto.com.br\/wp-content\/uploads\/2024\/03\/recrutamento-interno.jpg?fit=1200%2C675&ssl=1&resize=1050%2C600 3x"},"classes":[]},{"id":24496,"url":"https:\/\/noticiasribeiraopreto.com.br\/index.php\/2024\/01\/04\/4-piores-erros-mais-cometidos-em-uma-entrevista-de-emprego-meu-valor-digital\/","url_meta":{"origin":28234,"position":1},"title":"4 piores erros mais cometidos em uma entrevista de emprego &#8211; Meu Valor Digital","author":"noticiasribeiraopreto.com.br","date":"4 de January de 2024","format":false,"excerpt":"Procurar um novo emprego costuma ser uma tarefa um tanto quanto complexa e cansativa. Afinal de contas, muitas vezes acabamos levando mais tempo do que gostar\u00edamos para finalmente ser contratado. No entanto, durante o processo entre a busca de uma nova oportunidade de trabalho e a contrata\u00e7\u00e3o existe outro ponto\u2026","rel":"","context":"In &quot;Vagas de Emprego em Ribeir\u00e3o Preto-SP&quot;","block_context":{"text":"Vagas de Emprego em Ribeir\u00e3o Preto-SP","link":"https:\/\/noticiasribeiraopreto.com.br\/index.php\/category\/empregos-classificados-vagas-trabalho\/vagas-de-empregos-em-ribeirao-preto-regiao-brasil\/"},"img":{"alt_text":"","src":"https:\/\/i0.wp.com\/noticiasribeiraopreto.com.br\/wp-content\/uploads\/2024\/01\/homem-realizando-entrevista-de-emprego.jpg?fit=1200%2C800&ssl=1&resize=350%2C200","width":350,"height":200,"srcset":"https:\/\/i0.wp.com\/noticiasribeiraopreto.com.br\/wp-content\/uploads\/2024\/01\/homem-realizando-entrevista-de-emprego.jpg?fit=1200%2C800&ssl=1&resize=350%2C200 1x, https:\/\/i0.wp.com\/noticiasribeiraopreto.com.br\/wp-content\/uploads\/2024\/01\/homem-realizando-entrevista-de-emprego.jpg?fit=1200%2C800&ssl=1&resize=525%2C300 1.5x, https:\/\/i0.wp.com\/noticiasribeiraopreto.com.br\/wp-content\/uploads\/2024\/01\/homem-realizando-entrevista-de-emprego.jpg?fit=1200%2C800&ssl=1&resize=700%2C400 2x, https:\/\/i0.wp.com\/noticiasribeiraopreto.com.br\/wp-content\/uploads\/2024\/01\/homem-realizando-entrevista-de-emprego.jpg?fit=1200%2C800&ssl=1&resize=1050%2C600 3x"},"classes":[]},{"id":29499,"url":"https:\/\/noticiasribeiraopreto.com.br\/index.php\/2024\/01\/18\/as-cinco-carreiras-mais-quentes-do-mercado-de-trabalho-em-2024\/","url_meta":{"origin":28234,"position":2},"title":"As cinco carreiras mais quentes do mercado de trabalho em 2024","author":"noticiasribeiraopreto.com.br","date":"18 de January de 2024","format":false,"excerpt":"Para quem quer come\u00e7ar 2024 em um cargo promissor, o LinkedIn est\u00e1 dando uma ajudinha. A plataforma divulgou um levantamento dos empregos em alta no mercado de trabalho.\u00a0 A pesquisa revela os 25 cargos no Brasil que apresentaram maior crescimento na demanda nos \u00faltimos cinco anos. Al\u00e9m disso, a rede\u2026","rel":"","context":"In &quot;Dinheiro e Investimento&quot;","block_context":{"text":"Dinheiro e Investimento","link":"https:\/\/noticiasribeiraopreto.com.br\/index.php\/category\/dinheiro-e-investimento-como-fazer-como-ganhar\/"},"img":{"alt_text":"","src":"https:\/\/i0.wp.com\/noticiasribeiraopreto.com.br\/wp-content\/uploads\/2024\/01\/image1_Easy-Resize.com-2-715x402.jpg?fit=715%2C402&ssl=1&resize=350%2C200","width":350,"height":200,"srcset":"https:\/\/i0.wp.com\/noticiasribeiraopreto.com.br\/wp-content\/uploads\/2024\/01\/image1_Easy-Resize.com-2-715x402.jpg?fit=715%2C402&ssl=1&resize=350%2C200 1x, https:\/\/i0.wp.com\/noticiasribeiraopreto.com.br\/wp-content\/uploads\/2024\/01\/image1_Easy-Resize.com-2-715x402.jpg?fit=715%2C402&ssl=1&resize=525%2C300 1.5x, https:\/\/i0.wp.com\/noticiasribeiraopreto.com.br\/wp-content\/uploads\/2024\/01\/image1_Easy-Resize.com-2-715x402.jpg?fit=715%2C402&ssl=1&resize=700%2C400 2x"},"classes":[]},{"id":36058,"url":"https:\/\/noticiasribeiraopreto.com.br\/index.php\/2024\/02\/08\/top-5-hard-skills-mais-valorizadas-pelas-empresas-em-2024-de-acordo-com-pesquisa-da-catho\/","url_meta":{"origin":28234,"position":3},"title":"Top 5 hard skills mais valorizadas pelas empresas em 2024, de acordo com pesquisa da Catho","author":"noticiasribeiraopreto.com.br","date":"8 de February de 2024","format":false,"excerpt":"Se voc\u00ea prioriza o seu desenvolvimento profissional, com certeza j\u00e1 conhece o termo hard skills, caracterizado como as compet\u00eancias t\u00e9cnicas adquiridas pela realiza\u00e7\u00e3o de treinamentos e outras formas de valoriza\u00e7\u00e3o e capacita\u00e7\u00e3o de profissionais. Essas compet\u00eancias e habilidades, entretanto, est\u00e3o em constante transforma\u00e7\u00e3o, conforme aponta a nova Pesquisa de Tend\u00eancias\u2026","rel":"","context":"In &quot;Blog&quot;","block_context":{"text":"Blog","link":"https:\/\/noticiasribeiraopreto.com.br\/index.php\/category\/blog\/"},"img":{"alt_text":"","src":"https:\/\/i0.wp.com\/noticiasribeiraopreto.com.br\/wp-content\/uploads\/2024\/02\/hard-skills-exemplos.jpg?fit=1200%2C675&ssl=1&resize=350%2C200","width":350,"height":200,"srcset":"https:\/\/i0.wp.com\/noticiasribeiraopreto.com.br\/wp-content\/uploads\/2024\/02\/hard-skills-exemplos.jpg?fit=1200%2C675&ssl=1&resize=350%2C200 1x, https:\/\/i0.wp.com\/noticiasribeiraopreto.com.br\/wp-content\/uploads\/2024\/02\/hard-skills-exemplos.jpg?fit=1200%2C675&ssl=1&resize=525%2C300 1.5x, https:\/\/i0.wp.com\/noticiasribeiraopreto.com.br\/wp-content\/uploads\/2024\/02\/hard-skills-exemplos.jpg?fit=1200%2C675&ssl=1&resize=700%2C400 2x, https:\/\/i0.wp.com\/noticiasribeiraopreto.com.br\/wp-content\/uploads\/2024\/02\/hard-skills-exemplos.jpg?fit=1200%2C675&ssl=1&resize=1050%2C600 3x"},"classes":[]},{"id":47204,"url":"https:\/\/noticiasribeiraopreto.com.br\/index.php\/2024\/04\/25\/saiba-o-porque-voce-nao-e-chamado-para-entrevista-de-emprego\/","url_meta":{"origin":28234,"position":4},"title":"Saiba o porqu\u00ea voc\u00ea n\u00e3o \u00e9 chamado para entrevista de emprego","author":"noticiasribeiraopreto.com.br","date":"25 de April de 2024","format":false,"excerpt":"A busca por um novo cargo pode ser cansativa e, em alguns casos, frustrante. Muitas pessoas se questionam \u201cPor que n\u00e3o sou chamado para\u00a0uma entrevista de emprego?\u201d\u00a0e a falta de feedbacks claros potencializa essa ang\u00fastia. Para auxiliar voc\u00ea nessa jornada, o artigo a seguir explica\u00a0quais s\u00e3o os motivos mais comuns\u2026","rel":"","context":"In &quot;Blog&quot;","block_context":{"text":"Blog","link":"https:\/\/noticiasribeiraopreto.com.br\/index.php\/category\/blog\/"},"img":{"alt_text":"","src":"https:\/\/i0.wp.com\/noticiasribeiraopreto.com.br\/wp-content\/uploads\/2024\/04\/Por-que-nao-sou-chamado.png?fit=1201%2C628&ssl=1&resize=350%2C200","width":350,"height":200,"srcset":"https:\/\/i0.wp.com\/noticiasribeiraopreto.com.br\/wp-content\/uploads\/2024\/04\/Por-que-nao-sou-chamado.png?fit=1201%2C628&ssl=1&resize=350%2C200 1x, https:\/\/i0.wp.com\/noticiasribeiraopreto.com.br\/wp-content\/uploads\/2024\/04\/Por-que-nao-sou-chamado.png?fit=1201%2C628&ssl=1&resize=525%2C300 1.5x, https:\/\/i0.wp.com\/noticiasribeiraopreto.com.br\/wp-content\/uploads\/2024\/04\/Por-que-nao-sou-chamado.png?fit=1201%2C628&ssl=1&resize=700%2C400 2x, https:\/\/i0.wp.com\/noticiasribeiraopreto.com.br\/wp-content\/uploads\/2024\/04\/Por-que-nao-sou-chamado.png?fit=1201%2C628&ssl=1&resize=1050%2C600 3x"},"classes":[]},{"id":37154,"url":"https:\/\/noticiasribeiraopreto.com.br\/index.php\/2024\/02\/14\/o-que-responder-em-uma-entrevista-de-emprego-sobre-o-futuro\/","url_meta":{"origin":28234,"position":5},"title":"O que responder em uma entrevista de emprego sobre o futuro","author":"noticiasribeiraopreto.com.br","date":"14 de February de 2024","format":false,"excerpt":"O que responder em uma entrevista de emprego? Essa d\u00favida \u00e9 muito comum a quem participa de processos seletivos. Afinal, existem diversas perguntas para as quais, se voc\u00ea n\u00e3o estiver preparado, n\u00e3o conseguir\u00e1 se destacar e conquistar a t\u00e3o sonhada vaga. Um dos questionamentos cruciais da entrevista \u00e9 a famosa:\u2026","rel":"","context":"In &quot;Blog&quot;","block_context":{"text":"Blog","link":"https:\/\/noticiasribeiraopreto.com.br\/index.php\/category\/blog\/"},"img":{"alt_text":"","src":"https:\/\/i0.wp.com\/noticiasribeiraopreto.com.br\/wp-content\/uploads\/2024\/02\/o-que-responder-em-uma-entrevista-de-emprego.jpg?fit=1200%2C675&ssl=1&resize=350%2C200","width":350,"height":200,"srcset":"https:\/\/i0.wp.com\/noticiasribeiraopreto.com.br\/wp-content\/uploads\/2024\/02\/o-que-responder-em-uma-entrevista-de-emprego.jpg?fit=1200%2C675&ssl=1&resize=350%2C200 1x, https:\/\/i0.wp.com\/noticiasribeiraopreto.com.br\/wp-content\/uploads\/2024\/02\/o-que-responder-em-uma-entrevista-de-emprego.jpg?fit=1200%2C675&ssl=1&resize=525%2C300 1.5x, https:\/\/i0.wp.com\/noticiasribeiraopreto.com.br\/wp-content\/uploads\/2024\/02\/o-que-responder-em-uma-entrevista-de-emprego.jpg?fit=1200%2C675&ssl=1&resize=700%2C400 2x, https:\/\/i0.wp.com\/noticiasribeiraopreto.com.br\/wp-content\/uploads\/2024\/02\/o-que-responder-em-uma-entrevista-de-emprego.jpg?fit=1200%2C675&ssl=1&resize=1050%2C600 3x"},"classes":[]}],"jetpack_sharing_enabled":true,"jetpack_shortlink":"https:\/\/wp.me\/peQAOb-7lo","_links":{"self":[{"href":"https:\/\/noticiasribeiraopreto.com.br\/index.php\/wp-json\/wp\/v2\/posts\/28234","targetHints":{"allow":["GET"]}}],"collection":[{"href":"https:\/\/noticiasribeiraopreto.com.br\/index.php\/wp-json\/wp\/v2\/posts"}],"about":[{"href":"https:\/\/noticiasribeiraopreto.com.br\/index.php\/wp-json\/wp\/v2\/types\/post"}],"author":[{"embeddable":true,"href":"https:\/\/noticiasribeiraopreto.com.br\/index.php\/wp-json\/wp\/v2\/users\/1"}],"replies":[{"embeddable":true,"href":"https:\/\/noticiasribeiraopreto.com.br\/index.php\/wp-json\/wp\/v2\/comments?post=28234"}],"version-history":[{"count":0,"href":"https:\/\/noticiasribeiraopreto.com.br\/index.php\/wp-json\/wp\/v2\/posts\/28234\/revisions"}],"wp:featuredmedia":[{"embeddable":true,"href":"https:\/\/noticiasribeiraopreto.com.br\/index.php\/wp-json\/wp\/v2\/media\/28235"}],"wp:attachment":[{"href":"https:\/\/noticiasribeiraopreto.com.br\/index.php\/wp-json\/wp\/v2\/media?parent=28234"}],"wp:term":[{"taxonomy":"category","embeddable":true,"href":"https:\/\/noticiasribeiraopreto.com.br\/index.php\/wp-json\/wp\/v2\/categories?post=28234"},{"taxonomy":"post_tag","embeddable":true,"href":"https:\/\/noticiasribeiraopreto.com.br\/index.php\/wp-json\/wp\/v2\/tags?post=28234"}],"curies":[{"name":"wp","href":"https:\/\/api.w.org\/{rel}","templated":true}]}}