{"id":28264,"date":"2024-01-15T12:16:32","date_gmt":"2024-01-15T15:16:32","guid":{"rendered":"https:\/\/noticiasribeiraopreto.com.br\/index.php\/2024\/01\/15\/o-brasil-voltou-mesmo-tese-de-lula-passara-por-teste-de-fogo-em-davos\/"},"modified":"2024-01-15T12:16:32","modified_gmt":"2024-01-15T15:16:32","slug":"o-brasil-voltou-mesmo-tese-de-lula-passara-por-teste-de-fogo-em-davos","status":"publish","type":"post","link":"https:\/\/noticiasribeiraopreto.com.br\/index.php\/2024\/01\/15\/o-brasil-voltou-mesmo-tese-de-lula-passara-por-teste-de-fogo-em-davos\/","title":{"rendered":"O Brasil voltou mesmo? Tese de Lula passar\u00e1 por teste de fogo em Davos"},"content":{"rendered":"<div class='code-block code-block-1' style='margin: 8px 0 8px auto; text-align: right; display: block; clear: both;'>\n<p><a href=\"https:\/\/wa.link\/vpicfd\"><img data-recalc-dims=\"1\" class=\"wp-image-4922\" style=\"aspect-ratio: 2.0253164556962027; width: 561px; height: auto;\" src=\"https:\/\/i0.wp.com\/ismaelcolosi.com.br\/wp-content\/uploads\/2023\/11\/grupo-de-empregos-whatsapp-e-facebook-ismael-colosi-vagas.jpg?ssl=1\" alt=\"\" \/><\/a><\/p>\n<!-- \/wp:image -->\n<\/div>\n<p> <br \/>\n<\/p>\n<div id=\"js-first-letter\">\n<p>Uma das principais bandeiras do primeiro ano de governo do presidente Luiz In\u00e1cio Lula da Silva foi a reintegra\u00e7\u00e3o do Brasil no mapa pol\u00edtico internacional, ap\u00f3s um mergulho no ostracismo durante a gest\u00e3o de Jair Bolsonaro. E o primeiro teste relevante da tese de que o <a href=\"https:\/\/www.seudinheiro.com\/2023\/politica\/100-dias-de-governo-lula-07-04-2023-rsgp-ccgg\/\">&#8220;Brasil voltou&#8221;<\/a> acontecer\u00e1 nesta semana em <strong>Davos<\/strong>, durante o Encontro Anual do <strong>F\u00f3rum Econ\u00f4mico Mundial<\/strong>.<\/p>\n<p>A cidade nos Alpes su\u00ed\u00e7os, como ocorre h\u00e1 mais de meio s\u00e9culo, vai hospedar cerca de 3 mil delegados de 125 pa\u00edses, entre eles, dezenas de chefes de Estado e presidentes das principais empresas do mundo, como Bill Gates, da Microsoft, e Sam Altman, da OpenAI.<\/p>\n<p>Apesar das reiteradas cr\u00edticas de ser um &#8220;convescote dos ricos&#8221; e estar em decad\u00eancia, o evento em Davos ainda \u00e9, de longe, o mais importante encontro multitem\u00e1tico da agenda global.<\/p>\n<p>Na lista de participantes, h\u00e1 pol\u00edticos de contrastantes tons ideol\u00f3gicos, entre eles Javier Milei, presidente rec\u00e9m-eleito da Argentina, e o presidente da Col\u00f4mbia, Gustavo Petro.<\/p>\n<p>L\u00edderes de pa\u00edses em guerra, como Volodmir Zelenski, presidente da Ucr\u00e2nia, e Isaac Herzog, de Israel, n\u00e3o renunciaram \u00e0 oportunidade de estar em Davos.<\/p>\n<p>Representantes dos principais bancos, empresas e consultorias, acad\u00eamicos e at\u00e9 alguns artistas sempre circulam pelas ruas cobertas de neve.<\/p>\n<h2 class=\"wp-block-heading\" id=\"h-a-visao-do-mundo-sobre-lula-3\">A vis\u00e3o do mundo sobre Lula 3<\/h2>\n<p>Nas 386 palestras e debates que ocorrer\u00e3o at\u00e9 sexta-feira, ser\u00e1 poss\u00edvel medir a temperatura de como a comunidade internacional est\u00e1 avaliando os rumos do Brasil desde o in\u00edcio do governo Lula 3.<\/p>\n<p>Os esfor\u00e7os para reposicionar o Pa\u00eds como um importante <em>player<\/em> pol\u00edtico global j\u00e1 estariam gerando resultados concretos, garante o governo.<\/p>\n<p>Mas a desconfian\u00e7a gerada pelos afagos do Brasil \u00e0 R\u00fassia de Vladimir Putin e ao ditador Nicol\u00e1s Maduro, da Venezuela, atrapalharam muito essa estrat\u00e9gia. Sem falar do recente apoio de Bras\u00edlia \u00e0 acusa\u00e7\u00e3o sul-africana de genoc\u00eddio contra Israel por causa do conflito em Gaza.<\/p>\n<ul>\n<li><strong>ONDE INVESTIR EM 2024:<\/strong>\u00a0Descubra o que esperar do cen\u00e1rio econ\u00f4mico brasileiro e internacional e quais s\u00e3o os melhores investimentos para a sua carteira, em diferentes classes de ativos.\u00a0<strong><a href=\"https:\/\/lp.seudinheiro.com\/onde-investir-oinv01-a\/?xpromo=XD-MEL-SD-OINV01-AUDSD-X-CHLTB-EDITORIAL1-MKTPORTAIS\" target=\"_blank\" rel=\"noreferrer noopener\">Clique aqui<\/a><\/strong>.<\/li>\n<\/ul>\n<h2 class=\"wp-block-heading\" id=\"h-lula-nao-ira-a-davos\">Lula n\u00e3o ir\u00e1 a Davos<\/h2>\n<p>Lula, que em 2003 foi a principal estrela de Davos, se manteve distante neste terceiro mandato.<\/p>\n<p>Entre os integrantes da delega\u00e7\u00e3o oficial brasileira, est\u00e3o o presidente do Supremo Tribunal Federal (STF), Lu\u00eds Roberto Barroso; as ministras do Meio Ambiente, Marina Silva; da Sa\u00fade, N\u00edzia Trindade; o ministro das Minas e Energia, Alexandre Silveira; e o chefe da assessoria especial da Presid\u00eancia, Celso Amorim.<\/p>\n<p>No lado econ\u00f4mico e financeiro, chama aten\u00e7\u00e3o a aus\u00eancia de nomes do primeiro escal\u00e3o do governo brasileiro. O ministro da Fazenda, Fernando Haddad, esteve em Davos em 2023, mas cancelou sua ida neste ano.<\/p>\n<p>Caber\u00e1 aos representantes de bancos, como o presidente do conselho de administra\u00e7\u00e3o do Bradesco, Luiz Carlos Trabuco Cappi, o CEO do Ita\u00fa Unibanco, Milton Maluhy Filho, e Andr\u00e9 Esteves, presidente do BTG Pactual, a tarefa de avaliar o grau de confian\u00e7a com a economia brasileira, ap\u00f3s a aprova\u00e7\u00e3o da reforma tribut\u00e1ria e infla\u00e7\u00e3o na meta e diante das crescentes d\u00favidas com a performance fiscal.<\/p>\n<p>Mesmo para a ministra Marina Silva, a miss\u00e3o de vender a imagem de um Brasil l\u00edder na defesa da preserva\u00e7\u00e3o ambiental poder\u00e1 ser questionada, pois o pr\u00f3prio presidente Lula e lideran\u00e7as do governo t\u00eam dados sinais p\u00fablicos contradit\u00f3rios sobre esses compromissos.<\/p>\n<p>O ministro Barroso ter\u00e1 de discorrer sobre os crescentes temores de politiza\u00e7\u00e3o do STF.<\/p>\n<h2 class=\"wp-block-heading\" id=\"h-davos-costuma-ter-pautas-ambiciosas\">Davos costuma ter pautas ambiciosas<\/h2>\n<p>Tradicionalmente, os organizadores de Davos estabelecem pautas globais ambiciosas para os seus encontros. Neste ano, elas est\u00e3o relacionadas \u00e0 busca de maior di\u00e1logo em um &#8220;momento de complexidade geopol\u00edtica&#8221;, disse o presidente do f\u00f3rum, Borge Brende.<\/p>\n<p>&#8220;Reconstruir a confian\u00e7a dentro e entre as sociedades pode lan\u00e7ar as funda\u00e7\u00f5es da coopera\u00e7\u00e3o necess\u00e1ria para moldar um futuro mais sustent\u00e1vel, inclusivo e resiliente&#8221;, disse.<\/p>\n<p>A intelig\u00eancia artificial ser\u00e1 tema de dezenas de semin\u00e1rios e promete ser um dos principais destaques do evento.<\/p>\n<\/div>\n<p><br \/>\n<br \/><a href=\"https:\/\/www.seudinheiro.com\/2024\/internacional\/davos-brasil-voltou-lula-tese-teste-rsgp\/\">Source link <\/a><\/p>\n<!-- CONTENT END 1 -->\n","protected":false},"excerpt":{"rendered":"<p>Uma das principais bandeiras do primeiro ano de governo do presidente Luiz In\u00e1cio Lula da Silva foi a reintegra\u00e7\u00e3o do Brasil no mapa pol\u00edtico internacional,&#8230;<\/p>\n","protected":false},"author":1,"featured_media":28265,"comment_status":"open","ping_status":"open","sticky":false,"template":"","format":"standard","meta":{"advanced_seo_description":"","jetpack_seo_html_title":"","jetpack_seo_noindex":false,"jetpack_post_was_ever_published":false,"_jetpack_newsletter_access":"","_jetpack_dont_email_post_to_subs":false,"_jetpack_newsletter_tier_id":0,"_jetpack_memberships_contains_paywalled_content":false,"_jetpack_memberships_contains_paid_content":false,"footnotes":"","jetpack_publicize_message":"","jetpack_publicize_feature_enabled":true,"jetpack_social_post_already_shared":true,"jetpack_social_options":{"image_generator_settings":{"template":"highway","default_image_id":0,"font":"","enabled":false},"version":2}},"categories":[1235],"tags":[],"class_list":["post-28264","post","type-post","status-publish","format-standard","has-post-thumbnail","hentry","category-dinheiro-e-investimento-como-fazer-como-ganhar"],"jetpack_publicize_connections":[],"jetpack_featured_media_url":"https:\/\/i0.wp.com\/noticiasribeiraopreto.com.br\/wp-content\/uploads\/2024\/01\/shutterstock_1288386058-628x353.jpg?fit=628%2C353&ssl=1","jetpack-related-posts":[{"id":37312,"url":"https:\/\/noticiasribeiraopreto.com.br\/index.php\/2024\/02\/15\/lula-chega-a-29-paises-visitados\/","url_meta":{"origin":28264,"position":0},"title":"Lula chega a 29\u00a0pa\u00edses visitados \u00a0","author":"noticiasribeiraopreto.com.br","date":"15 de February de 2024","format":false,"excerpt":"O presidente Luiz In\u00e1cio Lula da Silva chegou na madrugada desta quarta-feira, 14 de fevereiro, no hor\u00e1rio de Bras\u00edlia, ao Cairo, capital do Egito. Sua agenda mostra um dia sem compromissos oficiais, que devem come\u00e7ar nesta quinta-feira (15). O perfil oficial de Lula no Instagram publicou imagens dele e da\u2026","rel":"","context":"In &quot;Not\u00edcias de Ribeir\u00e3o Preto-SP e Regi\u00e3o&quot;","block_context":{"text":"Not\u00edcias de Ribeir\u00e3o Preto-SP e Regi\u00e3o","link":"https:\/\/noticiasribeiraopreto.com.br\/index.php\/category\/noticias-de-ribeirao-preto-sp-e-regiao-ismael-colosi\/"},"img":{"alt_text":"","src":"https:\/\/i0.wp.com\/noticiasribeiraopreto.com.br\/wp-content\/uploads\/2024\/02\/Lula-Ricardo-Stuckert-PR-scaled.jpg?fit=1000%2C537&ssl=1&resize=350%2C200","width":350,"height":200,"srcset":"https:\/\/i0.wp.com\/noticiasribeiraopreto.com.br\/wp-content\/uploads\/2024\/02\/Lula-Ricardo-Stuckert-PR-scaled.jpg?fit=1000%2C537&ssl=1&resize=350%2C200 1x, https:\/\/i0.wp.com\/noticiasribeiraopreto.com.br\/wp-content\/uploads\/2024\/02\/Lula-Ricardo-Stuckert-PR-scaled.jpg?fit=1000%2C537&ssl=1&resize=525%2C300 1.5x, https:\/\/i0.wp.com\/noticiasribeiraopreto.com.br\/wp-content\/uploads\/2024\/02\/Lula-Ricardo-Stuckert-PR-scaled.jpg?fit=1000%2C537&ssl=1&resize=700%2C400 2x"},"classes":[]},{"id":29825,"url":"https:\/\/noticiasribeiraopreto.com.br\/index.php\/2024\/01\/19\/ia-esta-em-alta-em-davos-mas-executivos-nao-sabem-como-torna-la-rentavel\/","url_meta":{"origin":28264,"position":1},"title":"IA est\u00e1 em alta em Davos, mas executivos n\u00e3o sabem como torn\u00e1-la rent\u00e1vel","author":"noticiasribeiraopreto.com.br","date":"19 de January de 2024","format":false,"excerpt":"Faixa promovendo IA em Davos - Foto: REUTERS - Denis Balibouse\u201cAplica\u00e7\u00f5es para empresas definitivamente n\u00e3o est\u00e3o realmente prontas\u201d para essa IA baseada em bate-papo, disse o executivo do ramo Faixas brilhantes anunciam a promessa da intelig\u00eancia artificial ao longo do cal\u00e7ad\u00e3o principal de Davos, mas os executivos reunidos no F\u00f3rum\u2026","rel":"","context":"In &quot;Blog&quot;","block_context":{"text":"Blog","link":"https:\/\/noticiasribeiraopreto.com.br\/index.php\/category\/blog\/"},"img":{"alt_text":"","src":"https:\/\/i0.wp.com\/noticiasribeiraopreto.com.br\/wp-content\/uploads\/2024\/01\/Faixa-de-promocao-de-IA-em-Davos-Foto-REUTERS-Denis-Balibouse-1024x683.png?fit=1024%2C683&ssl=1&resize=350%2C200","width":350,"height":200,"srcset":"https:\/\/i0.wp.com\/noticiasribeiraopreto.com.br\/wp-content\/uploads\/2024\/01\/Faixa-de-promocao-de-IA-em-Davos-Foto-REUTERS-Denis-Balibouse-1024x683.png?fit=1024%2C683&ssl=1&resize=350%2C200 1x, https:\/\/i0.wp.com\/noticiasribeiraopreto.com.br\/wp-content\/uploads\/2024\/01\/Faixa-de-promocao-de-IA-em-Davos-Foto-REUTERS-Denis-Balibouse-1024x683.png?fit=1024%2C683&ssl=1&resize=525%2C300 1.5x, https:\/\/i0.wp.com\/noticiasribeiraopreto.com.br\/wp-content\/uploads\/2024\/01\/Faixa-de-promocao-de-IA-em-Davos-Foto-REUTERS-Denis-Balibouse-1024x683.png?fit=1024%2C683&ssl=1&resize=700%2C400 2x"},"classes":[]},{"id":32886,"url":"https:\/\/noticiasribeiraopreto.com.br\/index.php\/2024\/01\/26\/ministro-de-lula-nega-interferencia-na-vale-vale3-para-emplacar-indicacao-de-guido-mantega\/","url_meta":{"origin":28264,"position":2},"title":"Ministro de Lula nega interfer\u00eancia na Vale (VALE3) para emplacar indica\u00e7\u00e3o de Guido Mantega","author":"noticiasribeiraopreto.com.br","date":"26 de January de 2024","format":false,"excerpt":"O ministro de Minas e Energia, Alexandre Silveira, negou nesta sexta-feira (26) que o presidente Luiz In\u00e1cio Lula da Silva tenha tratado sobre a indica\u00e7\u00e3o do ex-ministro da Fazenda Guido Mantega para o comando da Vale (VALE3). Segundo o ministro, o chefe do Executivo nunca iria se dispor a fazer\u2026","rel":"","context":"In &quot;Dinheiro e Investimento&quot;","block_context":{"text":"Dinheiro e Investimento","link":"https:\/\/noticiasribeiraopreto.com.br\/index.php\/category\/dinheiro-e-investimento-como-fazer-como-ganhar\/"},"img":{"alt_text":"","src":"https:\/\/i0.wp.com\/noticiasribeiraopreto.com.br\/wp-content\/uploads\/2024\/01\/shutterstock_1526766683-628x353.jpg?fit=628%2C353&ssl=1&resize=350%2C200","width":350,"height":200,"srcset":"https:\/\/i0.wp.com\/noticiasribeiraopreto.com.br\/wp-content\/uploads\/2024\/01\/shutterstock_1526766683-628x353.jpg?fit=628%2C353&ssl=1&resize=350%2C200 1x, https:\/\/i0.wp.com\/noticiasribeiraopreto.com.br\/wp-content\/uploads\/2024\/01\/shutterstock_1526766683-628x353.jpg?fit=628%2C353&ssl=1&resize=525%2C300 1.5x"},"classes":[]},{"id":77576,"url":"https:\/\/noticiasribeiraopreto.com.br\/index.php\/2025\/09\/22\/lula-se-reune-com-lideres-globais-nos-eua-palestina-e-principal-tema\/","url_meta":{"origin":28264,"position":3},"title":"Lula se re\u00fane com l\u00edderes globais nos EUA; Palestina \u00e9 principal tema","author":"noticiasribeiraopreto.com.br","date":"22 de September de 2025","format":false,"excerpt":"Encontro foi convocado pela Fran\u00e7a e Ar\u00e1bia Saudita O presidente Luiz In\u00e1cio Lula da Silva e outros l\u00edderes globais se re\u00fanem nesta segunda-feira (22) na sede da Organiza\u00e7\u00e3o das Na\u00e7\u00f5es Unidas (ONU), em Nova York, para discutir a situa\u00e7\u00e3o da Palestina. A Confer\u00eancia Internacional de Alto N\u00edvel para a Solu\u00e7\u00e3o\u2026","rel":"","context":"In &quot;Not\u00edcias de Ribeir\u00e3o Preto-SP e Regi\u00e3o&quot;","block_context":{"text":"Not\u00edcias de Ribeir\u00e3o Preto-SP e Regi\u00e3o","link":"https:\/\/noticiasribeiraopreto.com.br\/index.php\/category\/noticias-de-ribeirao-preto-sp-e-regiao-ismael-colosi\/"},"img":{"alt_text":"","src":"https:\/\/i0.wp.com\/noticiasribeiraopreto.com.br\/wp-content\/uploads\/2025\/09\/Onu.webp.webp?fit=1170%2C700&ssl=1&resize=350%2C200","width":350,"height":200,"srcset":"https:\/\/i0.wp.com\/noticiasribeiraopreto.com.br\/wp-content\/uploads\/2025\/09\/Onu.webp.webp?fit=1170%2C700&ssl=1&resize=350%2C200 1x, https:\/\/i0.wp.com\/noticiasribeiraopreto.com.br\/wp-content\/uploads\/2025\/09\/Onu.webp.webp?fit=1170%2C700&ssl=1&resize=525%2C300 1.5x, https:\/\/i0.wp.com\/noticiasribeiraopreto.com.br\/wp-content\/uploads\/2025\/09\/Onu.webp.webp?fit=1170%2C700&ssl=1&resize=700%2C400 2x, https:\/\/i0.wp.com\/noticiasribeiraopreto.com.br\/wp-content\/uploads\/2025\/09\/Onu.webp.webp?fit=1170%2C700&ssl=1&resize=1050%2C600 3x"},"classes":[]},{"id":42502,"url":"https:\/\/noticiasribeiraopreto.com.br\/index.php\/2024\/03\/14\/lula-quer-mecanismos-para-baixar-preco-dos-alimentos\/","url_meta":{"origin":28264,"position":4},"title":"Lula quer mecanismos para baixar pre\u00e7o dos alimentos","author":"noticiasribeiraopreto.com.br","date":"14 de March de 2024","format":false,"excerpt":"Por Sofia AguiarO presidente da Rep\u00fablica, Luiz In\u00e1cio Lula da Silva, afirmou que discutir\u00e1 com integrantes do governo mecanismos para a redu\u00e7\u00e3o do pre\u00e7o dos alimentos. Segundo o chefe do Executivo, a reuni\u00e3o ter\u00e1 como foco a produ\u00e7\u00e3o desses produtos.\u201cAgora pela manh\u00e3 vamos falar sobre a produ\u00e7\u00e3o de alimentos e\u2026","rel":"","context":"In &quot;Not\u00edcias de Ribeir\u00e3o Preto-SP e Regi\u00e3o&quot;","block_context":{"text":"Not\u00edcias de Ribeir\u00e3o Preto-SP e Regi\u00e3o","link":"https:\/\/noticiasribeiraopreto.com.br\/index.php\/category\/noticias-de-ribeirao-preto-sp-e-regiao-ismael-colosi\/"},"img":{"alt_text":"","src":"https:\/\/i0.wp.com\/noticiasribeiraopreto.com.br\/wp-content\/uploads\/2024\/03\/b186d49a-8259-11e9-b84a-00505697492c-wp-660x372-1.jpg?fit=660%2C372&ssl=1&resize=350%2C200","width":350,"height":200,"srcset":"https:\/\/i0.wp.com\/noticiasribeiraopreto.com.br\/wp-content\/uploads\/2024\/03\/b186d49a-8259-11e9-b84a-00505697492c-wp-660x372-1.jpg?fit=660%2C372&ssl=1&resize=350%2C200 1x, https:\/\/i0.wp.com\/noticiasribeiraopreto.com.br\/wp-content\/uploads\/2024\/03\/b186d49a-8259-11e9-b84a-00505697492c-wp-660x372-1.jpg?fit=660%2C372&ssl=1&resize=525%2C300 1.5x"},"classes":[]},{"id":83759,"url":"https:\/\/noticiasribeiraopreto.com.br\/index.php\/2026\/03\/25\/lula-acompanha-teste-de-carro-voador-e-apresentacao-de-caca-supersonico-no-interior-de-sp\/","url_meta":{"origin":28264,"position":5},"title":"Lula acompanha teste de carro voador e apresenta\u00e7\u00e3o de ca\u00e7a supers\u00f4nico no interior de SP","author":"noticiasribeiraopreto.com.br","date":"25 de March de 2026","format":false,"excerpt":"O presidente da Rep\u00fablica, Luiz In\u00e1cio Lula da Silva (PT), esteve em Gavi\u00e3o Peixoto, no interior de S\u00e3o Paulo, nesta quarta-feira (25), onde foi apresentado oficialmente o primeiro ca\u00e7a supers\u00f4nico produzido no Brasil, o F-39E Gripen, em cerim\u00f4nia realizada no complexo industrial da Embraer.\u00a0 Al\u00e9m do presidente, estiveram presentes outras\u2026","rel":"","context":"In &quot;Not\u00edcias de Ribeir\u00e3o Preto-SP e Regi\u00e3o&quot;","block_context":{"text":"Not\u00edcias de Ribeir\u00e3o Preto-SP e Regi\u00e3o","link":"https:\/\/noticiasribeiraopreto.com.br\/index.php\/category\/noticias-de-ribeirao-preto-sp-e-regiao-ismael-colosi\/"},"img":{"alt_text":"","src":"https:\/\/i0.wp.com\/noticiasribeiraopreto.com.br\/wp-content\/uploads\/2026\/03\/lula-embraer-3_2026-03-25_17-26-38.webp.webp?fit=1200%2C728&ssl=1&resize=350%2C200","width":350,"height":200,"srcset":"https:\/\/i0.wp.com\/noticiasribeiraopreto.com.br\/wp-content\/uploads\/2026\/03\/lula-embraer-3_2026-03-25_17-26-38.webp.webp?fit=1200%2C728&ssl=1&resize=350%2C200 1x, https:\/\/i0.wp.com\/noticiasribeiraopreto.com.br\/wp-content\/uploads\/2026\/03\/lula-embraer-3_2026-03-25_17-26-38.webp.webp?fit=1200%2C728&ssl=1&resize=525%2C300 1.5x, https:\/\/i0.wp.com\/noticiasribeiraopreto.com.br\/wp-content\/uploads\/2026\/03\/lula-embraer-3_2026-03-25_17-26-38.webp.webp?fit=1200%2C728&ssl=1&resize=700%2C400 2x, https:\/\/i0.wp.com\/noticiasribeiraopreto.com.br\/wp-content\/uploads\/2026\/03\/lula-embraer-3_2026-03-25_17-26-38.webp.webp?fit=1200%2C728&ssl=1&resize=1050%2C600 3x"},"classes":[]}],"jetpack_sharing_enabled":true,"jetpack_shortlink":"https:\/\/wp.me\/peQAOb-7lS","_links":{"self":[{"href":"https:\/\/noticiasribeiraopreto.com.br\/index.php\/wp-json\/wp\/v2\/posts\/28264","targetHints":{"allow":["GET"]}}],"collection":[{"href":"https:\/\/noticiasribeiraopreto.com.br\/index.php\/wp-json\/wp\/v2\/posts"}],"about":[{"href":"https:\/\/noticiasribeiraopreto.com.br\/index.php\/wp-json\/wp\/v2\/types\/post"}],"author":[{"embeddable":true,"href":"https:\/\/noticiasribeiraopreto.com.br\/index.php\/wp-json\/wp\/v2\/users\/1"}],"replies":[{"embeddable":true,"href":"https:\/\/noticiasribeiraopreto.com.br\/index.php\/wp-json\/wp\/v2\/comments?post=28264"}],"version-history":[{"count":0,"href":"https:\/\/noticiasribeiraopreto.com.br\/index.php\/wp-json\/wp\/v2\/posts\/28264\/revisions"}],"wp:featuredmedia":[{"embeddable":true,"href":"https:\/\/noticiasribeiraopreto.com.br\/index.php\/wp-json\/wp\/v2\/media\/28265"}],"wp:attachment":[{"href":"https:\/\/noticiasribeiraopreto.com.br\/index.php\/wp-json\/wp\/v2\/media?parent=28264"}],"wp:term":[{"taxonomy":"category","embeddable":true,"href":"https:\/\/noticiasribeiraopreto.com.br\/index.php\/wp-json\/wp\/v2\/categories?post=28264"},{"taxonomy":"post_tag","embeddable":true,"href":"https:\/\/noticiasribeiraopreto.com.br\/index.php\/wp-json\/wp\/v2\/tags?post=28264"}],"curies":[{"name":"wp","href":"https:\/\/api.w.org\/{rel}","templated":true}]}}