{"id":28369,"date":"2024-01-15T17:08:21","date_gmt":"2024-01-15T20:08:21","guid":{"rendered":"https:\/\/noticiasribeiraopreto.com.br\/index.php\/2024\/01\/15\/juros-disfarcados-entenda-por-que-a-senacon-esta-de-olho-no-mercado-pago-na-stone-e-no-picpay\/"},"modified":"2024-01-15T17:08:21","modified_gmt":"2024-01-15T20:08:21","slug":"juros-disfarcados-entenda-por-que-a-senacon-esta-de-olho-no-mercado-pago-na-stone-e-no-picpay","status":"publish","type":"post","link":"https:\/\/noticiasribeiraopreto.com.br\/index.php\/2024\/01\/15\/juros-disfarcados-entenda-por-que-a-senacon-esta-de-olho-no-mercado-pago-na-stone-e-no-picpay\/","title":{"rendered":"Juros \u2018disfar\u00e7ados\u2019? Entenda por que a Senacon est\u00e1 de olho no Mercado Pago, na Stone e no PicPay"},"content":{"rendered":"<div class='code-block code-block-1' style='margin: 8px 0 8px auto; text-align: right; display: block; clear: both;'>\n<p><a href=\"https:\/\/wa.link\/vpicfd\"><img data-recalc-dims=\"1\" class=\"wp-image-4922\" style=\"aspect-ratio: 2.0253164556962027; width: 561px; height: auto;\" src=\"https:\/\/i0.wp.com\/ismaelcolosi.com.br\/wp-content\/uploads\/2023\/11\/grupo-de-empregos-whatsapp-e-facebook-ismael-colosi-vagas.jpg?ssl=1\" alt=\"\" \/><\/a><\/p>\n<!-- \/wp:image -->\n<\/div>\n<p> <br \/>\n<\/p>\n<div id=\"js-first-letter\">\n<p>A Secretaria Nacional do Consumidor (Senacon) abriu uma medida cautelar contra o <strong>PagBank <\/strong>(ex-PagSeguro), <strong>Mercado Pago<\/strong>, <strong>Stone <\/strong>e <strong>PicPay <\/strong>para que as empresas suspendam a oferta do \u201cparcelado sem juros pirata\u201d.<\/p>\n<p>A decis\u00e3o da Senacon vem na esteira da den\u00fancia da Febraban (Federa\u00e7\u00e3o Brasileira de Bancos) feita no ano passado. De acordo com a Febraban, as quatro empresas cobram juros dos consumidores de forma dissimulada em alguns de seus produtos.<\/p>\n<p>Em nota publicada pela Senacon, a entidade destaca que as companhias supostamente cobravam juros remunerat\u00f3rios disfar\u00e7ados na modalidade \u2018parcelado sem juros\u2019.<\/p>\n<p>A den\u00fancia da Febraban foi feita em meio \u00e0s discuss\u00f5es sobre o cr\u00e9dito rotativo em 2023 entre a entidade, as maquininhas independentes e as fintechs<em> <\/em>sobre as mudan\u00e7as no cr\u00e9dito rotativo.\u00a0<\/p>\n<p>Na \u00e9poca, os bancos exigiam uma restri\u00e7\u00e3o ao parcelado sem juros, argumentando que o produto \u00e9 subsidiado pelos juros do rotativo.\u00a0<\/p>\n<p>Por sua vez, os demais agentes da ind\u00fastria afirmavam que n\u00e3o havia rela\u00e7\u00e3o entre os produtos, e que os bancos tentavam implementar uma agenda anticompetitiva.<\/p>\n<h2 class=\"wp-block-heading\" id=\"h-os-parcelamentos-de-maquininhas-como-o-mercado-pago\">Os parcelamentos de maquininhas como o Mercado Pago<\/h2>\n<p>No caso das maquininhas independentes PagBank, Stone e Mercado Pago, as plataformas permitiriam que os estabelecimentos repassassem ao consumidor os custos adicionais da maquininha atrav\u00e9s do chamado \u201cparcelado comprador\u201d \u2014 que s\u00e3o de responsabilidade do estabelecimento comercial.<\/p>\n<p>Com esse mecanismo, os consumidores pagariam os juros, mas a maquininha inseria a transa\u00e7\u00e3o no sistema da bandeira de cart\u00e3o como se fosse um parcelado sem juros.\u00a0<\/p>\n<p>Os juros seriam de at\u00e9 2,99% ao m\u00eas, de acordo com a Febraban, equivalente a aproximadamente 42,41% ao ano.<\/p>\n<p>Enquanto isso, as carteiras digitais Mercado Pago e o PicPay foram denunciadas pela Febraban por supostamente cobrarem\u00a0 juros dos consumidores \u201cdisfar\u00e7ados pelos mais diversos nomes\u201d em transa\u00e7\u00f5es parceladas, mas que tamb\u00e9m seriam inseridas nos sistemas das bandeiras como parcelados sem juros.<\/p>\n<p>Segundo a nota da Senacom, esses juros seriam disfar\u00e7ados como \u2018\u2019taxas de servi\u00e7os\u2019\u2019 ou &#8220;taxas de uso do cart\u00e3o.&#8221;\u00a0<\/p>\n<p>Al\u00e9m disso, as carteiras digitais supostamente estariam concedendo empr\u00e9stimos aos consumidores \u2014 e cobrando juros \u2014 de forma dissimulada.<\/p>\n<p>De acordo com a den\u00fancia, as empresas desenvolveram um produto denominado &#8220;Parcelado Sem Juros Pirata&#8221;, no qual cobram juros dos consumidores, mas registram na fatura do cart\u00e3o de cr\u00e9dito como se fosse uma modalidade de parcelamento sem juros.<\/p>\n<p>\u201cApesar de cobrar juros do consumidor, a \u2018maquininha independente\u2019 insere, nos sistemas da bandeira do cart\u00e3o, uma transa\u00e7\u00e3o n\u00e3o verdadeira de \u2018Parcelado sem Juros\u2019\u201d, afirma a nota.\u00a0<\/p>\n<p>Segundo a Febraban, na pr\u00e1tica, as carteiras digitais estariam supostamente \u201cregistrando pagamento parcelado sem juros no cart\u00e3o de cr\u00e9dito, mas sem qualquer rela\u00e7\u00e3o com a venda de mercadoria ou presta\u00e7\u00e3o de servi\u00e7o\u201d.\u00a0<\/p>\n<p>\u201cAs carteiras digitais, utilizam o limite do cart\u00e3o de cr\u00e9dito das pessoas, antecipam recursos ao consumidor para transfer\u00eancias de dinheiro, pagamentos de contas, boletos banc\u00e1rios ou fatura de cart\u00e3o, para depois serem pagos de forma parcelada, acrescidos de juros, mas lan\u00e7ando no cart\u00e3o de cr\u00e9dito uma compra parcelada sem juros.\u201d<\/p>\n<figure class=\"wp-block-embed is-type-video is-provider-youtube wp-block-embed-youtube wp-embed-aspect-16-9 wp-has-aspect-ratio\">\n<p>\n<iframe loading=\"lazy\" title=\"AQUI EST\u00c1 NOSSA REAL OPINI\u00c3O SOBRE O 1\u00b0 ANO DE LULA I TOUROS E URSOS\" width=\"500\" height=\"281\" src=\"https:\/\/www.youtube.com\/embed\/E6ANetKtpW4?feature=oembed\" frameborder=\"0\" allow=\"accelerometer; autoplay; clipboard-write; encrypted-media; gyroscope; picture-in-picture; web-share\" referrerpolicy=\"strict-origin-when-cross-origin\" allowfullscreen><\/iframe>\n<\/p>\n<\/figure>\n<h2 class=\"wp-block-heading\" id=\"h-a-decisao-da-senacon\">A decis\u00e3o da Senacon<\/h2>\n<p>A Senacon determinou que as empresas devem apresentar em at\u00e9 10 dias um relat\u00f3rio de transpar\u00eancia detalhando as medidas adotadas para cumprir a decis\u00e3o cautelar, incluindo a forma como \u00e9 realizada a cobran\u00e7a de tarifas e juros remunerat\u00f3rios, se os consumidores s\u00e3o avisados previamente e se houve restitui\u00e7\u00e3o de tarifas ou juros.<\/p>\n<p>Caso as companhias n\u00e3o atendam as solicita\u00e7\u00f5es dentro do prazo estipulado, os efeitos da cautelar devem ser aplicados.\u00a0<\/p>\n<p>Entre eles, est\u00e3o a suspens\u00e3o da cobran\u00e7a de juros remunerat\u00f3rios na modalidade &#8216;parcelado sem juros&#8217;, sob pena de multa di\u00e1ria de R$ 5 mil pelo descumprimento.<\/p>\n<p>Al\u00e9m disso, a entidade ordenou que as companhias deixem claro ao consumidor todas as informa\u00e7\u00f5es relativas \u00e0s opera\u00e7\u00f5es.<\/p>\n<p>\u201cConsiderando o impacto nacional que essas empresas possuem no mercado brasileiro, a medida cautelar da Senacon visa proteger os consumidores e garantir a transpar\u00eancia nas opera\u00e7\u00f5es financeiras\u201d, afirma o secret\u00e1rio Nacional do Consumidor, Wadih Damous.<\/p>\n<p>A Senacon afirmou que tamb\u00e9m solicitar\u00e1 uma manifesta\u00e7\u00e3o do Banco Central, do Cade (Conselho Administrativo de Defesa Econ\u00f4mica) e do Conar a respeito do tema e de outras institui\u00e7\u00f5es.<\/p>\n<h2 class=\"wp-block-heading\" id=\"h-o-que-diz-o-mercado-pago\">O que diz o Mercado Pago<\/h2>\n<p>O Mercado Pago est\u00e1 analisando o pedido de esclarecimentos da Senacon sobre o \u2018parcelado comprador\u2019. A fintech afirma que a den\u00fancia da Febraban contra o produto \u00e9 uma tentativa de frear a concorr\u00eancia no setor financeiro.<\/p>\n<p>&#8220;O Mercado Pago est\u00e1 analisando o pedido de esclarecimento da Senacon e seguir\u00e1 colaborando com a autoridade, que suspendeu os efeitos da ordem cautelar at\u00e9 que mais informa\u00e7\u00f5es sejam oferecidas&#8221;, disse a empresa.<\/p>\n<p>De acordo com a fintech, todas as modalidades e condi\u00e7\u00f5es de pagamento que oferece aos clientes s\u00e3o oferecidas de acordo com a regulamenta\u00e7\u00e3o do setor, e apresentadas ao consumidor e aos vendedores de forma transparente e clara.<\/p>\n<p>&#8220;Considerando que o tema j\u00e1 foi debatido e superado no passado junto \u00e0 ind\u00fastria e ao regulador, o Mercado Pago entende que se trata de mais uma tentativa de frear a concorr\u00eancia por meio de uma ofensiva direcionada exclusivamente a empresas que n\u00e3o pertencem a grandes conglomerados financeiros&#8221;, afirma a companhia.<\/p>\n<\/div>\n<p><br \/>\n<br \/><a href=\"https:\/\/www.seudinheiro.com\/2024\/empresas\/juros-disfarcados-entenda-por-que-a-senacon-esta-de-olho-no-mercado-pago-na-stone-e-no-picpay-miql\/\">Source link <\/a><\/p>\n<!-- CONTENT END 1 -->\n","protected":false},"excerpt":{"rendered":"<p>A Secretaria Nacional do Consumidor (Senacon) abriu uma medida cautelar contra o PagBank (ex-PagSeguro), Mercado Pago, Stone e PicPay para que as empresas suspendam a&#8230;<\/p>\n","protected":false},"author":1,"featured_media":28370,"comment_status":"open","ping_status":"open","sticky":false,"template":"","format":"standard","meta":{"advanced_seo_description":"","jetpack_seo_html_title":"","jetpack_seo_noindex":false,"jetpack_post_was_ever_published":false,"_jetpack_newsletter_access":"","_jetpack_dont_email_post_to_subs":false,"_jetpack_newsletter_tier_id":0,"_jetpack_memberships_contains_paywalled_content":false,"_jetpack_memberships_contains_paid_content":false,"footnotes":"","jetpack_publicize_message":"","jetpack_publicize_feature_enabled":true,"jetpack_social_post_already_shared":true,"jetpack_social_options":{"image_generator_settings":{"template":"highway","default_image_id":0,"font":"","enabled":false},"version":2}},"categories":[1235],"tags":[],"class_list":["post-28369","post","type-post","status-publish","format-standard","has-post-thumbnail","hentry","category-dinheiro-e-investimento-como-fazer-como-ganhar"],"jetpack_publicize_connections":[],"jetpack_featured_media_url":"https:\/\/i0.wp.com\/noticiasribeiraopreto.com.br\/wp-content\/uploads\/2024\/01\/Point-Pro_Credito-Sergio-Zacchi-628x353.jpg?fit=628%2C353&ssl=1","jetpack-related-posts":[{"id":31241,"url":"https:\/\/noticiasribeiraopreto.com.br\/index.php\/2024\/01\/21\/mercado-pago-e-stone-a-salvo-senacon-volta-atras-de-medidas-contra-empresas-de-maquinas-de-pagamento\/","url_meta":{"origin":28369,"position":0},"title":"Mercado Pago e Stone a salvo? Senacon volta atr\u00e1s de medidas contra empresas de m\u00e1quinas de pagamento","author":"noticiasribeiraopreto.com.br","date":"21 de January de 2024","format":false,"excerpt":"A Secretaria Nacional do Consumidor (Senacon) decidiu voltar atr\u00e1s nas medidas contra as empresas de \"maquininhas de pagamento\". A Senacon anunciou que revogou na \u00faltima sexta-feira (19) a medida cautelar contra as companhias PagBank (ex-PagSeguro), Mercado Pago, Stone e PicPay. Na semana passada, a Senacon ordenou que as empresas suspendessem\u2026","rel":"","context":"In &quot;Dinheiro e Investimento&quot;","block_context":{"text":"Dinheiro e Investimento","link":"https:\/\/noticiasribeiraopreto.com.br\/index.php\/category\/dinheiro-e-investimento-como-fazer-como-ganhar\/"},"img":{"alt_text":"","src":"https:\/\/i0.wp.com\/noticiasribeiraopreto.com.br\/wp-content\/uploads\/2024\/01\/1705862333_Point-Pro_Credito-Sergio-Zacchi-628x353.jpg?fit=628%2C353&ssl=1&resize=350%2C200","width":350,"height":200,"srcset":"https:\/\/i0.wp.com\/noticiasribeiraopreto.com.br\/wp-content\/uploads\/2024\/01\/1705862333_Point-Pro_Credito-Sergio-Zacchi-628x353.jpg?fit=628%2C353&ssl=1&resize=350%2C200 1x, https:\/\/i0.wp.com\/noticiasribeiraopreto.com.br\/wp-content\/uploads\/2024\/01\/1705862333_Point-Pro_Credito-Sergio-Zacchi-628x353.jpg?fit=628%2C353&ssl=1&resize=525%2C300 1.5x"},"classes":[]},{"id":13218,"url":"https:\/\/noticiasribeiraopreto.com.br\/index.php\/2023\/12\/09\/parcelado-sem-juros-pirata-bancos-acusam-maquininhas-de-cartao-como-a-stone-de-fraude-em-vendas-a-prazo-mas-operadoras-negam\/","url_meta":{"origin":28369,"position":1},"title":"Parcelado sem juros &#8216;pirata&#8217;: Bancos acusam maquininhas de cart\u00e3o como a Stone de fraude em vendas a prazo, mas operadoras negam","author":"noticiasribeiraopreto.com.br","date":"9 de December de 2023","format":false,"excerpt":"A Federa\u00e7\u00e3o Brasileira de Bancos (Febraban) apresentou ao Banco Central, ao Minist\u00e9rio P\u00fablico e \u00e0 Justi\u00e7a de S\u00e3o Paulo den\u00fancias contra as empresas de maquininhas de cart\u00e3o de cr\u00e9dito, acusando a exist\u00eancia de um esquema fraudulento nas vendas a prazo, batizado de parcelado sem juros \"pirata\". A fraude consistiria numa\u2026","rel":"","context":"In &quot;Dinheiro e Investimento&quot;","block_context":{"text":"Dinheiro e Investimento","link":"https:\/\/noticiasribeiraopreto.com.br\/index.php\/category\/dinheiro-e-investimento-como-fazer-como-ganhar\/"},"img":{"alt_text":"","src":"https:\/\/i0.wp.com\/noticiasribeiraopreto.com.br\/wp-content\/uploads\/2023\/12\/Stone-Divulgacao-2-628x353.jpg?fit=628%2C353&ssl=1&resize=350%2C200","width":350,"height":200,"srcset":"https:\/\/i0.wp.com\/noticiasribeiraopreto.com.br\/wp-content\/uploads\/2023\/12\/Stone-Divulgacao-2-628x353.jpg?fit=628%2C353&ssl=1&resize=350%2C200 1x, https:\/\/i0.wp.com\/noticiasribeiraopreto.com.br\/wp-content\/uploads\/2023\/12\/Stone-Divulgacao-2-628x353.jpg?fit=628%2C353&ssl=1&resize=525%2C300 1.5x"},"classes":[]},{"id":42572,"url":"https:\/\/noticiasribeiraopreto.com.br\/index.php\/2024\/03\/15\/bancos-fazem-mutirao-de-negociacao-de-dividas-a-partir-desta-sexta\/","url_meta":{"origin":28369,"position":2},"title":"Bancos fazem mutir\u00e3o de negocia\u00e7\u00e3o de d\u00edvidas a partir desta sexta","author":"noticiasribeiraopreto.com.br","date":"15 de March de 2024","format":false,"excerpt":"15 de mar\u00e7o de 2024 | 12:0015 de mar\u00e7o de 2024 | 11:57 0A Federa\u00e7\u00e3o Brasileira de Bancos (Febraban) iniciou, nesta sexta-feira (15), um mutir\u00e3o de negocia\u00e7\u00e3o de d\u00edvidas. A campanha nacional segue at\u00e9 15 de abril e \u00e9 realizada em parceria com o Banco Central, a Secretaria Nacional do\u2026","rel":"","context":"In &quot;Not\u00edcias de Ribeir\u00e3o Preto-SP e Regi\u00e3o&quot;","block_context":{"text":"Not\u00edcias de Ribeir\u00e3o Preto-SP e Regi\u00e3o","link":"https:\/\/noticiasribeiraopreto.com.br\/index.php\/category\/noticias-de-ribeirao-preto-sp-e-regiao-ismael-colosi\/"},"img":{"alt_text":"","src":"https:\/\/i0.wp.com\/noticiasribeiraopreto.com.br\/wp-content\/uploads\/2024\/03\/d3eaf9e9-d231-4bac-a114-8467109bd8ff.jpg?fit=750%2C375&ssl=1&resize=350%2C200","width":350,"height":200,"srcset":"https:\/\/i0.wp.com\/noticiasribeiraopreto.com.br\/wp-content\/uploads\/2024\/03\/d3eaf9e9-d231-4bac-a114-8467109bd8ff.jpg?fit=750%2C375&ssl=1&resize=350%2C200 1x, https:\/\/i0.wp.com\/noticiasribeiraopreto.com.br\/wp-content\/uploads\/2024\/03\/d3eaf9e9-d231-4bac-a114-8467109bd8ff.jpg?fit=750%2C375&ssl=1&resize=525%2C300 1.5x, https:\/\/i0.wp.com\/noticiasribeiraopreto.com.br\/wp-content\/uploads\/2024\/03\/d3eaf9e9-d231-4bac-a114-8467109bd8ff.jpg?fit=750%2C375&ssl=1&resize=700%2C400 2x"},"classes":[]},{"id":19039,"url":"https:\/\/noticiasribeiraopreto.com.br\/index.php\/2023\/12\/21\/cmn-debate-teto-dos-juros-do-rotativo-do-cartao-de-credito-hoje-associacao-do-setor-pede-manutencao-de-mecanismos-do-livre-mercado\/","url_meta":{"origin":28369,"position":3},"title":"CMN debate teto dos juros do rotativo do cart\u00e3o de cr\u00e9dito hoje; associa\u00e7\u00e3o do setor pede manuten\u00e7\u00e3o de &#8216;mecanismos do livre mercado&#8217;","author":"noticiasribeiraopreto.com.br","date":"21 de December de 2023","format":false,"excerpt":"A Associa\u00e7\u00e3o Brasileira de Internet (Abranet), que re\u00fane empresas como PagBank (ex-PagSeguro) e Mercado Pago, afirma que espera que o Conselho Monet\u00e1rio Nacional (CMN) mantenha mecanismos de livre mercado e da livre competi\u00e7\u00e3o ao analisar a regula\u00e7\u00e3o do cart\u00e3o de cr\u00e9dito, em reuni\u00e3o que acontece nesta quinta-feira (21). \"A Abranet,\u2026","rel":"","context":"In &quot;Dinheiro e Investimento&quot;","block_context":{"text":"Dinheiro e Investimento","link":"https:\/\/noticiasribeiraopreto.com.br\/index.php\/category\/dinheiro-e-investimento-como-fazer-como-ganhar\/"},"img":{"alt_text":"","src":"https:\/\/i0.wp.com\/noticiasribeiraopreto.com.br\/wp-content\/uploads\/2023\/12\/shutterstock_232260670-628x353.jpg?fit=628%2C353&ssl=1&resize=350%2C200","width":350,"height":200,"srcset":"https:\/\/i0.wp.com\/noticiasribeiraopreto.com.br\/wp-content\/uploads\/2023\/12\/shutterstock_232260670-628x353.jpg?fit=628%2C353&ssl=1&resize=350%2C200 1x, https:\/\/i0.wp.com\/noticiasribeiraopreto.com.br\/wp-content\/uploads\/2023\/12\/shutterstock_232260670-628x353.jpg?fit=628%2C353&ssl=1&resize=525%2C300 1.5x"},"classes":[]},{"id":21592,"url":"https:\/\/noticiasribeiraopreto.com.br\/index.php\/2023\/12\/28\/brasileiros-podem-ter-cartao-de-credito-cancelado\/","url_meta":{"origin":28369,"position":4},"title":"Brasileiros podem ter cart\u00e3o de cr\u00e9dito cancelado","author":"noticiasribeiraopreto.com.br","date":"28 de December de 2023","format":false,"excerpt":"Nesta semana, o Conselho Monet\u00e1rio Nacional (CMN) decidiu estabelecer um limite para os chamados juros rotativos do cart\u00e3o de cr\u00e9dito. A medida animou muitos consumidores, que temem cair em uma bola de neve de d\u00edvidas. Mas o fato \u00e9 que nem todo mundo aprovou a decis\u00e3o. \u00c9 o caso, por\u2026","rel":"","context":"In &quot;Vagas de Emprego em Ribeir\u00e3o Preto-SP&quot;","block_context":{"text":"Vagas de Emprego em Ribeir\u00e3o Preto-SP","link":"https:\/\/noticiasribeiraopreto.com.br\/index.php\/category\/empregos-classificados-vagas-trabalho\/vagas-de-empregos-em-ribeirao-preto-regiao-brasil\/"},"img":{"alt_text":"","src":"https:\/\/i0.wp.com\/noticiasribeiraopreto.com.br\/wp-content\/uploads\/2023\/12\/noticiasconcursos.com_.br-brasileiros-podem-ter-cartao-de-credito-cancelado-nc-10.webp.webp?fit=770%2C513&ssl=1&resize=350%2C200","width":350,"height":200,"srcset":"https:\/\/i0.wp.com\/noticiasribeiraopreto.com.br\/wp-content\/uploads\/2023\/12\/noticiasconcursos.com_.br-brasileiros-podem-ter-cartao-de-credito-cancelado-nc-10.webp.webp?fit=770%2C513&ssl=1&resize=350%2C200 1x, https:\/\/i0.wp.com\/noticiasribeiraopreto.com.br\/wp-content\/uploads\/2023\/12\/noticiasconcursos.com_.br-brasileiros-podem-ter-cartao-de-credito-cancelado-nc-10.webp.webp?fit=770%2C513&ssl=1&resize=525%2C300 1.5x, https:\/\/i0.wp.com\/noticiasribeiraopreto.com.br\/wp-content\/uploads\/2023\/12\/noticiasconcursos.com_.br-brasileiros-podem-ter-cartao-de-credito-cancelado-nc-10.webp.webp?fit=770%2C513&ssl=1&resize=700%2C400 2x"},"classes":[]},{"id":68969,"url":"https:\/\/noticiasribeiraopreto.com.br\/index.php\/2025\/04\/30\/governo-determina-retirada-de-anuncios-de-cigarros-eletronicos-das-redes-sociais\/","url_meta":{"origin":28369,"position":5},"title":"Governo determina retirada de an\u00fancios de cigarros eletr\u00f4nicos das redes sociais","author":"noticiasribeiraopreto.com.br","date":"30 de April de 2025","format":false,"excerpt":"A Secretaria Nacional do Consumidor (Senacon) notificou as plataformas digitais para removerem, em at\u00e9 48 horas, an\u00fancios e conte\u00fados que promovam ou comercializem cigarros eletr\u00f4nicos, tamb\u00e9m conhecidos como \u201cvapes\u201d. As notifica\u00e7\u00f5es foram emitidas na ter\u00e7a-feira (29) e divulgadas oficialmente nesta quarta-feira, 30. O objetivo \u00e9 impedir a circula\u00e7\u00e3o de material\u2026","rel":"","context":"In &quot;Not\u00edcias de Ribeir\u00e3o Preto-SP e Regi\u00e3o&quot;","block_context":{"text":"Not\u00edcias de Ribeir\u00e3o Preto-SP e Regi\u00e3o","link":"https:\/\/noticiasribeiraopreto.com.br\/index.php\/category\/noticias-de-ribeirao-preto-sp-e-regiao-ismael-colosi\/"},"img":{"alt_text":"","src":"https:\/\/i0.wp.com\/noticiasribeiraopreto.com.br\/wp-content\/uploads\/2025\/04\/man-with-concealed-identity-smoking-controversial-vaping-electronic-cigarette-vaping-is-debatable-health-community-if-it-is-safe-health-risk_2025-04-30_23-33-24.webp.webp?fit=1200%2C800&ssl=1&resize=350%2C200","width":350,"height":200,"srcset":"https:\/\/i0.wp.com\/noticiasribeiraopreto.com.br\/wp-content\/uploads\/2025\/04\/man-with-concealed-identity-smoking-controversial-vaping-electronic-cigarette-vaping-is-debatable-health-community-if-it-is-safe-health-risk_2025-04-30_23-33-24.webp.webp?fit=1200%2C800&ssl=1&resize=350%2C200 1x, https:\/\/i0.wp.com\/noticiasribeiraopreto.com.br\/wp-content\/uploads\/2025\/04\/man-with-concealed-identity-smoking-controversial-vaping-electronic-cigarette-vaping-is-debatable-health-community-if-it-is-safe-health-risk_2025-04-30_23-33-24.webp.webp?fit=1200%2C800&ssl=1&resize=525%2C300 1.5x, https:\/\/i0.wp.com\/noticiasribeiraopreto.com.br\/wp-content\/uploads\/2025\/04\/man-with-concealed-identity-smoking-controversial-vaping-electronic-cigarette-vaping-is-debatable-health-community-if-it-is-safe-health-risk_2025-04-30_23-33-24.webp.webp?fit=1200%2C800&ssl=1&resize=700%2C400 2x, https:\/\/i0.wp.com\/noticiasribeiraopreto.com.br\/wp-content\/uploads\/2025\/04\/man-with-concealed-identity-smoking-controversial-vaping-electronic-cigarette-vaping-is-debatable-health-community-if-it-is-safe-health-risk_2025-04-30_23-33-24.webp.webp?fit=1200%2C800&ssl=1&resize=1050%2C600 3x"},"classes":[]}],"jetpack_sharing_enabled":true,"jetpack_shortlink":"https:\/\/wp.me\/peQAOb-7nz","_links":{"self":[{"href":"https:\/\/noticiasribeiraopreto.com.br\/index.php\/wp-json\/wp\/v2\/posts\/28369","targetHints":{"allow":["GET"]}}],"collection":[{"href":"https:\/\/noticiasribeiraopreto.com.br\/index.php\/wp-json\/wp\/v2\/posts"}],"about":[{"href":"https:\/\/noticiasribeiraopreto.com.br\/index.php\/wp-json\/wp\/v2\/types\/post"}],"author":[{"embeddable":true,"href":"https:\/\/noticiasribeiraopreto.com.br\/index.php\/wp-json\/wp\/v2\/users\/1"}],"replies":[{"embeddable":true,"href":"https:\/\/noticiasribeiraopreto.com.br\/index.php\/wp-json\/wp\/v2\/comments?post=28369"}],"version-history":[{"count":0,"href":"https:\/\/noticiasribeiraopreto.com.br\/index.php\/wp-json\/wp\/v2\/posts\/28369\/revisions"}],"wp:featuredmedia":[{"embeddable":true,"href":"https:\/\/noticiasribeiraopreto.com.br\/index.php\/wp-json\/wp\/v2\/media\/28370"}],"wp:attachment":[{"href":"https:\/\/noticiasribeiraopreto.com.br\/index.php\/wp-json\/wp\/v2\/media?parent=28369"}],"wp:term":[{"taxonomy":"category","embeddable":true,"href":"https:\/\/noticiasribeiraopreto.com.br\/index.php\/wp-json\/wp\/v2\/categories?post=28369"},{"taxonomy":"post_tag","embeddable":true,"href":"https:\/\/noticiasribeiraopreto.com.br\/index.php\/wp-json\/wp\/v2\/tags?post=28369"}],"curies":[{"name":"wp","href":"https:\/\/api.w.org\/{rel}","templated":true}]}}