{"id":28375,"date":"2024-01-15T17:16:38","date_gmt":"2024-01-15T20:16:38","guid":{"rendered":"https:\/\/noticiasribeiraopreto.com.br\/index.php\/2024\/01\/15\/grupo-menos-e-mais-traz-para-ribeirao-a-turne-churrasquinho-veja-quando-sera-o-show\/"},"modified":"2024-01-15T17:16:38","modified_gmt":"2024-01-15T20:16:38","slug":"grupo-menos-e-mais-traz-para-ribeirao-a-turne-churrasquinho-veja-quando-sera-o-show","status":"publish","type":"post","link":"https:\/\/noticiasribeiraopreto.com.br\/index.php\/2024\/01\/15\/grupo-menos-e-mais-traz-para-ribeirao-a-turne-churrasquinho-veja-quando-sera-o-show\/","title":{"rendered":"Grupo Menos \u00e9 Mais traz para Ribeir\u00e3o a turn\u00ea &#8216;Churrasquinho&#8217;; Veja quando ser\u00e1 o show"},"content":{"rendered":"<div class='code-block code-block-1' style='margin: 8px 0 8px auto; text-align: right; display: block; clear: both;'>\n<p><a href=\"https:\/\/wa.link\/vpicfd\"><img data-recalc-dims=\"1\" class=\"wp-image-4922\" style=\"aspect-ratio: 2.0253164556962027; width: 561px; height: auto;\" src=\"https:\/\/i0.wp.com\/ismaelcolosi.com.br\/wp-content\/uploads\/2023\/11\/grupo-de-empregos-whatsapp-e-facebook-ismael-colosi-vagas.jpg?ssl=1\" alt=\"\" \/><\/a><\/p>\n<!-- \/wp:image -->\n<\/div>\n<p> <br \/>\n<\/p>\n<div data-td-block-uid=\"tdi_104\">\n<div class=\"tdb-block-inner td-fix-index\">\n<p>O grupo <strong>Menos \u00e9 Mais<\/strong> traz para <strong>Ribeir\u00e3o Preto<\/strong>, a turn\u00ea \u201c<strong>Churrasquinho 2024<\/strong>\u201d, no <strong>dia 16 de mar\u00e7o<\/strong>. De acordo com a organiza\u00e7\u00e3o, ser\u00e3o mais de quatro horas de samba e pagode, com a presen\u00e7a de convidados especiais.<\/p>\n<p><mark style=\"background-color:#fcb900\" class=\"has-inline-color\">Os ingressos ser\u00e3o vendidos a partir desta <strong>quinta-feira (18)<\/strong><\/mark>, em uma plataforma on-line (<a href=\"https:\/\/ingresse.com\/\" target=\"_blank\" rel=\"noreferrer noopener\">clique aqui<\/a>). Os valores ainda n\u00e3o foram divulgados, contudo, existir\u00e3o dois setores: <strong>pista <\/strong>e <strong>\u00e1rea open bar<\/strong>.<\/p>\n<p>A apresenta\u00e7\u00e3o do grupo, que possui mais de <strong>2,5 milh\u00f5es de seguidores no Instagram<\/strong>, acontece no Haras Manoel Le\u00e3o, na rodovia C\u00e2ndido Portinari, pr\u00f3ximo ao km 327. O evento contar\u00e1 com <strong>palco 360\u00b0<\/strong> e <strong>cenografia exclusiva e itinerante<\/strong>.<\/p>\n<figure class=\"wp-block-pullquote has-text-align-left\">\n<blockquote>\n<p>\u201cQueremos que o p\u00fablico se sinta pr\u00f3ximo aos artistas, vivenciando algo \u00fanico. Tudo foi pensado para proporcionar um momento inesquec\u00edvel e repleto de boa m\u00fasica aos f\u00e3s\u201d, disse Victor Brentegani, s\u00f3cio-diretor da faro eventos, respons\u00e1vel pela apresenta\u00e7\u00e3o.<\/p>\n<\/blockquote>\n<\/figure>\n<p>O grupo musical se apresentou pela primeira na <strong>Festa do Pe\u00e3o de Barretos<\/strong>, em agosto de 2023. Eles s\u00e3o respons\u00e1veis por hits como \u201c<strong>Lapada Dela<\/strong>\u201c, \u201c<strong>Vai Me Dando Corda<\/strong>\u201d e \u201c<strong>Foi Bom, Mas Foi Ontem<\/strong>\u201c.<\/p>\n<p><iframe loading=\"lazy\" title=\"Grupo Menos \u00e9 Mais e Matheus Fernandes - Lapada Dela (Clipe Oficial)\" width=\"500\" height=\"281\" src=\"https:\/\/www.youtube.com\/embed\/fd3PJfv7SaY?feature=oembed\" frameborder=\"0\" allow=\"accelerometer; autoplay; clipboard-write; encrypted-media; gyroscope; picture-in-picture; web-share\" referrerpolicy=\"strict-origin-when-cross-origin\" allowfullscreen><\/iframe><\/p>\n<p>SAIBA MAIS<\/p>\n<p>Monobloco far\u00e1 apresenta\u00e7\u00e3o no pr\u00e9-Carnaval em Ribeir\u00e3o Preto<\/p>\n<h4 class=\"wp-block-heading\"><strong><mark style=\"background-color:#fcb900\" class=\"has-inline-color\">FIQUE ON<\/mark><\/strong><\/h4>\n<p>Fique ligado em tudo que acontece em Ribeir\u00e3o Preto e regi\u00e3o. Siga os perfis do<strong>\u00a0acidade on\u00a0<\/strong>no\u00a0<a href=\"https:\/\/www.instagram.com\/acidadeonribeirao\" target=\"_blank\" rel=\"noreferrer noopener\">Instagram<\/a>\u00a0e no\u00a0<a href=\"https:\/\/www.facebook.com\/acidadeonribeirao\" target=\"_blank\" rel=\"noreferrer noopener\">Facebook.<\/a><\/p>\n<p>Receba not\u00edcias do\u00a0<strong>acidade on<\/strong>\u00a0no WhatsApp.\u00a0<a href=\"https:\/\/chat.whatsapp.com\/Bnv2w66ZT4VDyZW3oiZ69n\" target=\"_blank\" rel=\"noreferrer noopener\">Para entrar no grupo, basta clicar aqui.<\/a><\/p>\n<p>Fa\u00e7a uma den\u00fancia ou sugira uma reportagem sobre Ribeir\u00e3o Preto e regi\u00e3o pelo WhatsApp: 16 99117 7802.<\/p>\n<p>VEJA TAMB\u00c9M<\/p>\n<p>Brownie de creme de avel\u00e3 sem gl\u00faten: veja como fazer<\/p>\n<p><!-- AI CONTENT END 1 -->\n<\/div>\n<\/div>\n<p><script async src=\"\/\/www.instagram.com\/embed.js\"><\/script><br \/>\n<br \/><br \/>\n<br \/><a href=\"https:\/\/www.acidadeon.com\/ribeiraopreto\/lazer-e-cultura\/grupo-menos-e-mais-traz-para-ribeirao-a-turne-churrasquinho-veja-quando-sera-o-show\/\">Source link <\/a><\/p>\n<!-- CONTENT END 1 -->\n","protected":false},"excerpt":{"rendered":"<p>O grupo Menos \u00e9 Mais traz para Ribeir\u00e3o Preto, a turn\u00ea \u201cChurrasquinho 2024\u201d, no dia 16 de mar\u00e7o. De acordo com a organiza\u00e7\u00e3o, ser\u00e3o mais&#8230;<\/p>\n","protected":false},"author":1,"featured_media":28376,"comment_status":"open","ping_status":"open","sticky":false,"template":"","format":"standard","meta":{"advanced_seo_description":"","jetpack_seo_html_title":"","jetpack_seo_noindex":false,"jetpack_post_was_ever_published":false,"_jetpack_newsletter_access":"","_jetpack_dont_email_post_to_subs":false,"_jetpack_newsletter_tier_id":0,"_jetpack_memberships_contains_paywalled_content":false,"_jetpack_memberships_contains_paid_content":false,"footnotes":"","jetpack_publicize_message":"","jetpack_publicize_feature_enabled":true,"jetpack_social_post_already_shared":true,"jetpack_social_options":{"image_generator_settings":{"template":"highway","default_image_id":0,"font":"","enabled":false},"version":2}},"categories":[11],"tags":[3554,494,276,1451,71,620,26,172,360,702,3455,48],"class_list":["post-28375","post","type-post","status-publish","format-standard","has-post-thumbnail","hentry","category-noticias-de-ribeirao-preto-sp-e-regiao-ismael-colosi","tag-churrasquinho","tag-grupo","tag-mais","tag-menos","tag-para","tag-quando","tag-ribeirao","tag-sera","tag-show","tag-traz","tag-turne","tag-veja"],"jetpack_publicize_connections":[],"jetpack_featured_media_url":"https:\/\/i0.wp.com\/noticiasribeiraopreto.com.br\/wp-content\/uploads\/2024\/01\/CHURRASQUINHO-RMC-414-scaled.jpg?fit=2560%2C1706&ssl=1","jetpack-related-posts":[{"id":79740,"url":"https:\/\/noticiasribeiraopreto.com.br\/index.php\/2025\/11\/06\/churrasquinho-do-menos-e-mais-retorna-a-ribeirao-saiba-quando-comecam-as-vendas-de-ingressos\/","url_meta":{"origin":28375,"position":0},"title":"Churrasquinho do Menos \u00e9 Mais retorna a Ribeir\u00e3o; saiba quando come\u00e7am as vendas de ingressos","author":"noticiasribeiraopreto.com.br","date":"6 de November de 2025","format":false,"excerpt":"A venda dos ingressos para a turn\u00ea Churrasquinho 2026, do grupo Menos \u00e9 Mais, em Ribeir\u00e3o Preto, come\u00e7a \u00e0s 12h da pr\u00f3xima quinta-feira (12). O local da apresenta\u00e7\u00e3o e os valores ainda n\u00e3o foram divulgados. Esta \u00e9 a segunda edi\u00e7\u00e3o do projeto em Ribeir\u00e3o Preto, que tem como proposta recriar\u2026","rel":"","context":"In &quot;Not\u00edcias de Ribeir\u00e3o Preto-SP e Regi\u00e3o&quot;","block_context":{"text":"Not\u00edcias de Ribeir\u00e3o Preto-SP e Regi\u00e3o","link":"https:\/\/noticiasribeiraopreto.com.br\/index.php\/category\/noticias-de-ribeirao-preto-sp-e-regiao-ismael-colosi\/"},"img":{"alt_text":"","src":"https:\/\/i0.wp.com\/noticiasribeiraopreto.com.br\/wp-content\/uploads\/2025\/11\/palace-17_2025-11-06_21-48-48.webp.webp?fit=1200%2C675&ssl=1&resize=350%2C200","width":350,"height":200,"srcset":"https:\/\/i0.wp.com\/noticiasribeiraopreto.com.br\/wp-content\/uploads\/2025\/11\/palace-17_2025-11-06_21-48-48.webp.webp?fit=1200%2C675&ssl=1&resize=350%2C200 1x, https:\/\/i0.wp.com\/noticiasribeiraopreto.com.br\/wp-content\/uploads\/2025\/11\/palace-17_2025-11-06_21-48-48.webp.webp?fit=1200%2C675&ssl=1&resize=525%2C300 1.5x, https:\/\/i0.wp.com\/noticiasribeiraopreto.com.br\/wp-content\/uploads\/2025\/11\/palace-17_2025-11-06_21-48-48.webp.webp?fit=1200%2C675&ssl=1&resize=700%2C400 2x, https:\/\/i0.wp.com\/noticiasribeiraopreto.com.br\/wp-content\/uploads\/2025\/11\/palace-17_2025-11-06_21-48-48.webp.webp?fit=1200%2C675&ssl=1&resize=1050%2C600 3x"},"classes":[]},{"id":79420,"url":"https:\/\/noticiasribeiraopreto.com.br\/index.php\/2025\/10\/31\/grupo-menos-e-mais-retorna-a-ribeirao-com-show-da-turne-churrasquinho-veja-quando\/","url_meta":{"origin":28375,"position":1},"title":"Grupo Menos \u00e9 Mais retorna a Ribeir\u00e3o com show da turn\u00ea \u2018Churrasquinho\u2019; Veja quando","author":"noticiasribeiraopreto.com.br","date":"31 de October de 2025","format":false,"excerpt":"O grupo Menos \u00e9 Mais retorna para Ribeir\u00e3o Preto com a turn\u00ea \u2018Churrasquinho\u2019, no dia 11 de abril de 2026. O an\u00fancio foi realizado na noite desta quinta-feira (30), durante coletiva de imprensa. Embora o munic\u00edpio do interior paulista seja a primeira parada da nova turn\u00ea, o local da apresenta\u00e7\u00e3o\u2026","rel":"","context":"In &quot;Not\u00edcias de Ribeir\u00e3o Preto-SP e Regi\u00e3o&quot;","block_context":{"text":"Not\u00edcias de Ribeir\u00e3o Preto-SP e Regi\u00e3o","link":"https:\/\/noticiasribeiraopreto.com.br\/index.php\/category\/noticias-de-ribeirao-preto-sp-e-regiao-ismael-colosi\/"},"img":{"alt_text":"","src":"https:\/\/i0.wp.com\/noticiasribeiraopreto.com.br\/wp-content\/uploads\/2025\/10\/CHURRASQUINHO-RMC-414-1024x683.jpg?fit=1024%2C683&ssl=1&resize=350%2C200","width":350,"height":200,"srcset":"https:\/\/i0.wp.com\/noticiasribeiraopreto.com.br\/wp-content\/uploads\/2025\/10\/CHURRASQUINHO-RMC-414-1024x683.jpg?fit=1024%2C683&ssl=1&resize=350%2C200 1x, https:\/\/i0.wp.com\/noticiasribeiraopreto.com.br\/wp-content\/uploads\/2025\/10\/CHURRASQUINHO-RMC-414-1024x683.jpg?fit=1024%2C683&ssl=1&resize=525%2C300 1.5x, https:\/\/i0.wp.com\/noticiasribeiraopreto.com.br\/wp-content\/uploads\/2025\/10\/CHURRASQUINHO-RMC-414-1024x683.jpg?fit=1024%2C683&ssl=1&resize=700%2C400 2x"},"classes":[]},{"id":37345,"url":"https:\/\/noticiasribeiraopreto.com.br\/index.php\/2024\/02\/15\/ainda-ha-ingressos-para-o-churrasquinho-do-menos-e-mais-em-ribeirao-preto\/","url_meta":{"origin":28375,"position":2},"title":"Ainda h\u00e1 ingressos para o &#8216;Churrasquinho do Menos \u00e9 Mais&#8217; em Ribeir\u00e3o Preto\u00a0","author":"noticiasribeiraopreto.com.br","date":"15 de February de 2024","format":false,"excerpt":"Ainda est\u00e3o dispon\u00edveis os ingressos para o \u201cChurrasquinho do Grupo Menos \u00e9 Mais\u201d, que acontece no dia 16 de mar\u00e7o, a partir das 14h, em Ribeir\u00e3o Preto. Os ingressos podem ser adquiridos de forma on-line (clique aqui) e variam entre R$ 175 e R$ 880. A apresenta\u00e7\u00e3o do grupo acontece\u2026","rel":"","context":"In &quot;Not\u00edcias de Ribeir\u00e3o Preto-SP e Regi\u00e3o&quot;","block_context":{"text":"Not\u00edcias de Ribeir\u00e3o Preto-SP e Regi\u00e3o","link":"https:\/\/noticiasribeiraopreto.com.br\/index.php\/category\/noticias-de-ribeirao-preto-sp-e-regiao-ismael-colosi\/"},"img":{"alt_text":"","src":"https:\/\/i0.wp.com\/noticiasribeiraopreto.com.br\/wp-content\/uploads\/2024\/02\/286185279_167933978979443_1343718831456766453_n.jpg?fit=1080%2C916&ssl=1&resize=350%2C200","width":350,"height":200,"srcset":"https:\/\/i0.wp.com\/noticiasribeiraopreto.com.br\/wp-content\/uploads\/2024\/02\/286185279_167933978979443_1343718831456766453_n.jpg?fit=1080%2C916&ssl=1&resize=350%2C200 1x, https:\/\/i0.wp.com\/noticiasribeiraopreto.com.br\/wp-content\/uploads\/2024\/02\/286185279_167933978979443_1343718831456766453_n.jpg?fit=1080%2C916&ssl=1&resize=525%2C300 1.5x, https:\/\/i0.wp.com\/noticiasribeiraopreto.com.br\/wp-content\/uploads\/2024\/02\/286185279_167933978979443_1343718831456766453_n.jpg?fit=1080%2C916&ssl=1&resize=700%2C400 2x, https:\/\/i0.wp.com\/noticiasribeiraopreto.com.br\/wp-content\/uploads\/2024\/02\/286185279_167933978979443_1343718831456766453_n.jpg?fit=1080%2C916&ssl=1&resize=1050%2C600 3x"},"classes":[]},{"id":42043,"url":"https:\/\/noticiasribeiraopreto.com.br\/index.php\/2024\/03\/12\/tudo-o-que-voce-precisa-saber-sobre-o-churrasquinho-do-menos-e-mais-na-regiao-de-ribeirao-preto\/","url_meta":{"origin":28375,"position":3},"title":"Tudo o que voc\u00ea precisa saber sobre o \u2018Churrasquinho do Menos \u00e9 Mais\u2019 na regi\u00e3o de Ribeir\u00e3o Preto","author":"noticiasribeiraopreto.com.br","date":"12 de March de 2024","format":false,"excerpt":"O grupo Menos \u00e9 Mais desembarca na regi\u00e3o de Ribeir\u00e3o Preto, neste final de semana, a partir das 14h. Os ingressos para o show da turn\u00ea \u201cChurrasquinho 2024\u201d ainda est\u00e3o dispon\u00edveis e podem ser adquiridos de forma on-line (clique aqui). A apresenta\u00e7\u00e3o do conjunto formado pelos integrantes Duz\u00e3o, Gustavo Goes,\u2026","rel":"","context":"In &quot;Not\u00edcias de Ribeir\u00e3o Preto-SP e Regi\u00e3o&quot;","block_context":{"text":"Not\u00edcias de Ribeir\u00e3o Preto-SP e Regi\u00e3o","link":"https:\/\/noticiasribeiraopreto.com.br\/index.php\/category\/noticias-de-ribeirao-preto-sp-e-regiao-ismael-colosi\/"},"img":{"alt_text":"","src":"https:\/\/i0.wp.com\/noticiasribeiraopreto.com.br\/wp-content\/uploads\/2024\/03\/286185279_167933978979443_1343718831456766453_n.jpg?fit=1080%2C916&ssl=1&resize=350%2C200","width":350,"height":200,"srcset":"https:\/\/i0.wp.com\/noticiasribeiraopreto.com.br\/wp-content\/uploads\/2024\/03\/286185279_167933978979443_1343718831456766453_n.jpg?fit=1080%2C916&ssl=1&resize=350%2C200 1x, https:\/\/i0.wp.com\/noticiasribeiraopreto.com.br\/wp-content\/uploads\/2024\/03\/286185279_167933978979443_1343718831456766453_n.jpg?fit=1080%2C916&ssl=1&resize=525%2C300 1.5x, https:\/\/i0.wp.com\/noticiasribeiraopreto.com.br\/wp-content\/uploads\/2024\/03\/286185279_167933978979443_1343718831456766453_n.jpg?fit=1080%2C916&ssl=1&resize=700%2C400 2x, https:\/\/i0.wp.com\/noticiasribeiraopreto.com.br\/wp-content\/uploads\/2024\/03\/286185279_167933978979443_1343718831456766453_n.jpg?fit=1080%2C916&ssl=1&resize=1050%2C600 3x"},"classes":[]},{"id":84458,"url":"https:\/\/noticiasribeiraopreto.com.br\/index.php\/2026\/04\/09\/saiba-tudo-sobre-o-churrasquinho-menos-e-mais-em-ribeirao-preto\/","url_meta":{"origin":28375,"position":4},"title":"Saiba tudo sobre o &#8216;Churrasquinho Menos \u00e9 Mais&#8217; em Ribeir\u00e3o Preto","author":"noticiasribeiraopreto.com.br","date":"9 de April de 2026","format":false,"excerpt":"Ler o resumo da not\u00edcia \r Evento \"Churrasquinho Menos \u00e9 Mais\" ocorre neste s\u00e1bado (11) no est\u00e1dio Palma Travassos, em Ribeir\u00e3o Preto.\r Projeto surgiu no YouTube como registro entre amigos reproduzindo rodas de pagode e \"churrascos de laje\".\r Evento se tornou uma das maiores labels musicais do pa\u00eds e atualmente\u2026","rel":"","context":"In &quot;Not\u00edcias de Ribeir\u00e3o Preto-SP e Regi\u00e3o&quot;","block_context":{"text":"Not\u00edcias de Ribeir\u00e3o Preto-SP e Regi\u00e3o","link":"https:\/\/noticiasribeiraopreto.com.br\/index.php\/category\/noticias-de-ribeirao-preto-sp-e-regiao-ismael-colosi\/"},"img":{"alt_text":"","src":"https:\/\/i0.wp.com\/noticiasribeiraopreto.com.br\/wp-content\/uploads\/2026\/04\/palace-2026-04-09T153609.589_2026-04-09_18-40-34.webp.webp?fit=1200%2C675&ssl=1&resize=350%2C200","width":350,"height":200,"srcset":"https:\/\/i0.wp.com\/noticiasribeiraopreto.com.br\/wp-content\/uploads\/2026\/04\/palace-2026-04-09T153609.589_2026-04-09_18-40-34.webp.webp?fit=1200%2C675&ssl=1&resize=350%2C200 1x, https:\/\/i0.wp.com\/noticiasribeiraopreto.com.br\/wp-content\/uploads\/2026\/04\/palace-2026-04-09T153609.589_2026-04-09_18-40-34.webp.webp?fit=1200%2C675&ssl=1&resize=525%2C300 1.5x, https:\/\/i0.wp.com\/noticiasribeiraopreto.com.br\/wp-content\/uploads\/2026\/04\/palace-2026-04-09T153609.589_2026-04-09_18-40-34.webp.webp?fit=1200%2C675&ssl=1&resize=700%2C400 2x, https:\/\/i0.wp.com\/noticiasribeiraopreto.com.br\/wp-content\/uploads\/2026\/04\/palace-2026-04-09T153609.589_2026-04-09_18-40-34.webp.webp?fit=1200%2C675&ssl=1&resize=1050%2C600 3x"},"classes":[]},{"id":29314,"url":"https:\/\/noticiasribeiraopreto.com.br\/index.php\/2024\/01\/18\/menos-e-mais-em-ribeirao-ingressos-comecam-a-ser-vendidos-nesta-quinta\/","url_meta":{"origin":28375,"position":5},"title":"Menos \u00e9 Mais em Ribeir\u00e3o: Ingressos come\u00e7am a ser vendidos nesta quinta","author":"noticiasribeiraopreto.com.br","date":"18 de January de 2024","format":false,"excerpt":"A venda dos ingressos para a turn\u00ea \u201cChurrasquinho\u201d, do grupo Menos \u00e9 Mais, em Ribeir\u00e3o Preto, come\u00e7a nesta quinta-feira (18). A apresenta\u00e7\u00e3o vai acontecer no dia 16 de mar\u00e7o, no Haras Manoel Le\u00e3o, na rodovia C\u00e2ndido Portinari, pr\u00f3ximo ao km 327. O conjunto formado pelos integrantes Duz\u00e3o, Gustavo Goes, Jorge\u2026","rel":"","context":"In &quot;Not\u00edcias de Ribeir\u00e3o Preto-SP e Regi\u00e3o&quot;","block_context":{"text":"Not\u00edcias de Ribeir\u00e3o Preto-SP e Regi\u00e3o","link":"https:\/\/noticiasribeiraopreto.com.br\/index.php\/category\/noticias-de-ribeirao-preto-sp-e-regiao-ismael-colosi\/"},"img":{"alt_text":"","src":"https:\/\/i0.wp.com\/noticiasribeiraopreto.com.br\/wp-content\/uploads\/2024\/01\/1705549059_CHURRASQUINHO-RMC-414-scaled.jpg?fit=1200%2C800&ssl=1&resize=350%2C200","width":350,"height":200,"srcset":"https:\/\/i0.wp.com\/noticiasribeiraopreto.com.br\/wp-content\/uploads\/2024\/01\/1705549059_CHURRASQUINHO-RMC-414-scaled.jpg?fit=1200%2C800&ssl=1&resize=350%2C200 1x, https:\/\/i0.wp.com\/noticiasribeiraopreto.com.br\/wp-content\/uploads\/2024\/01\/1705549059_CHURRASQUINHO-RMC-414-scaled.jpg?fit=1200%2C800&ssl=1&resize=525%2C300 1.5x, https:\/\/i0.wp.com\/noticiasribeiraopreto.com.br\/wp-content\/uploads\/2024\/01\/1705549059_CHURRASQUINHO-RMC-414-scaled.jpg?fit=1200%2C800&ssl=1&resize=700%2C400 2x, https:\/\/i0.wp.com\/noticiasribeiraopreto.com.br\/wp-content\/uploads\/2024\/01\/1705549059_CHURRASQUINHO-RMC-414-scaled.jpg?fit=1200%2C800&ssl=1&resize=1050%2C600 3x"},"classes":[]}],"jetpack_sharing_enabled":true,"jetpack_shortlink":"https:\/\/wp.me\/peQAOb-7nF","_links":{"self":[{"href":"https:\/\/noticiasribeiraopreto.com.br\/index.php\/wp-json\/wp\/v2\/posts\/28375","targetHints":{"allow":["GET"]}}],"collection":[{"href":"https:\/\/noticiasribeiraopreto.com.br\/index.php\/wp-json\/wp\/v2\/posts"}],"about":[{"href":"https:\/\/noticiasribeiraopreto.com.br\/index.php\/wp-json\/wp\/v2\/types\/post"}],"author":[{"embeddable":true,"href":"https:\/\/noticiasribeiraopreto.com.br\/index.php\/wp-json\/wp\/v2\/users\/1"}],"replies":[{"embeddable":true,"href":"https:\/\/noticiasribeiraopreto.com.br\/index.php\/wp-json\/wp\/v2\/comments?post=28375"}],"version-history":[{"count":0,"href":"https:\/\/noticiasribeiraopreto.com.br\/index.php\/wp-json\/wp\/v2\/posts\/28375\/revisions"}],"wp:featuredmedia":[{"embeddable":true,"href":"https:\/\/noticiasribeiraopreto.com.br\/index.php\/wp-json\/wp\/v2\/media\/28376"}],"wp:attachment":[{"href":"https:\/\/noticiasribeiraopreto.com.br\/index.php\/wp-json\/wp\/v2\/media?parent=28375"}],"wp:term":[{"taxonomy":"category","embeddable":true,"href":"https:\/\/noticiasribeiraopreto.com.br\/index.php\/wp-json\/wp\/v2\/categories?post=28375"},{"taxonomy":"post_tag","embeddable":true,"href":"https:\/\/noticiasribeiraopreto.com.br\/index.php\/wp-json\/wp\/v2\/tags?post=28375"}],"curies":[{"name":"wp","href":"https:\/\/api.w.org\/{rel}","templated":true}]}}