{"id":28398,"date":"2024-01-15T18:22:13","date_gmt":"2024-01-15T21:22:13","guid":{"rendered":"https:\/\/noticiasribeiraopreto.com.br\/index.php\/2024\/01\/15\/inflacao-deve-fechar-este-ano-em-387-2\/"},"modified":"2024-01-15T18:22:13","modified_gmt":"2024-01-15T21:22:13","slug":"inflacao-deve-fechar-este-ano-em-387-2","status":"publish","type":"post","link":"https:\/\/noticiasribeiraopreto.com.br\/index.php\/2024\/01\/15\/inflacao-deve-fechar-este-ano-em-387-2\/","title":{"rendered":"Infla\u00e7\u00e3o deve fechar este ano em 3,87% \u2013 Folha de Ribeir\u00e3o"},"content":{"rendered":"<div class='code-block code-block-1' style='margin: 8px 0 8px auto; text-align: right; display: block; clear: both;'>\n<p><a href=\"https:\/\/wa.link\/vpicfd\"><img data-recalc-dims=\"1\" class=\"wp-image-4922\" style=\"aspect-ratio: 2.0253164556962027; width: 561px; height: auto;\" src=\"https:\/\/i0.wp.com\/ismaelcolosi.com.br\/wp-content\/uploads\/2023\/11\/grupo-de-empregos-whatsapp-e-facebook-ismael-colosi-vagas.jpg?ssl=1\" alt=\"\" \/><\/a><\/p>\n<!-- \/wp:image -->\n<\/div>\n<p> <br \/>\n<\/p>\n<div>\n<p>O mercado financeiro reduziu a previs\u00e3o da infla\u00e7\u00e3o para este ano. Segundo proje\u00e7\u00e3o do Boletim Focus, divulgada hoje (15) pelo Banco Central (BC), o \u00cdndice de Pre\u00e7os ao Consumidor Amplo (IPCA) \u2013 considerado a infla\u00e7\u00e3o oficial do pa\u00eds \u2013 deve fechar este ano em 3,87%. H\u00e1 uma semana, a proje\u00e7\u00e3o do mercado era de que a\u00a0infla\u00e7\u00e3o este ano ficasse em 3,90%.<img data-recalc-dims=\"1\" decoding=\"async\" src=\"https:\/\/i0.wp.com\/agenciabrasil.ebc.com.br\/ebc.gif?ssl=1\"\/><\/p>\n<p>Divulgado semanalmente, o Boletim Focus re\u00fane a proje\u00e7\u00e3o de mais de 100 institui\u00e7\u00f5es do mercado para os principais indicadores econ\u00f4micos do pa\u00eds. Para 2025, a proje\u00e7\u00e3o da infla\u00e7\u00e3o deve ficar em 3,50%. Para 2026 e 2027, a previs\u00e3o \u00e9 que a infla\u00e7\u00e3o se mantenha nos 3,5% nos dois anos.<\/p>\n<p>A estimativa para 2024 est\u00e1 dentro do intervalo de meta de infla\u00e7\u00e3o que deve ser perseguida pelo BC. Definida pelo Conselho Monet\u00e1rio Nacional (CMN), a meta \u00e9 3% para 2024, com intervalo de toler\u00e2ncia de 1,5 ponto percentual (p.p)para cima ou para baixo. Ou seja, o limite inferior \u00e9 1,5% e o superior 4,5%.<\/p>\n<p>Para alcan\u00e7ar a meta de infla\u00e7\u00e3o, o BC usa como principal instrumento a taxa b\u00e1sica de juros, a Selic, a\u00a0taxa b\u00e1sica de juros, definida em 11,75% ao ano pelo Comit\u00ea de Pol\u00edtica Monet\u00e1ria (Copom).<\/p>\n<p>O comit\u00ea informou que deve seguir com\u00a0cortes de 0,5 ponto percentual nas pr\u00f3ximas reuni\u00f5es.<\/p>\n<p>Quando o Copom aumenta a taxa b\u00e1sica de juros, a finalidade \u00e9 conter a demanda aquecida, e isso causa reflexos nos pre\u00e7os porque os juros mais altos encarecem o cr\u00e9dito e estimulam a poupan\u00e7a.<\/p>\n<p>Quando o Copom diminui a Selic, a tend\u00eancia \u00e9 que o cr\u00e9dito fique mais barato, com incentivo \u00e0 produ\u00e7\u00e3o e ao consumo, reduzindo o controle sobre a infla\u00e7\u00e3o e estimulando a atividade econ\u00f4mica.<\/p>\n<p>Para o mercado financeiro, a Selic deve encerrar 2024 em 9% ao ano. Para o fim de 2025, a estimativa \u00e9 que a taxa b\u00e1sica caia para 8,5% ao ano. A mesma previs\u00e3o para os anos de 2026 e 2027.<\/p>\n<h2>C\u00e2mbio<\/h2>\n<p>O boletim divulgado nesta segunda-feira, tamb\u00e9m, prev\u00ea uma diminui\u00e7\u00e3o no valor do c\u00e2mbio em d\u00f3lar. Segundo o Focus, em 2024, a moeda fecha o ano em R$ 4,95. H\u00e1 quatro semanas a previs\u00e3o era de que a moeda norte-americana ficasse em R$ 5,00. Para 2025, a proje\u00e7\u00e3o \u00e9 que o d\u00f3lar tamb\u00e9m fique em R$ 5,00. Para 2026, a previs\u00e3o \u00e9 que o c\u00e2mbio feche em R$ 5,06 e para 2027, em R$ 5,10.<\/p>\n<h2>PIB<\/h2>\n<p>Em rela\u00e7\u00e3o ao crescimento do Produto Interno Bruto (PIB \u2013 Produto Interno Bruto, soma de todos os bens e servi\u00e7os produzidos no pa\u00eds), o Focus manteve a previs\u00e3o da semana passada de crescimento de 1,59% para este ano. Para 2025, o boletim tamb\u00e9m manteve a previs\u00e3o de crescimento da semana passada de 2%, que tamb\u00e9m \u00e9 a mesma para os anos de 2025 e 2026.<\/p>\n<\/p><\/div>\n<p><br \/>\n<br \/><a href=\"https:\/\/folhaderibeirao.com.br\/2024\/01\/15\/inflacao-deve-fechar-este-ano-em-387\/\">Source link <\/a><\/p>\n<!-- CONTENT END 1 -->\n","protected":false},"excerpt":{"rendered":"<p>O mercado financeiro reduziu a previs\u00e3o da infla\u00e7\u00e3o para este ano. Segundo proje\u00e7\u00e3o do Boletim Focus, divulgada hoje (15) pelo Banco Central (BC), o \u00cdndice&#8230;<\/p>\n","protected":false},"author":1,"featured_media":28399,"comment_status":"open","ping_status":"open","sticky":false,"template":"","format":"standard","meta":{"advanced_seo_description":"","jetpack_seo_html_title":"","jetpack_seo_noindex":false,"jetpack_post_was_ever_published":false,"_jetpack_newsletter_access":"","_jetpack_dont_email_post_to_subs":false,"_jetpack_newsletter_tier_id":0,"_jetpack_memberships_contains_paywalled_content":false,"_jetpack_memberships_contains_paid_content":false,"footnotes":"","jetpack_publicize_message":"","jetpack_publicize_feature_enabled":true,"jetpack_social_post_already_shared":true,"jetpack_social_options":{"image_generator_settings":{"template":"highway","default_image_id":0,"font":"","enabled":false},"version":2}},"categories":[11],"tags":[681,239,220,837,753,510,26],"class_list":["post-28398","post","type-post","status-publish","format-standard","has-post-thumbnail","hentry","category-noticias-de-ribeirao-preto-sp-e-regiao-ismael-colosi","tag-ano","tag-deve","tag-este","tag-fechar","tag-folha","tag-inflacao","tag-ribeirao"],"jetpack_publicize_connections":[],"jetpack_featured_media_url":"https:\/\/i0.wp.com\/noticiasribeiraopreto.com.br\/wp-content\/uploads\/2024\/01\/1705353736_ebc.png?fit=1%2C1&ssl=1","jetpack-related-posts":[{"id":28328,"url":"https:\/\/noticiasribeiraopreto.com.br\/index.php\/2024\/01\/15\/inflacao-deve-fechar-este-ano-em-387\/","url_meta":{"origin":28398,"position":0},"title":"Infla\u00e7\u00e3o deve fechar este ano em 3,87%","author":"noticiasribeiraopreto.com.br","date":"15 de January de 2024","format":false,"excerpt":"15 de janeiro de 2024 | 15:0015 de janeiro de 2024 | 11:36 0O mercado financeiro reduziu a previs\u00e3o da infla\u00e7\u00e3o para este ano. Segundo proje\u00e7\u00e3o do Boletim Focus, divulgada hoje (15) pelo Banco Central (BC), o \u00cdndice de Pre\u00e7os ao Consumidor Amplo (IPCA) \u2013 considerado a infla\u00e7\u00e3o oficial do\u2026","rel":"","context":"In &quot;Not\u00edcias de Ribeir\u00e3o Preto-SP e Regi\u00e3o&quot;","block_context":{"text":"Not\u00edcias de Ribeir\u00e3o Preto-SP e Regi\u00e3o","link":"https:\/\/noticiasribeiraopreto.com.br\/index.php\/category\/noticias-de-ribeirao-preto-sp-e-regiao-ismael-colosi\/"},"img":{"alt_text":"","src":"https:\/\/i0.wp.com\/noticiasribeiraopreto.com.br\/wp-content\/uploads\/2024\/01\/dfa4414a-b54c-4d1b-99ae-35a99d19811f-scaled.jpg?fit=1000%2C598&ssl=1&resize=350%2C200","width":350,"height":200,"srcset":"https:\/\/i0.wp.com\/noticiasribeiraopreto.com.br\/wp-content\/uploads\/2024\/01\/dfa4414a-b54c-4d1b-99ae-35a99d19811f-scaled.jpg?fit=1000%2C598&ssl=1&resize=350%2C200 1x, https:\/\/i0.wp.com\/noticiasribeiraopreto.com.br\/wp-content\/uploads\/2024\/01\/dfa4414a-b54c-4d1b-99ae-35a99d19811f-scaled.jpg?fit=1000%2C598&ssl=1&resize=525%2C300 1.5x, https:\/\/i0.wp.com\/noticiasribeiraopreto.com.br\/wp-content\/uploads\/2024\/01\/dfa4414a-b54c-4d1b-99ae-35a99d19811f-scaled.jpg?fit=1000%2C598&ssl=1&resize=700%2C400 2x"},"classes":[]},{"id":31497,"url":"https:\/\/noticiasribeiraopreto.com.br\/index.php\/2024\/01\/22\/mercado-reduz-novamente-previsao-de-inflacao-para-2024\/","url_meta":{"origin":28398,"position":1},"title":"Mercado reduz novamente previs\u00e3o de infla\u00e7\u00e3o para 2024","author":"noticiasribeiraopreto.com.br","date":"22 de January de 2024","format":false,"excerpt":"O mercado financeiro reduziu novamente a previs\u00e3o da infla\u00e7\u00e3o para este ano. Segundo proje\u00e7\u00e3o do Boletim Focus, divulgada hoje (22) pelo Banco Central (BC), o \u00cdndice de Pre\u00e7os ao Consumidor Amplo (IPCA) \u2013 considerado a infla\u00e7\u00e3o oficial do pa\u00eds \u2013 deve fechar este ano em 3,86%. H\u00e1 uma semana, a\u2026","rel":"","context":"In &quot;Not\u00edcias de Ribeir\u00e3o Preto-SP e Regi\u00e3o&quot;","block_context":{"text":"Not\u00edcias de Ribeir\u00e3o Preto-SP e Regi\u00e3o","link":"https:\/\/noticiasribeiraopreto.com.br\/index.php\/category\/noticias-de-ribeirao-preto-sp-e-regiao-ismael-colosi\/"},"img":{"alt_text":"","src":"https:\/\/i0.wp.com\/noticiasribeiraopreto.com.br\/wp-content\/uploads\/2024\/01\/1705943844_dfa4414a-b54c-4d1b-99ae-35a99d19811f-scaled.jpg?fit=1000%2C598&ssl=1&resize=350%2C200","width":350,"height":200,"srcset":"https:\/\/i0.wp.com\/noticiasribeiraopreto.com.br\/wp-content\/uploads\/2024\/01\/1705943844_dfa4414a-b54c-4d1b-99ae-35a99d19811f-scaled.jpg?fit=1000%2C598&ssl=1&resize=350%2C200 1x, https:\/\/i0.wp.com\/noticiasribeiraopreto.com.br\/wp-content\/uploads\/2024\/01\/1705943844_dfa4414a-b54c-4d1b-99ae-35a99d19811f-scaled.jpg?fit=1000%2C598&ssl=1&resize=525%2C300 1.5x, https:\/\/i0.wp.com\/noticiasribeiraopreto.com.br\/wp-content\/uploads\/2024\/01\/1705943844_dfa4414a-b54c-4d1b-99ae-35a99d19811f-scaled.jpg?fit=1000%2C598&ssl=1&resize=700%2C400 2x"},"classes":[]},{"id":7049,"url":"https:\/\/noticiasribeiraopreto.com.br\/index.php\/2023\/11\/27\/mercado-reduz-previsao-da-inflacao-de-455-para-453-este-ano\/","url_meta":{"origin":28398,"position":2},"title":"Mercado reduz previs\u00e3o da infla\u00e7\u00e3o de 4,55% para 4,53% este ano","author":"noticiasribeiraopreto.com.br","date":"27 de November de 2023","format":false,"excerpt":"27 de novembro de 2023 | 13:0027 de novembro de 2023 | 11:39 0Pela terceira semana seguida, a previs\u00e3o do mercado financeiro para o \u00cdndice Nacional de Pre\u00e7os ao Consumidor Amplo (IPCA) \u2013 considerado a infla\u00e7\u00e3o oficial do pa\u00eds \u2013 teve redu\u00e7\u00e3o, passando de 4,55% para 4,53% este ano. A\u2026","rel":"","context":"In &quot;Not\u00edcias de Ribeir\u00e3o Preto-SP e Regi\u00e3o&quot;","block_context":{"text":"Not\u00edcias de Ribeir\u00e3o Preto-SP e Regi\u00e3o","link":"https:\/\/noticiasribeiraopreto.com.br\/index.php\/category\/noticias-de-ribeirao-preto-sp-e-regiao-ismael-colosi\/"},"img":{"alt_text":"","src":"https:\/\/i0.wp.com\/noticiasribeiraopreto.com.br\/wp-content\/uploads\/2023\/11\/shutterstock_1486752722-770x478-2.jpg?fit=770%2C478&ssl=1&resize=350%2C200","width":350,"height":200,"srcset":"https:\/\/i0.wp.com\/noticiasribeiraopreto.com.br\/wp-content\/uploads\/2023\/11\/shutterstock_1486752722-770x478-2.jpg?fit=770%2C478&ssl=1&resize=350%2C200 1x, https:\/\/i0.wp.com\/noticiasribeiraopreto.com.br\/wp-content\/uploads\/2023\/11\/shutterstock_1486752722-770x478-2.jpg?fit=770%2C478&ssl=1&resize=525%2C300 1.5x, https:\/\/i0.wp.com\/noticiasribeiraopreto.com.br\/wp-content\/uploads\/2023\/11\/shutterstock_1486752722-770x478-2.jpg?fit=770%2C478&ssl=1&resize=700%2C400 2x"},"classes":[]},{"id":17460,"url":"https:\/\/noticiasribeiraopreto.com.br\/index.php\/2023\/12\/18\/cai-expectativa-de-inflacao-para-este-ano\/","url_meta":{"origin":28398,"position":3},"title":"Cai expectativa de infla\u00e7\u00e3o para este ano","author":"noticiasribeiraopreto.com.br","date":"18 de December de 2023","format":false,"excerpt":"A expectativa para a infla\u00e7\u00e3o deste ano recuou mais uma vez no Boletim Focus divulgado nesta segunda-feira, 18. A proje\u00e7\u00e3o para 2023 passou de 4,51% para 4,49%. Um m\u00eas antes, a mediana era de 4,55%. Para 2024, foco da pol\u00edtica monet\u00e1ria, a proje\u00e7\u00e3o se manteve em 3,93%. H\u00e1 um m\u00eas,\u2026","rel":"","context":"In &quot;Not\u00edcias de Ribeir\u00e3o Preto-SP e Regi\u00e3o&quot;","block_context":{"text":"Not\u00edcias de Ribeir\u00e3o Preto-SP e Regi\u00e3o","link":"https:\/\/noticiasribeiraopreto.com.br\/index.php\/category\/noticias-de-ribeirao-preto-sp-e-regiao-ismael-colosi\/"},"img":{"alt_text":"","src":"https:\/\/i0.wp.com\/noticiasribeiraopreto.com.br\/wp-content\/uploads\/2023\/12\/banco_central_mcajr_abr_0104222276-scaled.jpg?fit=1000%2C598&ssl=1&resize=350%2C200","width":350,"height":200,"srcset":"https:\/\/i0.wp.com\/noticiasribeiraopreto.com.br\/wp-content\/uploads\/2023\/12\/banco_central_mcajr_abr_0104222276-scaled.jpg?fit=1000%2C598&ssl=1&resize=350%2C200 1x, https:\/\/i0.wp.com\/noticiasribeiraopreto.com.br\/wp-content\/uploads\/2023\/12\/banco_central_mcajr_abr_0104222276-scaled.jpg?fit=1000%2C598&ssl=1&resize=525%2C300 1.5x, https:\/\/i0.wp.com\/noticiasribeiraopreto.com.br\/wp-content\/uploads\/2023\/12\/banco_central_mcajr_abr_0104222276-scaled.jpg?fit=1000%2C598&ssl=1&resize=700%2C400 2x"},"classes":[]},{"id":1597,"url":"https:\/\/noticiasribeiraopreto.com.br\/index.php\/2023\/11\/13\/mercado-reduz-previsao-da-inflacao-de-463-para-459-este-ano\/","url_meta":{"origin":28398,"position":4},"title":"Mercado reduz previs\u00e3o da infla\u00e7\u00e3o de 4,63% para 4,59% este ano","author":"noticiasribeiraopreto.com.br","date":"13 de November de 2023","format":false,"excerpt":"A previs\u00e3o do mercado financeiro para o \u00cdndice Nacional de Pre\u00e7os ao Consumidor Amplo (IPCA) \u2013 considerado a infla\u00e7\u00e3o oficial do pa\u00eds \u2013 caiu de 4,63% para 4,59% neste ano. A estimativa est\u00e1 no Boletim Focus desta segunda-feira (13), pesquisa divulgada semanalmente pelo Banco Central (BC) com a expectativa de\u2026","rel":"","context":"In &quot;Not\u00edcias de Ribeir\u00e3o Preto-SP e Regi\u00e3o&quot;","block_context":{"text":"Not\u00edcias de Ribeir\u00e3o Preto-SP e Regi\u00e3o","link":"https:\/\/noticiasribeiraopreto.com.br\/index.php\/category\/noticias-de-ribeirao-preto-sp-e-regiao-ismael-colosi\/"},"img":{"alt_text":"","src":"https:\/\/i0.wp.com\/noticiasribeiraopreto.com.br\/wp-content\/uploads\/2023\/11\/Banco_Central-1200x800-1-scaled.jpg?fit=967%2C645&ssl=1&resize=350%2C200","width":350,"height":200,"srcset":"https:\/\/i0.wp.com\/noticiasribeiraopreto.com.br\/wp-content\/uploads\/2023\/11\/Banco_Central-1200x800-1-scaled.jpg?fit=967%2C645&ssl=1&resize=350%2C200 1x, https:\/\/i0.wp.com\/noticiasribeiraopreto.com.br\/wp-content\/uploads\/2023\/11\/Banco_Central-1200x800-1-scaled.jpg?fit=967%2C645&ssl=1&resize=525%2C300 1.5x, https:\/\/i0.wp.com\/noticiasribeiraopreto.com.br\/wp-content\/uploads\/2023\/11\/Banco_Central-1200x800-1-scaled.jpg?fit=967%2C645&ssl=1&resize=700%2C400 2x"},"classes":[]},{"id":25779,"url":"https:\/\/noticiasribeiraopreto.com.br\/index.php\/2024\/01\/08\/mercado-eleva-para-159-projecao-de-expansao-da-economia-em-2024\/","url_meta":{"origin":28398,"position":5},"title":"Mercado eleva para 1,59% proje\u00e7\u00e3o de expans\u00e3o da economia em 2024","author":"noticiasribeiraopreto.com.br","date":"8 de January de 2024","format":false,"excerpt":"A previs\u00e3o do mercado financeiro para o crescimento da economia brasileira este ano subiu, passando de 1,52% para 1,59%. A estimativa est\u00e1 no boletim Focus desta segunda-feira (8), pesquisa divulgada semanalmente pelo Banco Central (BC) com a proje\u00e7\u00e3o para os principais indicadores econ\u00f4micos.Para 2025, a expectativa para o Produto Interno\u2026","rel":"","context":"In &quot;Not\u00edcias de Ribeir\u00e3o Preto-SP e Regi\u00e3o&quot;","block_context":{"text":"Not\u00edcias de Ribeir\u00e3o Preto-SP e Regi\u00e3o","link":"https:\/\/noticiasribeiraopreto.com.br\/index.php\/category\/noticias-de-ribeirao-preto-sp-e-regiao-ismael-colosi\/"},"img":{"alt_text":"","src":"https:\/\/i0.wp.com\/noticiasribeiraopreto.com.br\/wp-content\/uploads\/2024\/01\/banco-central-scaled.jpg?fit=1000%2C598&ssl=1&resize=350%2C200","width":350,"height":200,"srcset":"https:\/\/i0.wp.com\/noticiasribeiraopreto.com.br\/wp-content\/uploads\/2024\/01\/banco-central-scaled.jpg?fit=1000%2C598&ssl=1&resize=350%2C200 1x, https:\/\/i0.wp.com\/noticiasribeiraopreto.com.br\/wp-content\/uploads\/2024\/01\/banco-central-scaled.jpg?fit=1000%2C598&ssl=1&resize=525%2C300 1.5x, https:\/\/i0.wp.com\/noticiasribeiraopreto.com.br\/wp-content\/uploads\/2024\/01\/banco-central-scaled.jpg?fit=1000%2C598&ssl=1&resize=700%2C400 2x"},"classes":[]}],"jetpack_sharing_enabled":true,"jetpack_shortlink":"https:\/\/wp.me\/peQAOb-7o2","_links":{"self":[{"href":"https:\/\/noticiasribeiraopreto.com.br\/index.php\/wp-json\/wp\/v2\/posts\/28398","targetHints":{"allow":["GET"]}}],"collection":[{"href":"https:\/\/noticiasribeiraopreto.com.br\/index.php\/wp-json\/wp\/v2\/posts"}],"about":[{"href":"https:\/\/noticiasribeiraopreto.com.br\/index.php\/wp-json\/wp\/v2\/types\/post"}],"author":[{"embeddable":true,"href":"https:\/\/noticiasribeiraopreto.com.br\/index.php\/wp-json\/wp\/v2\/users\/1"}],"replies":[{"embeddable":true,"href":"https:\/\/noticiasribeiraopreto.com.br\/index.php\/wp-json\/wp\/v2\/comments?post=28398"}],"version-history":[{"count":0,"href":"https:\/\/noticiasribeiraopreto.com.br\/index.php\/wp-json\/wp\/v2\/posts\/28398\/revisions"}],"wp:featuredmedia":[{"embeddable":true,"href":"https:\/\/noticiasribeiraopreto.com.br\/index.php\/wp-json\/wp\/v2\/media\/28399"}],"wp:attachment":[{"href":"https:\/\/noticiasribeiraopreto.com.br\/index.php\/wp-json\/wp\/v2\/media?parent=28398"}],"wp:term":[{"taxonomy":"category","embeddable":true,"href":"https:\/\/noticiasribeiraopreto.com.br\/index.php\/wp-json\/wp\/v2\/categories?post=28398"},{"taxonomy":"post_tag","embeddable":true,"href":"https:\/\/noticiasribeiraopreto.com.br\/index.php\/wp-json\/wp\/v2\/tags?post=28398"}],"curies":[{"name":"wp","href":"https:\/\/api.w.org\/{rel}","templated":true}]}}