{"id":28465,"date":"2024-01-15T22:06:07","date_gmt":"2024-01-16T01:06:07","guid":{"rendered":"https:\/\/noticiasribeiraopreto.com.br\/index.php\/2024\/01\/15\/caminhao-atropela-um-colide-contra-arvore-e-pega-fogo-em-seguida-dois-morreram-em-acidente-impactante\/"},"modified":"2024-01-15T22:06:07","modified_gmt":"2024-01-16T01:06:07","slug":"caminhao-atropela-um-colide-contra-arvore-e-pega-fogo-em-seguida-dois-morreram-em-acidente-impactante","status":"publish","type":"post","link":"https:\/\/noticiasribeiraopreto.com.br\/index.php\/2024\/01\/15\/caminhao-atropela-um-colide-contra-arvore-e-pega-fogo-em-seguida-dois-morreram-em-acidente-impactante\/","title":{"rendered":"Caminh\u00e3o atropela um, colide contra \u00e1rvore e pega fogo em seguida; dois morreram em acidente impactante"},"content":{"rendered":"<div class='code-block code-block-1' style='margin: 8px 0 8px auto; text-align: right; display: block; clear: both;'>\n<p><a href=\"https:\/\/wa.link\/vpicfd\"><img data-recalc-dims=\"1\" class=\"wp-image-4922\" style=\"aspect-ratio: 2.0253164556962027; width: 561px; height: auto;\" src=\"https:\/\/i0.wp.com\/ismaelcolosi.com.br\/wp-content\/uploads\/2023\/11\/grupo-de-empregos-whatsapp-e-facebook-ismael-colosi-vagas.jpg?ssl=1\" alt=\"\" \/><\/a><\/p>\n<!-- \/wp:image -->\n<\/div>\n<p> <br \/>\n<\/p>\n<div itemprop=\"text\">\n<p>Um grave acidente chocou a regi\u00e3o de Concei\u00e7\u00e3o de Jacu\u00edpe, a quase 100 km de Salvador, na tarde desta segunda, dia 15 de janeiro, quando um caminh\u00e3o se envolveu em uma s\u00e9rie de eventos tr\u00e1gicos.<\/p>\n<p>O motorista do ve\u00edculo atropelou Uilian Pereira dos Santos, um jovem vendedor de frutas de 24 anos, que perdeu a vida no local do impacto. Al\u00e9m disso, o condutor do caminh\u00e3o, preso \u00e0s ferragens, tamb\u00e9m n\u00e3o resistiu a danos e faleceu.<\/p>\n<p>O acidente n\u00e3o se limitou ao atropelamento fatal. Ap\u00f3s atingir o vendedor de frutas, o caminh\u00e3o colidiu com uma caminhonete e um ponto de \u00f4nibus, antes de ser consumido por chamas que se alastraram rapidamente.<\/p>\n<p>Imagens compartilhadas nas redes sociais mostram a frente do ve\u00edculo de carga destru\u00eddo, caixas com garrafas de suco de uva espalhadas pelo ch\u00e3o e mangas ca\u00eddas da \u00e1rvore atingida pelo impacto.<\/p>\n<p><img data-recalc-dims=\"1\" decoding=\"async\" src=\"https:\/\/i0.wp.com\/fnmais.com\/wp-content\/uploads\/2024\/01\/postiimg-65a5cdd3a529f5614.png?ssl=1\" alt=\"Caminho invade terreno bate contra rvore e pega fogo em acidente que deixou dois mortos em estrada na Bahia Foto ReproduoRedes Sociais\"\/><\/p>\n<p>O Departamento de Pol\u00edcia T\u00e9cnica (DPT) foi acionado para realizar a per\u00edcia e a remo\u00e7\u00e3o dos corpos, enquanto a delegacia de Am\u00e9lia Rodrigues fica respons\u00e1vel pela investiga\u00e7\u00e3o do caso.<\/p>\n<p>O Servi\u00e7o de Atendimento M\u00f3vel de Urg\u00eancia (Samu) e bombeiros civis da ViaBahia, supervis\u00e3o respons\u00e1vel pela administra\u00e7\u00e3o da rodovia, prestaram assist\u00eancia no local do acidente.<\/p>\n<p><iframe loading=\"lazy\" title=\"Duas pessoas morrem ap\u00f3s motorista passar mal e colidir caminh\u00e3o na BR- 324\" width=\"500\" height=\"281\" src=\"https:\/\/www.youtube.com\/embed\/4cliCYImqmk?feature=oembed\" frameborder=\"0\" allow=\"accelerometer; autoplay; clipboard-write; encrypted-media; gyroscope; picture-in-picture; web-share\" referrerpolicy=\"strict-origin-when-cross-origin\" allowfullscreen><\/iframe><\/p>\n<p>Agentes da Pol\u00edcia Rodovi\u00e1ria Federal (PRF) estiveram presentes para sinalizar a \u00e1rea e orientar os motoristas. As verdades exatas que levaram o motorista a perder o controle da dire\u00e7\u00e3o ainda n\u00e3o foram esclarecidas, deixando uma investiga\u00e7\u00e3o em andamento para determinar as causas desse tr\u00e1gico epis\u00f3dio na BR-324.<\/p>\n<\/div>\n<p><br \/>\n<br \/><a href=\"https:\/\/fnmais.com\/caminhao-atropela-colide-contra-arvore-pega-fogo-em-seguida-dois-morreram-em-acidente-impactante\/\">Source link <\/a><\/p>\n<!-- CONTENT END 1 -->\n","protected":false},"excerpt":{"rendered":"<p>Um grave acidente chocou a regi\u00e3o de Concei\u00e7\u00e3o de Jacu\u00edpe, a quase 100 km de Salvador, na tarde desta segunda, dia 15 de janeiro, quando&#8230;<\/p>\n","protected":false},"author":1,"featured_media":28466,"comment_status":"open","ping_status":"open","sticky":false,"template":"","format":"standard","meta":{"advanced_seo_description":"","jetpack_seo_html_title":"","jetpack_seo_noindex":false,"jetpack_post_was_ever_published":false,"_jetpack_newsletter_access":"","_jetpack_dont_email_post_to_subs":false,"_jetpack_newsletter_tier_id":0,"_jetpack_memberships_contains_paywalled_content":false,"_jetpack_memberships_contains_paid_content":false,"footnotes":"","jetpack_publicize_message":"","jetpack_publicize_feature_enabled":true,"jetpack_social_post_already_shared":true,"jetpack_social_options":{"image_generator_settings":{"template":"highway","default_image_id":0,"font":"","enabled":false},"version":2}},"categories":[1],"tags":[],"class_list":["post-28465","post","type-post","status-publish","format-standard","has-post-thumbnail","hentry","category-blog"],"jetpack_publicize_connections":[],"jetpack_featured_media_url":"https:\/\/i0.wp.com\/noticiasribeiraopreto.com.br\/wp-content\/uploads\/2024\/01\/postimg-65a5cdd8052dc1396.jpg?fit=1200%2C628&ssl=1","jetpack-related-posts":[{"id":19265,"url":"https:\/\/noticiasribeiraopreto.com.br\/index.php\/2023\/12\/22\/caminhao-carregado-de-combustivel-van-e-4-carros-se-envolvem-em-acidente-no-parana-motorista-nao-conseguiu-frear\/","url_meta":{"origin":28465,"position":0},"title":"Caminh\u00e3o carregado de combust\u00edvel, van e 4 carros se envolvem em acidente no Paran\u00e1 motorista n\u00e3o conseguiu frear","author":"noticiasribeiraopreto.com.br","date":"22 de December de 2023","format":false,"excerpt":"V\u00e1rios ve\u00edculos se envolveram em um acidente na tarde desta quinta-feira (21\/12). O epis\u00f3dio aconteceu na PR-986, que fica situada na cidade de Rol\u00e2ndia, na regi\u00e3o norte do estado do Paran\u00e1, e um dos ve\u00edculos estava carregado de combust\u00edvel.Um dos envolvidos no acidente era um caminh\u00e3o-tanque. O ve\u00edculo de grande\u2026","rel":"","context":"In &quot;Blog&quot;","block_context":{"text":"Blog","link":"https:\/\/noticiasribeiraopreto.com.br\/index.php\/category\/blog\/"},"img":{"alt_text":"","src":"https:\/\/i0.wp.com\/noticiasribeiraopreto.com.br\/wp-content\/uploads\/2023\/12\/postimg-6585169a9070f1159.jpg?fit=1200%2C628&ssl=1&resize=350%2C200","width":350,"height":200,"srcset":"https:\/\/i0.wp.com\/noticiasribeiraopreto.com.br\/wp-content\/uploads\/2023\/12\/postimg-6585169a9070f1159.jpg?fit=1200%2C628&ssl=1&resize=350%2C200 1x, https:\/\/i0.wp.com\/noticiasribeiraopreto.com.br\/wp-content\/uploads\/2023\/12\/postimg-6585169a9070f1159.jpg?fit=1200%2C628&ssl=1&resize=525%2C300 1.5x, https:\/\/i0.wp.com\/noticiasribeiraopreto.com.br\/wp-content\/uploads\/2023\/12\/postimg-6585169a9070f1159.jpg?fit=1200%2C628&ssl=1&resize=700%2C400 2x, https:\/\/i0.wp.com\/noticiasribeiraopreto.com.br\/wp-content\/uploads\/2023\/12\/postimg-6585169a9070f1159.jpg?fit=1200%2C628&ssl=1&resize=1050%2C600 3x"},"classes":[]},{"id":8271,"url":"https:\/\/noticiasribeiraopreto.com.br\/index.php\/2023\/11\/29\/tragedia-na-br-265-acidente-entre-2-carros-e-um-caminhao-deixa-vitimas-fatais\/","url_meta":{"origin":28465,"position":1},"title":"Trag\u00e9dia na BR-265 &#8211; acidente entre 2 carros e um caminh\u00e3o deixa v\u00edtimas fatais","author":"noticiasribeiraopreto.com.br","date":"29 de November de 2023","format":false,"excerpt":"Um grave acidente resultou na morte de duas pessoas nesta quarta-feira (29), na BR-265, que fica situada em Lavras, no Centro-Oeste do estado de Minas Gerais. A trag\u00e9dia envolveu um caminh\u00e3o e outros dois ve\u00edculos.Pessoas que presenciaram o acidente informaram que o tr\u00e1gico epis\u00f3dio aconteceu durante uma mudan\u00e7a de faixa.\u2026","rel":"","context":"In &quot;Blog&quot;","block_context":{"text":"Blog","link":"https:\/\/noticiasribeiraopreto.com.br\/index.php\/category\/blog\/"},"img":{"alt_text":"","src":"https:\/\/i0.wp.com\/noticiasribeiraopreto.com.br\/wp-content\/uploads\/2023\/11\/postimg-6567bb49b7d246376.jpg?fit=1200%2C628&ssl=1&resize=350%2C200","width":350,"height":200,"srcset":"https:\/\/i0.wp.com\/noticiasribeiraopreto.com.br\/wp-content\/uploads\/2023\/11\/postimg-6567bb49b7d246376.jpg?fit=1200%2C628&ssl=1&resize=350%2C200 1x, https:\/\/i0.wp.com\/noticiasribeiraopreto.com.br\/wp-content\/uploads\/2023\/11\/postimg-6567bb49b7d246376.jpg?fit=1200%2C628&ssl=1&resize=525%2C300 1.5x, https:\/\/i0.wp.com\/noticiasribeiraopreto.com.br\/wp-content\/uploads\/2023\/11\/postimg-6567bb49b7d246376.jpg?fit=1200%2C628&ssl=1&resize=700%2C400 2x, https:\/\/i0.wp.com\/noticiasribeiraopreto.com.br\/wp-content\/uploads\/2023\/11\/postimg-6567bb49b7d246376.jpg?fit=1200%2C628&ssl=1&resize=1050%2C600 3x"},"classes":[]},{"id":29479,"url":"https:\/\/noticiasribeiraopreto.com.br\/index.php\/2024\/01\/18\/cinco-mulheres-da-mesma-familia-perderam-a-vida-em-acidente-com-caminhao-reboque\/","url_meta":{"origin":28465,"position":2},"title":"Cinco mulheres da mesma fam\u00edlia perderam a vida em acidente com caminh\u00e3o reboque","author":"noticiasribeiraopreto.com.br","date":"18 de January de 2024","format":false,"excerpt":"Um acidente de tr\u00e2nsito provocou uma verdadeira trag\u00e9dia e dizimou uma fam\u00edlia, deixando para tr\u00e1s choque em toda a popula\u00e7\u00e3o local.A brutalidade do acidente que ceifou as cinco vidas se tornou destaque e viralizou ap\u00f3s ganhar destaque nos principais portais de not\u00edcias de todo o mundo.De acordo com as informa\u00e7\u00f5es\u2026","rel":"","context":"In &quot;Blog&quot;","block_context":{"text":"Blog","link":"https:\/\/noticiasribeiraopreto.com.br\/index.php\/category\/blog\/"},"img":{"alt_text":"","src":"https:\/\/i0.wp.com\/noticiasribeiraopreto.com.br\/wp-content\/uploads\/2024\/01\/postimg-65a9391c7a7b49401.jpg?fit=1200%2C628&ssl=1&resize=350%2C200","width":350,"height":200,"srcset":"https:\/\/i0.wp.com\/noticiasribeiraopreto.com.br\/wp-content\/uploads\/2024\/01\/postimg-65a9391c7a7b49401.jpg?fit=1200%2C628&ssl=1&resize=350%2C200 1x, https:\/\/i0.wp.com\/noticiasribeiraopreto.com.br\/wp-content\/uploads\/2024\/01\/postimg-65a9391c7a7b49401.jpg?fit=1200%2C628&ssl=1&resize=525%2C300 1.5x, https:\/\/i0.wp.com\/noticiasribeiraopreto.com.br\/wp-content\/uploads\/2024\/01\/postimg-65a9391c7a7b49401.jpg?fit=1200%2C628&ssl=1&resize=700%2C400 2x, https:\/\/i0.wp.com\/noticiasribeiraopreto.com.br\/wp-content\/uploads\/2024\/01\/postimg-65a9391c7a7b49401.jpg?fit=1200%2C628&ssl=1&resize=1050%2C600 3x"},"classes":[]},{"id":7059,"url":"https:\/\/noticiasribeiraopreto.com.br\/index.php\/2023\/11\/27\/pericia-e-acionada-para-investigar-acidente-entre-carro-e-caminhao-que-deixou-duas-vitimas-fatais-e-acaba-tendo-o-veiculo-atingido-na-br-101\/","url_meta":{"origin":28465,"position":3},"title":"Per\u00edcia \u00e9 acionada para investigar acidente entre carro e caminh\u00e3o que deixou duas v\u00edtimas fatais e acaba tendo o ve\u00edculo atingido na BR-101","author":"noticiasribeiraopreto.com.br","date":"27 de November de 2023","format":false,"excerpt":"Na noite deste \u00faltimo domingo, dia 26 de novembro, duas pessoas morreram ap\u00f3s uma batida entre um caminh\u00e3o e um carro. O caso aconteceu na BR-101, na cidade de Mascote, na Bahia.De acordo com informa\u00e7\u00f5es fornecidas pela Pol\u00edcia Militar (PM), as duas v\u00edtimas fatais, que n\u00e3o estavam com os seus\u2026","rel":"","context":"In &quot;Blog&quot;","block_context":{"text":"Blog","link":"https:\/\/noticiasribeiraopreto.com.br\/index.php\/category\/blog\/"},"img":{"alt_text":"","src":"https:\/\/i0.wp.com\/noticiasribeiraopreto.com.br\/wp-content\/uploads\/2023\/11\/postimg-6564ac444c11c5401.jpg?fit=1200%2C628&ssl=1&resize=350%2C200","width":350,"height":200,"srcset":"https:\/\/i0.wp.com\/noticiasribeiraopreto.com.br\/wp-content\/uploads\/2023\/11\/postimg-6564ac444c11c5401.jpg?fit=1200%2C628&ssl=1&resize=350%2C200 1x, https:\/\/i0.wp.com\/noticiasribeiraopreto.com.br\/wp-content\/uploads\/2023\/11\/postimg-6564ac444c11c5401.jpg?fit=1200%2C628&ssl=1&resize=525%2C300 1.5x, https:\/\/i0.wp.com\/noticiasribeiraopreto.com.br\/wp-content\/uploads\/2023\/11\/postimg-6564ac444c11c5401.jpg?fit=1200%2C628&ssl=1&resize=700%2C400 2x, https:\/\/i0.wp.com\/noticiasribeiraopreto.com.br\/wp-content\/uploads\/2023\/11\/postimg-6564ac444c11c5401.jpg?fit=1200%2C628&ssl=1&resize=1050%2C600 3x"},"classes":[]},{"id":70928,"url":"https:\/\/noticiasribeiraopreto.com.br\/index.php\/2025\/05\/31\/acidente-entre-carro-e-caminhao-deixa-um-morto-e-duas-pessoas-em-estado-grave\/","url_meta":{"origin":28465,"position":4},"title":"Acidente entre carro e caminh\u00e3o deixa um morto e duas pessoas em estado grave","author":"noticiasribeiraopreto.com.br","date":"31 de May de 2025","format":false,"excerpt":"Um homem morreu e outras duas mulheres ficaram gravemente feridas ap\u00f3s um acidente envolvendo um carro e um caminh\u00e3o na rodovia vicinal Joaquim Garcia Franco, em Gua\u00edra, cidade na regi\u00e3o de Ribeir\u00e3o Preto, na noite desta sexta-feira (29). Uma crian\u00e7a de dois anos tamb\u00e9m estava no ve\u00edculo, contudo, teve apenas\u2026","rel":"","context":"In &quot;Not\u00edcias de Ribeir\u00e3o Preto-SP e Regi\u00e3o&quot;","block_context":{"text":"Not\u00edcias de Ribeir\u00e3o Preto-SP e Regi\u00e3o","link":"https:\/\/noticiasribeiraopreto.com.br\/index.php\/category\/noticias-de-ribeirao-preto-sp-e-regiao-ismael-colosi\/"},"img":{"alt_text":"","src":"https:\/\/i0.wp.com\/noticiasribeiraopreto.com.br\/wp-content\/uploads\/2025\/05\/Copia-de-Copia-de-Copia-de-TAMANHO-EXATO-PARA-FOTOS-NO-SISTEMA-NOVO-2025-05-31T114635.774_2025-05-31_14-46-41.webp.webp?fit=1200%2C675&ssl=1&resize=350%2C200","width":350,"height":200,"srcset":"https:\/\/i0.wp.com\/noticiasribeiraopreto.com.br\/wp-content\/uploads\/2025\/05\/Copia-de-Copia-de-Copia-de-TAMANHO-EXATO-PARA-FOTOS-NO-SISTEMA-NOVO-2025-05-31T114635.774_2025-05-31_14-46-41.webp.webp?fit=1200%2C675&ssl=1&resize=350%2C200 1x, https:\/\/i0.wp.com\/noticiasribeiraopreto.com.br\/wp-content\/uploads\/2025\/05\/Copia-de-Copia-de-Copia-de-TAMANHO-EXATO-PARA-FOTOS-NO-SISTEMA-NOVO-2025-05-31T114635.774_2025-05-31_14-46-41.webp.webp?fit=1200%2C675&ssl=1&resize=525%2C300 1.5x, https:\/\/i0.wp.com\/noticiasribeiraopreto.com.br\/wp-content\/uploads\/2025\/05\/Copia-de-Copia-de-Copia-de-TAMANHO-EXATO-PARA-FOTOS-NO-SISTEMA-NOVO-2025-05-31T114635.774_2025-05-31_14-46-41.webp.webp?fit=1200%2C675&ssl=1&resize=700%2C400 2x, https:\/\/i0.wp.com\/noticiasribeiraopreto.com.br\/wp-content\/uploads\/2025\/05\/Copia-de-Copia-de-Copia-de-TAMANHO-EXATO-PARA-FOTOS-NO-SISTEMA-NOVO-2025-05-31T114635.774_2025-05-31_14-46-41.webp.webp?fit=1200%2C675&ssl=1&resize=1050%2C600 3x"},"classes":[]},{"id":28064,"url":"https:\/\/noticiasribeiraopreto.com.br\/index.php\/2024\/01\/14\/professor-de-49-anos-morre-apos-colisao-inusitada-na-br-060-acidente-foi-causado-por-caminhao\/","url_meta":{"origin":28465,"position":5},"title":"Professor de 49 anos morre ap\u00f3s colis\u00e3o inusitada na BR-060; acidente foi causado por caminh\u00e3o","author":"noticiasribeiraopreto.com.br","date":"14 de January de 2024","format":false,"excerpt":"Um tr\u00e1gico acidente ocorrido na BR-060, em Cezarina, no sul de Goi\u00e1s, resultou na morte do professor de rob\u00f3tica Max Vin\u00edcius Cunha, de 49 anos, e deixou gravemente ferida uma mulher de 63 anos.O incidente ocorreu na \u00faltima sexta, dia 12 de janeiro, quando uma roda de caminh\u00e3o se desprendeu\u2026","rel":"","context":"In &quot;Blog&quot;","block_context":{"text":"Blog","link":"https:\/\/noticiasribeiraopreto.com.br\/index.php\/category\/blog\/"},"img":{"alt_text":"","src":"https:\/\/i0.wp.com\/noticiasribeiraopreto.com.br\/wp-content\/uploads\/2024\/01\/postimg-65a42d1dec8619468.jpg?fit=1200%2C628&ssl=1&resize=350%2C200","width":350,"height":200,"srcset":"https:\/\/i0.wp.com\/noticiasribeiraopreto.com.br\/wp-content\/uploads\/2024\/01\/postimg-65a42d1dec8619468.jpg?fit=1200%2C628&ssl=1&resize=350%2C200 1x, https:\/\/i0.wp.com\/noticiasribeiraopreto.com.br\/wp-content\/uploads\/2024\/01\/postimg-65a42d1dec8619468.jpg?fit=1200%2C628&ssl=1&resize=525%2C300 1.5x, https:\/\/i0.wp.com\/noticiasribeiraopreto.com.br\/wp-content\/uploads\/2024\/01\/postimg-65a42d1dec8619468.jpg?fit=1200%2C628&ssl=1&resize=700%2C400 2x, https:\/\/i0.wp.com\/noticiasribeiraopreto.com.br\/wp-content\/uploads\/2024\/01\/postimg-65a42d1dec8619468.jpg?fit=1200%2C628&ssl=1&resize=1050%2C600 3x"},"classes":[]}],"jetpack_sharing_enabled":true,"jetpack_shortlink":"https:\/\/wp.me\/peQAOb-7p7","_links":{"self":[{"href":"https:\/\/noticiasribeiraopreto.com.br\/index.php\/wp-json\/wp\/v2\/posts\/28465","targetHints":{"allow":["GET"]}}],"collection":[{"href":"https:\/\/noticiasribeiraopreto.com.br\/index.php\/wp-json\/wp\/v2\/posts"}],"about":[{"href":"https:\/\/noticiasribeiraopreto.com.br\/index.php\/wp-json\/wp\/v2\/types\/post"}],"author":[{"embeddable":true,"href":"https:\/\/noticiasribeiraopreto.com.br\/index.php\/wp-json\/wp\/v2\/users\/1"}],"replies":[{"embeddable":true,"href":"https:\/\/noticiasribeiraopreto.com.br\/index.php\/wp-json\/wp\/v2\/comments?post=28465"}],"version-history":[{"count":0,"href":"https:\/\/noticiasribeiraopreto.com.br\/index.php\/wp-json\/wp\/v2\/posts\/28465\/revisions"}],"wp:featuredmedia":[{"embeddable":true,"href":"https:\/\/noticiasribeiraopreto.com.br\/index.php\/wp-json\/wp\/v2\/media\/28466"}],"wp:attachment":[{"href":"https:\/\/noticiasribeiraopreto.com.br\/index.php\/wp-json\/wp\/v2\/media?parent=28465"}],"wp:term":[{"taxonomy":"category","embeddable":true,"href":"https:\/\/noticiasribeiraopreto.com.br\/index.php\/wp-json\/wp\/v2\/categories?post=28465"},{"taxonomy":"post_tag","embeddable":true,"href":"https:\/\/noticiasribeiraopreto.com.br\/index.php\/wp-json\/wp\/v2\/tags?post=28465"}],"curies":[{"name":"wp","href":"https:\/\/api.w.org\/{rel}","templated":true}]}}