{"id":28467,"date":"2024-01-15T22:10:26","date_gmt":"2024-01-16T01:10:26","guid":{"rendered":"https:\/\/noticiasribeiraopreto.com.br\/index.php\/2024\/01\/15\/alckmin-vai-inaugurar-ete-de-pitangueiras\/"},"modified":"2024-01-15T22:10:26","modified_gmt":"2024-01-16T01:10:26","slug":"alckmin-vai-inaugurar-ete-de-pitangueiras","status":"publish","type":"post","link":"https:\/\/noticiasribeiraopreto.com.br\/index.php\/2024\/01\/15\/alckmin-vai-inaugurar-ete-de-pitangueiras\/","title":{"rendered":"Alckmin vai inaugurar ETE de Pitangueiras\u00a0"},"content":{"rendered":"<div class='code-block code-block-1' style='margin: 8px 0 8px auto; text-align: right; display: block; clear: both;'>\n<p><a href=\"https:\/\/wa.link\/vpicfd\"><img data-recalc-dims=\"1\" class=\"wp-image-4922\" style=\"aspect-ratio: 2.0253164556962027; width: 561px; height: auto;\" src=\"https:\/\/i0.wp.com\/ismaelcolosi.com.br\/wp-content\/uploads\/2023\/11\/grupo-de-empregos-whatsapp-e-facebook-ismael-colosi-vagas.jpg?ssl=1\" alt=\"\" \/><\/a><\/p>\n<!-- \/wp:image -->\n<\/div>\n<p> <br \/>\n<\/p>\n<div id=\"\">\n<p> <span class=\"entry-meta-item penci-posted-on\"><i class=\"fa fa-clock-o\"\/><time class=\"entry-date published\" datetime=\"2024-01-15T18:00:03-03:00\">15 de janeiro de 2024 | 18:00<\/time><time class=\"updated\" datetime=\"2024-01-14T10:39:25-03:00\">14 de janeiro de 2024 | 10:39<\/time><\/span><\/p>\n<p> <span class=\"penci-social-buttons penci-social-share-footer\"><a href=\"#\" class=\"penci-post-like penci_post-meta_item  single-like-button penci-social-item like\" data-post_id=\"370365\" title=\"Like\" data-like=\"Like\" data-unlike=\"Unlike\"><i class=\"fa fa-thumbs-o-up\"\/><span class=\"penci-share-number\">0<\/span><\/a><i class=\"fa fa-facebook\"\/><a class=\"penci-social-item twitter\" target=\"_blank\" rel=\"noopener\" title=\"\" href=\"https:\/\/twitter.com\/intent\/tweet?text=Alckmin%20vai%20inaugurar%20ETE%20de%20Pitangueiras\u00a0%20-%20https:\/\/www.tribunaribeirao.com.br\/site\/alckmin-vai-inaugurar-ete-de-pitangueiras\/\"><i class=\"fa fa-twitter\"\/><\/a><i class=\"fa fa-whatsapp\"\/><\/span><\/div>\n<div>\n<p><span data-contrast=\"auto\">O vice-presidente da Rep\u00fablica e ministro do Desenvolvimento, Ind\u00fastria, Com\u00e9rcio e Servi\u00e7os, Geraldo Alckmin, estar\u00e1 em Pitangueiras, na Regi\u00e3o Metropolitana de Ribeir\u00e3o Preto, no dia 19 de janeiro para inaugurar a Esta\u00e7\u00e3o de Tratamento de Esgoto (ETE) da cidade, considerada a maior obra da hist\u00f3ria do munic\u00edpio. <\/span><\/p>\n<p><span data-contrast=\"auto\">O evento ser\u00e1 realizado na Pra\u00e7a da Matriz (pra\u00e7a S\u00e3o Sebasti\u00e3o), \u00e0s dez horas, e tamb\u00e9m contar\u00e1 com a presen\u00e7a de outras autoridades federais, estaduais e municipais. O governador do Estado de S\u00e3o Paulo, Tarc\u00edsio de Freitas (Republicanos), ainda n\u00e3o confirmou presen\u00e7a.\u00a0 <\/span><\/p>\n<p><span data-contrast=\"auto\">A ETE de Pitangueiras entrou em opera\u00e7\u00e3o em dezembro do ano passado, tratando 100% do esgoto coletado. O investimento na concretiza\u00e7\u00e3o dessa obra totalizou R$ 17,6 milh\u00f5es de reais provenientes de recursos pr\u00f3prios e tamb\u00e9m do governo de S\u00e3o Paulo, por meio do Desenvolve SP. <\/span><\/p>\n<p><span data-contrast=\"auto\">De acordo com o prefeito Marquinho Soriano (Cidadania), com a ETE, Pitangueiras passa a ser elevada a um novo patamar de desenvolvimento. \u201cAgora, vamos come\u00e7ar a atrair mais ind\u00fastrias, que v\u00e3o gerar emprego para a popula\u00e7\u00e3o e, al\u00e9m disso, essa obra desempenha um papel fundamental na preserva\u00e7\u00e3o ambiental, no fomento da sa\u00fade p\u00fablica e no desenvolvimento sustent\u00e1vel do munic\u00edpio\u201d, destaca. <\/span><\/p>\n<p><span data-contrast=\"auto\">A preserva\u00e7\u00e3o da \u00e1gua \u00e9 ponto central da ETE, pois vai possibilitar a recupera\u00e7\u00e3o do c\u00f3rrego Pitangueiras e de trecho do Rio Mogi-Gua\u00e7\u00fa, que sempre receberam esgoto sem nenhum tratamento. Constru\u00edda em uma extensa \u00e1rea de 73.224,31 m\u00b2, a ETE de Pitangueiras est\u00e1 estrategicamente situada no quil\u00f4metro 362 da Rodovia Armando Sales de Oliveira (SP-322), com uma capacidade de tratar 130,42 litros de esgoto por segundo. <\/span><\/p>\n<p><span data-contrast=\"auto\">Possui Emiss\u00e1rio Bruto, Esta\u00e7\u00e3o Elevat\u00f3ria de Esgoto (EEE), Linha de Recalque, Travessia A\u00e9rea com m\u00e9todo n\u00e3o destrutivo \u201cMMD\u201d e um Sistema de Tratamento de Efluentes por lagoas: lagoa anaer\u00f3bia, com dimens\u00f5es de 60\u00d760 e extens\u00e3o de 3600,00m\u00b2; e lagoa facultativa 1, com dimens\u00f5es de 162,15 x 85,27 d extens\u00e3o de 13.826,53m\u00b2.<\/span><\/p>\n<p><span data-ccp-props=\"{&quot;201341983&quot;:0,&quot;335559739&quot;:200,&quot;335559740&quot;:276}\">\u00a0<\/span><\/p>\n<\/div>\n<p><script async src=\"\/\/platform.twitter.com\/widgets.js\" charset=\"utf-8\"><\/script><br \/>\n<br \/><br \/>\n<br \/><a href=\"https:\/\/www.tribunaribeirao.com.br\/site\/alckmin-vai-inaugurar-ete-de-pitangueiras\/\">Source link <\/a><\/p>\n<!-- CONTENT END 1 -->\n","protected":false},"excerpt":{"rendered":"<p>15 de janeiro de 2024 | 18:0014 de janeiro de 2024 | 10:39 0 O vice-presidente da Rep\u00fablica e ministro do Desenvolvimento, Ind\u00fastria, Com\u00e9rcio e&#8230;<\/p>\n","protected":false},"author":1,"featured_media":28468,"comment_status":"open","ping_status":"open","sticky":false,"template":"","format":"standard","meta":{"advanced_seo_description":"","jetpack_seo_html_title":"","jetpack_seo_noindex":false,"jetpack_post_was_ever_published":false,"_jetpack_newsletter_access":"","_jetpack_dont_email_post_to_subs":false,"_jetpack_newsletter_tier_id":0,"_jetpack_memberships_contains_paywalled_content":false,"_jetpack_memberships_contains_paid_content":false,"footnotes":"","jetpack_publicize_message":"","jetpack_publicize_feature_enabled":true,"jetpack_social_post_already_shared":true,"jetpack_social_options":{"image_generator_settings":{"template":"highway","default_image_id":0,"font":"","enabled":false},"version":2}},"categories":[11],"tags":[3462,3564,3563,3565,529],"class_list":["post-28467","post","type-post","status-publish","format-standard","has-post-thumbnail","hentry","category-noticias-de-ribeirao-preto-sp-e-regiao-ismael-colosi","tag-alckmin","tag-ete","tag-inaugurar","tag-pitangueiras","tag-vai"],"jetpack_publicize_connections":[],"jetpack_featured_media_url":"https:\/\/i0.wp.com\/noticiasribeiraopreto.com.br\/wp-content\/uploads\/2024\/01\/PitaETE-Prefeitura-de-Pitangueiras-scaled.jpg?fit=1000%2C610&ssl=1","jetpack-related-posts":[{"id":27712,"url":"https:\/\/noticiasribeiraopreto.com.br\/index.php\/2024\/01\/13\/alckmin-deve-vir-a-rp-no-mes-de-abril\/","url_meta":{"origin":28467,"position":0},"title":"Alckmin estar\u00e1 em Ribeir\u00e3o para participar da FNP","author":"noticiasribeiraopreto.com.br","date":"13 de January de 2024","format":false,"excerpt":"12 de janeiro de 2024 | 15:3012 de janeiro de 2024 | 15:00 0Na manh\u00e3 desta quinta-feira, 11 de janeiro, o prefeito Duarte Nogueira (PSDB) esteve em audi\u00eancia com o vice-presidente da Rep\u00fablica, Geraldo Alckmin (PSB). O objetivo do encontro foi formalizar o convite para a participa\u00e7\u00e3o do tamb\u00e9m ministro\u2026","rel":"","context":"In &quot;Not\u00edcias de Ribeir\u00e3o Preto-SP e Regi\u00e3o&quot;","block_context":{"text":"Not\u00edcias de Ribeir\u00e3o Preto-SP e Regi\u00e3o","link":"https:\/\/noticiasribeiraopreto.com.br\/index.php\/category\/noticias-de-ribeirao-preto-sp-e-regiao-ismael-colosi\/"},"img":{"alt_text":"","src":"https:\/\/i0.wp.com\/noticiasribeiraopreto.com.br\/wp-content\/uploads\/2024\/01\/ReuniaoFNP-Divulgacao-01-scaled.jpg?fit=860%2C645&ssl=1&resize=350%2C200","width":350,"height":200,"srcset":"https:\/\/i0.wp.com\/noticiasribeiraopreto.com.br\/wp-content\/uploads\/2024\/01\/ReuniaoFNP-Divulgacao-01-scaled.jpg?fit=860%2C645&ssl=1&resize=350%2C200 1x, https:\/\/i0.wp.com\/noticiasribeiraopreto.com.br\/wp-content\/uploads\/2024\/01\/ReuniaoFNP-Divulgacao-01-scaled.jpg?fit=860%2C645&ssl=1&resize=525%2C300 1.5x, https:\/\/i0.wp.com\/noticiasribeiraopreto.com.br\/wp-content\/uploads\/2024\/01\/ReuniaoFNP-Divulgacao-01-scaled.jpg?fit=860%2C645&ssl=1&resize=700%2C400 2x"},"classes":[]},{"id":64376,"url":"https:\/\/noticiasribeiraopreto.com.br\/index.php\/2025\/03\/07\/jornal-da-franca-e-nesta-sexta-camara-de-franca-vai-inaugurar-unidade-permanente-do-sebrae-aqui\/","url_meta":{"origin":28467,"position":1},"title":"Jornal da Franca &#8211; \u00c9 nesta sexta: C\u00e2mara de Franca vai inaugurar unidade permanente do &#8220;Sebrae Aqui&#8221;","author":"noticiasribeiraopreto.com.br","date":"7 de March de 2025","format":false,"excerpt":"compartilhar no whatsapp compartilhar no telegram compartilhar no facebook compartilhar no linkedin Presidente da C\u00e2mara, Daniel Bassi, destaca import\u00e2ncia do empreendedorismo na cidade A C\u00e2mara Municipal de Franca vai inaugurar em sua sede, nesta sexta-feira, uma unidade do Sebrae Aqui, um servi\u00e7o que visa fomentar e orientar os empreendedores da\u2026","rel":"","context":"In &quot;Not\u00edcias de Franca-SP&quot;","block_context":{"text":"Not\u00edcias de Franca-SP","link":"https:\/\/noticiasribeiraopreto.com.br\/index.php\/category\/noticias-de-ribeirao-preto-sp-e-regiao-ismael-colosi\/noticias-franca-sp\/"},"img":{"alt_text":"","src":"https:\/\/i0.wp.com\/noticiasribeiraopreto.com.br\/wp-content\/uploads\/2025\/03\/IMG_20250305_143534.jpg?fit=1080%2C777&ssl=1&resize=350%2C200","width":350,"height":200,"srcset":"https:\/\/i0.wp.com\/noticiasribeiraopreto.com.br\/wp-content\/uploads\/2025\/03\/IMG_20250305_143534.jpg?fit=1080%2C777&ssl=1&resize=350%2C200 1x, https:\/\/i0.wp.com\/noticiasribeiraopreto.com.br\/wp-content\/uploads\/2025\/03\/IMG_20250305_143534.jpg?fit=1080%2C777&ssl=1&resize=525%2C300 1.5x, https:\/\/i0.wp.com\/noticiasribeiraopreto.com.br\/wp-content\/uploads\/2025\/03\/IMG_20250305_143534.jpg?fit=1080%2C777&ssl=1&resize=700%2C400 2x, https:\/\/i0.wp.com\/noticiasribeiraopreto.com.br\/wp-content\/uploads\/2025\/03\/IMG_20250305_143534.jpg?fit=1080%2C777&ssl=1&resize=1050%2C600 3x"},"classes":[]},{"id":27955,"url":"https:\/\/noticiasribeiraopreto.com.br\/index.php\/2024\/01\/14\/86a-reuniao-geral-da-fnp-ja-tem-data-e-local\/","url_meta":{"origin":28467,"position":2},"title":"\u00a086\u00aa Reuni\u00e3o Geral da FNP j\u00e1 tem data e local","author":"noticiasribeiraopreto.com.br","date":"14 de January de 2024","format":false,"excerpt":"13 de janeiro de 2024 | 10:0312 de janeiro de 2024 | 15:08 0Ribeir\u00e3o Preto\/SP vai sediar a 86\u00aa Reuni\u00e3o Geral da Frente Nacional de Prefeitas e Prefeitos (FNP), nos dias 18 e 19 de abril (quinta e sexta-feira).O evento j\u00e1 tem presen\u00e7a confirmada do vice-presidente da Rep\u00fablica, Geraldo Alckmin,\u2026","rel":"","context":"In &quot;Not\u00edcias de Ribeir\u00e3o Preto-SP e Regi\u00e3o&quot;","block_context":{"text":"Not\u00edcias de Ribeir\u00e3o Preto-SP e Regi\u00e3o","link":"https:\/\/noticiasribeiraopreto.com.br\/index.php\/category\/noticias-de-ribeirao-preto-sp-e-regiao-ismael-colosi\/"},"img":{"alt_text":"","src":"https:\/\/i0.wp.com\/noticiasribeiraopreto.com.br\/wp-content\/uploads\/2024\/01\/ReuniaoFNP-Divulgacao-01-1-scaled.jpg?fit=860%2C645&ssl=1&resize=350%2C200","width":350,"height":200,"srcset":"https:\/\/i0.wp.com\/noticiasribeiraopreto.com.br\/wp-content\/uploads\/2024\/01\/ReuniaoFNP-Divulgacao-01-1-scaled.jpg?fit=860%2C645&ssl=1&resize=350%2C200 1x, https:\/\/i0.wp.com\/noticiasribeiraopreto.com.br\/wp-content\/uploads\/2024\/01\/ReuniaoFNP-Divulgacao-01-1-scaled.jpg?fit=860%2C645&ssl=1&resize=525%2C300 1.5x, https:\/\/i0.wp.com\/noticiasribeiraopreto.com.br\/wp-content\/uploads\/2024\/01\/ReuniaoFNP-Divulgacao-01-1-scaled.jpg?fit=860%2C645&ssl=1&resize=700%2C400 2x"},"classes":[]},{"id":68657,"url":"https:\/\/noticiasribeiraopreto.com.br\/index.php\/2025\/04\/27\/na-abertura-da-agrishow-alckmin-defende-um-plano-safra-robusto-e-credito-mais-barato-para-a-industria\/","url_meta":{"origin":28467,"position":3},"title":"Na abertura da Agrishow, Alckmin defende um Plano Safra robusto e cr\u00e9dito mais barato para a ind\u00fastria","author":"noticiasribeiraopreto.com.br","date":"27 de April de 2025","format":false,"excerpt":"O vice-presidente Geraldo Alckmin (PSB) esteve presente na cerim\u00f4nia de abertura da Agrishow 2025, realizada neste domingo (27), em Ribeir\u00e3o Preto. Durante o evento, ele abordou o Plano Safra, destacando a import\u00e2ncia de um programa robusto que acompanhe o crescimento do setor agr\u00edcola. Alckmin afirmou ainda que levar\u00e1 pessoalmente ao\u2026","rel":"","context":"In &quot;Not\u00edcias de Ribeir\u00e3o Preto-SP e Regi\u00e3o&quot;","block_context":{"text":"Not\u00edcias de Ribeir\u00e3o Preto-SP e Regi\u00e3o","link":"https:\/\/noticiasribeiraopreto.com.br\/index.php\/category\/noticias-de-ribeirao-preto-sp-e-regiao-ismael-colosi\/"},"img":{"alt_text":"","src":"https:\/\/i0.wp.com\/noticiasribeiraopreto.com.br\/wp-content\/uploads\/2025\/04\/Copia-de-Copia-de-Copia-de-TAMANHO-EXATO-PARA-FOTOS-NO-SISTEMA-NOVO-20_2025-04-27_18-56-30.webp.webp?fit=1200%2C675&ssl=1&resize=350%2C200","width":350,"height":200,"srcset":"https:\/\/i0.wp.com\/noticiasribeiraopreto.com.br\/wp-content\/uploads\/2025\/04\/Copia-de-Copia-de-Copia-de-TAMANHO-EXATO-PARA-FOTOS-NO-SISTEMA-NOVO-20_2025-04-27_18-56-30.webp.webp?fit=1200%2C675&ssl=1&resize=350%2C200 1x, https:\/\/i0.wp.com\/noticiasribeiraopreto.com.br\/wp-content\/uploads\/2025\/04\/Copia-de-Copia-de-Copia-de-TAMANHO-EXATO-PARA-FOTOS-NO-SISTEMA-NOVO-20_2025-04-27_18-56-30.webp.webp?fit=1200%2C675&ssl=1&resize=525%2C300 1.5x, https:\/\/i0.wp.com\/noticiasribeiraopreto.com.br\/wp-content\/uploads\/2025\/04\/Copia-de-Copia-de-Copia-de-TAMANHO-EXATO-PARA-FOTOS-NO-SISTEMA-NOVO-20_2025-04-27_18-56-30.webp.webp?fit=1200%2C675&ssl=1&resize=700%2C400 2x, https:\/\/i0.wp.com\/noticiasribeiraopreto.com.br\/wp-content\/uploads\/2025\/04\/Copia-de-Copia-de-Copia-de-TAMANHO-EXATO-PARA-FOTOS-NO-SISTEMA-NOVO-20_2025-04-27_18-56-30.webp.webp?fit=1200%2C675&ssl=1&resize=1050%2C600 3x"},"classes":[]},{"id":74453,"url":"https:\/\/noticiasribeiraopreto.com.br\/index.php\/2025\/07\/23\/prefeitura-vai-inaugurar-pontes-tribuna-ribeirao\/","url_meta":{"origin":28467,"position":4},"title":"Prefeitura vai inaugurar pontes &#8211; Tribuna Ribeir\u00e3o","author":"noticiasribeiraopreto.com.br","date":"23 de July de 2025","format":false,"excerpt":"23 de julho de 2025 08:3022 de julho de 2025 19:428 Compartilhar0 As duas pontes sobre o c\u00f3rrego Retiro Saudoso, na avenida Maur\u00edlio Biagi, Zona Leste de Ribeir\u00e3o Preto, ser\u00e3o inauguradas neste s\u00e1bado, 26 de julho, segundo an\u00fancio feito pelo prefeito Ricardo Silva (PSD) nesta ter\u00e7a-feira (22). Uma das pontes\u2026","rel":"","context":"In &quot;Not\u00edcias de Ribeir\u00e3o Preto-SP e Regi\u00e3o&quot;","block_context":{"text":"Not\u00edcias de Ribeir\u00e3o Preto-SP e Regi\u00e3o","link":"https:\/\/noticiasribeiraopreto.com.br\/index.php\/category\/noticias-de-ribeirao-preto-sp-e-regiao-ismael-colosi\/"},"img":{"alt_text":"","src":"https:\/\/i0.wp.com\/noticiasribeiraopreto.com.br\/wp-content\/uploads\/2025\/07\/PontesMAU-Alfredo-Risk-scaled.jpg?fit=1040%2C780&ssl=1&resize=350%2C200","width":350,"height":200,"srcset":"https:\/\/i0.wp.com\/noticiasribeiraopreto.com.br\/wp-content\/uploads\/2025\/07\/PontesMAU-Alfredo-Risk-scaled.jpg?fit=1040%2C780&ssl=1&resize=350%2C200 1x, https:\/\/i0.wp.com\/noticiasribeiraopreto.com.br\/wp-content\/uploads\/2025\/07\/PontesMAU-Alfredo-Risk-scaled.jpg?fit=1040%2C780&ssl=1&resize=525%2C300 1.5x, https:\/\/i0.wp.com\/noticiasribeiraopreto.com.br\/wp-content\/uploads\/2025\/07\/PontesMAU-Alfredo-Risk-scaled.jpg?fit=1040%2C780&ssl=1&resize=700%2C400 2x"},"classes":[]},{"id":68577,"url":"https:\/\/noticiasribeiraopreto.com.br\/index.php\/2025\/04\/26\/vice-presidente-alckmin-e-confirmado-na-abertura-da-agrishow-em-ribeirao-preto\/","url_meta":{"origin":28467,"position":5},"title":"Vice-presidente Alckmin \u00e9 confirmado na abertura da Agrishow em Ribeir\u00e3o Preto","author":"noticiasribeiraopreto.com.br","date":"26 de April de 2025","format":false,"excerpt":"O vice-presidente da Rep\u00fablica, Geraldo Alckmin (PSB), foi confirmado na abertura da Agrishow, que ser\u00e1 realizada neste domingo (27) em Ribeir\u00e3o Preto. O evento come\u00e7a \u00e0s 10h e ser\u00e1 fechado para autoridades, convidados e imprensa. Al\u00e9m de vice-presidente, o ex-governador de S\u00e3o Paulo tamb\u00e9m \u00e9 ministro do Desenvolvimento, Ind\u00fastria, Com\u00e9rcio\u2026","rel":"","context":"In &quot;Not\u00edcias de Ribeir\u00e3o Preto-SP e Regi\u00e3o&quot;","block_context":{"text":"Not\u00edcias de Ribeir\u00e3o Preto-SP e Regi\u00e3o","link":"https:\/\/noticiasribeiraopreto.com.br\/index.php\/category\/noticias-de-ribeirao-preto-sp-e-regiao-ismael-colosi\/"},"img":{"alt_text":"","src":"https:\/\/i0.wp.com\/noticiasribeiraopreto.com.br\/wp-content\/uploads\/2025\/04\/GERALDO-ALCKIMIN.jpg?fit=1170%2C700&ssl=1&resize=350%2C200","width":350,"height":200,"srcset":"https:\/\/i0.wp.com\/noticiasribeiraopreto.com.br\/wp-content\/uploads\/2025\/04\/GERALDO-ALCKIMIN.jpg?fit=1170%2C700&ssl=1&resize=350%2C200 1x, https:\/\/i0.wp.com\/noticiasribeiraopreto.com.br\/wp-content\/uploads\/2025\/04\/GERALDO-ALCKIMIN.jpg?fit=1170%2C700&ssl=1&resize=525%2C300 1.5x, https:\/\/i0.wp.com\/noticiasribeiraopreto.com.br\/wp-content\/uploads\/2025\/04\/GERALDO-ALCKIMIN.jpg?fit=1170%2C700&ssl=1&resize=700%2C400 2x, https:\/\/i0.wp.com\/noticiasribeiraopreto.com.br\/wp-content\/uploads\/2025\/04\/GERALDO-ALCKIMIN.jpg?fit=1170%2C700&ssl=1&resize=1050%2C600 3x"},"classes":[]}],"jetpack_sharing_enabled":true,"jetpack_shortlink":"https:\/\/wp.me\/peQAOb-7p9","_links":{"self":[{"href":"https:\/\/noticiasribeiraopreto.com.br\/index.php\/wp-json\/wp\/v2\/posts\/28467","targetHints":{"allow":["GET"]}}],"collection":[{"href":"https:\/\/noticiasribeiraopreto.com.br\/index.php\/wp-json\/wp\/v2\/posts"}],"about":[{"href":"https:\/\/noticiasribeiraopreto.com.br\/index.php\/wp-json\/wp\/v2\/types\/post"}],"author":[{"embeddable":true,"href":"https:\/\/noticiasribeiraopreto.com.br\/index.php\/wp-json\/wp\/v2\/users\/1"}],"replies":[{"embeddable":true,"href":"https:\/\/noticiasribeiraopreto.com.br\/index.php\/wp-json\/wp\/v2\/comments?post=28467"}],"version-history":[{"count":0,"href":"https:\/\/noticiasribeiraopreto.com.br\/index.php\/wp-json\/wp\/v2\/posts\/28467\/revisions"}],"wp:featuredmedia":[{"embeddable":true,"href":"https:\/\/noticiasribeiraopreto.com.br\/index.php\/wp-json\/wp\/v2\/media\/28468"}],"wp:attachment":[{"href":"https:\/\/noticiasribeiraopreto.com.br\/index.php\/wp-json\/wp\/v2\/media?parent=28467"}],"wp:term":[{"taxonomy":"category","embeddable":true,"href":"https:\/\/noticiasribeiraopreto.com.br\/index.php\/wp-json\/wp\/v2\/categories?post=28467"},{"taxonomy":"post_tag","embeddable":true,"href":"https:\/\/noticiasribeiraopreto.com.br\/index.php\/wp-json\/wp\/v2\/tags?post=28467"}],"curies":[{"name":"wp","href":"https:\/\/api.w.org\/{rel}","templated":true}]}}