{"id":28518,"date":"2024-01-16T02:18:02","date_gmt":"2024-01-16T05:18:02","guid":{"rendered":"https:\/\/noticiasribeiraopreto.com.br\/index.php\/2024\/01\/16\/casal-de-idosos-morre-apos-colidir-com-caminhao-estacionado-na-regiao-de-ribeirao-veja-o-video\/"},"modified":"2024-01-16T02:18:02","modified_gmt":"2024-01-16T05:18:02","slug":"casal-de-idosos-morre-apos-colidir-com-caminhao-estacionado-na-regiao-de-ribeirao-veja-o-video","status":"publish","type":"post","link":"https:\/\/noticiasribeiraopreto.com.br\/index.php\/2024\/01\/16\/casal-de-idosos-morre-apos-colidir-com-caminhao-estacionado-na-regiao-de-ribeirao-veja-o-video\/","title":{"rendered":"Casal de idosos morre ap\u00f3s colidir com caminh\u00e3o estacionado na regi\u00e3o de Ribeir\u00e3o; Veja o v\u00eddeo"},"content":{"rendered":"<div class='code-block code-block-1' style='margin: 8px 0 8px auto; text-align: right; display: block; clear: both;'>\n<p><a href=\"https:\/\/wa.link\/vpicfd\"><img data-recalc-dims=\"1\" class=\"wp-image-4922\" style=\"aspect-ratio: 2.0253164556962027; width: 561px; height: auto;\" src=\"https:\/\/i0.wp.com\/ismaelcolosi.com.br\/wp-content\/uploads\/2023\/11\/grupo-de-empregos-whatsapp-e-facebook-ismael-colosi-vagas.jpg?ssl=1\" alt=\"\" \/><\/a><\/p>\n<!-- \/wp:image -->\n<\/div>\n<p> <br \/>\n<\/p>\n<div>\n<p><strong>Dois idosos morreram ap\u00f3s colidir com um caminh\u00e3o que estava estacionado<\/strong> em um posto de combust\u00edvel, na tarde deste domingo (14), em <strong>Sert\u00e3ozinho<\/strong>, cidade na regi\u00e3o de <strong>Ribeir\u00e3o Preto<\/strong>.<\/p>\n<p>O acidente aconteceu por volta das 15h22 e foi registrado por uma <strong>c\u00e2mera de seguran\u00e7a<\/strong> <em>(veja o v\u00eddeo abaixo)<\/em>. Nas imagens \u00e9 poss\u00edvel ver o carro em que as v\u00edtimas estavam entrando no posto e parando pr\u00f3ximo a uma bomba de combust\u00edvel. <\/p>\n<p>Quem dirigia o carro era uma <strong>mulher, de 72 anos<\/strong>, e no banco do passageiro estava um <strong>homem, de 76 anos.<\/strong> <\/p>\n<p><mark style=\"background-color:#fcb900\" class=\"has-inline-color\">A v\u00edtima pede para o frentista abastecer o carro e poucos segundos ap\u00f3s o pedido, o carro acelera e <strong>vai em dire\u00e7\u00e3o a um caminh\u00e3o que estava devidamente estacionado<\/strong>.<\/mark><\/p>\n<p>Ainda segundo o registro da ocorr\u00eancia, <strong>as duas v\u00edtimas foram socorridas pelo Corpo de Bombeiros<\/strong> com ferimentos e encaminhadas para a <strong>UPA <\/strong>(Unidade de Pronto Atendimento) de Sert\u00e3ozinho.<\/p>\n<h4 class=\"wp-block-heading\"><strong>Morte suspeita<\/strong><\/h4>\n<p>Ainda consta no boletim de ocorr\u00eancia que a nora das v\u00edtimas, compareceu at\u00e9 a delegacia de Sert\u00e3ozinho, horas depois do acidente, e informou que os idosos haviam morrido no pronto socorro.<\/p>\n<p>O caso foi registrado como morte suspeita e ser\u00e1 investigado pela Pol\u00edcia Civil. Os corpos das v\u00edtimas foram encaminhados para o IML de Ribeir\u00e3o Preto.<\/p>\n<blockquote class=\"twitter-tweet\" data-media-max-width=\"560\">\n<p lang=\"pt\" dir=\"ltr\">Dois idosos morreram ap\u00f3s colidir com um caminh\u00e3o que estava estacionado em um posto de combust\u00edvel, na tarde deste domingo (14), em Sert\u00e3ozinho, cidade na regi\u00e3o de Ribeir\u00e3o Preto.<\/p>\n<p>Saiba mais no site: <a href=\"https:\/\/t.co\/iGynbiHnSr\">https:\/\/t.co\/iGynbiHnSr<\/a> <a href=\"https:\/\/t.co\/uJKVW5LkQV\">pic.twitter.com\/uJKVW5LkQV<\/a><\/p>\n<p>\u2014 acidade on Ribeir\u00e3o e Regi\u00e3o (@acidadeonrp) <a href=\"https:\/\/twitter.com\/acidadeonrp\/status\/1746996535458455597?ref_src=twsrc%5Etfw\">January 15, 2024<\/a><\/p><\/blockquote>\n<p>SAIBA MAIS<\/p>\n<p>Pol\u00edcia prende acusado de ter matado engenheiro em Ribeir\u00e3o Preto<\/p>\n<h4 class=\"wp-block-heading\"><strong><mark style=\"background-color:#fcb900\" class=\"has-inline-color\">FIQUE ON<\/mark><\/strong><\/h4>\n<p>Fique ligado em tudo que acontece em Ribeir\u00e3o Preto e regi\u00e3o. Siga os perfis do<strong>\u00a0acidade on\u00a0<\/strong>no\u00a0<a href=\"https:\/\/www.instagram.com\/acidadeonribeirao\" target=\"_blank\" rel=\"noreferrer noopener\">Instagram<\/a>\u00a0e no\u00a0<a href=\"https:\/\/www.facebook.com\/acidadeonribeirao\" target=\"_blank\" rel=\"noreferrer noopener\">Facebook.<\/a><\/p>\n<p>Receba not\u00edcias do\u00a0<strong>acidade on<\/strong>\u00a0no WhatsApp.\u00a0<a href=\"https:\/\/chat.whatsapp.com\/Bnv2w66ZT4VDyZW3oiZ69n\" target=\"_blank\" rel=\"noreferrer noopener\">Para entrar no grupo, basta clicar aqui.<\/a><\/p>\n<p>Fa\u00e7a uma den\u00fancia ou sugira uma reportagem sobre Ribeir\u00e3o Preto e regi\u00e3o pelo WhatsApp: 16 99117 7802.<\/p>\n<p>VEJA TAMB\u00c9M<\/p>\n<p>Salgadinho cai de palco e assusta p\u00fablico; veja o v\u00eddeo<\/p>\n<p><!-- AI CONTENT END 1 -->\n<\/div>\n<p><script async src=\"\/\/platform.twitter.com\/widgets.js\" charset=\"utf-8\"><\/script><script async src=\"\/\/www.instagram.com\/embed.js\"><\/script><br \/>\n<br \/><br \/>\n<br \/><a href=\"https:\/\/www.acidadeon.com\/ribeiraopreto\/cotidiano\/casal-de-idosos-morre-apos-colidir-com-caminhao-estacionado-na-regiao-de-ribeirao-veja-o-video\/\">Source link <\/a><\/p>\n<!-- CONTENT END 1 -->\n","protected":false},"excerpt":{"rendered":"<p>Dois idosos morreram ap\u00f3s colidir com um caminh\u00e3o que estava estacionado em um posto de combust\u00edvel, na tarde deste domingo (14), em Sert\u00e3ozinho, cidade na&#8230;<\/p>\n","protected":false},"author":1,"featured_media":28519,"comment_status":"open","ping_status":"open","sticky":false,"template":"","format":"standard","meta":{"advanced_seo_description":"","jetpack_seo_html_title":"","jetpack_seo_noindex":false,"jetpack_post_was_ever_published":false,"_jetpack_newsletter_access":"","_jetpack_dont_email_post_to_subs":false,"_jetpack_newsletter_tier_id":0,"_jetpack_memberships_contains_paywalled_content":false,"_jetpack_memberships_contains_paid_content":false,"footnotes":"","jetpack_publicize_message":"","jetpack_publicize_feature_enabled":true,"jetpack_social_post_already_shared":true,"jetpack_social_options":{"image_generator_settings":{"template":"highway","default_image_id":0,"font":"","enabled":false},"version":2}},"categories":[11],"tags":[37,1971,3580,906,663,1633,271,277,26,48,67],"class_list":["post-28518","post","type-post","status-publish","format-standard","has-post-thumbnail","hentry","category-noticias-de-ribeirao-preto-sp-e-regiao-ismael-colosi","tag-apos","tag-caminhao","tag-casal","tag-colidir","tag-estacionado","tag-idosos","tag-morre","tag-regiao","tag-ribeirao","tag-veja","tag-video"],"jetpack_publicize_connections":[],"jetpack_featured_media_url":"https:\/\/i0.wp.com\/noticiasribeiraopreto.com.br\/wp-content\/uploads\/2024\/01\/WhatsApp-Image-2024-01-15-at-17.34.55.jpeg?fit=750%2C424&ssl=1","jetpack-related-posts":[{"id":5907,"url":"https:\/\/noticiasribeiraopreto.com.br\/index.php\/2023\/11\/24\/motorista-morre-apos-bater-carro-em-caminhao-bau-estacionado-na-regiao-de-ribeirao\/","url_meta":{"origin":28518,"position":0},"title":"Motorista morre ap\u00f3s bater carro em caminh\u00e3o-ba\u00fa estacionado na regi\u00e3o de Ribeir\u00e3o","author":"noticiasribeiraopreto.com.br","date":"24 de November de 2023","format":false,"excerpt":"O motorista de carro morreu\u00a0na madrugada desta sexta-feira (24), depois de bater o ve\u00edculo na traseira de um caminh\u00e3o-ba\u00fa estacionado em uma avenida de Sert\u00e3ozinho, na regi\u00e3o de Ribeir\u00e3o Preto. Segundo o boletim de ocorr\u00eancia (BO), Bruno Aparecido Ferreira Lopes, de 27 anos, seguia com um Fiat Pr\u00eamio pela avenida\u2026","rel":"","context":"In &quot;Not\u00edcias de Ribeir\u00e3o Preto-SP e Regi\u00e3o&quot;","block_context":{"text":"Not\u00edcias de Ribeir\u00e3o Preto-SP e Regi\u00e3o","link":"https:\/\/noticiasribeiraopreto.com.br\/index.php\/category\/noticias-de-ribeirao-preto-sp-e-regiao-ismael-colosi\/"},"img":{"alt_text":"","src":"https:\/\/i0.wp.com\/noticiasribeiraopreto.com.br\/wp-content\/uploads\/2023\/11\/samu_1024x576_06032020094007.jpg?fit=1024%2C576&ssl=1&resize=350%2C200","width":350,"height":200,"srcset":"https:\/\/i0.wp.com\/noticiasribeiraopreto.com.br\/wp-content\/uploads\/2023\/11\/samu_1024x576_06032020094007.jpg?fit=1024%2C576&ssl=1&resize=350%2C200 1x, https:\/\/i0.wp.com\/noticiasribeiraopreto.com.br\/wp-content\/uploads\/2023\/11\/samu_1024x576_06032020094007.jpg?fit=1024%2C576&ssl=1&resize=525%2C300 1.5x, https:\/\/i0.wp.com\/noticiasribeiraopreto.com.br\/wp-content\/uploads\/2023\/11\/samu_1024x576_06032020094007.jpg?fit=1024%2C576&ssl=1&resize=700%2C400 2x"},"classes":[]},{"id":40581,"url":"https:\/\/noticiasribeiraopreto.com.br\/index.php\/2024\/03\/04\/idoso-morre-apos-colidir-com-caminhao-em-rodovia-da-regiao-de-ribeirao-preto\/","url_meta":{"origin":28518,"position":1},"title":"Idoso morre ap\u00f3s colidir com caminh\u00e3o em rodovia da regi\u00e3o de Ribeir\u00e3o Preto","author":"noticiasribeiraopreto.com.br","date":"4 de March de 2024","format":false,"excerpt":"Um idoso morreu em um acidente de tr\u00e2nsito, na tarde desta segunda-feira (4), na rodovia vicinal Pl\u00ednio de Castro Prado, que liga Pontal ao distrito de C\u00e2ndia, ambos na regi\u00e3o de Ribeir\u00e3o Preto. De acordo com as primeiras informa\u00e7\u00f5es da Pol\u00edcia Civil de Pontal, a v\u00edtima tinha 77 anos e\u2026","rel":"","context":"In &quot;Not\u00edcias de Ribeir\u00e3o Preto-SP e Regi\u00e3o&quot;","block_context":{"text":"Not\u00edcias de Ribeir\u00e3o Preto-SP e Regi\u00e3o","link":"https:\/\/noticiasribeiraopreto.com.br\/index.php\/category\/noticias-de-ribeirao-preto-sp-e-regiao-ismael-colosi\/"},"img":{"alt_text":"","src":"https:\/\/i0.wp.com\/noticiasribeiraopreto.com.br\/wp-content\/uploads\/2024\/03\/AnyConv.com__WhatsApp-Image-2024-03-04-at-17.03.01.webp.webp?fit=676%2C419&ssl=1&resize=350%2C200","width":350,"height":200,"srcset":"https:\/\/i0.wp.com\/noticiasribeiraopreto.com.br\/wp-content\/uploads\/2024\/03\/AnyConv.com__WhatsApp-Image-2024-03-04-at-17.03.01.webp.webp?fit=676%2C419&ssl=1&resize=350%2C200 1x, https:\/\/i0.wp.com\/noticiasribeiraopreto.com.br\/wp-content\/uploads\/2024\/03\/AnyConv.com__WhatsApp-Image-2024-03-04-at-17.03.01.webp.webp?fit=676%2C419&ssl=1&resize=525%2C300 1.5x"},"classes":[]},{"id":48404,"url":"https:\/\/noticiasribeiraopreto.com.br\/index.php\/2024\/05\/02\/crianca-de-10-anos-morre-apos-acidente-em-rodovia-vitima-morava-na-regiao-de-ribeirao\/","url_meta":{"origin":28518,"position":2},"title":"Crian\u00e7a de 10 anos morre ap\u00f3s acidente em rodovia; V\u00edtima morava na regi\u00e3o de Ribeir\u00e3o","author":"noticiasribeiraopreto.com.br","date":"2 de May de 2024","format":false,"excerpt":"Uma crian\u00e7a de 10 anos e dois idosos morreram na noite desta quarta-feira (1\u00ba), em um acidente entre carro e caminh\u00e3o no km 255 da rodovia Newton Penido (MG-050), entre Piumhi-MG e Pimenta-MG. Identificada como J\u00falia Marques Costa, a crian\u00e7a era moradora de Franca, cidade na regi\u00e3o de Ribeir\u00e3o Preto.\u2026","rel":"","context":"In &quot;Not\u00edcias de Ribeir\u00e3o Preto-SP e Regi\u00e3o&quot;","block_context":{"text":"Not\u00edcias de Ribeir\u00e3o Preto-SP e Regi\u00e3o","link":"https:\/\/noticiasribeiraopreto.com.br\/index.php\/category\/noticias-de-ribeirao-preto-sp-e-regiao-ismael-colosi\/"},"img":{"alt_text":"","src":"https:\/\/i0.wp.com\/noticiasribeiraopreto.com.br\/wp-content\/uploads\/2024\/05\/AnyConv.com__WhatsApp-Image-2024-05-02-at-16.08.18_2024-05-02_19-48-02.webp.webp?fit=990%2C587&ssl=1&resize=350%2C200","width":350,"height":200,"srcset":"https:\/\/i0.wp.com\/noticiasribeiraopreto.com.br\/wp-content\/uploads\/2024\/05\/AnyConv.com__WhatsApp-Image-2024-05-02-at-16.08.18_2024-05-02_19-48-02.webp.webp?fit=990%2C587&ssl=1&resize=350%2C200 1x, https:\/\/i0.wp.com\/noticiasribeiraopreto.com.br\/wp-content\/uploads\/2024\/05\/AnyConv.com__WhatsApp-Image-2024-05-02-at-16.08.18_2024-05-02_19-48-02.webp.webp?fit=990%2C587&ssl=1&resize=525%2C300 1.5x, https:\/\/i0.wp.com\/noticiasribeiraopreto.com.br\/wp-content\/uploads\/2024\/05\/AnyConv.com__WhatsApp-Image-2024-05-02-at-16.08.18_2024-05-02_19-48-02.webp.webp?fit=990%2C587&ssl=1&resize=700%2C400 2x"},"classes":[]},{"id":51556,"url":"https:\/\/noticiasribeiraopreto.com.br\/index.php\/2024\/05\/28\/motorista-quase-capota-apos-colidir-com-carro-estacionado-em-ribeirao-preto-veja-o-video\/","url_meta":{"origin":28518,"position":3},"title":"Motorista quase capota ap\u00f3s colidir com carro estacionado em Ribeir\u00e3o Preto; Veja o v\u00eddeo","author":"noticiasribeiraopreto.com.br","date":"28 de May de 2024","format":false,"excerpt":"Um motorista quase capotou o carro ap\u00f3s colidir com um ve\u00edculo que estava estacionado na rua Carlos Chagas, no Jardim Paulista, zona Leste de Ribeir\u00e3o Preto, no final da tarde deste s\u00e1bado (25). O caso foi registrado por c\u00e2meras de seguran\u00e7a \u2013 veja abaixo. Nas imagens \u00e9 poss\u00edvel observar o\u2026","rel":"","context":"In &quot;Not\u00edcias de Ribeir\u00e3o Preto-SP e Regi\u00e3o&quot;","block_context":{"text":"Not\u00edcias de Ribeir\u00e3o Preto-SP e Regi\u00e3o","link":"https:\/\/noticiasribeiraopreto.com.br\/index.php\/category\/noticias-de-ribeirao-preto-sp-e-regiao-ismael-colosi\/"},"img":{"alt_text":"","src":"https:\/\/i0.wp.com\/noticiasribeiraopreto.com.br\/wp-content\/uploads\/2024\/05\/Copia-de-Copia-de-TAMANHO-EXATO-PARA-FOTOS-NO-SISTEMA-NOVO-57_2024-05-27_19-39-21_png_2024-05-27_19-39-21.webp.webp?fit=1200%2C675&ssl=1&resize=350%2C200","width":350,"height":200,"srcset":"https:\/\/i0.wp.com\/noticiasribeiraopreto.com.br\/wp-content\/uploads\/2024\/05\/Copia-de-Copia-de-TAMANHO-EXATO-PARA-FOTOS-NO-SISTEMA-NOVO-57_2024-05-27_19-39-21_png_2024-05-27_19-39-21.webp.webp?fit=1200%2C675&ssl=1&resize=350%2C200 1x, https:\/\/i0.wp.com\/noticiasribeiraopreto.com.br\/wp-content\/uploads\/2024\/05\/Copia-de-Copia-de-TAMANHO-EXATO-PARA-FOTOS-NO-SISTEMA-NOVO-57_2024-05-27_19-39-21_png_2024-05-27_19-39-21.webp.webp?fit=1200%2C675&ssl=1&resize=525%2C300 1.5x, https:\/\/i0.wp.com\/noticiasribeiraopreto.com.br\/wp-content\/uploads\/2024\/05\/Copia-de-Copia-de-TAMANHO-EXATO-PARA-FOTOS-NO-SISTEMA-NOVO-57_2024-05-27_19-39-21_png_2024-05-27_19-39-21.webp.webp?fit=1200%2C675&ssl=1&resize=700%2C400 2x, https:\/\/i0.wp.com\/noticiasribeiraopreto.com.br\/wp-content\/uploads\/2024\/05\/Copia-de-Copia-de-TAMANHO-EXATO-PARA-FOTOS-NO-SISTEMA-NOVO-57_2024-05-27_19-39-21_png_2024-05-27_19-39-21.webp.webp?fit=1200%2C675&ssl=1&resize=1050%2C600 3x"},"classes":[]},{"id":54458,"url":"https:\/\/noticiasribeiraopreto.com.br\/index.php\/2024\/07\/11\/idoso-morre-apos-batida-entre-carro-e-caminhao-em-vicinal-na-regiao-de-ribeirao-preto\/","url_meta":{"origin":28518,"position":4},"title":"Idoso morre ap\u00f3s batida entre carro e caminh\u00e3o em vicinal na regi\u00e3o de Ribeir\u00e3o Preto","author":"noticiasribeiraopreto.com.br","date":"11 de July de 2024","format":false,"excerpt":"O motorista de um carro morreu na noite desta quarta-feira (10), depois da batida do ve\u00edculo com um caminh\u00e3o na estrada vicinal Cel. Francisco Orlando, em Morro Agudo, a aproximadamente 70 quil\u00f4metros de\u00a0Ribeir\u00e3o Preto. Segundo o boletim de ocorr\u00eancia (BO), Carlos Henrique de Castro, de 68 anos, chegou\u00a0 a ser\u2026","rel":"","context":"In &quot;Not\u00edcias de Ribeir\u00e3o Preto-SP e Regi\u00e3o&quot;","block_context":{"text":"Not\u00edcias de Ribeir\u00e3o Preto-SP e Regi\u00e3o","link":"https:\/\/noticiasribeiraopreto.com.br\/index.php\/category\/noticias-de-ribeirao-preto-sp-e-regiao-ismael-colosi\/"},"img":{"alt_text":"","src":"https:\/\/i0.wp.com\/noticiasribeiraopreto.com.br\/wp-content\/uploads\/2024\/07\/WhatsApp-Image-2024-07-11-at-08.40.14_2024-07-11_11-41-37_jpeg_2024-07-11_11-41-37.webp.webp?fit=1200%2C1100&ssl=1&resize=350%2C200","width":350,"height":200,"srcset":"https:\/\/i0.wp.com\/noticiasribeiraopreto.com.br\/wp-content\/uploads\/2024\/07\/WhatsApp-Image-2024-07-11-at-08.40.14_2024-07-11_11-41-37_jpeg_2024-07-11_11-41-37.webp.webp?fit=1200%2C1100&ssl=1&resize=350%2C200 1x, https:\/\/i0.wp.com\/noticiasribeiraopreto.com.br\/wp-content\/uploads\/2024\/07\/WhatsApp-Image-2024-07-11-at-08.40.14_2024-07-11_11-41-37_jpeg_2024-07-11_11-41-37.webp.webp?fit=1200%2C1100&ssl=1&resize=525%2C300 1.5x, https:\/\/i0.wp.com\/noticiasribeiraopreto.com.br\/wp-content\/uploads\/2024\/07\/WhatsApp-Image-2024-07-11-at-08.40.14_2024-07-11_11-41-37_jpeg_2024-07-11_11-41-37.webp.webp?fit=1200%2C1100&ssl=1&resize=700%2C400 2x, https:\/\/i0.wp.com\/noticiasribeiraopreto.com.br\/wp-content\/uploads\/2024\/07\/WhatsApp-Image-2024-07-11-at-08.40.14_2024-07-11_11-41-37_jpeg_2024-07-11_11-41-37.webp.webp?fit=1200%2C1100&ssl=1&resize=1050%2C600 3x"},"classes":[]},{"id":76463,"url":"https:\/\/noticiasribeiraopreto.com.br\/index.php\/2025\/08\/29\/motorista-de-caminhao-morre-ao-colidir-com-carreta-em-posto-na-anhanguera\/","url_meta":{"origin":28518,"position":5},"title":"Motorista de caminh\u00e3o morre ao colidir com carreta em posto na Anhanguera","author":"noticiasribeiraopreto.com.br","date":"29 de August de 2025","format":false,"excerpt":"O motorista de um caminh\u00e3o morreu na manh\u00e3 desta sexta-feira (29) na rodovia Anhanguera, na altura do quil\u00f4metro 286, em Cravinhos. O acidente aconteceu dentro de um posto de combust\u00edveis, onde dois caminh\u00f5es se chocaram. De acordo com o CCI (Centro de Controle de Informa\u00e7\u00f5es) da Artesp, o ve\u00edculo conduzido\u2026","rel":"","context":"In &quot;Not\u00edcias de Ribeir\u00e3o Preto-SP e Regi\u00e3o&quot;","block_context":{"text":"Not\u00edcias de Ribeir\u00e3o Preto-SP e Regi\u00e3o","link":"https:\/\/noticiasribeiraopreto.com.br\/index.php\/category\/noticias-de-ribeirao-preto-sp-e-regiao-ismael-colosi\/"},"img":{"alt_text":"","src":"https:\/\/i0.wp.com\/noticiasribeiraopreto.com.br\/wp-content\/uploads\/2025\/08\/caminhao-anhanguera_2025-08-29_15-07-50.webp.webp?fit=972%2C741&ssl=1&resize=350%2C200","width":350,"height":200,"srcset":"https:\/\/i0.wp.com\/noticiasribeiraopreto.com.br\/wp-content\/uploads\/2025\/08\/caminhao-anhanguera_2025-08-29_15-07-50.webp.webp?fit=972%2C741&ssl=1&resize=350%2C200 1x, https:\/\/i0.wp.com\/noticiasribeiraopreto.com.br\/wp-content\/uploads\/2025\/08\/caminhao-anhanguera_2025-08-29_15-07-50.webp.webp?fit=972%2C741&ssl=1&resize=525%2C300 1.5x, https:\/\/i0.wp.com\/noticiasribeiraopreto.com.br\/wp-content\/uploads\/2025\/08\/caminhao-anhanguera_2025-08-29_15-07-50.webp.webp?fit=972%2C741&ssl=1&resize=700%2C400 2x"},"classes":[]}],"jetpack_sharing_enabled":true,"jetpack_shortlink":"https:\/\/wp.me\/peQAOb-7pY","_links":{"self":[{"href":"https:\/\/noticiasribeiraopreto.com.br\/index.php\/wp-json\/wp\/v2\/posts\/28518","targetHints":{"allow":["GET"]}}],"collection":[{"href":"https:\/\/noticiasribeiraopreto.com.br\/index.php\/wp-json\/wp\/v2\/posts"}],"about":[{"href":"https:\/\/noticiasribeiraopreto.com.br\/index.php\/wp-json\/wp\/v2\/types\/post"}],"author":[{"embeddable":true,"href":"https:\/\/noticiasribeiraopreto.com.br\/index.php\/wp-json\/wp\/v2\/users\/1"}],"replies":[{"embeddable":true,"href":"https:\/\/noticiasribeiraopreto.com.br\/index.php\/wp-json\/wp\/v2\/comments?post=28518"}],"version-history":[{"count":0,"href":"https:\/\/noticiasribeiraopreto.com.br\/index.php\/wp-json\/wp\/v2\/posts\/28518\/revisions"}],"wp:featuredmedia":[{"embeddable":true,"href":"https:\/\/noticiasribeiraopreto.com.br\/index.php\/wp-json\/wp\/v2\/media\/28519"}],"wp:attachment":[{"href":"https:\/\/noticiasribeiraopreto.com.br\/index.php\/wp-json\/wp\/v2\/media?parent=28518"}],"wp:term":[{"taxonomy":"category","embeddable":true,"href":"https:\/\/noticiasribeiraopreto.com.br\/index.php\/wp-json\/wp\/v2\/categories?post=28518"},{"taxonomy":"post_tag","embeddable":true,"href":"https:\/\/noticiasribeiraopreto.com.br\/index.php\/wp-json\/wp\/v2\/tags?post=28518"}],"curies":[{"name":"wp","href":"https:\/\/api.w.org\/{rel}","templated":true}]}}