{"id":28530,"date":"2024-01-16T03:22:02","date_gmt":"2024-01-16T06:22:02","guid":{"rendered":"https:\/\/noticiasribeiraopreto.com.br\/index.php\/2024\/01\/16\/botafogo-vence-nos-penaltis-e-garante-vaga-para-as-oitavas-de-final-da-copinha-1\/"},"modified":"2024-01-16T03:22:02","modified_gmt":"2024-01-16T06:22:02","slug":"botafogo-vence-nos-penaltis-e-garante-vaga-para-as-oitavas-de-final-da-copinha-1","status":"publish","type":"post","link":"https:\/\/noticiasribeiraopreto.com.br\/index.php\/2024\/01\/16\/botafogo-vence-nos-penaltis-e-garante-vaga-para-as-oitavas-de-final-da-copinha-1\/","title":{"rendered":"Botafogo vence nos p\u00eanaltis e garante vaga para as oitavas de final da Copinha"},"content":{"rendered":"<div class='code-block code-block-1' style='margin: 8px 0 8px auto; text-align: right; display: block; clear: both;'>\n<p><a href=\"https:\/\/wa.link\/vpicfd\"><img data-recalc-dims=\"1\" class=\"wp-image-4922\" style=\"aspect-ratio: 2.0253164556962027; width: 561px; height: auto;\" src=\"https:\/\/i0.wp.com\/ismaelcolosi.com.br\/wp-content\/uploads\/2023\/11\/grupo-de-empregos-whatsapp-e-facebook-ismael-colosi-vagas.jpg?ssl=1\" alt=\"\" \/><\/a><\/p>\n<!-- \/wp:image -->\n<\/div>\n<p> <br \/>\n<\/p>\n<div data-td-block-uid=\"tdi_104\">\n<div class=\"tdb-block-inner td-fix-index\">\n<p>O <strong>Botafogo <\/strong>se classificou para as <strong>oitavas de final <\/strong>da <strong>Copa S\u00e3o Paulo de Futebol J\u00fanior 2024<\/strong>. A disputa contra o <strong><strong>Sfera <\/strong><\/strong>aconteceu, na tarde desta segunda-feira (15), no est\u00e1dio Amadeu Mosca, em Salto.<\/p>\n<p>A equipe de<strong> Ribeir\u00e3o Preto<\/strong> <strong>empatou em 0 a 0 no tempo regular<\/strong> da partida e <strong>venceu nos p\u00eanaltis por 4 a 3<\/strong>.<\/p>\n<p>O goleiro Brenno, foi quem que defendeu duas cobran\u00e7as do time da casa e os gols botafoguenses foram marcados por Hanna, Carlos Eduardo, Caio e Jo\u00e3o Costa.<\/p>\n<p>Agora o <strong>Tricolor <\/strong>aguarda o vencedor do confronto entre o Flamengo e o S\u00e3o Jos\u00e9-RS, na noite desta segunda-feira, para conhecer o seu advers\u00e1rio nas <strong>oitavas de final<\/strong>.<\/p>\n<p>SAIBA MAIS<\/p>\n<p>Ribeir\u00e3o Preto tem inscri\u00e7\u00f5es para cursos gratuitos de m\u00fasica, dan\u00e7a e teatro<\/p>\n<h4 class=\"wp-block-heading\"><strong><mark style=\"background-color:#fcb900\" class=\"has-inline-color\">FIQUE ON<\/mark><\/strong><\/h4>\n<p>Fique ligado em tudo que acontece em Ribeir\u00e3o Preto e regi\u00e3o. Siga os perfis do<strong>\u00a0acidade on\u00a0<\/strong>no\u00a0<a href=\"https:\/\/www.instagram.com\/acidadeonribeirao\" target=\"_blank\" rel=\"noreferrer noopener\">Instagram<\/a>\u00a0e no\u00a0<a href=\"https:\/\/www.facebook.com\/acidadeonribeirao\" target=\"_blank\" rel=\"noreferrer noopener\">Facebook.<\/a><\/p>\n<p>Receba not\u00edcias do\u00a0<strong>acidade on<\/strong>\u00a0no WhatsApp.\u00a0<a href=\"https:\/\/chat.whatsapp.com\/Bnv2w66ZT4VDyZW3oiZ69n\" target=\"_blank\" rel=\"noreferrer noopener\">Para entrar no grupo, basta clicar aqui.<\/a><\/p>\n<p>Fa\u00e7a uma den\u00fancia ou sugira uma reportagem sobre Ribeir\u00e3o Preto e regi\u00e3o pelo WhatsApp: 16 99117 7802.<\/p>\n<p>VEJA TAMB\u00c9M<\/p>\n<p>BBB 24: banquete de Davi preparado para a Xepa viraliza na internet<\/p>\n<p><!-- AI CONTENT END 1 -->\n<\/div>\n<\/div>\n<p><script async src=\"\/\/www.instagram.com\/embed.js\"><\/script><br \/>\n<br \/><br \/>\n<br \/><a href=\"https:\/\/www.acidadeon.com\/ribeiraopreto\/esportes\/botafogo-vence-nos-penaltis-e-garante-vaga-para-as-oitavas-de-final-da-copinha-1\/\">Source link <\/a><\/p>\n<!-- CONTENT END 1 -->\n","protected":false},"excerpt":{"rendered":"<p>O Botafogo se classificou para as oitavas de final da Copa S\u00e3o Paulo de Futebol J\u00fanior 2024. A disputa contra o Sfera aconteceu, na tarde&#8230;<\/p>\n","protected":false},"author":1,"featured_media":28531,"comment_status":"open","ping_status":"open","sticky":false,"template":"","format":"standard","meta":{"advanced_seo_description":"","jetpack_seo_html_title":"","jetpack_seo_noindex":false,"jetpack_post_was_ever_published":false,"_jetpack_newsletter_access":"","_jetpack_dont_email_post_to_subs":false,"_jetpack_newsletter_tier_id":0,"_jetpack_memberships_contains_paywalled_content":false,"_jetpack_memberships_contains_paid_content":false,"footnotes":"","jetpack_publicize_message":"","jetpack_publicize_feature_enabled":true,"jetpack_social_post_already_shared":true,"jetpack_social_options":{"image_generator_settings":{"template":"highway","default_image_id":0,"font":"","enabled":false},"version":2}},"categories":[11],"tags":[52,3003,672,887,896,3555,71,3581,888,1612],"class_list":["post-28530","post","type-post","status-publish","format-standard","has-post-thumbnail","hentry","category-noticias-de-ribeirao-preto-sp-e-regiao-ismael-colosi","tag-botafogo","tag-copinha","tag-final","tag-garante","tag-nos","tag-oitavas","tag-para","tag-penaltis","tag-vaga","tag-vence"],"jetpack_publicize_connections":[],"jetpack_featured_media_url":"https:\/\/i0.wp.com\/noticiasribeiraopreto.com.br\/wp-content\/uploads\/2024\/01\/Copia-de-Copia-de-TAMANHO-EXATO-PARA-FOTOS-NO-SISTEMA-NOVO-11.png?fit=1200%2C675&ssl=1","jetpack-related-posts":[{"id":28408,"url":"https:\/\/noticiasribeiraopreto.com.br\/index.php\/2024\/01\/15\/botafogo-esta-nas-oitavas-de-final-da-copinha\/","url_meta":{"origin":28530,"position":0},"title":"Botafogo est\u00e1 nas oitavas de final da Copinha","author":"noticiasribeiraopreto.com.br","date":"15 de January de 2024","format":false,"excerpt":"15 de janeiro de 2024 | 18:22 0O Botafogo est\u00e1 classificado para as oitavas de final da Copa S\u00e3o Paulo de Futebol J\u00fanior. Nesta segunda-feira (15), o Tricolor venceu o Sfera por 4 a 3, nos p\u00eanaltis, ap\u00f3s empate no tempo normal por 0 a 0, no Est\u00e1dio Amadeu Mosca,\u2026","rel":"","context":"In &quot;Not\u00edcias de Ribeir\u00e3o Preto-SP e Regi\u00e3o&quot;","block_context":{"text":"Not\u00edcias de Ribeir\u00e3o Preto-SP e Regi\u00e3o","link":"https:\/\/noticiasribeiraopreto.com.br\/index.php\/category\/noticias-de-ribeirao-preto-sp-e-regiao-ismael-colosi\/"},"img":{"alt_text":"","src":"https:\/\/i0.wp.com\/noticiasribeiraopreto.com.br\/wp-content\/uploads\/2024\/01\/60234e00-8d91-4e1a-b552-eada0c752f92.jpg?fit=960%2C539&ssl=1&resize=350%2C200","width":350,"height":200,"srcset":"https:\/\/i0.wp.com\/noticiasribeiraopreto.com.br\/wp-content\/uploads\/2024\/01\/60234e00-8d91-4e1a-b552-eada0c752f92.jpg?fit=960%2C539&ssl=1&resize=350%2C200 1x, https:\/\/i0.wp.com\/noticiasribeiraopreto.com.br\/wp-content\/uploads\/2024\/01\/60234e00-8d91-4e1a-b552-eada0c752f92.jpg?fit=960%2C539&ssl=1&resize=525%2C300 1.5x, https:\/\/i0.wp.com\/noticiasribeiraopreto.com.br\/wp-content\/uploads\/2024\/01\/60234e00-8d91-4e1a-b552-eada0c752f92.jpg?fit=960%2C539&ssl=1&resize=700%2C400 2x"},"classes":[]},{"id":28437,"url":"https:\/\/noticiasribeiraopreto.com.br\/index.php\/2024\/01\/15\/botafogo-vence-o-sfera-e-avanca-para-as-oitavas-na-copa-sp\/","url_meta":{"origin":28530,"position":1},"title":"Botafogo vence o Sfera e avan\u00e7a para as oitavas na Copa SP","author":"noticiasribeiraopreto.com.br","date":"15 de January de 2024","format":false,"excerpt":"Pantera passou pelo advers\u00e1rio nos p\u00eanaltis 15 de janeiro de 2024 | 19:28 0O Botafogo est\u00e1 classificado para as oitavas de final da Copa S\u00e3o Paulo de Futebol J\u00fanior. Nesta segunda-feira (15), o Tricolor venceu o Sfera por 4 a 3, nos p\u00eanaltis, ap\u00f3s empate no tempo normal por 0\u2026","rel":"","context":"In &quot;Not\u00edcias de Ribeir\u00e3o Preto-SP e Regi\u00e3o&quot;","block_context":{"text":"Not\u00edcias de Ribeir\u00e3o Preto-SP e Regi\u00e3o","link":"https:\/\/noticiasribeiraopreto.com.br\/index.php\/category\/noticias-de-ribeirao-preto-sp-e-regiao-ismael-colosi\/"},"img":{"alt_text":"","src":"https:\/\/i0.wp.com\/noticiasribeiraopreto.com.br\/wp-content\/uploads\/2024\/01\/Botafogo-Copinha-2-scaled.jpg?fit=967%2C645&ssl=1&resize=350%2C200","width":350,"height":200,"srcset":"https:\/\/i0.wp.com\/noticiasribeiraopreto.com.br\/wp-content\/uploads\/2024\/01\/Botafogo-Copinha-2-scaled.jpg?fit=967%2C645&ssl=1&resize=350%2C200 1x, https:\/\/i0.wp.com\/noticiasribeiraopreto.com.br\/wp-content\/uploads\/2024\/01\/Botafogo-Copinha-2-scaled.jpg?fit=967%2C645&ssl=1&resize=525%2C300 1.5x, https:\/\/i0.wp.com\/noticiasribeiraopreto.com.br\/wp-content\/uploads\/2024\/01\/Botafogo-Copinha-2-scaled.jpg?fit=967%2C645&ssl=1&resize=700%2C400 2x"},"classes":[]},{"id":81710,"url":"https:\/\/noticiasribeiraopreto.com.br\/index.php\/2026\/01\/14\/botafogo-e-eliminado-da-copa-sao-paulo\/","url_meta":{"origin":28530,"position":2},"title":"Botafogo \u00e9 eliminado da Copa S\u00e3o Paulo","author":"noticiasribeiraopreto.com.br","date":"14 de January de 2026","format":false,"excerpt":"\r Pantera foi batido nos p\u00eanaltis pelo Guanabara City-GO\r \r 14 de janeiro de 2026 22:01 \r Compartilhar1 Por Hugo Luque O Botafogo est\u00e1 eliminado da Copa S\u00e3o Paulo de Futebol J\u00fanior. O Pantera empatou em 0 a 0 com o Guanabara City-GO no tempo normal, em Cravinhos (SP), e\u2026","rel":"","context":"In &quot;Not\u00edcias de Ribeir\u00e3o Preto-SP e Regi\u00e3o&quot;","block_context":{"text":"Not\u00edcias de Ribeir\u00e3o Preto-SP e Regi\u00e3o","link":"https:\/\/noticiasribeiraopreto.com.br\/index.php\/category\/noticias-de-ribeirao-preto-sp-e-regiao-ismael-colosi\/"},"img":{"alt_text":"","src":"https:\/\/i0.wp.com\/noticiasribeiraopreto.com.br\/wp-content\/uploads\/2026\/01\/2-Botafogo-x-Guanabara-City-Raul-Ramos-scaled.jpg?fit=1200%2C800&ssl=1&resize=350%2C200","width":350,"height":200,"srcset":"https:\/\/i0.wp.com\/noticiasribeiraopreto.com.br\/wp-content\/uploads\/2026\/01\/2-Botafogo-x-Guanabara-City-Raul-Ramos-scaled.jpg?fit=1200%2C800&ssl=1&resize=350%2C200 1x, https:\/\/i0.wp.com\/noticiasribeiraopreto.com.br\/wp-content\/uploads\/2026\/01\/2-Botafogo-x-Guanabara-City-Raul-Ramos-scaled.jpg?fit=1200%2C800&ssl=1&resize=525%2C300 1.5x, https:\/\/i0.wp.com\/noticiasribeiraopreto.com.br\/wp-content\/uploads\/2026\/01\/2-Botafogo-x-Guanabara-City-Raul-Ramos-scaled.jpg?fit=1200%2C800&ssl=1&resize=700%2C400 2x, https:\/\/i0.wp.com\/noticiasribeiraopreto.com.br\/wp-content\/uploads\/2026\/01\/2-Botafogo-x-Guanabara-City-Raul-Ramos-scaled.jpg?fit=1200%2C800&ssl=1&resize=1050%2C600 3x"},"classes":[]},{"id":29294,"url":"https:\/\/noticiasribeiraopreto.com.br\/index.php\/2024\/01\/17\/botafogo-perde-para-o-flamengo-nos-ultimos-minutos-e-esta-fora-da-copinha\/","url_meta":{"origin":28530,"position":3},"title":"Botafogo perde para o Flamengo nos \u00faltimos minutos e est\u00e1 fora da Copinha","author":"noticiasribeiraopreto.com.br","date":"17 de January de 2024","format":false,"excerpt":"O Botafogo foi derrotado pelo Flamengo por 2 a 1, no fim da partida desta quarta-feira (17), no Est\u00e1dio Jos\u00e9 Liberatti, em Osasco, pelas oitavas de final da Copa S\u00e3o Paulo de Futebol J\u00fanior. Daniel Rog\u00e9rio foi quem abriu o placar para o Rubro-Negro, aos 17 minutos do primeiro tempo,\u2026","rel":"","context":"In &quot;Not\u00edcias de Ribeir\u00e3o Preto-SP e Regi\u00e3o&quot;","block_context":{"text":"Not\u00edcias de Ribeir\u00e3o Preto-SP e Regi\u00e3o","link":"https:\/\/noticiasribeiraopreto.com.br\/index.php\/category\/noticias-de-ribeirao-preto-sp-e-regiao-ismael-colosi\/"},"img":{"alt_text":"","src":"https:\/\/i0.wp.com\/noticiasribeiraopreto.com.br\/wp-content\/uploads\/2024\/01\/Copia-de-Copia-de-TAMANHO-EXATO-PARA-FOTOS-NO-SISTEMA-NOVO-1.jpg?fit=1200%2C675&ssl=1&resize=350%2C200","width":350,"height":200,"srcset":"https:\/\/i0.wp.com\/noticiasribeiraopreto.com.br\/wp-content\/uploads\/2024\/01\/Copia-de-Copia-de-TAMANHO-EXATO-PARA-FOTOS-NO-SISTEMA-NOVO-1.jpg?fit=1200%2C675&ssl=1&resize=350%2C200 1x, https:\/\/i0.wp.com\/noticiasribeiraopreto.com.br\/wp-content\/uploads\/2024\/01\/Copia-de-Copia-de-TAMANHO-EXATO-PARA-FOTOS-NO-SISTEMA-NOVO-1.jpg?fit=1200%2C675&ssl=1&resize=525%2C300 1.5x, https:\/\/i0.wp.com\/noticiasribeiraopreto.com.br\/wp-content\/uploads\/2024\/01\/Copia-de-Copia-de-TAMANHO-EXATO-PARA-FOTOS-NO-SISTEMA-NOVO-1.jpg?fit=1200%2C675&ssl=1&resize=700%2C400 2x, https:\/\/i0.wp.com\/noticiasribeiraopreto.com.br\/wp-content\/uploads\/2024\/01\/Copia-de-Copia-de-TAMANHO-EXATO-PARA-FOTOS-NO-SISTEMA-NOVO-1.jpg?fit=1200%2C675&ssl=1&resize=1050%2C600 3x"},"classes":[]},{"id":28510,"url":"https:\/\/noticiasribeiraopreto.com.br\/index.php\/2024\/01\/16\/sao-paulo-vence-ferroviaria-e-mantem-vivo-sonho-do-penta-na-copinha\/","url_meta":{"origin":28530,"position":4},"title":"S\u00e3o Paulo vence Ferrovi\u00e1ria e mant\u00e9m vivo sonho do penta na Copinha \u2013 Folha de Ribeir\u00e3o","author":"noticiasribeiraopreto.com.br","date":"16 de January de 2024","format":false,"excerpt":"Os Meninos de Cotia seguem na briga pelo quinto t\u00edtulo da Copa S\u00e3o Paulo de Futebol J\u00fanior. No \u00faltimo dos oito jogos deste domingo (14), que encerraram a terceira fase da principal competi\u00e7\u00e3o de futebol de base do mundo, o S\u00e3o Paulo derrotou a Ferrovi\u00e1ria por 2 a 1, na\u2026","rel":"","context":"In &quot;Not\u00edcias de Ribeir\u00e3o Preto-SP e Regi\u00e3o&quot;","block_context":{"text":"Not\u00edcias de Ribeir\u00e3o Preto-SP e Regi\u00e3o","link":"https:\/\/noticiasribeiraopreto.com.br\/index.php\/category\/noticias-de-ribeirao-preto-sp-e-regiao-ismael-colosi\/"},"img":{"alt_text":"","src":"","width":0,"height":0},"classes":[]},{"id":28416,"url":"https:\/\/noticiasribeiraopreto.com.br\/index.php\/2024\/01\/15\/guilherme-madruga-vence-o-premio-puskas-veja-o-video-do-gol-mais-bonito-do-mundo\/","url_meta":{"origin":28530,"position":5},"title":"Guilherme Madruga vence o Pr\u00eamio Puskas com gol de bicicleta; Assista","author":"noticiasribeiraopreto.com.br","date":"15 de January de 2024","format":false,"excerpt":"O gola\u00e7o de bicicleta do volante Guilherme Madruga, ex-jogador do Botafogo, foi o grande vencedor do Pr\u00eamio Puskas. A cerim\u00f4nia que anunciou a vit\u00f3ria do jogador aconteceu em Londres, nesta segunda-feira (15). Veja o v\u00eddeo do gol da partida logo abaixo. Contratado recentemente pelo Cuiab\u00e1, o gol de Madruga aconteceu\u2026","rel":"","context":"In &quot;Not\u00edcias de Ribeir\u00e3o Preto-SP e Regi\u00e3o&quot;","block_context":{"text":"Not\u00edcias de Ribeir\u00e3o Preto-SP e Regi\u00e3o","link":"https:\/\/noticiasribeiraopreto.com.br\/index.php\/category\/noticias-de-ribeirao-preto-sp-e-regiao-ismael-colosi\/"},"img":{"alt_text":"","src":"https:\/\/i0.wp.com\/noticiasribeiraopreto.com.br\/wp-content\/uploads\/2024\/01\/gol-premio-Puskas.jpg?fit=1061%2C769&ssl=1&resize=350%2C200","width":350,"height":200,"srcset":"https:\/\/i0.wp.com\/noticiasribeiraopreto.com.br\/wp-content\/uploads\/2024\/01\/gol-premio-Puskas.jpg?fit=1061%2C769&ssl=1&resize=350%2C200 1x, https:\/\/i0.wp.com\/noticiasribeiraopreto.com.br\/wp-content\/uploads\/2024\/01\/gol-premio-Puskas.jpg?fit=1061%2C769&ssl=1&resize=525%2C300 1.5x, https:\/\/i0.wp.com\/noticiasribeiraopreto.com.br\/wp-content\/uploads\/2024\/01\/gol-premio-Puskas.jpg?fit=1061%2C769&ssl=1&resize=700%2C400 2x, https:\/\/i0.wp.com\/noticiasribeiraopreto.com.br\/wp-content\/uploads\/2024\/01\/gol-premio-Puskas.jpg?fit=1061%2C769&ssl=1&resize=1050%2C600 3x"},"classes":[]}],"jetpack_sharing_enabled":true,"jetpack_shortlink":"https:\/\/wp.me\/peQAOb-7qa","_links":{"self":[{"href":"https:\/\/noticiasribeiraopreto.com.br\/index.php\/wp-json\/wp\/v2\/posts\/28530","targetHints":{"allow":["GET"]}}],"collection":[{"href":"https:\/\/noticiasribeiraopreto.com.br\/index.php\/wp-json\/wp\/v2\/posts"}],"about":[{"href":"https:\/\/noticiasribeiraopreto.com.br\/index.php\/wp-json\/wp\/v2\/types\/post"}],"author":[{"embeddable":true,"href":"https:\/\/noticiasribeiraopreto.com.br\/index.php\/wp-json\/wp\/v2\/users\/1"}],"replies":[{"embeddable":true,"href":"https:\/\/noticiasribeiraopreto.com.br\/index.php\/wp-json\/wp\/v2\/comments?post=28530"}],"version-history":[{"count":0,"href":"https:\/\/noticiasribeiraopreto.com.br\/index.php\/wp-json\/wp\/v2\/posts\/28530\/revisions"}],"wp:featuredmedia":[{"embeddable":true,"href":"https:\/\/noticiasribeiraopreto.com.br\/index.php\/wp-json\/wp\/v2\/media\/28531"}],"wp:attachment":[{"href":"https:\/\/noticiasribeiraopreto.com.br\/index.php\/wp-json\/wp\/v2\/media?parent=28530"}],"wp:term":[{"taxonomy":"category","embeddable":true,"href":"https:\/\/noticiasribeiraopreto.com.br\/index.php\/wp-json\/wp\/v2\/categories?post=28530"},{"taxonomy":"post_tag","embeddable":true,"href":"https:\/\/noticiasribeiraopreto.com.br\/index.php\/wp-json\/wp\/v2\/tags?post=28530"}],"curies":[{"name":"wp","href":"https:\/\/api.w.org\/{rel}","templated":true}]}}