{"id":28548,"date":"2024-01-16T05:19:56","date_gmt":"2024-01-16T08:19:56","guid":{"rendered":"https:\/\/noticiasribeiraopreto.com.br\/index.php\/2024\/01\/16\/lula-sanciona-lei-que-inclui-bullying-no-codigo-penal-e-eleva-pena-para-crimes-do-eca\/"},"modified":"2024-01-16T05:19:56","modified_gmt":"2024-01-16T08:19:56","slug":"lula-sanciona-lei-que-inclui-bullying-no-codigo-penal-e-eleva-pena-para-crimes-do-eca","status":"publish","type":"post","link":"https:\/\/noticiasribeiraopreto.com.br\/index.php\/2024\/01\/16\/lula-sanciona-lei-que-inclui-bullying-no-codigo-penal-e-eleva-pena-para-crimes-do-eca\/","title":{"rendered":"Lula sanciona lei que inclui bullying no C\u00f3digo Penal"},"content":{"rendered":"<div class='code-block code-block-1' style='margin: 8px 0 8px auto; text-align: right; display: block; clear: both;'>\n<p><a href=\"https:\/\/wa.link\/vpicfd\"><img data-recalc-dims=\"1\" class=\"wp-image-4922\" style=\"aspect-ratio: 2.0253164556962027; width: 561px; height: auto;\" src=\"https:\/\/i0.wp.com\/ismaelcolosi.com.br\/wp-content\/uploads\/2023\/11\/grupo-de-empregos-whatsapp-e-facebook-ismael-colosi-vagas.jpg?ssl=1\" alt=\"\" \/><\/a><\/p>\n<!-- \/wp:image -->\n<\/div>\n<p> <br \/>\n<\/p>\n<div id=\"Corpo\">\n<p>O presidente Luiz In\u00e1cio Lula da Silva sancionou nesta segunda-feira, 15, a lei que inclui os crimes de bullying e cyberbullying no C\u00f3digo Penal. O Projeto de Lei n\u00b0 4224, de 2021, j\u00e1 havia sido aprovado na C\u00e2mara dos Deputados e no plen\u00e1rio do Senado Federal. A proposi\u00e7\u00e3o \u00e9 de autoria do deputado federal Osmar Terra (MDB-RS).<\/p>\n<p>O texto altera o C\u00f3digo Penal e o Estatuto da Crian\u00e7a e do Adolescente (ECA). Segundo a norma sancionada nesta segunda pelo presidente, o bullying est\u00e1 tipificado como \u201cintimidar sistematicamente, individualmente ou em grupo, mediante viol\u00eancia f\u00edsica ou psicol\u00f3gica, uma ou mais pessoas, de modo intencional e repetitivo, sem motiva\u00e7\u00e3o evidente, por meio de atos de intimida\u00e7\u00e3o, de humilha\u00e7\u00e3o ou de discrimina\u00e7\u00e3o ou de a\u00e7\u00f5es verbais, morais, sexuais, sociais, psicol\u00f3gicas, f\u00edsicas, materiais ou virtuais\u201d.<\/p>\n<p>O cyberbullying, por sua vez, \u00e9 definido na lei como o bullying praticado em ambiente virtual.<\/p>\n<p>O texto tamb\u00e9m inclui quatro crimes praticados contra crian\u00e7as e adolescentes no rol de crimes de hediondos, alterando a Lei 8 072, de 1990, que trata dessa tipifica\u00e7\u00e3o. S\u00e3o eles:<\/p>\n<p>\u2013 Agenciar, facilitar, recrutar, coagir ou intermediar a participa\u00e7\u00e3o de crian\u00e7a ou adolescente em imagens pornogr\u00e1ficas;<\/p>\n<p>\u2013 Adquirir, possuir ou armazenar imagem pornogr\u00e1fica com crian\u00e7a ou adolescente;<\/p>\n<p>\u2013 Sequestrar ou manter em c\u00e1rcere privado crian\u00e7as e adolescentes;<\/p>\n<p>\u2013 Traficar pessoas menores de 18 anos.<\/p>\n<p>Quem \u00e9 condenado por crime hediondo, al\u00e9m das penas j\u00e1 previstas na legisla\u00e7\u00e3o, n\u00e3o pode receber benef\u00edcios de anistia, indulto ou fian\u00e7a. Nestes casos, a progress\u00e3o da pena \u00e9 mais lenta e a senten\u00e7a deve ser cumprida inicialmente em regime fechado. A lei aprovada nesta segunda-feira tamb\u00e9m instaura estrat\u00e9gias de preven\u00e7\u00e3o contra a viol\u00eancia nas escolas.<\/p>\n<\/div>\n<p><br \/>\n<br \/><a href=\"https:\/\/www.tribunaribeirao.com.br\/site\/lula-sanciona-lei-que-inclui-bullying-no-codigo-penal-e-eleva-pena-para-crimes-do-eca\/\">Source link <\/a><\/p>\n<!-- CONTENT END 1 -->\n","protected":false},"excerpt":{"rendered":"<p>O presidente Luiz In\u00e1cio Lula da Silva sancionou nesta segunda-feira, 15, a lei que inclui os crimes de bullying e cyberbullying no C\u00f3digo Penal. O&#8230;<\/p>\n","protected":false},"author":1,"featured_media":28549,"comment_status":"open","ping_status":"open","sticky":false,"template":"","format":"standard","meta":{"advanced_seo_description":"","jetpack_seo_html_title":"","jetpack_seo_noindex":false,"jetpack_post_was_ever_published":false,"_jetpack_newsletter_access":"","_jetpack_dont_email_post_to_subs":false,"_jetpack_newsletter_tier_id":0,"_jetpack_memberships_contains_paywalled_content":false,"_jetpack_memberships_contains_paid_content":false,"footnotes":"","jetpack_publicize_message":"","jetpack_publicize_feature_enabled":true,"jetpack_social_post_already_shared":true,"jetpack_social_options":{"image_generator_settings":{"template":"highway","default_image_id":0,"font":"","enabled":false},"version":2}},"categories":[11],"tags":[3585,3586,3584,1126,750,3587,2118],"class_list":["post-28548","post","type-post","status-publish","format-standard","has-post-thumbnail","hentry","category-noticias-de-ribeirao-preto-sp-e-regiao-ismael-colosi","tag-bullying","tag-codigo","tag-inclui","tag-lei","tag-lula","tag-penal","tag-sanciona"],"jetpack_publicize_connections":[],"jetpack_featured_media_url":"https:\/\/i0.wp.com\/noticiasribeiraopreto.com.br\/wp-content\/uploads\/2024\/01\/d9eb8ba1-1782-45b5-8d09-381171a0472a.jpg?fit=600%2C400&ssl=1","jetpack-related-posts":[{"id":84466,"url":"https:\/\/noticiasribeiraopreto.com.br\/index.php\/2026\/04\/09\/saiba-quais-sao-as-novas-leis-que-ampliam-a-protecao-as-mulheres\/","url_meta":{"origin":28548,"position":0},"title":"Saiba quais s\u00e3o as novas leis que ampliam a prote\u00e7\u00e3o \u00e0s mulheres","author":"noticiasribeiraopreto.com.br","date":"9 de April de 2026","format":false,"excerpt":"Ler o resumo da not\u00edcia Presidente Lula sancionou tr\u00eas projetos de lei nesta quinta-feira (9) que ampliam a prote\u00e7\u00e3o \u00e0s mulheres no Brasil. As normas atualizam a Lei Maria da Penha e o C\u00f3digo Penal, incluindo novas tipifica\u00e7\u00f5es penais e medidas preventivas. O PL 2.942\/2024 estabelece monitoramento eletr\u00f4nico de agressores\u2026","rel":"","context":"In &quot;Not\u00edcias de Ribeir\u00e3o Preto-SP e Regi\u00e3o&quot;","block_context":{"text":"Not\u00edcias de Ribeir\u00e3o Preto-SP e Regi\u00e3o","link":"https:\/\/noticiasribeiraopreto.com.br\/index.php\/category\/noticias-de-ribeirao-preto-sp-e-regiao-ismael-colosi\/"},"img":{"alt_text":"","src":"https:\/\/i0.wp.com\/noticiasribeiraopreto.com.br\/wp-content\/uploads\/2026\/04\/woman-with-beautiful-hand-touching-window_2026-04-09_23-04-09.webp.webp?fit=1200%2C800&ssl=1&resize=350%2C200","width":350,"height":200,"srcset":"https:\/\/i0.wp.com\/noticiasribeiraopreto.com.br\/wp-content\/uploads\/2026\/04\/woman-with-beautiful-hand-touching-window_2026-04-09_23-04-09.webp.webp?fit=1200%2C800&ssl=1&resize=350%2C200 1x, https:\/\/i0.wp.com\/noticiasribeiraopreto.com.br\/wp-content\/uploads\/2026\/04\/woman-with-beautiful-hand-touching-window_2026-04-09_23-04-09.webp.webp?fit=1200%2C800&ssl=1&resize=525%2C300 1.5x, https:\/\/i0.wp.com\/noticiasribeiraopreto.com.br\/wp-content\/uploads\/2026\/04\/woman-with-beautiful-hand-touching-window_2026-04-09_23-04-09.webp.webp?fit=1200%2C800&ssl=1&resize=700%2C400 2x, https:\/\/i0.wp.com\/noticiasribeiraopreto.com.br\/wp-content\/uploads\/2026\/04\/woman-with-beautiful-hand-touching-window_2026-04-09_23-04-09.webp.webp?fit=1200%2C800&ssl=1&resize=1050%2C600 3x"},"classes":[]},{"id":40522,"url":"https:\/\/noticiasribeiraopreto.com.br\/index.php\/2024\/03\/04\/brasil-ganha-primeira-associacao-para-orientar-vitimas-de-bullying\/","url_meta":{"origin":28548,"position":1},"title":"Brasil ganha primeira associa\u00e7\u00e3o para orientar v\u00edtimas de bullying","author":"noticiasribeiraopreto.com.br","date":"4 de March de 2024","format":false,"excerpt":"4 de mar\u00e7o de 2024 | 13:004 de mar\u00e7o de 2024 | 9:40 0Mar\u00e7o \u00e9 o m\u00eas de conscientiza\u00e7\u00e3o contra o bullying e, este ano, marca o lan\u00e7amento da primeira associa\u00e7\u00e3o do Brasil para atendimento \u00e0s v\u00edtimas desse tipo de viol\u00eancia. A SOS Bullying \u2013 Associa\u00e7\u00e3o de Servi\u00e7o, Orienta\u00e7\u00e3o e\u2026","rel":"","context":"In &quot;Not\u00edcias de Ribeir\u00e3o Preto-SP e Regi\u00e3o&quot;","block_context":{"text":"Not\u00edcias de Ribeir\u00e3o Preto-SP e Regi\u00e3o","link":"https:\/\/noticiasribeiraopreto.com.br\/index.php\/category\/noticias-de-ribeirao-preto-sp-e-regiao-ismael-colosi\/"},"img":{"alt_text":"","src":"https:\/\/i0.wp.com\/noticiasribeiraopreto.com.br\/wp-content\/uploads\/2024\/03\/bullying.jpg?fit=720%2C480&ssl=1&resize=350%2C200","width":350,"height":200,"srcset":"https:\/\/i0.wp.com\/noticiasribeiraopreto.com.br\/wp-content\/uploads\/2024\/03\/bullying.jpg?fit=720%2C480&ssl=1&resize=350%2C200 1x, https:\/\/i0.wp.com\/noticiasribeiraopreto.com.br\/wp-content\/uploads\/2024\/03\/bullying.jpg?fit=720%2C480&ssl=1&resize=525%2C300 1.5x, https:\/\/i0.wp.com\/noticiasribeiraopreto.com.br\/wp-content\/uploads\/2024\/03\/bullying.jpg?fit=720%2C480&ssl=1&resize=700%2C400 2x"},"classes":[]},{"id":81570,"url":"https:\/\/noticiasribeiraopreto.com.br\/index.php\/2026\/01\/10\/o-que-e-a-lei-do-devedor-contumaz-veja-quem-e-incluido-na-categoria\/","url_meta":{"origin":28548,"position":2},"title":"O que \u00e9 a lei do Devedor Contumaz? Veja quem \u00e9 inclu\u00eddo na categoria","author":"noticiasribeiraopreto.com.br","date":"10 de January de 2026","format":false,"excerpt":"O presidente Luiz In\u00e1cio Lula da Silva (PT) sancionou, com cinco vetos, a Lei Complementar 225, que cria o C\u00f3digo de Defesa do Contribuinte e tem como destaque a tipifica\u00e7\u00e3o do devedor contumaz. O texto foi publicado no DOU (Di\u00e1rio Oficial da Uni\u00e3o). A nova lei, aprovada pelo Congresso em\u2026","rel":"","context":"In &quot;Not\u00edcias de Ribeir\u00e3o Preto-SP e Regi\u00e3o&quot;","block_context":{"text":"Not\u00edcias de Ribeir\u00e3o Preto-SP e Regi\u00e3o","link":"https:\/\/noticiasribeiraopreto.com.br\/index.php\/category\/noticias-de-ribeirao-preto-sp-e-regiao-ismael-colosi\/"},"img":{"alt_text":"","src":"https:\/\/i0.wp.com\/noticiasribeiraopreto.com.br\/wp-content\/uploads\/2026\/01\/devedor-contumaz_2026-01-09_19-36-52.webp.webp?fit=1200%2C800&ssl=1&resize=350%2C200","width":350,"height":200,"srcset":"https:\/\/i0.wp.com\/noticiasribeiraopreto.com.br\/wp-content\/uploads\/2026\/01\/devedor-contumaz_2026-01-09_19-36-52.webp.webp?fit=1200%2C800&ssl=1&resize=350%2C200 1x, https:\/\/i0.wp.com\/noticiasribeiraopreto.com.br\/wp-content\/uploads\/2026\/01\/devedor-contumaz_2026-01-09_19-36-52.webp.webp?fit=1200%2C800&ssl=1&resize=525%2C300 1.5x, https:\/\/i0.wp.com\/noticiasribeiraopreto.com.br\/wp-content\/uploads\/2026\/01\/devedor-contumaz_2026-01-09_19-36-52.webp.webp?fit=1200%2C800&ssl=1&resize=700%2C400 2x, https:\/\/i0.wp.com\/noticiasribeiraopreto.com.br\/wp-content\/uploads\/2026\/01\/devedor-contumaz_2026-01-09_19-36-52.webp.webp?fit=1200%2C800&ssl=1&resize=1050%2C600 3x"},"classes":[]},{"id":28457,"url":"https:\/\/noticiasribeiraopreto.com.br\/index.php\/2024\/01\/15\/penas-para-crimes-contra-crianca-e-adolescente-ficam-mais-rigorosas\/","url_meta":{"origin":28548,"position":3},"title":"Penas para crimes contra crian\u00e7a e adolescente ficam mais rigorosas \u2013 Folha de Ribeir\u00e3o","author":"noticiasribeiraopreto.com.br","date":"15 de January de 2024","format":false,"excerpt":"A legisla\u00e7\u00e3o brasileira que trata da prote\u00e7\u00e3o \u00e0 crian\u00e7a e ao adolescente contra a viol\u00eancia foi refor\u00e7ada nesta segunda feira (15), com a publica\u00e7\u00e3o no\u00a0Di\u00e1rio Oficial da Uni\u00e3o\u00a0da\u00a0Lei 14.811\/2024. A medida modifica o C\u00f3digo Penal, a Lei dos Crimes Hediondos e o Estatuto da Crian\u00e7a e do Adolescente e torna\u2026","rel":"","context":"In &quot;Not\u00edcias de Ribeir\u00e3o Preto-SP e Regi\u00e3o&quot;","block_context":{"text":"Not\u00edcias de Ribeir\u00e3o Preto-SP e Regi\u00e3o","link":"https:\/\/noticiasribeiraopreto.com.br\/index.php\/category\/noticias-de-ribeirao-preto-sp-e-regiao-ismael-colosi\/"},"img":{"alt_text":"","src":"","width":0,"height":0},"classes":[]},{"id":64627,"url":"https:\/\/noticiasribeiraopreto.com.br\/index.php\/2025\/03\/10\/fim-dos-flanelinhas-projeto-quer-transformar-pratica-em-crime\/","url_meta":{"origin":28548,"position":4},"title":"Fim dos flanelinhas? Projeto quer transformar pr\u00e1tica em crime","author":"noticiasribeiraopreto.com.br","date":"10 de March de 2025","format":false,"excerpt":"Est\u00e1 em an\u00e1lise, na C\u00e2mara dos Deputados, o Projeto de Lei 239\/25, que prop\u00f5e mudan\u00e7as no C\u00f3digo Penal para incluir a extors\u00e3o praticada por guardadores informais de ve\u00edculos em vias p\u00fablicas. A proposta, apresentada pelo deputado General Pazuello (PL-RJ), estabelece que quem cobrar dinheiro para guardar, estacionar ou vigiar carros\u2026","rel":"","context":"In &quot;Not\u00edcias de Ribeir\u00e3o Preto-SP e Regi\u00e3o&quot;","block_context":{"text":"Not\u00edcias de Ribeir\u00e3o Preto-SP e Regi\u00e3o","link":"https:\/\/noticiasribeiraopreto.com.br\/index.php\/category\/noticias-de-ribeirao-preto-sp-e-regiao-ismael-colosi\/"},"img":{"alt_text":"","src":"https:\/\/i0.wp.com\/noticiasribeiraopreto.com.br\/wp-content\/uploads\/2025\/03\/man-white-shirt-wipes-car-car-wash_2025-03-10_22-30-55_jpg_2025-03-10_22-30-56-scaled.webp.webp?fit=1200%2C800&ssl=1&resize=350%2C200","width":350,"height":200,"srcset":"https:\/\/i0.wp.com\/noticiasribeiraopreto.com.br\/wp-content\/uploads\/2025\/03\/man-white-shirt-wipes-car-car-wash_2025-03-10_22-30-55_jpg_2025-03-10_22-30-56-scaled.webp.webp?fit=1200%2C800&ssl=1&resize=350%2C200 1x, https:\/\/i0.wp.com\/noticiasribeiraopreto.com.br\/wp-content\/uploads\/2025\/03\/man-white-shirt-wipes-car-car-wash_2025-03-10_22-30-55_jpg_2025-03-10_22-30-56-scaled.webp.webp?fit=1200%2C800&ssl=1&resize=525%2C300 1.5x, https:\/\/i0.wp.com\/noticiasribeiraopreto.com.br\/wp-content\/uploads\/2025\/03\/man-white-shirt-wipes-car-car-wash_2025-03-10_22-30-55_jpg_2025-03-10_22-30-56-scaled.webp.webp?fit=1200%2C800&ssl=1&resize=700%2C400 2x, https:\/\/i0.wp.com\/noticiasribeiraopreto.com.br\/wp-content\/uploads\/2025\/03\/man-white-shirt-wipes-car-car-wash_2025-03-10_22-30-55_jpg_2025-03-10_22-30-56-scaled.webp.webp?fit=1200%2C800&ssl=1&resize=1050%2C600 3x"},"classes":[]},{"id":43905,"url":"https:\/\/noticiasribeiraopreto.com.br\/index.php\/2024\/03\/24\/fim-da-saida-temporaria-e-o-retrocesso-da-legislacao-penal-no-brasil\/","url_meta":{"origin":28548,"position":5},"title":"Fim da sa\u00edda tempor\u00e1ria e o retrocesso da legisla\u00e7\u00e3o penal \u202fno Brasil\u00a0","author":"noticiasribeiraopreto.com.br","date":"24 de March de 2024","format":false,"excerpt":"24 de mar\u00e7o de 2024 | 8:2023 de mar\u00e7o de 2024 | 12:51 0 Sheyner Asf\u00f3ra*\u00a0 Retrocesso. Como advogado criminalista, essa \u00e9 a vis\u00e3o sobre o Projeto de Lei aprovado recentemente no Senado Federal, que determina o fim da sa\u00edda tempor\u00e1ria de presos no Brasil. Pela proposta avaliada, qualquer preso\u2026","rel":"","context":"In &quot;Not\u00edcias de Ribeir\u00e3o Preto-SP e Regi\u00e3o&quot;","block_context":{"text":"Not\u00edcias de Ribeir\u00e3o Preto-SP e Regi\u00e3o","link":"https:\/\/noticiasribeiraopreto.com.br\/index.php\/category\/noticias-de-ribeirao-preto-sp-e-regiao-ismael-colosi\/"},"img":{"alt_text":"","src":"https:\/\/i0.wp.com\/noticiasribeiraopreto.com.br\/wp-content\/uploads\/2024\/03\/1711279706_sheyneryasbeckasfora-scaled.jpg?fit=1000%2C625&ssl=1&resize=350%2C200","width":350,"height":200,"srcset":"https:\/\/i0.wp.com\/noticiasribeiraopreto.com.br\/wp-content\/uploads\/2024\/03\/1711279706_sheyneryasbeckasfora-scaled.jpg?fit=1000%2C625&ssl=1&resize=350%2C200 1x, https:\/\/i0.wp.com\/noticiasribeiraopreto.com.br\/wp-content\/uploads\/2024\/03\/1711279706_sheyneryasbeckasfora-scaled.jpg?fit=1000%2C625&ssl=1&resize=525%2C300 1.5x, https:\/\/i0.wp.com\/noticiasribeiraopreto.com.br\/wp-content\/uploads\/2024\/03\/1711279706_sheyneryasbeckasfora-scaled.jpg?fit=1000%2C625&ssl=1&resize=700%2C400 2x"},"classes":[]}],"jetpack_sharing_enabled":true,"jetpack_shortlink":"https:\/\/wp.me\/peQAOb-7qs","_links":{"self":[{"href":"https:\/\/noticiasribeiraopreto.com.br\/index.php\/wp-json\/wp\/v2\/posts\/28548","targetHints":{"allow":["GET"]}}],"collection":[{"href":"https:\/\/noticiasribeiraopreto.com.br\/index.php\/wp-json\/wp\/v2\/posts"}],"about":[{"href":"https:\/\/noticiasribeiraopreto.com.br\/index.php\/wp-json\/wp\/v2\/types\/post"}],"author":[{"embeddable":true,"href":"https:\/\/noticiasribeiraopreto.com.br\/index.php\/wp-json\/wp\/v2\/users\/1"}],"replies":[{"embeddable":true,"href":"https:\/\/noticiasribeiraopreto.com.br\/index.php\/wp-json\/wp\/v2\/comments?post=28548"}],"version-history":[{"count":0,"href":"https:\/\/noticiasribeiraopreto.com.br\/index.php\/wp-json\/wp\/v2\/posts\/28548\/revisions"}],"wp:featuredmedia":[{"embeddable":true,"href":"https:\/\/noticiasribeiraopreto.com.br\/index.php\/wp-json\/wp\/v2\/media\/28549"}],"wp:attachment":[{"href":"https:\/\/noticiasribeiraopreto.com.br\/index.php\/wp-json\/wp\/v2\/media?parent=28548"}],"wp:term":[{"taxonomy":"category","embeddable":true,"href":"https:\/\/noticiasribeiraopreto.com.br\/index.php\/wp-json\/wp\/v2\/categories?post=28548"},{"taxonomy":"post_tag","embeddable":true,"href":"https:\/\/noticiasribeiraopreto.com.br\/index.php\/wp-json\/wp\/v2\/tags?post=28548"}],"curies":[{"name":"wp","href":"https:\/\/api.w.org\/{rel}","templated":true}]}}