{"id":28606,"date":"2024-01-16T09:40:45","date_gmt":"2024-01-16T12:40:45","guid":{"rendered":"https:\/\/noticiasribeiraopreto.com.br\/index.php\/2024\/01\/16\/gravissimo-acidente-entre-carro-e-caminhoes-deixa-tres-mortos-incluindo-duas-criancas\/"},"modified":"2024-01-16T09:40:45","modified_gmt":"2024-01-16T12:40:45","slug":"gravissimo-acidente-entre-carro-e-caminhoes-deixa-tres-mortos-incluindo-duas-criancas","status":"publish","type":"post","link":"https:\/\/noticiasribeiraopreto.com.br\/index.php\/2024\/01\/16\/gravissimo-acidente-entre-carro-e-caminhoes-deixa-tres-mortos-incluindo-duas-criancas\/","title":{"rendered":"Grav\u00edssimo acidente entre carro e caminh\u00f5es deixa tr\u00eas mortos, incluindo duas crian\u00e7as"},"content":{"rendered":"<div class='code-block code-block-1' style='margin: 8px 0 8px auto; text-align: right; display: block; clear: both;'>\n<p><a href=\"https:\/\/wa.link\/vpicfd\"><img data-recalc-dims=\"1\" class=\"wp-image-4922\" style=\"aspect-ratio: 2.0253164556962027; width: 561px; height: auto;\" src=\"https:\/\/i0.wp.com\/ismaelcolosi.com.br\/wp-content\/uploads\/2023\/11\/grupo-de-empregos-whatsapp-e-facebook-ismael-colosi-vagas.jpg?ssl=1\" alt=\"\" \/><\/a><\/p>\n<!-- \/wp:image -->\n<\/div>\n<p> <br \/>\n<\/p>\n<div itemprop=\"text\">\n<p>Um acidente devastador ocorreu na noite da \u00faltima segunda, dia 15 de janeiro, na Via Dutra, em S\u00e3o Paulo, resultando na morte de tr\u00eas pessoas, incluindo duas crian\u00e7as.<\/p>\n<p>O incidente, que aconteceu por volta das 22h, envolveu um ve\u00edculo de passeio e dois caminh\u00f5es, deixando tamb\u00e9m dois feridos.<\/p>\n<p>Durante um congestionamento na rodovia, um caminh\u00e3o colidiu com a traseira de uma carreta, resultando no apressamento um carro que transportava cinco pessoas.<\/p>\n<p>Infelizmente, tr\u00eas ocupantes do ve\u00edculo, uma crian\u00e7a de 8 anos, um adolescente de 17 anos e um homem de 60 anos, que estavam na parte traseira do carro, morreram no local.<\/p>\n<p>Os dois sobreviventes do acidente, um homem de 40 anos e uma mulher de 35 anos, estavam na parte da frente do ve\u00edculo e foram socorridos imediatamente. Eles foram levados a um hospital local para receber tratamento m\u00e9dico.<\/p>\n<p>Veja momento do resgate:<\/p>\n<blockquote class=\"twitter-tweet\" data-media-max-width=\"560\">\n<p dir=\"ltr\" lang=\"pt\">22h30 Carreta x carreta x carro na Rod Presidente Dutra, 230 (sentido RJ), VL Maria, 3 \u00f3bitos (constatado pelo m\u00e9dico da USA), v\u00edtimas: 17 anos, uma crian\u00e7a 8 anos, um idoso, 8 viaturas no atendimento e CCR; aguardo informa\u00e7\u00f5es do local..<a href=\"https:\/\/twitter.com\/hashtag\/193R?src=hash&amp;ref_src=twsrc%5Etfw\">#193R<\/a> <a href=\"https:\/\/t.co\/9l1QoW6Ru0\">pic.twitter.com\/9l1QoW6Ru0<\/a><\/p>\n<p>\u2014 Corpo de Bombeiros PMESP (@BombeirosPMESP) <a href=\"https:\/\/twitter.com\/BombeirosPMESP\/status\/1747074640361455807?ref_src=twsrc%5Etfw\">January 16, 2024<\/a><\/p>\n<\/blockquote>\n<p>O tr\u00e2nsito na Via Dutra permaneceu bloqueado durante toda a madrugada no km 229, local do acidente, causando grandes transtornos na regi\u00e3o.<\/p>\n<p>A gravidade do acidente e a perda de vidas, especialmente de crian\u00e7as, chocaram a comunidade e reacenderam discuss\u00f5es sobre a seguran\u00e7a nas estradas brasileiras.<\/p>\n<p>Este tr\u00e1gico evento serve como um lembrete sombrio dos perigos enfrentados nas rodovias e da import\u00e2ncia de medidas preventivas e de seguran\u00e7a no tr\u00e2nsito.<\/p>\n<p>A Via Dutra, uma das principais rodovias do pa\u00eds, \u00e9 frequentemente palco de acidentes graves, destacando a necessidade de maior aten\u00e7\u00e3o e cuidado por parte dos motoristas, al\u00e9m de uma infraestrutura rodovi\u00e1ria mais segura.<\/p>\n<\/div>\n<p><script async src=\"\/\/platform.twitter.com\/widgets.js\" charset=\"utf-8\"><\/script><br \/>\n<br \/><br \/>\n<br \/><a href=\"https:\/\/fnmais.com\/tragedia-na-dutra-gravissimo-acidente-entre-carro-caminhoes-deixa-tres-mortos-incluindo-duas-criancas\/\">Source link <\/a><\/p>\n<!-- CONTENT END 1 -->\n","protected":false},"excerpt":{"rendered":"<p>Um acidente devastador ocorreu na noite da \u00faltima segunda, dia 15 de janeiro, na Via Dutra, em S\u00e3o Paulo, resultando na morte de tr\u00eas pessoas,&#8230;<\/p>\n","protected":false},"author":1,"featured_media":28607,"comment_status":"open","ping_status":"open","sticky":false,"template":"","format":"standard","meta":{"advanced_seo_description":"","jetpack_seo_html_title":"","jetpack_seo_noindex":false,"jetpack_post_was_ever_published":false,"_jetpack_newsletter_access":"","_jetpack_dont_email_post_to_subs":false,"_jetpack_newsletter_tier_id":0,"_jetpack_memberships_contains_paywalled_content":false,"_jetpack_memberships_contains_paid_content":false,"footnotes":"","jetpack_publicize_message":"","jetpack_publicize_feature_enabled":true,"jetpack_social_post_already_shared":true,"jetpack_social_options":{"image_generator_settings":{"template":"highway","default_image_id":0,"font":"","enabled":false},"version":2}},"categories":[1],"tags":[],"class_list":["post-28606","post","type-post","status-publish","format-standard","has-post-thumbnail","hentry","category-blog"],"jetpack_publicize_connections":[],"jetpack_featured_media_url":"https:\/\/i0.wp.com\/noticiasribeiraopreto.com.br\/wp-content\/uploads\/2024\/01\/postimg-65a671d5e813c8893.jpg?fit=1200%2C628&ssl=1","jetpack-related-posts":[{"id":25523,"url":"https:\/\/noticiasribeiraopreto.com.br\/index.php\/2024\/01\/07\/quem-sao-as-vitimas-fatais-do-grave-acidente-na-br-282-que-deixou-varios-feridos-entre-eles-uma-crianca-em-estado-grave\/","url_meta":{"origin":28606,"position":0},"title":"Quem s\u00e3o as v\u00edtimas fatais do grave acidente na BR-282, que deixou v\u00e1rios feridos, entre eles uma crian\u00e7a em estado grave","author":"noticiasribeiraopreto.com.br","date":"7 de January de 2024","format":false,"excerpt":"Na manh\u00e3 deste \u00faltimo s\u00e1bado (6), um s\u00e9rio acidente de tr\u00e2nsito ocorreu na rodovia BR-282, na altura do munic\u00edpio de Xanxer\u00ea, localizado na regi\u00e3o Oeste de Santa Catarina, resultando em duas v\u00edtimas fatais e sete feridos.Os socorristas do Corpo de Bombeiros, respons\u00e1veis pelo atendimento da ocorr\u00eancia informaram que a colis\u00e3o\u2026","rel":"","context":"In &quot;Blog&quot;","block_context":{"text":"Blog","link":"https:\/\/noticiasribeiraopreto.com.br\/index.php\/category\/blog\/"},"img":{"alt_text":"","src":"https:\/\/i0.wp.com\/noticiasribeiraopreto.com.br\/wp-content\/uploads\/2024\/01\/postimg-659ae460a29672334.jpg?fit=1200%2C628&ssl=1&resize=350%2C200","width":350,"height":200,"srcset":"https:\/\/i0.wp.com\/noticiasribeiraopreto.com.br\/wp-content\/uploads\/2024\/01\/postimg-659ae460a29672334.jpg?fit=1200%2C628&ssl=1&resize=350%2C200 1x, https:\/\/i0.wp.com\/noticiasribeiraopreto.com.br\/wp-content\/uploads\/2024\/01\/postimg-659ae460a29672334.jpg?fit=1200%2C628&ssl=1&resize=525%2C300 1.5x, https:\/\/i0.wp.com\/noticiasribeiraopreto.com.br\/wp-content\/uploads\/2024\/01\/postimg-659ae460a29672334.jpg?fit=1200%2C628&ssl=1&resize=700%2C400 2x, https:\/\/i0.wp.com\/noticiasribeiraopreto.com.br\/wp-content\/uploads\/2024\/01\/postimg-659ae460a29672334.jpg?fit=1200%2C628&ssl=1&resize=1050%2C600 3x"},"classes":[]},{"id":20546,"url":"https:\/\/noticiasribeiraopreto.com.br\/index.php\/2023\/12\/25\/quem-e-a-familia-que-perdeu-a-vida-em-acidente-de-carro-a-caminho-de-brasilia-identidades-sao-divulgadas\/","url_meta":{"origin":28606,"position":1},"title":"Quem \u00e9 a fam\u00edlia que perdeu a vida em acidente de carro a caminho de Bras\u00edlia; identidades s\u00e3o divulgadas","author":"noticiasribeiraopreto.com.br","date":"25 de December de 2023","format":false,"excerpt":"Um grave acidente acabou resultando na morte de quatro pessoas de uma mesma fam\u00edlia no \u00faltimo final de semana na BR-020. As v\u00edtimas eram um homem, a esposa e os dois filhos pequenos, que n\u00e3o resistiram aos ferimentos.O acidente ocorreu em um trecho da cidade de Correntina, que fica situada\u2026","rel":"","context":"In &quot;Blog&quot;","block_context":{"text":"Blog","link":"https:\/\/noticiasribeiraopreto.com.br\/index.php\/category\/blog\/"},"img":{"alt_text":"","src":"https:\/\/i0.wp.com\/noticiasribeiraopreto.com.br\/wp-content\/uploads\/2023\/12\/postimg-6589fa0401c742453.jpg?fit=1200%2C628&ssl=1&resize=350%2C200","width":350,"height":200,"srcset":"https:\/\/i0.wp.com\/noticiasribeiraopreto.com.br\/wp-content\/uploads\/2023\/12\/postimg-6589fa0401c742453.jpg?fit=1200%2C628&ssl=1&resize=350%2C200 1x, https:\/\/i0.wp.com\/noticiasribeiraopreto.com.br\/wp-content\/uploads\/2023\/12\/postimg-6589fa0401c742453.jpg?fit=1200%2C628&ssl=1&resize=525%2C300 1.5x, https:\/\/i0.wp.com\/noticiasribeiraopreto.com.br\/wp-content\/uploads\/2023\/12\/postimg-6589fa0401c742453.jpg?fit=1200%2C628&ssl=1&resize=700%2C400 2x, https:\/\/i0.wp.com\/noticiasribeiraopreto.com.br\/wp-content\/uploads\/2023\/12\/postimg-6589fa0401c742453.jpg?fit=1200%2C628&ssl=1&resize=1050%2C600 3x"},"classes":[]},{"id":29182,"url":"https:\/\/noticiasribeiraopreto.com.br\/index.php\/2024\/01\/17\/acidente-provoca-tragedia-na-br-280-deixa-vitimas-fatais-e-cenario-de-destruicao\/","url_meta":{"origin":28606,"position":2},"title":"Acidente provoca trag\u00e9dia na BR-280, deixa v\u00edtimas fatais e cen\u00e1rio de destrui\u00e7\u00e3o","author":"noticiasribeiraopreto.com.br","date":"17 de January de 2024","format":false,"excerpt":"Um grave acidente envolvendo dois ve\u00edculos provocou uma verdadeira trag\u00e9dia que teve cen\u00e1rio a rodovia BR-280.De acordo com as primeiras informa\u00e7\u00f5es repassadas pelas autoridades locais respons\u00e1veis pelo atendimento da ocorr\u00eancia, a colis\u00e3o violenta aconteceu na altura da cidade de Canoinhas, localizada na regi\u00e3o do Planalto Norte do estado de Santa\u2026","rel":"","context":"In &quot;Blog&quot;","block_context":{"text":"Blog","link":"https:\/\/noticiasribeiraopreto.com.br\/index.php\/category\/blog\/"},"img":{"alt_text":"","src":"https:\/\/i0.wp.com\/noticiasribeiraopreto.com.br\/wp-content\/uploads\/2024\/01\/postimg-65a8304ced6827072.jpg?fit=1200%2C675&ssl=1&resize=350%2C200","width":350,"height":200,"srcset":"https:\/\/i0.wp.com\/noticiasribeiraopreto.com.br\/wp-content\/uploads\/2024\/01\/postimg-65a8304ced6827072.jpg?fit=1200%2C675&ssl=1&resize=350%2C200 1x, https:\/\/i0.wp.com\/noticiasribeiraopreto.com.br\/wp-content\/uploads\/2024\/01\/postimg-65a8304ced6827072.jpg?fit=1200%2C675&ssl=1&resize=525%2C300 1.5x, https:\/\/i0.wp.com\/noticiasribeiraopreto.com.br\/wp-content\/uploads\/2024\/01\/postimg-65a8304ced6827072.jpg?fit=1200%2C675&ssl=1&resize=700%2C400 2x, https:\/\/i0.wp.com\/noticiasribeiraopreto.com.br\/wp-content\/uploads\/2024\/01\/postimg-65a8304ced6827072.jpg?fit=1200%2C675&ssl=1&resize=1050%2C600 3x"},"classes":[]},{"id":3705,"url":"https:\/\/noticiasribeiraopreto.com.br\/index.php\/2023\/11\/19\/acidente-entre-caminhoes-e-carro-deixa-uma-vitima-fatal-na-regiao-de-ribeirao-preto\/","url_meta":{"origin":28606,"position":3},"title":"Acidente entre caminh\u00f5es e carro deixa uma v\u00edtima fatal na regi\u00e3o de Ribeir\u00e3o Preto","author":"noticiasribeiraopreto.com.br","date":"19 de November de 2023","format":false,"excerpt":"Um homem de 41 anos morreu, na tarde deste domingo (19), ap\u00f3s um acidente entre dois caminh\u00f5es e um ve\u00edculo, na estrada vicinal Argeo Marchi\u00f3, no distrito de Cruz das Posses, em Sert\u00e3ozinho. De acordo com a apura\u00e7\u00e3o de uma equipe da EPTV, que esteve no local do ocorrido e\u2026","rel":"","context":"In &quot;Not\u00edcias de Ribeir\u00e3o Preto-SP e Regi\u00e3o&quot;","block_context":{"text":"Not\u00edcias de Ribeir\u00e3o Preto-SP e Regi\u00e3o","link":"https:\/\/noticiasribeiraopreto.com.br\/index.php\/category\/noticias-de-ribeirao-preto-sp-e-regiao-ismael-colosi\/"},"img":{"alt_text":"","src":"https:\/\/i0.wp.com\/noticiasribeiraopreto.com.br\/wp-content\/uploads\/2023\/11\/WhatsApp-Image-2023-11-19-at-19.20.07.jpeg?fit=1200%2C675&ssl=1&resize=350%2C200","width":350,"height":200,"srcset":"https:\/\/i0.wp.com\/noticiasribeiraopreto.com.br\/wp-content\/uploads\/2023\/11\/WhatsApp-Image-2023-11-19-at-19.20.07.jpeg?fit=1200%2C675&ssl=1&resize=350%2C200 1x, https:\/\/i0.wp.com\/noticiasribeiraopreto.com.br\/wp-content\/uploads\/2023\/11\/WhatsApp-Image-2023-11-19-at-19.20.07.jpeg?fit=1200%2C675&ssl=1&resize=525%2C300 1.5x, https:\/\/i0.wp.com\/noticiasribeiraopreto.com.br\/wp-content\/uploads\/2023\/11\/WhatsApp-Image-2023-11-19-at-19.20.07.jpeg?fit=1200%2C675&ssl=1&resize=700%2C400 2x, https:\/\/i0.wp.com\/noticiasribeiraopreto.com.br\/wp-content\/uploads\/2023\/11\/WhatsApp-Image-2023-11-19-at-19.20.07.jpeg?fit=1200%2C675&ssl=1&resize=1050%2C600 3x"},"classes":[]},{"id":19031,"url":"https:\/\/noticiasribeiraopreto.com.br\/index.php\/2023\/12\/21\/duas-irmas-perdem-a-vida-em-grave-acidente-na-lmg-754\/","url_meta":{"origin":28606,"position":4},"title":"Duas irm\u00e3s perdem a vida em grave acidente na LMG-754","author":"noticiasribeiraopreto.com.br","date":"21 de December de 2023","format":false,"excerpt":"Na madrugada desta quinta-feira (21), um grave acidente entre um carro e uma carreta ceifou a vida de duas irm\u00e3s. Duas irm\u00e3s, ambas na faixa et\u00e1ria de 65 e 70 anos, perderam a vida em um grave acidente.A batida envolveu um autom\u00f3vel e uma carreta na rodovia LMG-754, em um\u2026","rel":"","context":"In &quot;Blog&quot;","block_context":{"text":"Blog","link":"https:\/\/noticiasribeiraopreto.com.br\/index.php\/category\/blog\/"},"img":{"alt_text":"","src":"https:\/\/i0.wp.com\/noticiasribeiraopreto.com.br\/wp-content\/uploads\/2023\/12\/postimg-658480337bb086849.jpg?fit=1200%2C628&ssl=1&resize=350%2C200","width":350,"height":200,"srcset":"https:\/\/i0.wp.com\/noticiasribeiraopreto.com.br\/wp-content\/uploads\/2023\/12\/postimg-658480337bb086849.jpg?fit=1200%2C628&ssl=1&resize=350%2C200 1x, https:\/\/i0.wp.com\/noticiasribeiraopreto.com.br\/wp-content\/uploads\/2023\/12\/postimg-658480337bb086849.jpg?fit=1200%2C628&ssl=1&resize=525%2C300 1.5x, https:\/\/i0.wp.com\/noticiasribeiraopreto.com.br\/wp-content\/uploads\/2023\/12\/postimg-658480337bb086849.jpg?fit=1200%2C628&ssl=1&resize=700%2C400 2x, https:\/\/i0.wp.com\/noticiasribeiraopreto.com.br\/wp-content\/uploads\/2023\/12\/postimg-658480337bb086849.jpg?fit=1200%2C628&ssl=1&resize=1050%2C600 3x"},"classes":[]},{"id":78045,"url":"https:\/\/noticiasribeiraopreto.com.br\/index.php\/2025\/10\/01\/acidentes-na-via-norte-deixam-ferido-grave\/","url_meta":{"origin":28606,"position":5},"title":"Acidentes na Via Norte deixam ferido grave","author":"noticiasribeiraopreto.com.br","date":"1 de October de 2025","format":false,"excerpt":"Colis\u00f5es ocorreram em pontos distintos da via e envolveram tr\u00eas ve\u00edculos e tr\u00eas motocicletas; idoso foi levado para hospital com fraturas 1 de outubro de 2025 10:391 de outubro de 2025 10:4413 Compartilhar2 Por: Alfredo Risk e Adalberto Luque Dois acidentes registrados na Via Norte, na manh\u00e3 desta quarta-feira (1\u00ba),\u2026","rel":"","context":"In &quot;Not\u00edcias de Ribeir\u00e3o Preto-SP e Regi\u00e3o&quot;","block_context":{"text":"Not\u00edcias de Ribeir\u00e3o Preto-SP e Regi\u00e3o","link":"https:\/\/noticiasribeiraopreto.com.br\/index.php\/category\/noticias-de-ribeirao-preto-sp-e-regiao-ismael-colosi\/"},"img":{"alt_text":"","src":"https:\/\/i0.wp.com\/noticiasribeiraopreto.com.br\/wp-content\/uploads\/2025\/10\/01-out-2025-acidentevianorte2-scaled.jpg?fit=1170%2C780&ssl=1&resize=350%2C200","width":350,"height":200,"srcset":"https:\/\/i0.wp.com\/noticiasribeiraopreto.com.br\/wp-content\/uploads\/2025\/10\/01-out-2025-acidentevianorte2-scaled.jpg?fit=1170%2C780&ssl=1&resize=350%2C200 1x, https:\/\/i0.wp.com\/noticiasribeiraopreto.com.br\/wp-content\/uploads\/2025\/10\/01-out-2025-acidentevianorte2-scaled.jpg?fit=1170%2C780&ssl=1&resize=525%2C300 1.5x, https:\/\/i0.wp.com\/noticiasribeiraopreto.com.br\/wp-content\/uploads\/2025\/10\/01-out-2025-acidentevianorte2-scaled.jpg?fit=1170%2C780&ssl=1&resize=700%2C400 2x, https:\/\/i0.wp.com\/noticiasribeiraopreto.com.br\/wp-content\/uploads\/2025\/10\/01-out-2025-acidentevianorte2-scaled.jpg?fit=1170%2C780&ssl=1&resize=1050%2C600 3x"},"classes":[]}],"jetpack_sharing_enabled":true,"jetpack_shortlink":"https:\/\/wp.me\/peQAOb-7ro","_links":{"self":[{"href":"https:\/\/noticiasribeiraopreto.com.br\/index.php\/wp-json\/wp\/v2\/posts\/28606","targetHints":{"allow":["GET"]}}],"collection":[{"href":"https:\/\/noticiasribeiraopreto.com.br\/index.php\/wp-json\/wp\/v2\/posts"}],"about":[{"href":"https:\/\/noticiasribeiraopreto.com.br\/index.php\/wp-json\/wp\/v2\/types\/post"}],"author":[{"embeddable":true,"href":"https:\/\/noticiasribeiraopreto.com.br\/index.php\/wp-json\/wp\/v2\/users\/1"}],"replies":[{"embeddable":true,"href":"https:\/\/noticiasribeiraopreto.com.br\/index.php\/wp-json\/wp\/v2\/comments?post=28606"}],"version-history":[{"count":0,"href":"https:\/\/noticiasribeiraopreto.com.br\/index.php\/wp-json\/wp\/v2\/posts\/28606\/revisions"}],"wp:featuredmedia":[{"embeddable":true,"href":"https:\/\/noticiasribeiraopreto.com.br\/index.php\/wp-json\/wp\/v2\/media\/28607"}],"wp:attachment":[{"href":"https:\/\/noticiasribeiraopreto.com.br\/index.php\/wp-json\/wp\/v2\/media?parent=28606"}],"wp:term":[{"taxonomy":"category","embeddable":true,"href":"https:\/\/noticiasribeiraopreto.com.br\/index.php\/wp-json\/wp\/v2\/categories?post=28606"},{"taxonomy":"post_tag","embeddable":true,"href":"https:\/\/noticiasribeiraopreto.com.br\/index.php\/wp-json\/wp\/v2\/tags?post=28606"}],"curies":[{"name":"wp","href":"https:\/\/api.w.org\/{rel}","templated":true}]}}