{"id":28652,"date":"2024-01-16T11:57:25","date_gmt":"2024-01-16T14:57:25","guid":{"rendered":"https:\/\/noticiasribeiraopreto.com.br\/index.php\/2024\/01\/16\/utm_sourcerssutm_mediumrssutm_campaignpreso-por-3stupr4r-a-propria-filha-em-amparo-morre-apos-passar-mal-na-penitenciaria-de-serra-azul\/"},"modified":"2024-01-16T11:57:25","modified_gmt":"2024-01-16T14:57:25","slug":"utm_sourcerssutm_mediumrssutm_campaignpreso-por-3stupr4r-a-propria-filha-em-amparo-morre-apos-passar-mal-na-penitenciaria-de-serra-azul","status":"publish","type":"post","link":"https:\/\/noticiasribeiraopreto.com.br\/index.php\/2024\/01\/16\/utm_sourcerssutm_mediumrssutm_campaignpreso-por-3stupr4r-a-propria-filha-em-amparo-morre-apos-passar-mal-na-penitenciaria-de-serra-azul\/","title":{"rendered":"Preso por 3stupr4r a pr\u00f3pria filha em Amparo, morre ap\u00f3s passar mal na Penitenci\u00e1ria de Serra Azul \u2013 X Tudo Ribeir\u00e3o"},"content":{"rendered":"<div class='code-block code-block-1' style='margin: 8px 0 8px auto; text-align: right; display: block; clear: both;'>\n<p><a href=\"https:\/\/wa.link\/vpicfd\"><img data-recalc-dims=\"1\" class=\"wp-image-4922\" style=\"aspect-ratio: 2.0253164556962027; width: 561px; height: auto;\" src=\"https:\/\/i0.wp.com\/ismaelcolosi.com.br\/wp-content\/uploads\/2023\/11\/grupo-de-empregos-whatsapp-e-facebook-ismael-colosi-vagas.jpg?ssl=1\" alt=\"\" \/><\/a><\/p>\n<!-- \/wp:image -->\n<\/div>\n<p> <br \/>\n<\/p>\n<div>\n<p>Um <strong>VAGABUNDO TARADO<\/strong> preso por abusar sexualmente da pr\u00f3pria filha no ano de 2015 na cidade de Amparo, morre ap\u00f3s passar mal nas depend\u00eancias da Penitenci\u00e1ria de Serra Azul.\u00a0<\/p>\n<p>Segundo informa\u00e7\u00f5es do B.O (boletim de ocorr\u00eancia) registrado na CPJ da rua Duque de Caxias, em Ribeir\u00e3o Preto, o safado identificado como <strong>Sidnei Levorato Batista<\/strong>, foi socorrido at\u00e9 \u00e0 UPA (Unidade de Pronto Atendimento) de Serrana, ap\u00f3s cair dentro da cela.<\/p>\n<p>Consta no B.O, que o acusado n\u00e3o resistiu aos ferimentos ocasionados no rosto e veio a \u00f3bito.\u00a0<\/p>\n<p><strong>PRESO POR ABUSAR DA FILHA<\/strong><\/p>\n<p>Apurado com <strong>EXCLUSIVIDADE<\/strong>, tivemos acesso ao auto de pris\u00e3o, e consta que o tarado havia abusado sexualmente da pr\u00f3pria filha em 2015, \u00e0 \u00e9poca com 10 anos.\u00a0<\/p>\n<p>A causa da morte sera devidamente investigadas pela Pol\u00edcia Civil de Serra Azul.\u00a0<\/p>\n<\/p><\/div>\n<p><br \/>\n<br \/><a href=\"https:\/\/xtudoribeirao.com.br\/2024\/01\/16\/preso-por-3stupr4r-a-propria-filha-em-amparo-morre-apos-passar-mal-na-penitenciaria-de-serra-azul\/?utm_source=rss&#038;utm_medium=rss&#038;utm_campaign=preso-por-3stupr4r-a-propria-filha-em-amparo-morre-apos-passar-mal-na-penitenciaria-de-serra-azul\">Source link <\/a><\/p>\n<!-- CONTENT END 1 -->\n","protected":false},"excerpt":{"rendered":"<p>Um VAGABUNDO TARADO preso por abusar sexualmente da pr\u00f3pria filha no ano de 2015 na cidade de Amparo, morre ap\u00f3s passar mal nas depend\u00eancias da&#8230;<\/p>\n","protected":false},"author":1,"featured_media":28653,"comment_status":"open","ping_status":"open","sticky":false,"template":"","format":"standard","meta":{"advanced_seo_description":"","jetpack_seo_html_title":"","jetpack_seo_noindex":false,"jetpack_post_was_ever_published":false,"_jetpack_newsletter_access":"","_jetpack_dont_email_post_to_subs":false,"_jetpack_newsletter_tier_id":0,"_jetpack_memberships_contains_paywalled_content":false,"_jetpack_memberships_contains_paid_content":false,"footnotes":"","jetpack_publicize_message":"","jetpack_publicize_feature_enabled":true,"jetpack_social_post_already_shared":true,"jetpack_social_options":{"image_generator_settings":{"template":"highway","default_image_id":0,"font":"","enabled":false},"version":2}},"categories":[11],"tags":[3595,62,37,542,653,632,271,903,329,134,36,152,26,1822,43],"class_list":["post-28652","post","type-post","status-publish","format-standard","has-post-thumbnail","hentry","category-noticias-de-ribeirao-preto-sp-e-regiao-ismael-colosi","tag-3stupr4r","tag-amparo","tag-apos","tag-azul","tag-filha","tag-mal","tag-morre","tag-passar","tag-penitenciaria","tag-por","tag-preso","tag-propria","tag-ribeirao","tag-serra","tag-tudo"],"jetpack_publicize_connections":[],"jetpack_featured_media_url":"https:\/\/i0.wp.com\/noticiasribeiraopreto.com.br\/wp-content\/uploads\/2024\/01\/Penitenciaria-II-.jpeg?fit=323%2C156&ssl=1","jetpack-related-posts":[{"id":24155,"url":"https:\/\/noticiasribeiraopreto.com.br\/index.php\/2024\/01\/03\/utm_sourcerssutm_mediumrssutm_campaignvelho-safado-preso-por-abusar-de-duas-criancas-em-matao-morre-apos-passar-mal-na-penitenciaria-de-serra-azul\/","url_meta":{"origin":28652,"position":0},"title":"VELHO SAFADO preso por abusar de duas crian\u00e7as em Mat\u00e3o morre ap\u00f3s passar mal na Penitenci\u00e1ria de Serra Azul \u2013 X Tudo Ribeir\u00e3o","author":"noticiasribeiraopreto.com.br","date":"3 de January de 2024","format":false,"excerpt":"Um velho safado preso ap\u00f3s abusar sexualmente de duas crian\u00e7as no ano de 2017, morreu ap\u00f3s passar mal nas depend\u00eancias da Penitenci\u00e1ria de Serra Azul, onde estava preso.\u00a0 Segundo apurado com a Pol\u00edcia, o velho safado de 69 anos, teria passado mal na Penitenci\u00e1ria de Serra Azul, sendo socorrido pela\u2026","rel":"","context":"In &quot;Not\u00edcias de Ribeir\u00e3o Preto-SP e Regi\u00e3o&quot;","block_context":{"text":"Not\u00edcias de Ribeir\u00e3o Preto-SP e Regi\u00e3o","link":"https:\/\/noticiasribeiraopreto.com.br\/index.php\/category\/noticias-de-ribeirao-preto-sp-e-regiao-ismael-colosi\/"},"img":{"alt_text":"","src":"https:\/\/i0.wp.com\/noticiasribeiraopreto.com.br\/wp-content\/uploads\/2024\/01\/cadeia-preso.jpeg?fit=1200%2C800&ssl=1&resize=350%2C200","width":350,"height":200,"srcset":"https:\/\/i0.wp.com\/noticiasribeiraopreto.com.br\/wp-content\/uploads\/2024\/01\/cadeia-preso.jpeg?fit=1200%2C800&ssl=1&resize=350%2C200 1x, https:\/\/i0.wp.com\/noticiasribeiraopreto.com.br\/wp-content\/uploads\/2024\/01\/cadeia-preso.jpeg?fit=1200%2C800&ssl=1&resize=525%2C300 1.5x, https:\/\/i0.wp.com\/noticiasribeiraopreto.com.br\/wp-content\/uploads\/2024\/01\/cadeia-preso.jpeg?fit=1200%2C800&ssl=1&resize=700%2C400 2x, https:\/\/i0.wp.com\/noticiasribeiraopreto.com.br\/wp-content\/uploads\/2024\/01\/cadeia-preso.jpeg?fit=1200%2C800&ssl=1&resize=1050%2C600 3x"},"classes":[]},{"id":32193,"url":"https:\/\/noticiasribeiraopreto.com.br\/index.php\/2024\/01\/24\/utm_sourcerssutm_mediumrssutm_campaignvagabundo-safado-condenado-por-mais-de-23-anos-de-cadeia-por-abusar-da-propria-filha-e-preso-no-ipiranga\/","url_meta":{"origin":28652,"position":1},"title":"VAGABUNDO SAFADO condenado por mais de 23 anos de CADEIA por abusar da pr\u00f3pria filha \u00e9 preso no Ipiranga \u2013 X Tudo Ribeir\u00e3o","author":"noticiasribeiraopreto.com.br","date":"24 de January de 2024","format":false,"excerpt":"Um VAGABUNDO SAFADO foragido da JUSTI\u00c7A condenado a mais de 23 anos de CADEIA por abusar sexualmente da pr\u00f3pria filha foi preso pela equipe da PM (Pol\u00edcia Militar) composta pelos Policiais Tenente Louren\u00e7o e Cabo Tartaro, na noite desta ter\u00e7a-feira (23\/1), no bairro Ipiranga, na zona Norte de Ribeir\u00e3o Preto.\u00a0\u2026","rel":"","context":"In &quot;Not\u00edcias de Ribeir\u00e3o Preto-SP e Regi\u00e3o&quot;","block_context":{"text":"Not\u00edcias de Ribeir\u00e3o Preto-SP e Regi\u00e3o","link":"https:\/\/noticiasribeiraopreto.com.br\/index.php\/category\/noticias-de-ribeirao-preto-sp-e-regiao-ismael-colosi\/"},"img":{"alt_text":"","src":"https:\/\/i0.wp.com\/noticiasribeiraopreto.com.br\/wp-content\/uploads\/2024\/01\/WhatsApp-Image-2024-01-24-at-10.54.34.jpeg?fit=554%2C554&ssl=1&resize=350%2C200","width":350,"height":200,"srcset":"https:\/\/i0.wp.com\/noticiasribeiraopreto.com.br\/wp-content\/uploads\/2024\/01\/WhatsApp-Image-2024-01-24-at-10.54.34.jpeg?fit=554%2C554&ssl=1&resize=350%2C200 1x, https:\/\/i0.wp.com\/noticiasribeiraopreto.com.br\/wp-content\/uploads\/2024\/01\/WhatsApp-Image-2024-01-24-at-10.54.34.jpeg?fit=554%2C554&ssl=1&resize=525%2C300 1.5x"},"classes":[]},{"id":33629,"url":"https:\/\/noticiasribeiraopreto.com.br\/index.php\/2024\/01\/30\/utm_sourcerssutm_mediumrssutm_campaignlixo-condenado-a-8-anos-por-abusar-de-uma-crianca-de-6-anos-em-2019-e-preso-trabalhando-na-av-do-cafe-em-rp\/","url_meta":{"origin":28652,"position":2},"title":"LIXO condenado a 8 anos por abusar de uma crian\u00e7a de 6 anos em 2019 \u00e9 preso trabalhando na Av. do Caf\u00e9 em RP \u2013 X Tudo Ribeir\u00e3o","author":"noticiasribeiraopreto.com.br","date":"30 de January de 2024","format":false,"excerpt":"Um LIXO da SOCIEDADE procurado pela Justi\u00e7a condenado a 8 anos de CADEIA pelo crime de ESTUPRO DE VULNER\u00c1VEL no ano de 2019, foi preso pela PM (Pol\u00edcia Militar) enquanto trabalhava em uma empresa situada na Vila Am\u00e9lia, zona Oeste de Ribeir\u00e3o Preto.\u00a0 Segundo informa\u00e7\u00f5es da PM, durante o turno\u2026","rel":"","context":"In &quot;Not\u00edcias de Ribeir\u00e3o Preto-SP e Regi\u00e3o&quot;","block_context":{"text":"Not\u00edcias de Ribeir\u00e3o Preto-SP e Regi\u00e3o","link":"https:\/\/noticiasribeiraopreto.com.br\/index.php\/category\/noticias-de-ribeirao-preto-sp-e-regiao-ismael-colosi\/"},"img":{"alt_text":"","src":"https:\/\/i0.wp.com\/noticiasribeiraopreto.com.br\/wp-content\/uploads\/2024\/01\/1706620903_cadeia-preso.jpeg?fit=1200%2C800&ssl=1&resize=350%2C200","width":350,"height":200,"srcset":"https:\/\/i0.wp.com\/noticiasribeiraopreto.com.br\/wp-content\/uploads\/2024\/01\/1706620903_cadeia-preso.jpeg?fit=1200%2C800&ssl=1&resize=350%2C200 1x, https:\/\/i0.wp.com\/noticiasribeiraopreto.com.br\/wp-content\/uploads\/2024\/01\/1706620903_cadeia-preso.jpeg?fit=1200%2C800&ssl=1&resize=525%2C300 1.5x, https:\/\/i0.wp.com\/noticiasribeiraopreto.com.br\/wp-content\/uploads\/2024\/01\/1706620903_cadeia-preso.jpeg?fit=1200%2C800&ssl=1&resize=700%2C400 2x, https:\/\/i0.wp.com\/noticiasribeiraopreto.com.br\/wp-content\/uploads\/2024\/01\/1706620903_cadeia-preso.jpeg?fit=1200%2C800&ssl=1&resize=1050%2C600 3x"},"classes":[]},{"id":27313,"url":"https:\/\/noticiasribeiraopreto.com.br\/index.php\/2024\/01\/11\/utm_sourcerssutm_mediumrssutm_campaignavo-condenado-a-mais-de-30-anos-de-cadeia-por-abusar-das-netas-em-rp-e-preso-pelo-baep-em-sertaozinho\/","url_meta":{"origin":28652,"position":3},"title":"Av\u00f4 condenado a mais de 30 anos de CADEIA por abusar das netas em RP \u00e9 preso pelo BAEP em Sert\u00e3ozinho \u2013 X Tudo Ribeir\u00e3o","author":"noticiasribeiraopreto.com.br","date":"11 de January de 2024","format":false,"excerpt":"Um homem condenado a mais de 30 anos de CADEIA por abusar sexualmente das pr\u00f3prias netas foi preso pela equipe do 11\u00ba BAEP (Batalh\u00e3o de A\u00e7\u00f5es Especiais de Pol\u00edcia) na tarde desta quinta-feira (11\/1), na cidade de Sert\u00e3ozinho.\u00a0 Segundo apurado com EXCLUSIVIDADE pelo X TUDO RIBEIR\u00c3O, durante o patrulhamento ostensivo\u2026","rel":"","context":"In &quot;Not\u00edcias de Ribeir\u00e3o Preto-SP e Regi\u00e3o&quot;","block_context":{"text":"Not\u00edcias de Ribeir\u00e3o Preto-SP e Regi\u00e3o","link":"https:\/\/noticiasribeiraopreto.com.br\/index.php\/category\/noticias-de-ribeirao-preto-sp-e-regiao-ismael-colosi\/"},"img":{"alt_text":"","src":"https:\/\/i0.wp.com\/noticiasribeiraopreto.com.br\/wp-content\/uploads\/2024\/01\/WhatsApp-Image-2024-01-11-at-22.47.04.jpeg?fit=1200%2C1122&ssl=1&resize=350%2C200","width":350,"height":200,"srcset":"https:\/\/i0.wp.com\/noticiasribeiraopreto.com.br\/wp-content\/uploads\/2024\/01\/WhatsApp-Image-2024-01-11-at-22.47.04.jpeg?fit=1200%2C1122&ssl=1&resize=350%2C200 1x, https:\/\/i0.wp.com\/noticiasribeiraopreto.com.br\/wp-content\/uploads\/2024\/01\/WhatsApp-Image-2024-01-11-at-22.47.04.jpeg?fit=1200%2C1122&ssl=1&resize=525%2C300 1.5x, https:\/\/i0.wp.com\/noticiasribeiraopreto.com.br\/wp-content\/uploads\/2024\/01\/WhatsApp-Image-2024-01-11-at-22.47.04.jpeg?fit=1200%2C1122&ssl=1&resize=700%2C400 2x, https:\/\/i0.wp.com\/noticiasribeiraopreto.com.br\/wp-content\/uploads\/2024\/01\/WhatsApp-Image-2024-01-11-at-22.47.04.jpeg?fit=1200%2C1122&ssl=1&resize=1050%2C600 3x"},"classes":[]},{"id":25223,"url":"https:\/\/noticiasribeiraopreto.com.br\/index.php\/2024\/01\/06\/utm_sourcerssutm_mediumrssutm_campaignmotociclista-morre-apos-atropelar-duas-capivaras-entre-serrana-e-serra-azul\/","url_meta":{"origin":28652,"position":4},"title":"Motociclista morre ap\u00f3s atropelar duas capivaras entre Serrana e Serra Azul \u2013 X Tudo Ribeir\u00e3o","author":"noticiasribeiraopreto.com.br","date":"6 de January de 2024","format":false,"excerpt":"Um motociclista de 42 anos morreu ap\u00f3s atropelar duas capivaras na madrugada deste s\u00e1bado (6\/1), na rodovia Abra\u00e3o Assed, entre as cidades de Serrana e Serra Azul.\u00a0 Segundo apurado com a PMR (Pol\u00edcia Militar Rodovi\u00e1ria), por volta das 02h55 usu\u00e1rios da rodovia acionaram os PMs versando sobre um grave acidente\u2026","rel":"","context":"In &quot;Not\u00edcias de Ribeir\u00e3o Preto-SP e Regi\u00e3o&quot;","block_context":{"text":"Not\u00edcias de Ribeir\u00e3o Preto-SP e Regi\u00e3o","link":"https:\/\/noticiasribeiraopreto.com.br\/index.php\/category\/noticias-de-ribeirao-preto-sp-e-regiao-ismael-colosi\/"},"img":{"alt_text":"","src":"https:\/\/i0.wp.com\/noticiasribeiraopreto.com.br\/wp-content\/uploads\/2024\/01\/WhatsApp-Image-2024-01-06-at-09.28.58.jpeg?fit=1200%2C901&ssl=1&resize=350%2C200","width":350,"height":200,"srcset":"https:\/\/i0.wp.com\/noticiasribeiraopreto.com.br\/wp-content\/uploads\/2024\/01\/WhatsApp-Image-2024-01-06-at-09.28.58.jpeg?fit=1200%2C901&ssl=1&resize=350%2C200 1x, https:\/\/i0.wp.com\/noticiasribeiraopreto.com.br\/wp-content\/uploads\/2024\/01\/WhatsApp-Image-2024-01-06-at-09.28.58.jpeg?fit=1200%2C901&ssl=1&resize=525%2C300 1.5x, https:\/\/i0.wp.com\/noticiasribeiraopreto.com.br\/wp-content\/uploads\/2024\/01\/WhatsApp-Image-2024-01-06-at-09.28.58.jpeg?fit=1200%2C901&ssl=1&resize=700%2C400 2x, https:\/\/i0.wp.com\/noticiasribeiraopreto.com.br\/wp-content\/uploads\/2024\/01\/WhatsApp-Image-2024-01-06-at-09.28.58.jpeg?fit=1200%2C901&ssl=1&resize=1050%2C600 3x"},"classes":[]},{"id":82418,"url":"https:\/\/noticiasribeiraopreto.com.br\/index.php\/2026\/02\/13\/garnica-e-transferido-para-penitenciaria-no-vale-do-paraiba\/","url_meta":{"origin":28652,"position":5},"title":"Garnica \u00e9 transferido para penitenci\u00e1ria no Vale do Para\u00edba","author":"noticiasribeiraopreto.com.br","date":"13 de February de 2026","format":false,"excerpt":"\r M\u00e9dico, acusado ao lado da m\u00e3e, de matar sua esposa, estava no CDP de Serra Azul havia nove meses\r \r 13 de fevereiro de 2026 10:49 \r Compartilhar1 Por: Adalberto Luque O m\u00e9dico ortopedista Luiz Ant\u00f4nio Garnica, foi transferido nesta semana do Centro de Deten\u00e7\u00e3o Provis\u00f3ria (CDP) de Serra\u2026","rel":"","context":"In &quot;Not\u00edcias de Ribeir\u00e3o Preto-SP e Regi\u00e3o&quot;","block_context":{"text":"Not\u00edcias de Ribeir\u00e3o Preto-SP e Regi\u00e3o","link":"https:\/\/noticiasribeiraopreto.com.br\/index.php\/category\/noticias-de-ribeirao-preto-sp-e-regiao-ismael-colosi\/"},"img":{"alt_text":"","src":"https:\/\/i0.wp.com\/noticiasribeiraopreto.com.br\/wp-content\/uploads\/2026\/02\/Luiz-Antonio-Garnica-1.jpg?fit=503%2C683&ssl=1&resize=350%2C200","width":350,"height":200},"classes":[]}],"jetpack_sharing_enabled":true,"jetpack_shortlink":"https:\/\/wp.me\/peQAOb-7s8","_links":{"self":[{"href":"https:\/\/noticiasribeiraopreto.com.br\/index.php\/wp-json\/wp\/v2\/posts\/28652","targetHints":{"allow":["GET"]}}],"collection":[{"href":"https:\/\/noticiasribeiraopreto.com.br\/index.php\/wp-json\/wp\/v2\/posts"}],"about":[{"href":"https:\/\/noticiasribeiraopreto.com.br\/index.php\/wp-json\/wp\/v2\/types\/post"}],"author":[{"embeddable":true,"href":"https:\/\/noticiasribeiraopreto.com.br\/index.php\/wp-json\/wp\/v2\/users\/1"}],"replies":[{"embeddable":true,"href":"https:\/\/noticiasribeiraopreto.com.br\/index.php\/wp-json\/wp\/v2\/comments?post=28652"}],"version-history":[{"count":0,"href":"https:\/\/noticiasribeiraopreto.com.br\/index.php\/wp-json\/wp\/v2\/posts\/28652\/revisions"}],"wp:featuredmedia":[{"embeddable":true,"href":"https:\/\/noticiasribeiraopreto.com.br\/index.php\/wp-json\/wp\/v2\/media\/28653"}],"wp:attachment":[{"href":"https:\/\/noticiasribeiraopreto.com.br\/index.php\/wp-json\/wp\/v2\/media?parent=28652"}],"wp:term":[{"taxonomy":"category","embeddable":true,"href":"https:\/\/noticiasribeiraopreto.com.br\/index.php\/wp-json\/wp\/v2\/categories?post=28652"},{"taxonomy":"post_tag","embeddable":true,"href":"https:\/\/noticiasribeiraopreto.com.br\/index.php\/wp-json\/wp\/v2\/tags?post=28652"}],"curies":[{"name":"wp","href":"https:\/\/api.w.org\/{rel}","templated":true}]}}