{"id":28680,"date":"2024-01-16T12:50:01","date_gmt":"2024-01-16T15:50:01","guid":{"rendered":"https:\/\/noticiasribeiraopreto.com.br\/index.php\/2024\/01\/16\/quem-e-o-medico-encontrado-em-obito-dentro-de-hospital-ha-suspeita-que-ele-tenha-atentado-contra-a-propria-vida\/"},"modified":"2024-01-16T12:50:01","modified_gmt":"2024-01-16T15:50:01","slug":"quem-e-o-medico-encontrado-em-obito-dentro-de-hospital-ha-suspeita-que-ele-tenha-atentado-contra-a-propria-vida","status":"publish","type":"post","link":"https:\/\/noticiasribeiraopreto.com.br\/index.php\/2024\/01\/16\/quem-e-o-medico-encontrado-em-obito-dentro-de-hospital-ha-suspeita-que-ele-tenha-atentado-contra-a-propria-vida\/","title":{"rendered":"Quem \u00e9 o m\u00e9dico encontrado em \u00f3bito dentro de hospital, h\u00e1 suspeita que ele tenha atentado contra a pr\u00f3pria vida"},"content":{"rendered":"<div class='code-block code-block-1' style='margin: 8px 0 8px auto; text-align: right; display: block; clear: both;'>\n<p><a href=\"https:\/\/wa.link\/vpicfd\"><img data-recalc-dims=\"1\" class=\"wp-image-4922\" style=\"aspect-ratio: 2.0253164556962027; width: 561px; height: auto;\" src=\"https:\/\/i0.wp.com\/ismaelcolosi.com.br\/wp-content\/uploads\/2023\/11\/grupo-de-empregos-whatsapp-e-facebook-ismael-colosi-vagas.jpg?ssl=1\" alt=\"\" \/><\/a><\/p>\n<!-- \/wp:image -->\n<\/div>\n<p> <br \/>\n<\/p>\n<div itemprop=\"text\">\n<p>Na manh\u00e3 desta segunda-feira (15), foi localizado sem vida, em uma unidade hospitalar, em Natal, capital do Rio Grande do Norte, o corpo de Igor de Oliveira Sim\u00f5es, m\u00e9dico de 30 anos.<\/p>\n<p>Igor n\u00e3o fazia parte do corpo de funcion\u00e1rios da SSP do Rio Grande do Norte, mas atuava atrav\u00e9s de uma cooperativa. O profissional foi encontrado sem vida na sala destinada ao repouso dos colaboradores do hospital.<\/p>\n<p>A presen\u00e7a da Pol\u00edcia Civil\u00a0 e os peritos forenses foram acionados para atender a ocorr\u00eancia e realizar os trabalhos necess\u00e1rios para que as evid\u00eancias fossem colhidas para a investiga\u00e7\u00e3o sobre as causas da morte.<\/p>\n<p>As investiga\u00e7\u00f5es sobre o ocorrido est\u00e3o a cargo da 4\u00aa DP da regi\u00e3o. O corpo ser\u00e1 submetido a exames periciais como parte do procedimento investigativo.<\/p>\n<p>Existe a suspeita de que o m\u00e9dico tenha atentado contra a pr\u00f3pria vida, contudo, nenhuma linha de investiga\u00e7\u00e3o foi descartada. O Conselho Regional de Medicina do Rio Grande do Norte (Cremern) pulicou uma nota de pesar nas redes sociais.<\/p>\n<p><strong>\u201cTodos que fazem o Cremern se unem em solidariedade com o sofrimento de seus familiares e amigos diante de sua precoce partida, rogando a Deus que conforte os seus cora\u00e7\u00f5es neste momento de dor\u201d<\/strong>, diz um trecho da nota de pesar pela morte do jovem m\u00e9dico.<\/p>\n<p>Igor Sim\u00f5es era origin\u00e1rio da cidade de Salvador, capital do estado da Bahia, e desempenhou suas atividades no setor de urg\u00eancia de uma unidade hospitar do estado, al\u00e9m de ter atuado na Unidade de Pronto Atendimento (UPA) de Maca\u00edba.<\/p>\n<p>N\u00e3o h\u00e1 informa\u00e7\u00f5es sobre o vel\u00f3rio e sepultamento de Igor Sim\u00f5es.<\/p>\n<\/div>\n<p><br \/>\n<br \/><a href=\"https:\/\/fnmais.com\/quem-medico-encontrado-em-obito-dentro-hospital-ha-suspeita-que-ele-tenha-atentado-contra-propria-vida\/\">Source link <\/a><\/p>\n<!-- CONTENT END 1 -->\n","protected":false},"excerpt":{"rendered":"<p>Na manh\u00e3 desta segunda-feira (15), foi localizado sem vida, em uma unidade hospitalar, em Natal, capital do Rio Grande do Norte, o corpo de Igor&#8230;<\/p>\n","protected":false},"author":1,"featured_media":28681,"comment_status":"open","ping_status":"open","sticky":false,"template":"","format":"standard","meta":{"advanced_seo_description":"","jetpack_seo_html_title":"","jetpack_seo_noindex":false,"jetpack_post_was_ever_published":false,"_jetpack_newsletter_access":"","_jetpack_dont_email_post_to_subs":false,"_jetpack_newsletter_tier_id":0,"_jetpack_memberships_contains_paywalled_content":false,"_jetpack_memberships_contains_paid_content":false,"footnotes":"","jetpack_publicize_message":"","jetpack_publicize_feature_enabled":true,"jetpack_social_post_already_shared":true,"jetpack_social_options":{"image_generator_settings":{"template":"highway","default_image_id":0,"font":"","enabled":false},"version":2}},"categories":[1],"tags":[],"class_list":["post-28680","post","type-post","status-publish","format-standard","has-post-thumbnail","hentry","category-blog"],"jetpack_publicize_connections":[],"jetpack_featured_media_url":"https:\/\/i0.wp.com\/noticiasribeiraopreto.com.br\/wp-content\/uploads\/2024\/01\/postimg-65a69dcc6335a7904.jpg?fit=1200%2C628&ssl=1","jetpack-related-posts":[{"id":4242,"url":"https:\/\/noticiasribeiraopreto.com.br\/index.php\/2023\/11\/21\/quem-e-o-dentista-que-foi-encontrado-sem-vida-por-familiares-em-praia-do-litoral-do-es\/","url_meta":{"origin":28680,"position":0},"title":"Quem \u00e9 o dentista que foi encontrado sem vida por familiares em praia do litoral do ES","author":"noticiasribeiraopreto.com.br","date":"21 de November de 2023","format":false,"excerpt":"Ao que tudo indica a Pol\u00edcia Civil do estado do Esp\u00edrito Santo est\u00e1 diante de um crime repleto de mist\u00e9rios e com muitos questionamentos a serem respondidos.O corpo do dentista Edgleyson Abr\u00e3o da Silva, que estava desaparecido em no balne\u00e1rio de Guriri, localizado no munic\u00edpio de S\u00e3o Mateus, que fica\u2026","rel":"","context":"In &quot;Blog&quot;","block_context":{"text":"Blog","link":"https:\/\/noticiasribeiraopreto.com.br\/index.php\/category\/blog\/"},"img":{"alt_text":"","src":"https:\/\/i0.wp.com\/noticiasribeiraopreto.com.br\/wp-content\/uploads\/2023\/11\/postimg-655c5c4496f9c9767.jpg?fit=1200%2C628&ssl=1&resize=350%2C200","width":350,"height":200,"srcset":"https:\/\/i0.wp.com\/noticiasribeiraopreto.com.br\/wp-content\/uploads\/2023\/11\/postimg-655c5c4496f9c9767.jpg?fit=1200%2C628&ssl=1&resize=350%2C200 1x, https:\/\/i0.wp.com\/noticiasribeiraopreto.com.br\/wp-content\/uploads\/2023\/11\/postimg-655c5c4496f9c9767.jpg?fit=1200%2C628&ssl=1&resize=525%2C300 1.5x, https:\/\/i0.wp.com\/noticiasribeiraopreto.com.br\/wp-content\/uploads\/2023\/11\/postimg-655c5c4496f9c9767.jpg?fit=1200%2C628&ssl=1&resize=700%2C400 2x, https:\/\/i0.wp.com\/noticiasribeiraopreto.com.br\/wp-content\/uploads\/2023\/11\/postimg-655c5c4496f9c9767.jpg?fit=1200%2C628&ssl=1&resize=1050%2C600 3x"},"classes":[]},{"id":4950,"url":"https:\/\/noticiasribeiraopreto.com.br\/index.php\/2023\/11\/22\/corpo-de-homem-que-estava-desaparecido-e-encontrado-em-ro-pais-da-vitima-tambem-foram-achados-sem-vida-e-motivo-e-exposto\/","url_meta":{"origin":28680,"position":1},"title":"Corpo de homem que estava desaparecido \u00e9 encontrado em RO; pais da v\u00edtima tamb\u00e9m foram achados sem vida e motivo \u00e9 exposto","author":"noticiasribeiraopreto.com.br","date":"22 de November de 2023","format":false,"excerpt":"Em um rio da regi\u00e3o de Machadinho do Oeste, em Roraima, o corpo de um homem foi identificado como pertencente a Roberto Rondon Ribeiro, de 41 anos de idade.E antes disso, os pais dele, tamb\u00e9m foram achados mortos dentro da casa em que moravam. A situa\u00e7\u00e3o ocorreu neste \u00faltimo s\u00e1bado,\u2026","rel":"","context":"In &quot;Blog&quot;","block_context":{"text":"Blog","link":"https:\/\/noticiasribeiraopreto.com.br\/index.php\/category\/blog\/"},"img":{"alt_text":"","src":"https:\/\/i0.wp.com\/noticiasribeiraopreto.com.br\/wp-content\/uploads\/2023\/11\/postimg-655e46a238b369215.jpg?fit=1200%2C628&ssl=1&resize=350%2C200","width":350,"height":200,"srcset":"https:\/\/i0.wp.com\/noticiasribeiraopreto.com.br\/wp-content\/uploads\/2023\/11\/postimg-655e46a238b369215.jpg?fit=1200%2C628&ssl=1&resize=350%2C200 1x, https:\/\/i0.wp.com\/noticiasribeiraopreto.com.br\/wp-content\/uploads\/2023\/11\/postimg-655e46a238b369215.jpg?fit=1200%2C628&ssl=1&resize=525%2C300 1.5x, https:\/\/i0.wp.com\/noticiasribeiraopreto.com.br\/wp-content\/uploads\/2023\/11\/postimg-655e46a238b369215.jpg?fit=1200%2C628&ssl=1&resize=700%2C400 2x, https:\/\/i0.wp.com\/noticiasribeiraopreto.com.br\/wp-content\/uploads\/2023\/11\/postimg-655e46a238b369215.jpg?fit=1200%2C628&ssl=1&resize=1050%2C600 3x"},"classes":[]},{"id":69606,"url":"https:\/\/noticiasribeiraopreto.com.br\/index.php\/2025\/05\/07\/corpo-de-mulher-e-encontrado-em-represa-na-regiao-de-ribeirao-preto\/","url_meta":{"origin":28680,"position":2},"title":"Corpo de mulher \u00e9 encontrado em represa na regi\u00e3o de Ribeir\u00e3o Preto","author":"noticiasribeiraopreto.com.br","date":"7 de May de 2025","format":false,"excerpt":"Uma mulher de 59 anos foi achada morta em uma represa na tarde desta ter\u00e7a-feira (6), em Guatapar\u00e1, cidade a aproximadamente 60 quil\u00f4metros de Ribeir\u00e3o Preto. Segundo o boletim de ocorr\u00eancia (BO), Helena Aparecida Martins da Silva foi encontrada por um irm\u00e3o e estava imersa na \u00e1gua, j\u00e1 sem vida.\u2026","rel":"","context":"In &quot;Not\u00edcias de Ribeir\u00e3o Preto-SP e Regi\u00e3o&quot;","block_context":{"text":"Not\u00edcias de Ribeir\u00e3o Preto-SP e Regi\u00e3o","link":"https:\/\/noticiasribeiraopreto.com.br\/index.php\/category\/noticias-de-ribeirao-preto-sp-e-regiao-ismael-colosi\/"},"img":{"alt_text":"","src":"https:\/\/i0.wp.com\/noticiasribeiraopreto.com.br\/wp-content\/uploads\/2025\/05\/BOMBEIROS.jpg?fit=1200%2C674&ssl=1&resize=350%2C200","width":350,"height":200,"srcset":"https:\/\/i0.wp.com\/noticiasribeiraopreto.com.br\/wp-content\/uploads\/2025\/05\/BOMBEIROS.jpg?fit=1200%2C674&ssl=1&resize=350%2C200 1x, https:\/\/i0.wp.com\/noticiasribeiraopreto.com.br\/wp-content\/uploads\/2025\/05\/BOMBEIROS.jpg?fit=1200%2C674&ssl=1&resize=525%2C300 1.5x, https:\/\/i0.wp.com\/noticiasribeiraopreto.com.br\/wp-content\/uploads\/2025\/05\/BOMBEIROS.jpg?fit=1200%2C674&ssl=1&resize=700%2C400 2x, https:\/\/i0.wp.com\/noticiasribeiraopreto.com.br\/wp-content\/uploads\/2025\/05\/BOMBEIROS.jpg?fit=1200%2C674&ssl=1&resize=1050%2C600 3x"},"classes":[]},{"id":21493,"url":"https:\/\/noticiasribeiraopreto.com.br\/index.php\/2023\/12\/27\/quem-e-a-garotinha-de-4-anos-que-estava-desaparecida-e-foi-encontrada-sem-vida-em-sc\/","url_meta":{"origin":28680,"position":3},"title":"Quem \u00e9 a garotinha de 4 anos que estava desaparecida e foi encontrada sem vida em SC","author":"noticiasribeiraopreto.com.br","date":"27 de December de 2023","format":false,"excerpt":"O corpo da garotinha de quatro anos, que estava desaparecida desde domingo (24), foi localizado no in\u00edcio da tarde desta quarta-feira (27), conforme informa\u00e7\u00f5es fornecidas pelos socorristas do Corpo de Bombeiros.Ela foi encontrada a uma dist\u00e2ncia de aproximadamente 13 quil\u00f4metros do local onde foi avistada pela \u00faltima vez. A v\u00edtima\u2026","rel":"","context":"In &quot;Blog&quot;","block_context":{"text":"Blog","link":"https:\/\/noticiasribeiraopreto.com.br\/index.php\/category\/blog\/"},"img":{"alt_text":"","src":"https:\/\/i0.wp.com\/noticiasribeiraopreto.com.br\/wp-content\/uploads\/2023\/12\/postimg-658cbab3253629916.jpg?fit=1200%2C628&ssl=1&resize=350%2C200","width":350,"height":200,"srcset":"https:\/\/i0.wp.com\/noticiasribeiraopreto.com.br\/wp-content\/uploads\/2023\/12\/postimg-658cbab3253629916.jpg?fit=1200%2C628&ssl=1&resize=350%2C200 1x, https:\/\/i0.wp.com\/noticiasribeiraopreto.com.br\/wp-content\/uploads\/2023\/12\/postimg-658cbab3253629916.jpg?fit=1200%2C628&ssl=1&resize=525%2C300 1.5x, https:\/\/i0.wp.com\/noticiasribeiraopreto.com.br\/wp-content\/uploads\/2023\/12\/postimg-658cbab3253629916.jpg?fit=1200%2C628&ssl=1&resize=700%2C400 2x, https:\/\/i0.wp.com\/noticiasribeiraopreto.com.br\/wp-content\/uploads\/2023\/12\/postimg-658cbab3253629916.jpg?fit=1200%2C628&ssl=1&resize=1050%2C600 3x"},"classes":[]},{"id":13681,"url":"https:\/\/noticiasribeiraopreto.com.br\/index.php\/2023\/12\/10\/corpo-da-menina-e-encontrado-e-policia-pega-o-suspeito-um-primo-da-vitima\/","url_meta":{"origin":28680,"position":4},"title":"corpo da menina \u00e9 encontrado e pol\u00edcia pega o suspeito, um primo da v\u00edtima","author":"noticiasribeiraopreto.com.br","date":"10 de December de 2023","format":false,"excerpt":"Neste domingo (10\/12), um homem foi detido pelas autoridades sob acusa\u00e7\u00e3o de ter cometido crime contra a menina Kemilly Hadassa Silva. A menina havia sido dada como desaparecida pela fam\u00edlia recentemente, mas seu corpo foi encontrado sem vida ap\u00f3s a pol\u00edcia receber informa\u00e7\u00f5es sobre a localiza\u00e7\u00e3o.O suspeito foi preso em\u2026","rel":"","context":"In &quot;Blog&quot;","block_context":{"text":"Blog","link":"https:\/\/noticiasribeiraopreto.com.br\/index.php\/category\/blog\/"},"img":{"alt_text":"","src":"https:\/\/i0.wp.com\/noticiasribeiraopreto.com.br\/wp-content\/uploads\/2023\/12\/postimg-6576740dd56ce2114.jpg?fit=1200%2C638&ssl=1&resize=350%2C200","width":350,"height":200,"srcset":"https:\/\/i0.wp.com\/noticiasribeiraopreto.com.br\/wp-content\/uploads\/2023\/12\/postimg-6576740dd56ce2114.jpg?fit=1200%2C638&ssl=1&resize=350%2C200 1x, https:\/\/i0.wp.com\/noticiasribeiraopreto.com.br\/wp-content\/uploads\/2023\/12\/postimg-6576740dd56ce2114.jpg?fit=1200%2C638&ssl=1&resize=525%2C300 1.5x, https:\/\/i0.wp.com\/noticiasribeiraopreto.com.br\/wp-content\/uploads\/2023\/12\/postimg-6576740dd56ce2114.jpg?fit=1200%2C638&ssl=1&resize=700%2C400 2x, https:\/\/i0.wp.com\/noticiasribeiraopreto.com.br\/wp-content\/uploads\/2023\/12\/postimg-6576740dd56ce2114.jpg?fit=1200%2C638&ssl=1&resize=1050%2C600 3x"},"classes":[]},{"id":63895,"url":"https:\/\/noticiasribeiraopreto.com.br\/index.php\/2025\/02\/25\/corpo-e-encontrado-em-corrego-na-zona-norte-de-ribeirao-preto\/","url_meta":{"origin":28680,"position":5},"title":"Corpo \u00e9 encontrado em c\u00f3rrego na zona Norte de Ribeir\u00e3o Preto","author":"noticiasribeiraopreto.com.br","date":"25 de February de 2025","format":false,"excerpt":"Um homem foi encontrado morto na tarde desta segunda-feira (24), no ribeir\u00e3o Preto, zona Norte de Ribeir\u00e3o Preto. A PM (Pol\u00edcia Militar) recebeu uma liga\u00e7\u00e3o an\u00f4nima e localizou o corpo \u00e0s margens do c\u00f3rrego, pr\u00f3ximo da Comunidade M\u00e1rio Covas, na Via Norte, altura do bairro Adelino Simioni. Consta no boletim\u2026","rel":"","context":"In &quot;Not\u00edcias de Ribeir\u00e3o Preto-SP e Regi\u00e3o&quot;","block_context":{"text":"Not\u00edcias de Ribeir\u00e3o Preto-SP e Regi\u00e3o","link":"https:\/\/noticiasribeiraopreto.com.br\/index.php\/category\/noticias-de-ribeirao-preto-sp-e-regiao-ismael-colosi\/"},"img":{"alt_text":"","src":"https:\/\/i0.wp.com\/noticiasribeiraopreto.com.br\/wp-content\/uploads\/2025\/02\/policia_qru_1024x576_05012021161940.jpg?fit=1024%2C576&ssl=1&resize=350%2C200","width":350,"height":200,"srcset":"https:\/\/i0.wp.com\/noticiasribeiraopreto.com.br\/wp-content\/uploads\/2025\/02\/policia_qru_1024x576_05012021161940.jpg?fit=1024%2C576&ssl=1&resize=350%2C200 1x, https:\/\/i0.wp.com\/noticiasribeiraopreto.com.br\/wp-content\/uploads\/2025\/02\/policia_qru_1024x576_05012021161940.jpg?fit=1024%2C576&ssl=1&resize=525%2C300 1.5x, https:\/\/i0.wp.com\/noticiasribeiraopreto.com.br\/wp-content\/uploads\/2025\/02\/policia_qru_1024x576_05012021161940.jpg?fit=1024%2C576&ssl=1&resize=700%2C400 2x"},"classes":[]}],"jetpack_sharing_enabled":true,"jetpack_shortlink":"https:\/\/wp.me\/peQAOb-7sA","_links":{"self":[{"href":"https:\/\/noticiasribeiraopreto.com.br\/index.php\/wp-json\/wp\/v2\/posts\/28680","targetHints":{"allow":["GET"]}}],"collection":[{"href":"https:\/\/noticiasribeiraopreto.com.br\/index.php\/wp-json\/wp\/v2\/posts"}],"about":[{"href":"https:\/\/noticiasribeiraopreto.com.br\/index.php\/wp-json\/wp\/v2\/types\/post"}],"author":[{"embeddable":true,"href":"https:\/\/noticiasribeiraopreto.com.br\/index.php\/wp-json\/wp\/v2\/users\/1"}],"replies":[{"embeddable":true,"href":"https:\/\/noticiasribeiraopreto.com.br\/index.php\/wp-json\/wp\/v2\/comments?post=28680"}],"version-history":[{"count":0,"href":"https:\/\/noticiasribeiraopreto.com.br\/index.php\/wp-json\/wp\/v2\/posts\/28680\/revisions"}],"wp:featuredmedia":[{"embeddable":true,"href":"https:\/\/noticiasribeiraopreto.com.br\/index.php\/wp-json\/wp\/v2\/media\/28681"}],"wp:attachment":[{"href":"https:\/\/noticiasribeiraopreto.com.br\/index.php\/wp-json\/wp\/v2\/media?parent=28680"}],"wp:term":[{"taxonomy":"category","embeddable":true,"href":"https:\/\/noticiasribeiraopreto.com.br\/index.php\/wp-json\/wp\/v2\/categories?post=28680"},{"taxonomy":"post_tag","embeddable":true,"href":"https:\/\/noticiasribeiraopreto.com.br\/index.php\/wp-json\/wp\/v2\/tags?post=28680"}],"curies":[{"name":"wp","href":"https:\/\/api.w.org\/{rel}","templated":true}]}}