{"id":2873,"date":"2023-11-16T21:30:00","date_gmt":"2023-11-17T00:30:00","guid":{"rendered":"https:\/\/noticiasribeiraopreto.com.br\/index.php\/2023\/11\/16\/cantor-guilherme-de-sa-se-apresenta-no-theatro-pedro-ii-em-ribeirao-preto\/"},"modified":"2023-11-16T21:30:00","modified_gmt":"2023-11-17T00:30:00","slug":"cantor-guilherme-de-sa-se-apresenta-no-theatro-pedro-ii-em-ribeirao-preto","status":"publish","type":"post","link":"https:\/\/noticiasribeiraopreto.com.br\/index.php\/2023\/11\/16\/cantor-guilherme-de-sa-se-apresenta-no-theatro-pedro-ii-em-ribeirao-preto\/","title":{"rendered":"Cantor Guilherme de S\u00e1 se apresenta no Theatro Pedro II em Ribeir\u00e3o Preto"},"content":{"rendered":"<div class='code-block code-block-1' style='margin: 8px 0 8px auto; text-align: right; display: block; clear: both;'>\n<p><a href=\"https:\/\/wa.link\/vpicfd\"><img data-recalc-dims=\"1\" class=\"wp-image-4922\" style=\"aspect-ratio: 2.0253164556962027; width: 561px; height: auto;\" src=\"https:\/\/i0.wp.com\/ismaelcolosi.com.br\/wp-content\/uploads\/2023\/11\/grupo-de-empregos-whatsapp-e-facebook-ismael-colosi-vagas.jpg?ssl=1\" alt=\"\" \/><\/a><\/p>\n<!-- \/wp:image -->\n<\/div>\n<p> <br \/>\n<\/p>\n<div>\n<p>O cantor <strong>Guilherme de S\u00e1<\/strong> se apresenta em <strong>Ribeir\u00e3o Preto<\/strong>, nesta sexta-feira (17), no <strong>Theatro Pedro II<\/strong>, a partir das 20h, com o show \u2018<strong>Minimalista Tour<\/strong>\u2019.<mark style=\"background-color:#fcb900\" class=\"has-inline-color\"> Os ingressos ainda est\u00e3o dispon\u00edveis.<\/mark><\/p>\n<p>Cantor, compositor, escritor, produtor musical e arranjador brasileiro, Guilherme foi <strong>vocalista da banda Rosa de Saron<\/strong> de 2001 a 2019, fazendo sua \u00faltima apresenta\u00e7\u00e3o com o grupo no dia 10 de fevereiro do mesmo ano, em <strong>S\u00e3o Paulo<\/strong>.<\/p>\n<p>Com valores entre <strong>R$ 50 (meia-entrada) <\/strong>e <strong>R$ 170 (inteira)<\/strong>, os ingressos para a apresenta\u00e7\u00e3o podem ser adquiridos de forma on-line (<a href=\"https:\/\/bilheto.com.br\/comprar\/1758\/guilherme-de-sa-minimalista\" target=\"_blank\" rel=\"noreferrer noopener\">clique aqui<\/a>) ou na bilheteria do Theatro (<a href=\"https:\/\/www.theatropedro2.com.br\/comprar-ingresso.php\" target=\"_blank\" rel=\"noreferrer noopener\">clique e veja o hor\u00e1rio de funcionamento<\/a>).<\/p>\n<h4 class=\"wp-block-heading\">\u00a0<strong>Pausa na carreira<\/strong><\/h4>\n<p>Ap\u00f3s sair da <strong>banda brasileira de rock crist\u00e3o<\/strong>, o cantor informou, pelas suas redes sociais, uma pausa na carreira para se dedicar mais \u00e0 fam\u00edlia, deixando d\u00favidas sobre seu retorno \u00e0 m\u00fasica.<\/p>\n<p>Contudo, ap\u00f3s tais declara\u00e7\u00f5es, seus <strong>f\u00e3s se mobilizaram a fim de que ele n\u00e3o abandonasse a carreira<\/strong>. Tal mobiliza\u00e7\u00e3o foi t\u00e3o grande que no mesmo ano, Guilherme decidiu retornar com um projeto chamado <strong>Duetto <\/strong>e rodou o Brasil em 2019.<\/p>\n<p>Na sequ\u00eancia, se apresentou em uma turn\u00ea nos Estados Unidos, que durou pouco mais de 11 dias. Ap\u00f3s o sucesso das turn\u00eas, anunciou os novos projetos da carreira.<\/p>\n<p>Ainda em 2019, lan\u00e7ou o \u00e1lbum <strong>Diminuto<\/strong>, parte 1, que conta com um repert\u00f3rio de sete can\u00e7\u00f5es, entre elas, \u201cSereno\u201d, com a participa\u00e7\u00e3o especial de Andr\u00e9 Leite. <mark style=\"background-color:#fcb900\" class=\"has-inline-color\">Em 2021 lan\u00e7ou o \u00e1lbum de Rock Fermata XI, despedindo-se das grava\u00e7\u00f5es com a can\u00e7\u00e3o \u201cDiminuto\u201d. Fez ainda uma turn\u00ea no Brasil em dezembro de 2022.<\/mark><\/p>\n<h4 class=\"wp-block-heading\"><strong>Ingressos<\/strong><\/h4>\n<ul>\n<li>Plateia A: (t\u00e9rreo em frente ao palco): R$ 170 inteira | R$ 85 meia-entrada\u00a0<\/li>\n<\/ul>\n<ul>\n<li>Plateia B e Frisa: (t\u00e9rreo em frente ao palco): R$ 140 inteira | R$ 70 meia-entrada\u00a0<\/li>\n<\/ul>\n<ul>\n<li>Balc\u00e3o Nobre (1\u00ba andar): R$ 120 inteira | R$ 60 meia-entrada<\/li>\n<\/ul>\n<ul>\n<li>Balc\u00e3o Simples (2\u00ba andar): R$ 100 inteira | R$ 50 meia-entrada<\/li>\n<\/ul>\n<h4 class=\"wp-block-heading\"><strong>Servi\u00e7o<\/strong><\/h4>\n<p><em>Show Guilherme de S\u00e1<\/em><\/p>\n<p>Data: 17 de novembro de 2023<\/p>\n<p>Hor\u00e1rio: \u00e0s 20h<\/p>\n<p>Local: Theatro Pedro II \u2013 Rua: \u00c1lvares Cabral, 370, Centro<\/p>\n<p>Ingressos: <a href=\"https:\/\/bilheto.com.br\/comprar\/1758\/guilherme-de-sa-minimalista\" target=\"_blank\" rel=\"noreferrer noopener\">clique aqui<\/a><\/p>\n<p>Classifica\u00e7\u00e3o: 12 anos<\/p>\n<h4 class=\"wp-block-heading\"><strong><mark style=\"background-color:#fcb900\" class=\"has-inline-color\">FIQUE ON<\/mark><\/strong><\/h4>\n<p>Fique ligado em tudo que acontece em Ribeir\u00e3o Preto e regi\u00e3o. Siga os perfis do<strong>\u00a0acidade on<\/strong>\u00a0no\u00a0<a href=\"https:\/\/www.instagram.com\/acidadeonribeirao\" target=\"_blank\" rel=\"noreferrer noopener\">Instagram<\/a>\u00a0e no\u00a0<a href=\"https:\/\/www.facebook.com\/acidadeonribeirao\" target=\"_blank\" rel=\"noreferrer noopener\">Facebook.<\/a><\/p>\n<p>Receba not\u00edcias do\u00a0<strong>acidade on\u00a0<\/strong>no WhatsApp.\u00a0<a href=\"https:\/\/chat.whatsapp.com\/Bnv2w66ZT4VDyZW3oiZ69n\" target=\"_blank\" rel=\"noreferrer noopener\">Para entrar no grupo, basta clicar aqui.<\/a><\/p>\n<p>Fa\u00e7a uma den\u00fancia ou sugira uma reportagem sobre a Ribeir\u00e3o Preto e regi\u00e3o pelo WhatsApp: (16) 99117 7802.<\/p>\n<p>VEJA TAMB\u00c9M<\/p>\n<p>Teatro de Ribeir\u00e3o tem apresenta\u00e7\u00e3o de chorinho com Luis Passos\u00a0<\/p>\n<p><!-- AI CONTENT END 1 -->\n<\/div>\n<p><script async src=\"\/\/www.instagram.com\/embed.js\"><\/script><br \/>\n<br \/><br \/>\n<br \/><a href=\"https:\/\/www.acidadeon.com\/ribeiraopreto\/lazer-e-cultura\/cantor-guilherme-de-sa-se-apresenta-no-theatro-pedro-ii-em-ribeirao-preto\/\">Source link <\/a><\/p>\n<!-- CONTENT END 1 -->\n","protected":false},"excerpt":{"rendered":"<p>O cantor Guilherme de S\u00e1 se apresenta em Ribeir\u00e3o Preto, nesta sexta-feira (17), no Theatro Pedro II, a partir das 20h, com o show \u2018Minimalista&#8230;<\/p>\n","protected":false},"author":1,"featured_media":2874,"comment_status":"open","ping_status":"open","sticky":false,"template":"","format":"standard","meta":{"advanced_seo_description":"","jetpack_seo_html_title":"","jetpack_seo_noindex":false,"jetpack_post_was_ever_published":false,"_jetpack_newsletter_access":"","_jetpack_dont_email_post_to_subs":false,"_jetpack_newsletter_tier_id":0,"_jetpack_memberships_contains_paywalled_content":false,"_jetpack_memberships_contains_paid_content":false,"footnotes":"","jetpack_publicize_message":"","jetpack_publicize_feature_enabled":true,"jetpack_social_post_already_shared":true,"jetpack_social_options":{"image_generator_settings":{"template":"highway","default_image_id":0,"font":"","enabled":false},"version":2}},"categories":[11],"tags":[56,53,54,58,27,26,55,57],"class_list":["post-2873","post","type-post","status-publish","format-standard","has-post-thumbnail","hentry","category-noticias-de-ribeirao-preto-sp-e-regiao-ismael-colosi","tag-apresenta","tag-cantor","tag-guilherme","tag-pedro","tag-preto","tag-ribeirao","tag-sa","tag-theatro"],"jetpack_publicize_connections":[],"jetpack_featured_media_url":"https:\/\/i0.wp.com\/noticiasribeiraopreto.com.br\/wp-content\/uploads\/2023\/11\/WhatsApp-Image-2023-09-01-at-15.04.23-1-1.jpeg?fit=1600%2C900&ssl=1","jetpack-related-posts":[{"id":79295,"url":"https:\/\/noticiasribeiraopreto.com.br\/index.php\/2025\/10\/28\/chico-chico-se-apresenta-no-theatro-pedro-ii-em-homenagem-a-musica-brasileira\/","url_meta":{"origin":2873,"position":0},"title":"Chico Chico se apresenta no Theatro Pedro II em homenagem \u00e0 m\u00fasica brasileira","author":"noticiasribeiraopreto.com.br","date":"28 de October de 2025","format":false,"excerpt":"O cantor e compositor Chico Chico, filho da cantora C\u00e1ssia Eller, apresenta o show do movimento A M\u00fasica Brasileira Vive no dia 31 de outubro, \u00e0s 20h, no Theatro Pedro II, em Ribeir\u00e3o Preto. O evento integra a s\u00e9rie de apresenta\u00e7\u00f5es que promovem a m\u00fasica brasileira em diferentes regi\u00f5es do\u2026","rel":"","context":"In &quot;Not\u00edcias de Ribeir\u00e3o Preto-SP e Regi\u00e3o&quot;","block_context":{"text":"Not\u00edcias de Ribeir\u00e3o Preto-SP e Regi\u00e3o","link":"https:\/\/noticiasribeiraopreto.com.br\/index.php\/category\/noticias-de-ribeirao-preto-sp-e-regiao-ismael-colosi\/"},"img":{"alt_text":"","src":"https:\/\/i0.wp.com\/noticiasribeiraopreto.com.br\/wp-content\/uploads\/2025\/10\/voguing-5_2025-10-28_22-40-55.webp.webp?fit=1200%2C675&ssl=1&resize=350%2C200","width":350,"height":200,"srcset":"https:\/\/i0.wp.com\/noticiasribeiraopreto.com.br\/wp-content\/uploads\/2025\/10\/voguing-5_2025-10-28_22-40-55.webp.webp?fit=1200%2C675&ssl=1&resize=350%2C200 1x, https:\/\/i0.wp.com\/noticiasribeiraopreto.com.br\/wp-content\/uploads\/2025\/10\/voguing-5_2025-10-28_22-40-55.webp.webp?fit=1200%2C675&ssl=1&resize=525%2C300 1.5x, https:\/\/i0.wp.com\/noticiasribeiraopreto.com.br\/wp-content\/uploads\/2025\/10\/voguing-5_2025-10-28_22-40-55.webp.webp?fit=1200%2C675&ssl=1&resize=700%2C400 2x, https:\/\/i0.wp.com\/noticiasribeiraopreto.com.br\/wp-content\/uploads\/2025\/10\/voguing-5_2025-10-28_22-40-55.webp.webp?fit=1200%2C675&ssl=1&resize=1050%2C600 3x"},"classes":[]},{"id":57952,"url":"https:\/\/noticiasribeiraopreto.com.br\/index.php\/2024\/09\/14\/cantor-sertanejo-daniel-se-apresenta-com-orquestra-em-ribeirao-preto-veja-quando\/","url_meta":{"origin":2873,"position":1},"title":"Cantor sertanejo Daniel se apresenta com orquestra em Ribeir\u00e3o Preto; Veja quando","author":"noticiasribeiraopreto.com.br","date":"14 de September de 2024","format":false,"excerpt":"O cantor sertanejo Daniel far\u00e1 uma apresenta\u00e7\u00e3o com orquestra sinf\u00f4nica no Theatro Pedro II, em 13 de novembro, \u00e0s 20h. Os ingressos custam a partir de R$ 200 (inteira) e est\u00e3o \u00e0 venda pela internet (clique aqui). O show integra a 7\u00aa edi\u00e7\u00e3o Prudential Concerts, que une m\u00fasica cl\u00e1ssica com\u2026","rel":"","context":"In &quot;Not\u00edcias de Ribeir\u00e3o Preto-SP e Regi\u00e3o&quot;","block_context":{"text":"Not\u00edcias de Ribeir\u00e3o Preto-SP e Regi\u00e3o","link":"https:\/\/noticiasribeiraopreto.com.br\/index.php\/category\/noticias-de-ribeirao-preto-sp-e-regiao-ismael-colosi\/"},"img":{"alt_text":"","src":"https:\/\/i0.wp.com\/noticiasribeiraopreto.com.br\/wp-content\/uploads\/2024\/09\/design-sem-nome-30-750x432-1_2024-09-14_17-37-12_png_2024-09-14_17-37-12.webp.webp?fit=750%2C432&ssl=1&resize=350%2C200","width":350,"height":200,"srcset":"https:\/\/i0.wp.com\/noticiasribeiraopreto.com.br\/wp-content\/uploads\/2024\/09\/design-sem-nome-30-750x432-1_2024-09-14_17-37-12_png_2024-09-14_17-37-12.webp.webp?fit=750%2C432&ssl=1&resize=350%2C200 1x, https:\/\/i0.wp.com\/noticiasribeiraopreto.com.br\/wp-content\/uploads\/2024\/09\/design-sem-nome-30-750x432-1_2024-09-14_17-37-12_png_2024-09-14_17-37-12.webp.webp?fit=750%2C432&ssl=1&resize=525%2C300 1.5x, https:\/\/i0.wp.com\/noticiasribeiraopreto.com.br\/wp-content\/uploads\/2024\/09\/design-sem-nome-30-750x432-1_2024-09-14_17-37-12_png_2024-09-14_17-37-12.webp.webp?fit=750%2C432&ssl=1&resize=700%2C400 2x"},"classes":[]},{"id":37168,"url":"https:\/\/noticiasribeiraopreto.com.br\/index.php\/2024\/02\/14\/flavio-venturini-se-apresenta-em-ribeirao-preto-veja-como-comprar-ingressos\/","url_meta":{"origin":2873,"position":2},"title":"Fl\u00e1vio Venturini se apresenta em Ribeir\u00e3o Preto; Veja como comprar ingressos","author":"noticiasribeiraopreto.com.br","date":"14 de February de 2024","format":false,"excerpt":"O cantor Fl\u00e1vio Venturini traz para Ribeir\u00e3o Preto, o show \u201cCora\u00e7\u00e3o a Dentro\u201d. A apresenta\u00e7\u00e3o acontece no dia 4 de abril, \u00e0s 20h, no Theatro Pedro II. Os ingressos j\u00e1 est\u00e3o dispon\u00edveis e podem ser adquiridos de forma on-line (clique aqui) ou na bilheteria do Theatro \u2013 clique aqui para\u2026","rel":"","context":"In &quot;Not\u00edcias de Ribeir\u00e3o Preto-SP e Regi\u00e3o&quot;","block_context":{"text":"Not\u00edcias de Ribeir\u00e3o Preto-SP e Regi\u00e3o","link":"https:\/\/noticiasribeiraopreto.com.br\/index.php\/category\/noticias-de-ribeirao-preto-sp-e-regiao-ismael-colosi\/"},"img":{"alt_text":"","src":"https:\/\/i0.wp.com\/noticiasribeiraopreto.com.br\/wp-content\/uploads\/2024\/02\/Copia-de-Copia-de-TAMANHO-EXATO-PARA-FOTOS-NO-SISTEMA-NOVO-35.png?fit=1200%2C675&ssl=1&resize=350%2C200","width":350,"height":200,"srcset":"https:\/\/i0.wp.com\/noticiasribeiraopreto.com.br\/wp-content\/uploads\/2024\/02\/Copia-de-Copia-de-TAMANHO-EXATO-PARA-FOTOS-NO-SISTEMA-NOVO-35.png?fit=1200%2C675&ssl=1&resize=350%2C200 1x, https:\/\/i0.wp.com\/noticiasribeiraopreto.com.br\/wp-content\/uploads\/2024\/02\/Copia-de-Copia-de-TAMANHO-EXATO-PARA-FOTOS-NO-SISTEMA-NOVO-35.png?fit=1200%2C675&ssl=1&resize=525%2C300 1.5x, https:\/\/i0.wp.com\/noticiasribeiraopreto.com.br\/wp-content\/uploads\/2024\/02\/Copia-de-Copia-de-TAMANHO-EXATO-PARA-FOTOS-NO-SISTEMA-NOVO-35.png?fit=1200%2C675&ssl=1&resize=700%2C400 2x, https:\/\/i0.wp.com\/noticiasribeiraopreto.com.br\/wp-content\/uploads\/2024\/02\/Copia-de-Copia-de-TAMANHO-EXATO-PARA-FOTOS-NO-SISTEMA-NOVO-35.png?fit=1200%2C675&ssl=1&resize=1050%2C600 3x"},"classes":[]},{"id":11795,"url":"https:\/\/noticiasribeiraopreto.com.br\/index.php\/2023\/12\/06\/victor-sarro-se-apresenta-no-theatro-pedro-ii-em-ribeirao-preto-veja-quando\/","url_meta":{"origin":2873,"position":3},"title":"Victor Sarro se apresenta no Theatro Pedro II, em Ribeir\u00e3o Preto; Veja quando","author":"noticiasribeiraopreto.com.br","date":"6 de December de 2023","format":false,"excerpt":"O humorista Victor Sarro apresenta o seu espet\u00e1culo de stand-up comedy no Theatro Pedro II, em Ribeir\u00e3o Preto, na pr\u00f3xima quarta-feira (14), \u00e0s 20h. Os ingressos ainda est\u00e3o \u00e0 venda e podem ser adquiridos de forma on-line (clique aqui) ou na bilheteria do Theatro (clique aqui e veja o hor\u00e1rio\u2026","rel":"","context":"In &quot;Not\u00edcias de Ribeir\u00e3o Preto-SP e Regi\u00e3o&quot;","block_context":{"text":"Not\u00edcias de Ribeir\u00e3o Preto-SP e Regi\u00e3o","link":"https:\/\/noticiasribeiraopreto.com.br\/index.php\/category\/noticias-de-ribeirao-preto-sp-e-regiao-ismael-colosi\/"},"img":{"alt_text":"","src":"https:\/\/i0.wp.com\/noticiasribeiraopreto.com.br\/wp-content\/uploads\/2023\/12\/Copia-de-Copia-de-TAMANHO-EXATO-PARA-FOTOS-NO-SISTEMA-NOVO-12.png?fit=1200%2C675&ssl=1&resize=350%2C200","width":350,"height":200,"srcset":"https:\/\/i0.wp.com\/noticiasribeiraopreto.com.br\/wp-content\/uploads\/2023\/12\/Copia-de-Copia-de-TAMANHO-EXATO-PARA-FOTOS-NO-SISTEMA-NOVO-12.png?fit=1200%2C675&ssl=1&resize=350%2C200 1x, https:\/\/i0.wp.com\/noticiasribeiraopreto.com.br\/wp-content\/uploads\/2023\/12\/Copia-de-Copia-de-TAMANHO-EXATO-PARA-FOTOS-NO-SISTEMA-NOVO-12.png?fit=1200%2C675&ssl=1&resize=525%2C300 1.5x, https:\/\/i0.wp.com\/noticiasribeiraopreto.com.br\/wp-content\/uploads\/2023\/12\/Copia-de-Copia-de-TAMANHO-EXATO-PARA-FOTOS-NO-SISTEMA-NOVO-12.png?fit=1200%2C675&ssl=1&resize=700%2C400 2x, https:\/\/i0.wp.com\/noticiasribeiraopreto.com.br\/wp-content\/uploads\/2023\/12\/Copia-de-Copia-de-TAMANHO-EXATO-PARA-FOTOS-NO-SISTEMA-NOVO-12.png?fit=1200%2C675&ssl=1&resize=1050%2C600 3x"},"classes":[]},{"id":66530,"url":"https:\/\/noticiasribeiraopreto.com.br\/index.php\/2025\/04\/02\/renato-teixeira-se-apresenta-no-projeto-starlight-concert-em-ribeirao-preto\/","url_meta":{"origin":2873,"position":4},"title":"Renato Teixeira se apresenta no projeto \u2018Starlight Concert\u2019 em Ribeir\u00e3o Preto","author":"noticiasribeiraopreto.com.br","date":"2 de April de 2025","format":false,"excerpt":"O cantor Renato Teixeira se apresenta no projeto Starlight Concerts, no Theatro Pedro II, em Ribeir\u00e3o Preto, no pr\u00f3ximo s\u00e1bado (5), \u00e0s 20h. Os ingressos ainda podem ser adquiridos na bilheteria ou on-line. O projeto Starlight Concerts transforma completamente o espa\u00e7o do teatro, criando uma sensa\u00e7\u00e3o de estar sob um\u2026","rel":"","context":"In &quot;Not\u00edcias de Ribeir\u00e3o Preto-SP e Regi\u00e3o&quot;","block_context":{"text":"Not\u00edcias de Ribeir\u00e3o Preto-SP e Regi\u00e3o","link":"https:\/\/noticiasribeiraopreto.com.br\/index.php\/category\/noticias-de-ribeirao-preto-sp-e-regiao-ismael-colosi\/"},"img":{"alt_text":"","src":"https:\/\/i0.wp.com\/noticiasribeiraopreto.com.br\/wp-content\/uploads\/2024\/08\/Copia-de-Copia-de-Copia-de-TAMANHO-EXATO-PARA-FOTOS-NO-SISTEMA-NOVO-8_2024-08-27_17-18-18_jpg_2024-08-27_17-18-18.webp.webp?fit=1200%2C675&ssl=1&resize=350%2C200","width":350,"height":200,"srcset":"https:\/\/i0.wp.com\/noticiasribeiraopreto.com.br\/wp-content\/uploads\/2024\/08\/Copia-de-Copia-de-Copia-de-TAMANHO-EXATO-PARA-FOTOS-NO-SISTEMA-NOVO-8_2024-08-27_17-18-18_jpg_2024-08-27_17-18-18.webp.webp?fit=1200%2C675&ssl=1&resize=350%2C200 1x, https:\/\/i0.wp.com\/noticiasribeiraopreto.com.br\/wp-content\/uploads\/2024\/08\/Copia-de-Copia-de-Copia-de-TAMANHO-EXATO-PARA-FOTOS-NO-SISTEMA-NOVO-8_2024-08-27_17-18-18_jpg_2024-08-27_17-18-18.webp.webp?fit=1200%2C675&ssl=1&resize=525%2C300 1.5x, https:\/\/i0.wp.com\/noticiasribeiraopreto.com.br\/wp-content\/uploads\/2024\/08\/Copia-de-Copia-de-Copia-de-TAMANHO-EXATO-PARA-FOTOS-NO-SISTEMA-NOVO-8_2024-08-27_17-18-18_jpg_2024-08-27_17-18-18.webp.webp?fit=1200%2C675&ssl=1&resize=700%2C400 2x, https:\/\/i0.wp.com\/noticiasribeiraopreto.com.br\/wp-content\/uploads\/2024\/08\/Copia-de-Copia-de-Copia-de-TAMANHO-EXATO-PARA-FOTOS-NO-SISTEMA-NOVO-8_2024-08-27_17-18-18_jpg_2024-08-27_17-18-18.webp.webp?fit=1200%2C675&ssl=1&resize=1050%2C600 3x"},"classes":[]},{"id":59133,"url":"https:\/\/noticiasribeiraopreto.com.br\/index.php\/2024\/10\/15\/edu-falaschi-apresenta-turne-comemorativa-em-ribeirao-preto\/","url_meta":{"origin":2873,"position":5},"title":"Edu Falaschi apresenta turn\u00ea comemorativa em Ribeir\u00e3o Preto","author":"noticiasribeiraopreto.com.br","date":"15 de October de 2024","format":false,"excerpt":"O cantor Edu Falaschi traz para o palco do Theatro Pedro II, em Ribeir\u00e3o Preto, o show da turn\u00ea \u201cRebirth Live in SP Revisited \u2013 20 anos\u201d. A apresenta\u00e7\u00e3o acontece nesta sexta-feira (18), \u00e0s 20h. O evento celebra as duas d\u00e9cadas do DVD do Angra \u201cRebirth Live in S\u00e3o Paulo\u201d.\u2026","rel":"","context":"In &quot;Not\u00edcias de Ribeir\u00e3o Preto-SP e Regi\u00e3o&quot;","block_context":{"text":"Not\u00edcias de Ribeir\u00e3o Preto-SP e Regi\u00e3o","link":"https:\/\/noticiasribeiraopreto.com.br\/index.php\/category\/noticias-de-ribeirao-preto-sp-e-regiao-ismael-colosi\/"},"img":{"alt_text":"","src":"https:\/\/i0.wp.com\/noticiasribeiraopreto.com.br\/wp-content\/uploads\/2024\/10\/Copia-de-Copia-de-Copia-de-TAMANHO-EXATO-PARA-FOTOS-NO-SISTEMA-NOVO-18_2024-10-15_12-12-14_jpg_2024-10-15_12-12-14.webp.webp?fit=1200%2C675&ssl=1&resize=350%2C200","width":350,"height":200,"srcset":"https:\/\/i0.wp.com\/noticiasribeiraopreto.com.br\/wp-content\/uploads\/2024\/10\/Copia-de-Copia-de-Copia-de-TAMANHO-EXATO-PARA-FOTOS-NO-SISTEMA-NOVO-18_2024-10-15_12-12-14_jpg_2024-10-15_12-12-14.webp.webp?fit=1200%2C675&ssl=1&resize=350%2C200 1x, https:\/\/i0.wp.com\/noticiasribeiraopreto.com.br\/wp-content\/uploads\/2024\/10\/Copia-de-Copia-de-Copia-de-TAMANHO-EXATO-PARA-FOTOS-NO-SISTEMA-NOVO-18_2024-10-15_12-12-14_jpg_2024-10-15_12-12-14.webp.webp?fit=1200%2C675&ssl=1&resize=525%2C300 1.5x, https:\/\/i0.wp.com\/noticiasribeiraopreto.com.br\/wp-content\/uploads\/2024\/10\/Copia-de-Copia-de-Copia-de-TAMANHO-EXATO-PARA-FOTOS-NO-SISTEMA-NOVO-18_2024-10-15_12-12-14_jpg_2024-10-15_12-12-14.webp.webp?fit=1200%2C675&ssl=1&resize=700%2C400 2x, https:\/\/i0.wp.com\/noticiasribeiraopreto.com.br\/wp-content\/uploads\/2024\/10\/Copia-de-Copia-de-Copia-de-TAMANHO-EXATO-PARA-FOTOS-NO-SISTEMA-NOVO-18_2024-10-15_12-12-14_jpg_2024-10-15_12-12-14.webp.webp?fit=1200%2C675&ssl=1&resize=1050%2C600 3x"},"classes":[]}],"jetpack_sharing_enabled":true,"jetpack_shortlink":"https:\/\/wp.me\/peQAOb-Kl","_links":{"self":[{"href":"https:\/\/noticiasribeiraopreto.com.br\/index.php\/wp-json\/wp\/v2\/posts\/2873","targetHints":{"allow":["GET"]}}],"collection":[{"href":"https:\/\/noticiasribeiraopreto.com.br\/index.php\/wp-json\/wp\/v2\/posts"}],"about":[{"href":"https:\/\/noticiasribeiraopreto.com.br\/index.php\/wp-json\/wp\/v2\/types\/post"}],"author":[{"embeddable":true,"href":"https:\/\/noticiasribeiraopreto.com.br\/index.php\/wp-json\/wp\/v2\/users\/1"}],"replies":[{"embeddable":true,"href":"https:\/\/noticiasribeiraopreto.com.br\/index.php\/wp-json\/wp\/v2\/comments?post=2873"}],"version-history":[{"count":0,"href":"https:\/\/noticiasribeiraopreto.com.br\/index.php\/wp-json\/wp\/v2\/posts\/2873\/revisions"}],"wp:featuredmedia":[{"embeddable":true,"href":"https:\/\/noticiasribeiraopreto.com.br\/index.php\/wp-json\/wp\/v2\/media\/2874"}],"wp:attachment":[{"href":"https:\/\/noticiasribeiraopreto.com.br\/index.php\/wp-json\/wp\/v2\/media?parent=2873"}],"wp:term":[{"taxonomy":"category","embeddable":true,"href":"https:\/\/noticiasribeiraopreto.com.br\/index.php\/wp-json\/wp\/v2\/categories?post=2873"},{"taxonomy":"post_tag","embeddable":true,"href":"https:\/\/noticiasribeiraopreto.com.br\/index.php\/wp-json\/wp\/v2\/tags?post=2873"}],"curies":[{"name":"wp","href":"https:\/\/api.w.org\/{rel}","templated":true}]}}