{"id":28736,"date":"2024-01-16T14:38:24","date_gmt":"2024-01-16T17:38:24","guid":{"rendered":"https:\/\/noticiasribeiraopreto.com.br\/index.php\/2024\/01\/16\/alunos-do-3o-ano-vao-receber-incentivo-financeiro-para-fazer-enem\/"},"modified":"2024-01-16T14:38:24","modified_gmt":"2024-01-16T17:38:24","slug":"alunos-do-3o-ano-vao-receber-incentivo-financeiro-para-fazer-enem","status":"publish","type":"post","link":"https:\/\/noticiasribeiraopreto.com.br\/index.php\/2024\/01\/16\/alunos-do-3o-ano-vao-receber-incentivo-financeiro-para-fazer-enem\/","title":{"rendered":"Alunos do 3\u00ba ano v\u00e3o receber incentivo financeiro para fazer Enem"},"content":{"rendered":"<div class='code-block code-block-1' style='margin: 8px 0 8px auto; text-align: right; display: block; clear: both;'>\n<p><a href=\"https:\/\/wa.link\/vpicfd\"><img data-recalc-dims=\"1\" class=\"wp-image-4922\" style=\"aspect-ratio: 2.0253164556962027; width: 561px; height: auto;\" src=\"https:\/\/i0.wp.com\/ismaelcolosi.com.br\/wp-content\/uploads\/2023\/11\/grupo-de-empregos-whatsapp-e-facebook-ismael-colosi-vagas.jpg?ssl=1\" alt=\"\" \/><\/a><\/p>\n<!-- \/wp:image -->\n<\/div>\n<p> <br \/>\n<\/p>\n<div id=\"\">\n<p> <span class=\"entry-meta-item penci-posted-on\"><i class=\"fa fa-clock-o\"\/><time class=\"entry-date published\" datetime=\"2024-01-16T14:30:45-03:00\">16 de janeiro de 2024 | 14:30<\/time><time class=\"updated\" datetime=\"2024-01-16T14:12:53-03:00\">16 de janeiro de 2024 | 14:12<\/time><\/span><\/p>\n<p> <span class=\"penci-social-buttons penci-social-share-footer\"><a href=\"#\" class=\"penci-post-like penci_post-meta_item  single-like-button penci-social-item like\" data-post_id=\"370545\" title=\"Like\" data-like=\"Like\" data-unlike=\"Unlike\"><i class=\"fa fa-thumbs-o-up\"\/><span class=\"penci-share-number\">0<\/span><\/a><i class=\"fa fa-facebook\"\/><a class=\"penci-social-item twitter\" target=\"_blank\" rel=\"noopener\" title=\"\" href=\"https:\/\/twitter.com\/intent\/tweet?text=Alunos%20do%203\u00ba%20ano%20v\u00e3o%20receber%20incentivo%20financeiro%20para%20fazer%20Enem%20-%20https:\/\/www.tribunaribeirao.com.br\/site\/alunos-do-3o-ano-vao-receber-incentivo-financeiro-para-fazer-enem\/\"><i class=\"fa fa-twitter\"\/><\/a><i class=\"fa fa-whatsapp\"\/><\/span><\/div>\n<div>\n<p>O ministro da Educa\u00e7\u00e3o, Camilo Santana, anunciou nesta ter\u00e7a-feira (16) que alunos do 3\u00ba ano do ensino m\u00e9dio v\u00e3o receber incentivo financeiro para participar do Exame Nacional do Ensino M\u00e9dio (Enem). A informa\u00e7\u00e3o foi divulgada durante coletiva de imprensa para divulga\u00e7\u00e3o dos resultados do Enem 2023. A pasta tamb\u00e9m liberou os resultados individuais dos participantes.\u00a0<noscript><img data-recalc-dims=\"1\" decoding=\"async\" src=\"https:\/\/i0.wp.com\/agenciabrasil.ebc.com.br\/ebc.png?ssl=1\"\/><\/noscript><img data-recalc-dims=\"1\" decoding=\"async\" src=\"https:\/\/i0.wp.com\/agenciabrasil.ebc.com.br\/ebc.gif?ssl=1\" class=\"lazyload\"\/><noscript><img data-recalc-dims=\"1\" decoding=\"async\" src=\"https:\/\/i0.wp.com\/agenciabrasil.ebc.com.br\/ebc.gif?ssl=1\"\/><\/noscript><\/p>\n<p>De acordo com o ministro, o presidente Luiz In\u00e1cio Lula da Silva sanciona nesta ter\u00e7a-feira a lei que institui o programa P\u00e9-de-Meia. A iniciativa prev\u00ea uma esp\u00e9cie de bolsa-poupan\u00e7a para que estudantes de baixa renda concluam o ensino m\u00e9dio. \u201cPosso adiantar aqui que haver\u00e1 tamb\u00e9m um incentivo para o jovem que fizer o Enem.\u201d<\/p>\n<p>\u201cVai ser uma forma de estimular o jovem regular do ensino m\u00e9dio que vai receber esse aux\u00edlio financeiro nos 3 anos do ensino m\u00e9dio, mas, no \u00faltimo ano, no 3\u00ba ano, ele vai receber um percentual, um valor para fazer a prova do Enem\u201d, explicou.<\/p>\n<p>\u201cPrecisamos convencer e mostrar que, primeiro, n\u00e3o h\u00e1 custo nenhum para o jovem. Depois, que \u00e9 a oportunidade que ele tem para acessar o ensino superior. N\u00e3o h\u00e1 motivo de o jovem n\u00e3o fazer o Enem\u201d, disse.<\/p>\n<p>Dados da pasta mostram que cerca de metade dos estudantes que estavam concluindo o ensino m\u00e9dio em 2023 participaram da \u00faltima edi\u00e7\u00e3o do Enem. Outro agravante, segundo Santana, \u00e9 que, dentre os que se inscreveram, muitos n\u00e3o chegaram a fazer a prova. Dos 1,4 milh\u00e3o de concluintes do ensino m\u00e9dio que se inscreveram para o exame, apenas 1 milh\u00e3o participaram efetivamente.<\/p>\n<p>\u201cPrecisamos identificar os motivos em cada rede, em cada estado. E dialogar com as redes para identificar os motivos disso\u201d, disse.<\/p>\n<\/div>\n<p><script async src=\"\/\/platform.twitter.com\/widgets.js\" charset=\"utf-8\"><\/script><br \/>\n<br \/><br \/>\n<br \/><a href=\"https:\/\/www.tribunaribeirao.com.br\/site\/alunos-do-3o-ano-vao-receber-incentivo-financeiro-para-fazer-enem\/\">Source link <\/a><\/p>\n<!-- CONTENT END 1 -->\n","protected":false},"excerpt":{"rendered":"<p>16 de janeiro de 2024 | 14:3016 de janeiro de 2024 | 14:12 0 O ministro da Educa\u00e7\u00e3o, Camilo Santana, anunciou nesta ter\u00e7a-feira (16) que&#8230;<\/p>\n","protected":false},"author":1,"featured_media":28737,"comment_status":"open","ping_status":"open","sticky":false,"template":"","format":"standard","meta":{"advanced_seo_description":"","jetpack_seo_html_title":"","jetpack_seo_noindex":false,"jetpack_post_was_ever_published":false,"_jetpack_newsletter_access":"","_jetpack_dont_email_post_to_subs":false,"_jetpack_newsletter_tier_id":0,"_jetpack_memberships_contains_paywalled_content":false,"_jetpack_memberships_contains_paid_content":false,"footnotes":"","jetpack_publicize_message":"","jetpack_publicize_feature_enabled":true,"jetpack_social_post_already_shared":true,"jetpack_social_options":{"image_generator_settings":{"template":"highway","default_image_id":0,"font":"","enabled":false},"version":2}},"categories":[11],"tags":[899,1594,681,1264,284,2671,1927,71,1359,1258],"class_list":["post-28736","post","type-post","status-publish","format-standard","has-post-thumbnail","hentry","category-noticias-de-ribeirao-preto-sp-e-regiao-ismael-colosi","tag-3o","tag-alunos","tag-ano","tag-enem","tag-fazer","tag-financeiro","tag-incentivo","tag-para","tag-receber","tag-vao"],"jetpack_publicize_connections":[],"jetpack_featured_media_url":"https:\/\/i0.wp.com\/noticiasribeiraopreto.com.br\/wp-content\/uploads\/2024\/01\/ff4a5ea5-0bb3-42b5-8d62-cb9d8ecccf8a.jpg?fit=848%2C477&ssl=1","jetpack-related-posts":[{"id":44014,"url":"https:\/\/noticiasribeiraopreto.com.br\/index.php\/2024\/03\/25\/atencao-alunos-que-vao-receber-r-200-r-1-000-r1-800-ate-r9-200-mil-do-programa-pe-de-meia-ja-podem-consultar-o-saque\/","url_meta":{"origin":28736,"position":0},"title":"Aten\u00e7\u00e3o! Alunos que v\u00e3o receber R$ 200, R$ 1.000, R$1.800 at\u00e9 R$9.200 mil do programa P\u00e9-de-Meia j\u00e1 podem consultar o saque","author":"noticiasribeiraopreto.com.br","date":"25 de March de 2024","format":false,"excerpt":"Os estudantes eleg\u00edveis ao P\u00e9-de-Meia j\u00e1 podem verificar se t\u00eam direito a um pagamento que varia de R$ 200 a R$ 9.200. Lan\u00e7ado pelo Minist\u00e9rio da Educa\u00e7\u00e3o (MEC), esse incentivo financeiro tem como principal objetivo incentivar a perman\u00eancia dos estudantes na escola e combater a evas\u00e3o escolar. O processo de\u2026","rel":"","context":"In &quot;Dinheiro e Investimento&quot;","block_context":{"text":"Dinheiro e Investimento","link":"https:\/\/noticiasribeiraopreto.com.br\/index.php\/category\/dinheiro-e-investimento-como-fazer-como-ganhar\/"},"img":{"alt_text":"","src":"https:\/\/i0.wp.com\/noticiasribeiraopreto.com.br\/wp-content\/uploads\/2024\/03\/Cpf.webp.webp?fit=1200%2C630&ssl=1&resize=350%2C200","width":350,"height":200,"srcset":"https:\/\/i0.wp.com\/noticiasribeiraopreto.com.br\/wp-content\/uploads\/2024\/03\/Cpf.webp.webp?fit=1200%2C630&ssl=1&resize=350%2C200 1x, https:\/\/i0.wp.com\/noticiasribeiraopreto.com.br\/wp-content\/uploads\/2024\/03\/Cpf.webp.webp?fit=1200%2C630&ssl=1&resize=525%2C300 1.5x, https:\/\/i0.wp.com\/noticiasribeiraopreto.com.br\/wp-content\/uploads\/2024\/03\/Cpf.webp.webp?fit=1200%2C630&ssl=1&resize=700%2C400 2x, https:\/\/i0.wp.com\/noticiasribeiraopreto.com.br\/wp-content\/uploads\/2024\/03\/Cpf.webp.webp?fit=1200%2C630&ssl=1&resize=1050%2C600 3x"},"classes":[]},{"id":38442,"url":"https:\/\/noticiasribeiraopreto.com.br\/index.php\/2024\/02\/20\/prazo-para-adesao-ao-programa-pe-de-meia-termina-no-proximo-domingo\/","url_meta":{"origin":28736,"position":1},"title":"Prazo para ades\u00e3o ao Programa P\u00e9-de-Meia termina no pr\u00f3ximo domingo","author":"noticiasribeiraopreto.com.br","date":"20 de February de 2024","format":false,"excerpt":"19 de fevereiro de 2024 | 14:0019 de fevereiro de 2024 | 10:44 0Termina no pr\u00f3ximo domingo (25) o prazo para a assinatura do termo de compromisso das redes federais, estaduais, distrital e municipais com o Programa P\u00e9-de-Meia, institu\u00eddo pelo governo federal como uma esp\u00e9cie de poupan\u00e7a que serve de\u2026","rel":"","context":"In &quot;Not\u00edcias de Ribeir\u00e3o Preto-SP e Regi\u00e3o&quot;","block_context":{"text":"Not\u00edcias de Ribeir\u00e3o Preto-SP e Regi\u00e3o","link":"https:\/\/noticiasribeiraopreto.com.br\/index.php\/category\/noticias-de-ribeirao-preto-sp-e-regiao-ismael-colosi\/"},"img":{"alt_text":"","src":"https:\/\/i0.wp.com\/noticiasribeiraopreto.com.br\/wp-content\/uploads\/2024\/02\/cederj.jpg?fit=600%2C400&ssl=1&resize=350%2C200","width":350,"height":200,"srcset":"https:\/\/i0.wp.com\/noticiasribeiraopreto.com.br\/wp-content\/uploads\/2024\/02\/cederj.jpg?fit=600%2C400&ssl=1&resize=350%2C200 1x, https:\/\/i0.wp.com\/noticiasribeiraopreto.com.br\/wp-content\/uploads\/2024\/02\/cederj.jpg?fit=600%2C400&ssl=1&resize=525%2C300 1.5x"},"classes":[]},{"id":32946,"url":"https:\/\/noticiasribeiraopreto.com.br\/index.php\/2024\/01\/27\/pe-de-meia-estudantes-do-ensino-medio-vao-r-2-mil-por-ano\/","url_meta":{"origin":28736,"position":2},"title":"P\u00e9-de-Meia: Estudantes do ensino m\u00e9dio v\u00e3o receber R$ 2 mil por ano","author":"noticiasribeiraopreto.com.br","date":"27 de January de 2024","format":false,"excerpt":"26 de janeiro de 2024 | 15:3626 de janeiro de 2024 | 15:45 0O presidente Luiz In\u00e1cio Lula reuniu a imprensa, na manh\u00e3 desta sexta-feira (26), para detalhar o Programa P\u00e9-de-Meia, que \u00e9 uma esp\u00e9cie de poupan\u00e7a que o governo federal far\u00e1 para os alunos que cursarem o ensino m\u00e9dio.O\u2026","rel":"","context":"In &quot;Not\u00edcias de Ribeir\u00e3o Preto-SP e Regi\u00e3o&quot;","block_context":{"text":"Not\u00edcias de Ribeir\u00e3o Preto-SP e Regi\u00e3o","link":"https:\/\/noticiasribeiraopreto.com.br\/index.php\/category\/noticias-de-ribeirao-preto-sp-e-regiao-ismael-colosi\/"},"img":{"alt_text":"","src":"https:\/\/i0.wp.com\/noticiasribeiraopreto.com.br\/wp-content\/uploads\/2024\/01\/conexiaeducacao_conexiaeducacao_image_943-1250x834-1-scaled.jpeg?fit=967%2C645&ssl=1&resize=350%2C200","width":350,"height":200,"srcset":"https:\/\/i0.wp.com\/noticiasribeiraopreto.com.br\/wp-content\/uploads\/2024\/01\/conexiaeducacao_conexiaeducacao_image_943-1250x834-1-scaled.jpeg?fit=967%2C645&ssl=1&resize=350%2C200 1x, https:\/\/i0.wp.com\/noticiasribeiraopreto.com.br\/wp-content\/uploads\/2024\/01\/conexiaeducacao_conexiaeducacao_image_943-1250x834-1-scaled.jpeg?fit=967%2C645&ssl=1&resize=525%2C300 1.5x, https:\/\/i0.wp.com\/noticiasribeiraopreto.com.br\/wp-content\/uploads\/2024\/01\/conexiaeducacao_conexiaeducacao_image_943-1250x834-1-scaled.jpeg?fit=967%2C645&ssl=1&resize=700%2C400 2x"},"classes":[]},{"id":47535,"url":"https:\/\/noticiasribeiraopreto.com.br\/index.php\/2024\/04\/26\/governo-oferece-r-200-para-quem-fizer-o-enem-2024-saiba-como\/","url_meta":{"origin":28736,"position":3},"title":"Governo oferece R$ 200 para quem fizer o Enem 2024: Saiba como","author":"noticiasribeiraopreto.com.br","date":"26 de April de 2024","format":false,"excerpt":"As inscri\u00e7\u00f5es para o Exame Nacional do Ensino M\u00e9dio (ENEM) 2024 j\u00e1 est\u00e3o previstas para abrir em maio deste ano. O exame est\u00e1 marcado para novembro, e a novidade atrair\u00e1 ainda mais participantes \u2013 uma recompensa monet\u00e1ria de 200 reais. A medida visa incentivar a participa\u00e7\u00e3o dos estudantes e ajudar\u2026","rel":"","context":"In &quot;Dinheiro e Investimento&quot;","block_context":{"text":"Dinheiro e Investimento","link":"https:\/\/noticiasribeiraopreto.com.br\/index.php\/category\/dinheiro-e-investimento-como-fazer-como-ganhar\/"},"img":{"alt_text":"","src":"https:\/\/i0.wp.com\/noticiasribeiraopreto.com.br\/wp-content\/uploads\/2024\/04\/enem.webp.webp?fit=1200%2C630&ssl=1&resize=350%2C200","width":350,"height":200,"srcset":"https:\/\/i0.wp.com\/noticiasribeiraopreto.com.br\/wp-content\/uploads\/2024\/04\/enem.webp.webp?fit=1200%2C630&ssl=1&resize=350%2C200 1x, https:\/\/i0.wp.com\/noticiasribeiraopreto.com.br\/wp-content\/uploads\/2024\/04\/enem.webp.webp?fit=1200%2C630&ssl=1&resize=525%2C300 1.5x, https:\/\/i0.wp.com\/noticiasribeiraopreto.com.br\/wp-content\/uploads\/2024\/04\/enem.webp.webp?fit=1200%2C630&ssl=1&resize=700%2C400 2x, https:\/\/i0.wp.com\/noticiasribeiraopreto.com.br\/wp-content\/uploads\/2024\/04\/enem.webp.webp?fit=1200%2C630&ssl=1&resize=1050%2C600 3x"},"classes":[]},{"id":77924,"url":"https:\/\/noticiasribeiraopreto.com.br\/index.php\/2025\/09\/29\/pe-de-meia-pagamento-da-7a-parcela-comeca-hoje\/","url_meta":{"origin":28736,"position":4},"title":"P\u00e9-de-Meia:\u202fpagamento\u202fda 7\u00aa parcela come\u00e7a hoje","author":"noticiasribeiraopreto.com.br","date":"29 de September de 2025","format":false,"excerpt":"Valor de R$ 200 \u00e9 depositado conforme m\u00eas de nascimento do aluno Daniella Almeida \u2013 (Da Ag\u00eancia Brasil) O Minist\u00e9rio da Educa\u00e7\u00e3o (MEC) inicia, nesta segunda-feira (29), o pagamento da\u202fs\u00e9tima parcela\u202faos participantes do programa P\u00e9-de-Meia de 2025. Os beneficiados pelo programa federal s\u00e3o os estudantes do ensino m\u00e9dio matriculados na\u2026","rel":"","context":"In &quot;Not\u00edcias de Ribeir\u00e3o Preto-SP e Regi\u00e3o&quot;","block_context":{"text":"Not\u00edcias de Ribeir\u00e3o Preto-SP e Regi\u00e3o","link":"https:\/\/noticiasribeiraopreto.com.br\/index.php\/category\/noticias-de-ribeirao-preto-sp-e-regiao-ismael-colosi\/"},"img":{"alt_text":"","src":"https:\/\/i0.wp.com\/noticiasribeiraopreto.com.br\/wp-content\/uploads\/2025\/09\/pe-de-meia-antonio-cruz.webp.webp?fit=1170%2C700&ssl=1&resize=350%2C200","width":350,"height":200,"srcset":"https:\/\/i0.wp.com\/noticiasribeiraopreto.com.br\/wp-content\/uploads\/2025\/09\/pe-de-meia-antonio-cruz.webp.webp?fit=1170%2C700&ssl=1&resize=350%2C200 1x, https:\/\/i0.wp.com\/noticiasribeiraopreto.com.br\/wp-content\/uploads\/2025\/09\/pe-de-meia-antonio-cruz.webp.webp?fit=1170%2C700&ssl=1&resize=525%2C300 1.5x, https:\/\/i0.wp.com\/noticiasribeiraopreto.com.br\/wp-content\/uploads\/2025\/09\/pe-de-meia-antonio-cruz.webp.webp?fit=1170%2C700&ssl=1&resize=700%2C400 2x, https:\/\/i0.wp.com\/noticiasribeiraopreto.com.br\/wp-content\/uploads\/2025\/09\/pe-de-meia-antonio-cruz.webp.webp?fit=1170%2C700&ssl=1&resize=1050%2C600 3x"},"classes":[]},{"id":43014,"url":"https:\/\/noticiasribeiraopreto.com.br\/index.php\/2024\/03\/18\/pagamento-do-programa-pe-de-meia-sera-feito-a-partir-de-26-de-marco\/","url_meta":{"origin":28736,"position":5},"title":"Pagamento do Programa P\u00e9-de-Meia ser\u00e1 feito a partir de 26 de mar\u00e7o","author":"noticiasribeiraopreto.com.br","date":"18 de March de 2024","format":false,"excerpt":"O pagamento do Incentivo-Matr\u00edcula do Programa P\u00e9-de-Meia do Minist\u00e9rio da Educa\u00e7\u00e3o (MEC) ser\u00e1 pago a partir de 26 de mar\u00e7o at\u00e9 3 de abril aos estudantes matriculados em alguma das tr\u00eas s\u00e9ries do ensino m\u00e9dio p\u00fablico.O dep\u00f3sito da parcela \u00fanica de R$ 200 do primeiro incentivo financeiro-educacional do programa ser\u00e1\u2026","rel":"","context":"In &quot;Not\u00edcias de Ribeir\u00e3o Preto-SP e Regi\u00e3o&quot;","block_context":{"text":"Not\u00edcias de Ribeir\u00e3o Preto-SP e Regi\u00e3o","link":"https:\/\/noticiasribeiraopreto.com.br\/index.php\/category\/noticias-de-ribeirao-preto-sp-e-regiao-ismael-colosi\/"},"img":{"alt_text":"","src":"https:\/\/i0.wp.com\/noticiasribeiraopreto.com.br\/wp-content\/uploads\/2024\/03\/aac5c7bf-d866-4632-88a3-825fa746101d-scaled.jpg?fit=1000%2C598&ssl=1&resize=350%2C200","width":350,"height":200,"srcset":"https:\/\/i0.wp.com\/noticiasribeiraopreto.com.br\/wp-content\/uploads\/2024\/03\/aac5c7bf-d866-4632-88a3-825fa746101d-scaled.jpg?fit=1000%2C598&ssl=1&resize=350%2C200 1x, https:\/\/i0.wp.com\/noticiasribeiraopreto.com.br\/wp-content\/uploads\/2024\/03\/aac5c7bf-d866-4632-88a3-825fa746101d-scaled.jpg?fit=1000%2C598&ssl=1&resize=525%2C300 1.5x, https:\/\/i0.wp.com\/noticiasribeiraopreto.com.br\/wp-content\/uploads\/2024\/03\/aac5c7bf-d866-4632-88a3-825fa746101d-scaled.jpg?fit=1000%2C598&ssl=1&resize=700%2C400 2x"},"classes":[]}],"jetpack_sharing_enabled":true,"jetpack_shortlink":"https:\/\/wp.me\/peQAOb-7tu","_links":{"self":[{"href":"https:\/\/noticiasribeiraopreto.com.br\/index.php\/wp-json\/wp\/v2\/posts\/28736","targetHints":{"allow":["GET"]}}],"collection":[{"href":"https:\/\/noticiasribeiraopreto.com.br\/index.php\/wp-json\/wp\/v2\/posts"}],"about":[{"href":"https:\/\/noticiasribeiraopreto.com.br\/index.php\/wp-json\/wp\/v2\/types\/post"}],"author":[{"embeddable":true,"href":"https:\/\/noticiasribeiraopreto.com.br\/index.php\/wp-json\/wp\/v2\/users\/1"}],"replies":[{"embeddable":true,"href":"https:\/\/noticiasribeiraopreto.com.br\/index.php\/wp-json\/wp\/v2\/comments?post=28736"}],"version-history":[{"count":0,"href":"https:\/\/noticiasribeiraopreto.com.br\/index.php\/wp-json\/wp\/v2\/posts\/28736\/revisions"}],"wp:featuredmedia":[{"embeddable":true,"href":"https:\/\/noticiasribeiraopreto.com.br\/index.php\/wp-json\/wp\/v2\/media\/28737"}],"wp:attachment":[{"href":"https:\/\/noticiasribeiraopreto.com.br\/index.php\/wp-json\/wp\/v2\/media?parent=28736"}],"wp:term":[{"taxonomy":"category","embeddable":true,"href":"https:\/\/noticiasribeiraopreto.com.br\/index.php\/wp-json\/wp\/v2\/categories?post=28736"},{"taxonomy":"post_tag","embeddable":true,"href":"https:\/\/noticiasribeiraopreto.com.br\/index.php\/wp-json\/wp\/v2\/tags?post=28736"}],"curies":[{"name":"wp","href":"https:\/\/api.w.org\/{rel}","templated":true}]}}