{"id":28742,"date":"2024-01-16T15:03:30","date_gmt":"2024-01-16T18:03:30","guid":{"rendered":"https:\/\/noticiasribeiraopreto.com.br\/index.php\/2024\/01\/16\/video-flagrou-os-ultimos-momentos-de-vida-da-jovem-que-foi-encontrada-em-obito-ao-lado-do-corpo-de-cantor-sertanejo\/"},"modified":"2024-01-16T15:03:30","modified_gmt":"2024-01-16T18:03:30","slug":"video-flagrou-os-ultimos-momentos-de-vida-da-jovem-que-foi-encontrada-em-obito-ao-lado-do-corpo-de-cantor-sertanejo","status":"publish","type":"post","link":"https:\/\/noticiasribeiraopreto.com.br\/index.php\/2024\/01\/16\/video-flagrou-os-ultimos-momentos-de-vida-da-jovem-que-foi-encontrada-em-obito-ao-lado-do-corpo-de-cantor-sertanejo\/","title":{"rendered":"V\u00eddeo flagrou os \u00faltimos momentos de vida da jovem que foi encontrada em \u00f3bito ao lado do corpo de cantor sertanejo"},"content":{"rendered":"<div class='code-block code-block-1' style='margin: 8px 0 8px auto; text-align: right; display: block; clear: both;'>\n<p><a href=\"https:\/\/wa.link\/vpicfd\"><img data-recalc-dims=\"1\" class=\"wp-image-4922\" style=\"aspect-ratio: 2.0253164556962027; width: 561px; height: auto;\" src=\"https:\/\/i0.wp.com\/ismaelcolosi.com.br\/wp-content\/uploads\/2023\/11\/grupo-de-empregos-whatsapp-e-facebook-ismael-colosi-vagas.jpg?ssl=1\" alt=\"\" \/><\/a><\/p>\n<!-- \/wp:image -->\n<\/div>\n<p> <br \/>\n<\/p>\n<div itemprop=\"text\">\n<p>Num achado sombrio que causou impacto na comunidade da cidade de Itapema, situada no Litoral Norte do estado de Santa Catarina, a Pol\u00edcia Militar localizou dois corpos em um apartamento.<\/p>\n<p>As v\u00edtimas foram identificadas como o cantor sertanejo e empres\u00e1rio S\u00e9rgio de Souza Correia, 59 anos, e de sua esposa Eduarda de Souza Gorgik, de 25 anos. S\u00e9rgio era um cantor sertanejo e integrava a dupla Sergio Correa e Paulinho.<\/p>\n<p>Os corpos estavam no ch\u00e3o, cercados de sangue, dentro do apartamento de alto luxo do casal, e apresentavam les\u00f5es compat\u00edveis com as produzidas por uma arma de fogo.<\/p>\n<p>Uma arma de fogo foi descoberta pr\u00f3xima \u00e0 m\u00e3o de S\u00e9rgio, levantando suspeitas iniciais de um poss\u00edvel feminic\u00eddio seguido de autoexterm\u00ednio. Um prestador de servi\u00e7os do casal mencionou ter ido ao apartamento ap\u00f3s n\u00e3o conseguir contato com S\u00e9rgio.<\/p>\n<p>De maneira intrigante, ele encontrou os celulares do casal dentro de um hidrante no corredor do pr\u00e9dio. Preocupado, buscou a irm\u00e3 de S\u00e9rgio, que possu\u00eda uma chave reserva.<\/p>\n<p>Sem sucesso ao tentar abrir a porta, acessou pela sacada do apartamento vizinho. Ap\u00f3s descobrir os corpos, ele notificou a pol\u00edcia. A cena indicava que o crime ocorreu pelo menos 24 horas antes, devido ao forte odor, presen\u00e7a de sangue seco e palidez dos corpos.<\/p>\n<p>Vizinhos relataram ter visto o casal pela \u00faltima vez em um churrasco no edif\u00edcio, na tarde anterior. Registros das c\u00e2meras de seguran\u00e7a mostraram Eduarda saindo do elevador \u00e0s 16:30.<\/p>\n<p>De maneira misteriosa, ela \u00e9 vista escondendo dois celulares na caixa de hidrante \u00e0s 17:23, antes de retornar ao apartamento, possivelmente momentos antes de sua morte.<\/p>\n<p>Estas s\u00e3o supostamente as \u00faltimas imagens de Eduarda com vida:<\/p>\n<p><iframe loading=\"lazy\" style=\"border: none; overflow: hidden;\" src=\"https:\/\/www.facebook.com\/plugins\/video.php?height=316&amp;href=https%3A%2F%2Fwww.facebook.com%2Fjornalrazao%2Fvideos%2F1115281189826501%2F&amp;show_text=false&amp;width=560&amp;t=0\" width=\"560\" height=\"316\" frameborder=\"0\" scrolling=\"no\" allowfullscreen=\"allowfullscreen\"><\/iframe><\/p>\n<p>As autoridades isolaram a \u00e1rea e deram in\u00edcio a uma investiga\u00e7\u00e3o minuciosa. A Pol\u00edcia Civil, peritos forenses e uma equipe do Instituto M\u00e9dico Legal (IML) compareceram ao local para conduzir os procedimentos necess\u00e1rios.<\/p>\n<h4>Despedida de Eduarda<\/h4>\n<p>Eduarda de Souza Gorgick, de 25 anos, est\u00e1 sendo velada em Jos\u00e9 Boiteux, e seus parentes e amigos enfrentam profunda tristeza diante da partida prematura da jovem.<\/p>\n<p>O local do vel\u00f3rio \u00e9 a capela de Ribeir\u00e3o Griesenback, situada em Jos\u00e9 Boiteux, aproximadamente 169 quil\u00f4metros distante de Itapema, onde ocorreu o tr\u00e1gico acontecimento.<\/p>\n<p>Uma cerim\u00f4nia de despedida est\u00e1 programada para esta ter\u00e7a-feira (16), a partir das 9h, precedendo o momento do sepultamento.<\/p>\n<\/div>\n<p><br \/>\n<br \/><a href=\"https:\/\/fnmais.com\/video-flagrou-ultimos-momentos-vida-jovem-que-foi-encontrada-em-obito-ao-lado-corpo-cantor-sertanejo\/\">Source link <\/a><\/p>\n<!-- CONTENT END 1 -->\n","protected":false},"excerpt":{"rendered":"<p>Num achado sombrio que causou impacto na comunidade da cidade de Itapema, situada no Litoral Norte do estado de Santa Catarina, a Pol\u00edcia Militar localizou&#8230;<\/p>\n","protected":false},"author":1,"featured_media":28743,"comment_status":"open","ping_status":"open","sticky":false,"template":"","format":"standard","meta":{"advanced_seo_description":"","jetpack_seo_html_title":"","jetpack_seo_noindex":false,"jetpack_post_was_ever_published":false,"_jetpack_newsletter_access":"","_jetpack_dont_email_post_to_subs":false,"_jetpack_newsletter_tier_id":0,"_jetpack_memberships_contains_paywalled_content":false,"_jetpack_memberships_contains_paid_content":false,"footnotes":"","jetpack_publicize_message":"","jetpack_publicize_feature_enabled":true,"jetpack_social_post_already_shared":true,"jetpack_social_options":{"image_generator_settings":{"template":"highway","default_image_id":0,"font":"","enabled":false},"version":2}},"categories":[1],"tags":[],"class_list":["post-28742","post","type-post","status-publish","format-standard","has-post-thumbnail","hentry","category-blog"],"jetpack_publicize_connections":[],"jetpack_featured_media_url":"https:\/\/i0.wp.com\/noticiasribeiraopreto.com.br\/wp-content\/uploads\/2024\/01\/postimg-65a6a65b7ee5a3301.jpg?fit=1200%2C628&ssl=1","jetpack-related-posts":[{"id":28508,"url":"https:\/\/noticiasribeiraopreto.com.br\/index.php\/2024\/01\/16\/cantor-sertanejo-e-companheira-sao-descobertos-sem-vida-no-interior-de-apartamento-de-alto-padrao\/","url_meta":{"origin":28742,"position":0},"title":"Cantor sertanejo e companheira s\u00e3o descobertos sem vida no interior de apartamento de alto padr\u00e3o","author":"noticiasribeiraopreto.com.br","date":"16 de January de 2024","format":false,"excerpt":"Nas \u00faltimas horas a descoberta de um casal sem vida dentro de um apartamento de alto luxo, ganhou notoriedade ap\u00f3s se tornar destaque nos principais portais de not\u00edcias do Brasil.O casal descoberto sem vida no \u00faltimo domingo (14), no Centro de Itapema, Litoral Norte de Santa Catarina, foi identificado como\u2026","rel":"","context":"In &quot;Blog&quot;","block_context":{"text":"Blog","link":"https:\/\/noticiasribeiraopreto.com.br\/index.php\/category\/blog\/"},"img":{"alt_text":"","src":"https:\/\/i0.wp.com\/noticiasribeiraopreto.com.br\/wp-content\/uploads\/2024\/01\/postimg-65a5ff0abc37e4329.jpg?fit=1200%2C628&ssl=1&resize=350%2C200","width":350,"height":200,"srcset":"https:\/\/i0.wp.com\/noticiasribeiraopreto.com.br\/wp-content\/uploads\/2024\/01\/postimg-65a5ff0abc37e4329.jpg?fit=1200%2C628&ssl=1&resize=350%2C200 1x, https:\/\/i0.wp.com\/noticiasribeiraopreto.com.br\/wp-content\/uploads\/2024\/01\/postimg-65a5ff0abc37e4329.jpg?fit=1200%2C628&ssl=1&resize=525%2C300 1.5x, https:\/\/i0.wp.com\/noticiasribeiraopreto.com.br\/wp-content\/uploads\/2024\/01\/postimg-65a5ff0abc37e4329.jpg?fit=1200%2C628&ssl=1&resize=700%2C400 2x, https:\/\/i0.wp.com\/noticiasribeiraopreto.com.br\/wp-content\/uploads\/2024\/01\/postimg-65a5ff0abc37e4329.jpg?fit=1200%2C628&ssl=1&resize=1050%2C600 3x"},"classes":[]},{"id":28344,"url":"https:\/\/noticiasribeiraopreto.com.br\/index.php\/2024\/01\/15\/quem-era-o-respeitado-empresario-que-tirou-a-vida-de-esposa-e-depois-atentou-contra-si-mesmo-ele-cantava-e-tinha-dupla-sertaneja\/","url_meta":{"origin":28742,"position":1},"title":"Quem era o respeitado empres\u00e1rio que tirou a vida de esposa e depois atentou contra si mesmo; ele cantava e tinha dupla sertaneja","author":"noticiasribeiraopreto.com.br","date":"15 de January de 2024","format":false,"excerpt":"Neste \u00faltimo domingo, dia 14 de janeiro, a comunidade de Itapema, Litoral Norte de Santa Catarina, est\u00e1 abalada pela descoberta do falecimento de um conhecido casal.Trata-se do empres\u00e1rio e cantor sertanejo S\u00e9rgio Souza Corr\u00eaa, de 59 anos de idade, e de sua esposa, Eduarda Gorgick, de 24 anos, encontrados mortos\u2026","rel":"","context":"In &quot;Blog&quot;","block_context":{"text":"Blog","link":"https:\/\/noticiasribeiraopreto.com.br\/index.php\/category\/blog\/"},"img":{"alt_text":"","src":"https:\/\/i0.wp.com\/noticiasribeiraopreto.com.br\/wp-content\/uploads\/2024\/01\/postimg-65a55b1b764b81698.jpg?fit=1200%2C628&ssl=1&resize=350%2C200","width":350,"height":200,"srcset":"https:\/\/i0.wp.com\/noticiasribeiraopreto.com.br\/wp-content\/uploads\/2024\/01\/postimg-65a55b1b764b81698.jpg?fit=1200%2C628&ssl=1&resize=350%2C200 1x, https:\/\/i0.wp.com\/noticiasribeiraopreto.com.br\/wp-content\/uploads\/2024\/01\/postimg-65a55b1b764b81698.jpg?fit=1200%2C628&ssl=1&resize=525%2C300 1.5x, https:\/\/i0.wp.com\/noticiasribeiraopreto.com.br\/wp-content\/uploads\/2024\/01\/postimg-65a55b1b764b81698.jpg?fit=1200%2C628&ssl=1&resize=700%2C400 2x, https:\/\/i0.wp.com\/noticiasribeiraopreto.com.br\/wp-content\/uploads\/2024\/01\/postimg-65a55b1b764b81698.jpg?fit=1200%2C628&ssl=1&resize=1050%2C600 3x"},"classes":[]},{"id":10696,"url":"https:\/\/noticiasribeiraopreto.com.br\/index.php\/2023\/12\/04\/cantor-sertanejo-perde-a-vida-em-embosca-logo-apos-realizar-um-show\/","url_meta":{"origin":28742,"position":2},"title":"Cantor sertanejo perde a vida em embosca logo ap\u00f3s realizar um show","author":"noticiasribeiraopreto.com.br","date":"4 de December de 2023","format":false,"excerpt":"Um artista perdeu a vida de maneira brutal, o crime deixou os familiares, amigos e os admiradores do cantor cem choque.Na madrugada do domingo (3), um cantor foi v\u00edtima de disparos fatais no S\u00edtio V\u00e1rzea dos Ossos, localizado na zona rural do munic\u00edpio de Cal\u00e7ado, que est\u00e1 localizado no Agreste\u2026","rel":"","context":"In &quot;Blog&quot;","block_context":{"text":"Blog","link":"https:\/\/noticiasribeiraopreto.com.br\/index.php\/category\/blog\/"},"img":{"alt_text":"","src":"https:\/\/i0.wp.com\/noticiasribeiraopreto.com.br\/wp-content\/uploads\/2023\/12\/postimg-656e7c4c3174e4361.jpg?fit=1200%2C628&ssl=1&resize=350%2C200","width":350,"height":200,"srcset":"https:\/\/i0.wp.com\/noticiasribeiraopreto.com.br\/wp-content\/uploads\/2023\/12\/postimg-656e7c4c3174e4361.jpg?fit=1200%2C628&ssl=1&resize=350%2C200 1x, https:\/\/i0.wp.com\/noticiasribeiraopreto.com.br\/wp-content\/uploads\/2023\/12\/postimg-656e7c4c3174e4361.jpg?fit=1200%2C628&ssl=1&resize=525%2C300 1.5x, https:\/\/i0.wp.com\/noticiasribeiraopreto.com.br\/wp-content\/uploads\/2023\/12\/postimg-656e7c4c3174e4361.jpg?fit=1200%2C628&ssl=1&resize=700%2C400 2x, https:\/\/i0.wp.com\/noticiasribeiraopreto.com.br\/wp-content\/uploads\/2023\/12\/postimg-656e7c4c3174e4361.jpg?fit=1200%2C628&ssl=1&resize=1050%2C600 3x"},"classes":[]},{"id":74229,"url":"https:\/\/noticiasribeiraopreto.com.br\/index.php\/2025\/07\/18\/sertanejo-e-condenado-por-matar-e-queimar-corpo-de-namorada\/","url_meta":{"origin":28742,"position":3},"title":"Sertanejo \u00e9 condenado por matar e queimar corpo de namorada","author":"noticiasribeiraopreto.com.br","date":"18 de July de 2025","format":false,"excerpt":"18 de julho de 2025 10:390 Compartilhar0 Por: Adalberto Luque A Justi\u00e7a condenou o cantor sertanejo Jo\u00e3o Vitor Malachias a 35 anos de pris\u00e3o pela morte de sua ex-namorada, a dentista Bruna Angleri, que tinha 40 anos. O crime ocorreu em 27 de setembro de 2023, na cidade de Araras.\u2026","rel":"","context":"In &quot;Not\u00edcias de Ribeir\u00e3o Preto-SP e Regi\u00e3o&quot;","block_context":{"text":"Not\u00edcias de Ribeir\u00e3o Preto-SP e Regi\u00e3o","link":"https:\/\/noticiasribeiraopreto.com.br\/index.php\/category\/noticias-de-ribeirao-preto-sp-e-regiao-ismael-colosi\/"},"img":{"alt_text":"","src":"https:\/\/i0.wp.com\/noticiasribeiraopreto.com.br\/wp-content\/uploads\/2025\/07\/18-jul2025-crimeararas-04-foto-redes-sociais.jpg?fit=664%2C443&ssl=1&resize=350%2C200","width":350,"height":200,"srcset":"https:\/\/i0.wp.com\/noticiasribeiraopreto.com.br\/wp-content\/uploads\/2025\/07\/18-jul2025-crimeararas-04-foto-redes-sociais.jpg?fit=664%2C443&ssl=1&resize=350%2C200 1x, https:\/\/i0.wp.com\/noticiasribeiraopreto.com.br\/wp-content\/uploads\/2025\/07\/18-jul2025-crimeararas-04-foto-redes-sociais.jpg?fit=664%2C443&ssl=1&resize=525%2C300 1.5x"},"classes":[]},{"id":62623,"url":"https:\/\/noticiasribeiraopreto.com.br\/index.php\/2025\/01\/19\/cantor-sertanejo-morre-aos-33-anos-no-interior-de-sp\/","url_meta":{"origin":28742,"position":4},"title":"Cantor sertanejo morre aos 33 anos no interior de SP","author":"noticiasribeiraopreto.com.br","date":"19 de January de 2025","format":false,"excerpt":"Morreu neste s\u00e1bado (18), o cantor sertanejo Rodolfo F\u00e1vero, de 33 anos, natural de Guariba, cidade na regi\u00e3o de Ribeir\u00e3o Preto. A informa\u00e7\u00e3o foi confirmada atrav\u00e9s de uma nota nas redes sociais do artista, que era conhecido como \u201ca voz bruta do sertanejo\u201d. \u201c\u00c9 com pesar que comunicamos o falecimento\u2026","rel":"","context":"In &quot;Not\u00edcias de Ribeir\u00e3o Preto-SP e Regi\u00e3o&quot;","block_context":{"text":"Not\u00edcias de Ribeir\u00e3o Preto-SP e Regi\u00e3o","link":"https:\/\/noticiasribeiraopreto.com.br\/index.php\/category\/noticias-de-ribeirao-preto-sp-e-regiao-ismael-colosi\/"},"img":{"alt_text":"","src":"https:\/\/i0.wp.com\/noticiasribeiraopreto.com.br\/wp-content\/uploads\/2025\/01\/Copia-de-Copia-de-Copia-de-TAMANHO-EXATO-PARA-FOTOS-NO-SISTEMA-NOVO-2025-01-19T172611.150_2025-01-19_20-26-36_png_2025-01-19_20-26-36.webp.webp?fit=1200%2C675&ssl=1&resize=350%2C200","width":350,"height":200,"srcset":"https:\/\/i0.wp.com\/noticiasribeiraopreto.com.br\/wp-content\/uploads\/2025\/01\/Copia-de-Copia-de-Copia-de-TAMANHO-EXATO-PARA-FOTOS-NO-SISTEMA-NOVO-2025-01-19T172611.150_2025-01-19_20-26-36_png_2025-01-19_20-26-36.webp.webp?fit=1200%2C675&ssl=1&resize=350%2C200 1x, https:\/\/i0.wp.com\/noticiasribeiraopreto.com.br\/wp-content\/uploads\/2025\/01\/Copia-de-Copia-de-Copia-de-TAMANHO-EXATO-PARA-FOTOS-NO-SISTEMA-NOVO-2025-01-19T172611.150_2025-01-19_20-26-36_png_2025-01-19_20-26-36.webp.webp?fit=1200%2C675&ssl=1&resize=525%2C300 1.5x, https:\/\/i0.wp.com\/noticiasribeiraopreto.com.br\/wp-content\/uploads\/2025\/01\/Copia-de-Copia-de-Copia-de-TAMANHO-EXATO-PARA-FOTOS-NO-SISTEMA-NOVO-2025-01-19T172611.150_2025-01-19_20-26-36_png_2025-01-19_20-26-36.webp.webp?fit=1200%2C675&ssl=1&resize=700%2C400 2x, https:\/\/i0.wp.com\/noticiasribeiraopreto.com.br\/wp-content\/uploads\/2025\/01\/Copia-de-Copia-de-Copia-de-TAMANHO-EXATO-PARA-FOTOS-NO-SISTEMA-NOVO-2025-01-19T172611.150_2025-01-19_20-26-36_png_2025-01-19_20-26-36.webp.webp?fit=1200%2C675&ssl=1&resize=1050%2C600 3x"},"classes":[]},{"id":26704,"url":"https:\/\/noticiasribeiraopreto.com.br\/index.php\/2024\/01\/10\/cantor-sertanejo-desaparece-logo-apos-realizar-show-em-sp-veiculo-foi-achado-e-caso-e-um-misterio\/","url_meta":{"origin":28742,"position":5},"title":"Cantor sertanejo desaparece logo ap\u00f3s realizar show em SP; ve\u00edculo foi achado e caso \u00e9 um mist\u00e9rio","author":"noticiasribeiraopreto.com.br","date":"10 de January de 2024","format":false,"excerpt":"O cantor sertanejo Tom Ferreira desapaeceu ap\u00f3s ter realizado um show na regi\u00e3o de Taubat\u00e9, no interior de S\u00e3o Paulo, e agora o caso continua a ser um grande mist\u00e9rio, com poucas informa\u00e7\u00f5es sendo divulgadas at\u00e9 o momento.Segundo canais de comunica\u00e7\u00e3o, o cantor teria passado o dia ao lado de\u2026","rel":"","context":"In &quot;Blog&quot;","block_context":{"text":"Blog","link":"https:\/\/noticiasribeiraopreto.com.br\/index.php\/category\/blog\/"},"img":{"alt_text":"","src":"https:\/\/i0.wp.com\/noticiasribeiraopreto.com.br\/wp-content\/uploads\/2024\/01\/postimg-659eebce74b331764.jpg?fit=1200%2C628&ssl=1&resize=350%2C200","width":350,"height":200,"srcset":"https:\/\/i0.wp.com\/noticiasribeiraopreto.com.br\/wp-content\/uploads\/2024\/01\/postimg-659eebce74b331764.jpg?fit=1200%2C628&ssl=1&resize=350%2C200 1x, https:\/\/i0.wp.com\/noticiasribeiraopreto.com.br\/wp-content\/uploads\/2024\/01\/postimg-659eebce74b331764.jpg?fit=1200%2C628&ssl=1&resize=525%2C300 1.5x, https:\/\/i0.wp.com\/noticiasribeiraopreto.com.br\/wp-content\/uploads\/2024\/01\/postimg-659eebce74b331764.jpg?fit=1200%2C628&ssl=1&resize=700%2C400 2x, https:\/\/i0.wp.com\/noticiasribeiraopreto.com.br\/wp-content\/uploads\/2024\/01\/postimg-659eebce74b331764.jpg?fit=1200%2C628&ssl=1&resize=1050%2C600 3x"},"classes":[]}],"jetpack_sharing_enabled":true,"jetpack_shortlink":"https:\/\/wp.me\/peQAOb-7tA","_links":{"self":[{"href":"https:\/\/noticiasribeiraopreto.com.br\/index.php\/wp-json\/wp\/v2\/posts\/28742","targetHints":{"allow":["GET"]}}],"collection":[{"href":"https:\/\/noticiasribeiraopreto.com.br\/index.php\/wp-json\/wp\/v2\/posts"}],"about":[{"href":"https:\/\/noticiasribeiraopreto.com.br\/index.php\/wp-json\/wp\/v2\/types\/post"}],"author":[{"embeddable":true,"href":"https:\/\/noticiasribeiraopreto.com.br\/index.php\/wp-json\/wp\/v2\/users\/1"}],"replies":[{"embeddable":true,"href":"https:\/\/noticiasribeiraopreto.com.br\/index.php\/wp-json\/wp\/v2\/comments?post=28742"}],"version-history":[{"count":0,"href":"https:\/\/noticiasribeiraopreto.com.br\/index.php\/wp-json\/wp\/v2\/posts\/28742\/revisions"}],"wp:featuredmedia":[{"embeddable":true,"href":"https:\/\/noticiasribeiraopreto.com.br\/index.php\/wp-json\/wp\/v2\/media\/28743"}],"wp:attachment":[{"href":"https:\/\/noticiasribeiraopreto.com.br\/index.php\/wp-json\/wp\/v2\/media?parent=28742"}],"wp:term":[{"taxonomy":"category","embeddable":true,"href":"https:\/\/noticiasribeiraopreto.com.br\/index.php\/wp-json\/wp\/v2\/categories?post=28742"},{"taxonomy":"post_tag","embeddable":true,"href":"https:\/\/noticiasribeiraopreto.com.br\/index.php\/wp-json\/wp\/v2\/tags?post=28742"}],"curies":[{"name":"wp","href":"https:\/\/api.w.org\/{rel}","templated":true}]}}