{"id":28769,"date":"2024-01-16T16:19:00","date_gmt":"2024-01-16T19:19:00","guid":{"rendered":"https:\/\/noticiasribeiraopreto.com.br\/index.php\/2024\/01\/16\/acusado-de-matar-idoso-de-82-anos-e-condenado\/"},"modified":"2024-01-16T16:19:00","modified_gmt":"2024-01-16T19:19:00","slug":"acusado-de-matar-idoso-de-82-anos-e-condenado","status":"publish","type":"post","link":"https:\/\/noticiasribeiraopreto.com.br\/index.php\/2024\/01\/16\/acusado-de-matar-idoso-de-82-anos-e-condenado\/","title":{"rendered":"Acusado de matar idoso de 82 anos \u00e9 condenado"},"content":{"rendered":"<div class='code-block code-block-1' style='margin: 8px 0 8px auto; text-align: right; display: block; clear: both;'>\n<p><a href=\"https:\/\/wa.link\/vpicfd\"><img data-recalc-dims=\"1\" class=\"wp-image-4922\" style=\"aspect-ratio: 2.0253164556962027; width: 561px; height: auto;\" src=\"https:\/\/i0.wp.com\/ismaelcolosi.com.br\/wp-content\/uploads\/2023\/11\/grupo-de-empregos-whatsapp-e-facebook-ismael-colosi-vagas.jpg?ssl=1\" alt=\"\" \/><\/a><\/p>\n<!-- \/wp:image -->\n<\/div>\n<p> <br \/>\n<\/p>\n<div id=\"\">\n<h2 class=\"penci-post-subtitle\">J\u00fari entendeu que houve homic\u00eddio privilegiado, isto \u00e9, quando o autor teria agido por fortes emo\u00e7\u00f5es ou provoca\u00e7\u00e3o da v\u00edtima<\/h2>\n<p> <span class=\"entry-meta-item penci-posted-on\"><i class=\"fa fa-clock-o\"\/><time class=\"entry-date published updated\" datetime=\"2024-01-16T16:15:20-03:00\">16 de janeiro de 2024 | 16:15<\/time><\/span><\/p>\n<p> <span class=\"penci-social-buttons penci-social-share-footer\"><a href=\"#\" class=\"penci-post-like penci_post-meta_item  single-like-button penci-social-item like\" data-post_id=\"370555\" title=\"Like\" data-like=\"Like\" data-unlike=\"Unlike\"><i class=\"fa fa-thumbs-o-up\"\/><span class=\"penci-share-number\">0<\/span><\/a><i class=\"fa fa-facebook\"\/><a class=\"penci-social-item twitter\" target=\"_blank\" rel=\"noopener\" title=\"\" href=\"https:\/\/twitter.com\/intent\/tweet?text=Acusado%20de%20matar%20idoso%20de%2082%20anos%20\u00e9%20condenado%20-%20https:\/\/www.tribunaribeirao.com.br\/site\/acusado-de-matar-idoso-de-82-anos-e-condenado\/\"><i class=\"fa fa-twitter\"\/><\/a><i class=\"fa fa-whatsapp\"\/><\/span><\/div>\n<div>\n<p>Por: Adalberto Luque<\/p>\n<p>Marcelo Lopes de Farias, de 68 anos, foi condenado, nesta segunda-feira (15), pelo homic\u00eddio de Hugo Rayol, de 82 anos. O crime ocorreu em 16 de fevereiro de 2022 na Rua Vicente Oranges, Lagoinha, zona Leste de Ribeir\u00e3o Preto.<\/p>\n<p>Por decis\u00e3o da maioria dos sete jurados, ele foi considerado culpado pelo crime. O juiz Jos\u00e9 Roberto Bernardi Liberal o condenou por homic\u00eddio privilegiado, proferindo senten\u00e7a de 8 anos e 10 meses de reclus\u00e3o, em regime prisional semiaberto mantido o decreto de pris\u00e3o preventiva, por infra\u00e7\u00e3o ao artigo 121, \u201ccaput\u201d, \u00a7\u00a7 1\u00ba e 4\u00ba, segunda parte, do C\u00f3digo Penal.<\/p>\n<p>Em an\u00e1lise jur\u00eddica, o homic\u00eddio privilegiado \u00e9 considerado quando a conduta do agente for motivada por compreens\u00edvel emo\u00e7\u00e3o violenta, compaix\u00e3o, desespero ou motivo de relevante valor social ou moral, ou ainda por provoca\u00e7\u00e3o da v\u00edtima, que diminua sensivelmente a sua culpa.<\/p>\n<p><span style=\"color: #008000\"><em><strong>O caso<\/strong><\/em><\/span><\/p>\n<p>Hugo Rayol foi encontrado ensanguentado, ca\u00eddo na entrada de seu im\u00f3vel. O socorro foi acionado, mas a morte foi confirmada no local. De acordo com a PM, o autor dos cinco disparos, Marcelo Faria, estava pr\u00f3ximo ao corpo quando confessou o crime e entregou a arma usada. Ele foi preso e conduzido para Central de Pol\u00edcia Judici\u00e1ria (CPJ), no Centro de Ribeir\u00e3o Preto.<\/p>\n<p>A PM preservou o local para os trabalhos periciais da Pol\u00edcia Cient\u00edfica. O homem teria confessado para a Pol\u00edcia Civil que os desentendimentos com o vizinho eram antigos e come\u00e7aram havia cerca de 20 anos. Imagens de uma c\u00e2mera de seguran\u00e7a mostram a v\u00edtima empunhando uma espada e caminhando em dire\u00e7\u00e3o \u00e0 casa do autor. Depois mostram ele voltando apressado, perseguido pelo r\u00e9u, que disparou v\u00e1rias vezes. A v\u00edtima morreu ao ser atingida na cabe\u00e7a por disparos de arma calibre 32.<\/p>\n<\/div>\n<p><script async src=\"\/\/platform.twitter.com\/widgets.js\" charset=\"utf-8\"><\/script><br \/>\n<br \/><br \/>\n<br \/><a href=\"https:\/\/www.tribunaribeirao.com.br\/site\/acusado-de-matar-idoso-de-82-anos-e-condenado\/\">Source link <\/a><\/p>\n<!-- CONTENT END 1 -->\n","protected":false},"excerpt":{"rendered":"<p>J\u00fari entendeu que houve homic\u00eddio privilegiado, isto \u00e9, quando o autor teria agido por fortes emo\u00e7\u00f5es ou provoca\u00e7\u00e3o da v\u00edtima 16 de janeiro de 2024&#8230;<\/p>\n","protected":false},"author":1,"featured_media":28770,"comment_status":"open","ping_status":"open","sticky":false,"template":"","format":"standard","meta":{"advanced_seo_description":"","jetpack_seo_html_title":"","jetpack_seo_noindex":false,"jetpack_post_was_ever_published":false,"_jetpack_newsletter_access":"","_jetpack_dont_email_post_to_subs":false,"_jetpack_newsletter_tier_id":0,"_jetpack_memberships_contains_paywalled_content":false,"_jetpack_memberships_contains_paid_content":false,"footnotes":"","jetpack_publicize_message":"","jetpack_publicize_feature_enabled":true,"jetpack_social_post_already_shared":true,"jetpack_social_options":{"image_generator_settings":{"template":"highway","default_image_id":0,"font":"","enabled":false},"version":2}},"categories":[11],"tags":[637,84,83,1639,112],"class_list":["post-28769","post","type-post","status-publish","format-standard","has-post-thumbnail","hentry","category-noticias-de-ribeirao-preto-sp-e-regiao-ismael-colosi","tag-acusado","tag-anos","tag-condenado","tag-idoso","tag-matar"],"jetpack_publicize_connections":[],"jetpack_featured_media_url":"https:\/\/i0.wp.com\/noticiasribeiraopreto.com.br\/wp-content\/uploads\/2024\/01\/00-16-jan-2024-juri-idoso-foto-x-tudo-arquivo-scaled.jpg?fit=861%2C645&ssl=1","jetpack-related-posts":[{"id":56335,"url":"https:\/\/noticiasribeiraopreto.com.br\/index.php\/2024\/08\/12\/idoso-acusado-de-matar-tres-homens-com-bebida-envenenada-e-condenado-na-regiao-de-ribeirao\/","url_meta":{"origin":28769,"position":0},"title":"Idoso acusado de matar tr\u00eas homens com bebida envenenada \u00e9 condenado na regi\u00e3o de Ribeir\u00e3o","author":"noticiasribeiraopreto.com.br","date":"12 de August de 2024","format":false,"excerpt":"Foi condenado a 40 anos de pris\u00e3o o aposentado Francisco Izabel de Oliveira, de 72 anos, acusado de matar tr\u00eas homens com cacha\u00e7a envenenada em Barretos, cidade na regi\u00e3o de Ribeir\u00e3o Preto. O julgamento aconteceu nesta segunda-feira (12), no F\u00f3rum de Barretos. O Tribunal do J\u00fari considerou o idoso culpado\u2026","rel":"","context":"In &quot;Not\u00edcias de Ribeir\u00e3o Preto-SP e Regi\u00e3o&quot;","block_context":{"text":"Not\u00edcias de Ribeir\u00e3o Preto-SP e Regi\u00e3o","link":"https:\/\/noticiasribeiraopreto.com.br\/index.php\/category\/noticias-de-ribeirao-preto-sp-e-regiao-ismael-colosi\/"},"img":{"alt_text":"","src":"https:\/\/i0.wp.com\/noticiasribeiraopreto.com.br\/wp-content\/uploads\/2024\/08\/barretos_1200x675_31012022232008_2024-08-12_23-46-48_jpg_2024-08-12_23-46-48.webp.webp?fit=1200%2C751&ssl=1&resize=350%2C200","width":350,"height":200,"srcset":"https:\/\/i0.wp.com\/noticiasribeiraopreto.com.br\/wp-content\/uploads\/2024\/08\/barretos_1200x675_31012022232008_2024-08-12_23-46-48_jpg_2024-08-12_23-46-48.webp.webp?fit=1200%2C751&ssl=1&resize=350%2C200 1x, https:\/\/i0.wp.com\/noticiasribeiraopreto.com.br\/wp-content\/uploads\/2024\/08\/barretos_1200x675_31012022232008_2024-08-12_23-46-48_jpg_2024-08-12_23-46-48.webp.webp?fit=1200%2C751&ssl=1&resize=525%2C300 1.5x, https:\/\/i0.wp.com\/noticiasribeiraopreto.com.br\/wp-content\/uploads\/2024\/08\/barretos_1200x675_31012022232008_2024-08-12_23-46-48_jpg_2024-08-12_23-46-48.webp.webp?fit=1200%2C751&ssl=1&resize=700%2C400 2x, https:\/\/i0.wp.com\/noticiasribeiraopreto.com.br\/wp-content\/uploads\/2024\/08\/barretos_1200x675_31012022232008_2024-08-12_23-46-48_jpg_2024-08-12_23-46-48.webp.webp?fit=1200%2C751&ssl=1&resize=1050%2C600 3x"},"classes":[]},{"id":28500,"url":"https:\/\/noticiasribeiraopreto.com.br\/index.php\/2024\/01\/16\/aposentado-e-condenado-a-8-anos-de-prisao-por-matar-vizinho-a-tiros-em-ribeirao-preto\/","url_meta":{"origin":28769,"position":1},"title":"Aposentado \u00e9 condenado a 8 anos de pris\u00e3o por matar vizinho a tiros em Ribeir\u00e3o Preto","author":"noticiasribeiraopreto.com.br","date":"16 de January de 2024","format":false,"excerpt":"O aposentado Marcelo Lopes de Faria, de 66 anos, acusado de matar a tiros o vizinho, Hugo Rayol, de 82 anos, em Ribeir\u00e3o Preto, no ano de 2022, foi condenado a 8 anos e 10 meses de reclus\u00e3o em regime semiaberto. O acusado foi levado a J\u00fari Popular nesta segunda-feira\u2026","rel":"","context":"In &quot;Not\u00edcias de Ribeir\u00e3o Preto-SP e Regi\u00e3o&quot;","block_context":{"text":"Not\u00edcias de Ribeir\u00e3o Preto-SP e Regi\u00e3o","link":"https:\/\/noticiasribeiraopreto.com.br\/index.php\/category\/noticias-de-ribeirao-preto-sp-e-regiao-ismael-colosi\/"},"img":{"alt_text":"","src":"https:\/\/i0.wp.com\/noticiasribeiraopreto.com.br\/wp-content\/uploads\/2024\/01\/Copia-de-Copia-de-TAMANHO-EXATO-PARA-FOTOS-NO-SISTEMA-NOVO-13.png?fit=1200%2C675&ssl=1&resize=350%2C200","width":350,"height":200,"srcset":"https:\/\/i0.wp.com\/noticiasribeiraopreto.com.br\/wp-content\/uploads\/2024\/01\/Copia-de-Copia-de-TAMANHO-EXATO-PARA-FOTOS-NO-SISTEMA-NOVO-13.png?fit=1200%2C675&ssl=1&resize=350%2C200 1x, https:\/\/i0.wp.com\/noticiasribeiraopreto.com.br\/wp-content\/uploads\/2024\/01\/Copia-de-Copia-de-TAMANHO-EXATO-PARA-FOTOS-NO-SISTEMA-NOVO-13.png?fit=1200%2C675&ssl=1&resize=525%2C300 1.5x, https:\/\/i0.wp.com\/noticiasribeiraopreto.com.br\/wp-content\/uploads\/2024\/01\/Copia-de-Copia-de-TAMANHO-EXATO-PARA-FOTOS-NO-SISTEMA-NOVO-13.png?fit=1200%2C675&ssl=1&resize=700%2C400 2x, https:\/\/i0.wp.com\/noticiasribeiraopreto.com.br\/wp-content\/uploads\/2024\/01\/Copia-de-Copia-de-TAMANHO-EXATO-PARA-FOTOS-NO-SISTEMA-NOVO-13.png?fit=1200%2C675&ssl=1&resize=1050%2C600 3x"},"classes":[]},{"id":43596,"url":"https:\/\/noticiasribeiraopreto.com.br\/index.php\/2024\/03\/22\/acusado-de-matar-esposa-em-rp-e-condenado-a-36-anos-de-prisao\/","url_meta":{"origin":28769,"position":2},"title":"Acusado de matar esposa em RP \u00e9 condenado a 36 anos de pris\u00e3o","author":"noticiasribeiraopreto.com.br","date":"22 de March de 2024","format":false,"excerpt":"Acusado de matar esposa em RP \u00e9 condenado a 36 anos de pris\u00e3o 22 de mar\u00e7o de 2024 | 11:04 1 Por: Adalberto Luque Ivan Nogueira, de 34 anos, acusado de matar a manicure Regiane Carneiro de Moura Silva por asfixia em 2022, foi condenado a 36 anos de pris\u00e3o\u2026","rel":"","context":"In &quot;Not\u00edcias de Ribeir\u00e3o Preto-SP e Regi\u00e3o&quot;","block_context":{"text":"Not\u00edcias de Ribeir\u00e3o Preto-SP e Regi\u00e3o","link":"https:\/\/noticiasribeiraopreto.com.br\/index.php\/category\/noticias-de-ribeirao-preto-sp-e-regiao-ismael-colosi\/"},"img":{"alt_text":"","src":"https:\/\/i0.wp.com\/noticiasribeiraopreto.com.br\/wp-content\/uploads\/2024\/03\/00-22-mar-2024-feminicida-condenado-01-foto-Redes-Sociais-scaled.jpg?fit=900%2C645&ssl=1&resize=350%2C200","width":350,"height":200,"srcset":"https:\/\/i0.wp.com\/noticiasribeiraopreto.com.br\/wp-content\/uploads\/2024\/03\/00-22-mar-2024-feminicida-condenado-01-foto-Redes-Sociais-scaled.jpg?fit=900%2C645&ssl=1&resize=350%2C200 1x, https:\/\/i0.wp.com\/noticiasribeiraopreto.com.br\/wp-content\/uploads\/2024\/03\/00-22-mar-2024-feminicida-condenado-01-foto-Redes-Sociais-scaled.jpg?fit=900%2C645&ssl=1&resize=525%2C300 1.5x, https:\/\/i0.wp.com\/noticiasribeiraopreto.com.br\/wp-content\/uploads\/2024\/03\/00-22-mar-2024-feminicida-condenado-01-foto-Redes-Sociais-scaled.jpg?fit=900%2C645&ssl=1&resize=700%2C400 2x"},"classes":[]},{"id":80725,"url":"https:\/\/noticiasribeiraopreto.com.br\/index.php\/2025\/12\/12\/homem-acusado-de-atropelar-e-matar-a-esposa-no-interior-de-sp-e-condenado-a-13-anos\/","url_meta":{"origin":28769,"position":3},"title":"Homem acusado de atropelar e matar a esposa no interior de SP \u00e9 condenado a 13 anos","author":"noticiasribeiraopreto.com.br","date":"12 de December de 2025","format":false,"excerpt":"James Cristian dos Reis, acusado de atropelar e matar a esposa, Amanda Maria de Farias Ara\u00fajo, de 27 anos, foi condenado a 13 anos de pris\u00e3o pelo J\u00fari Popular realizado nesta quinta-feira (11), no F\u00f3rum de Franca, cidade no interior de S\u00e3o Paulo. De acordo com as informa\u00e7\u00f5es, o homem\u2026","rel":"","context":"In &quot;Not\u00edcias de Ribeir\u00e3o Preto-SP e Regi\u00e3o&quot;","block_context":{"text":"Not\u00edcias de Ribeir\u00e3o Preto-SP e Regi\u00e3o","link":"https:\/\/noticiasribeiraopreto.com.br\/index.php\/category\/noticias-de-ribeirao-preto-sp-e-regiao-ismael-colosi\/"},"img":{"alt_text":"","src":"https:\/\/i0.wp.com\/noticiasribeiraopreto.com.br\/wp-content\/uploads\/2025\/12\/Copia-de-Copia-de-Copia-de-TAMANHO-EXATO-PARA-FOTOS-NO-SISTEMA-NOVO-2025-12-11T181430.287_2025-12-11_21-14-42.webp.webp?fit=1200%2C675&ssl=1&resize=350%2C200","width":350,"height":200,"srcset":"https:\/\/i0.wp.com\/noticiasribeiraopreto.com.br\/wp-content\/uploads\/2025\/12\/Copia-de-Copia-de-Copia-de-TAMANHO-EXATO-PARA-FOTOS-NO-SISTEMA-NOVO-2025-12-11T181430.287_2025-12-11_21-14-42.webp.webp?fit=1200%2C675&ssl=1&resize=350%2C200 1x, https:\/\/i0.wp.com\/noticiasribeiraopreto.com.br\/wp-content\/uploads\/2025\/12\/Copia-de-Copia-de-Copia-de-TAMANHO-EXATO-PARA-FOTOS-NO-SISTEMA-NOVO-2025-12-11T181430.287_2025-12-11_21-14-42.webp.webp?fit=1200%2C675&ssl=1&resize=525%2C300 1.5x, https:\/\/i0.wp.com\/noticiasribeiraopreto.com.br\/wp-content\/uploads\/2025\/12\/Copia-de-Copia-de-Copia-de-TAMANHO-EXATO-PARA-FOTOS-NO-SISTEMA-NOVO-2025-12-11T181430.287_2025-12-11_21-14-42.webp.webp?fit=1200%2C675&ssl=1&resize=700%2C400 2x, https:\/\/i0.wp.com\/noticiasribeiraopreto.com.br\/wp-content\/uploads\/2025\/12\/Copia-de-Copia-de-Copia-de-TAMANHO-EXATO-PARA-FOTOS-NO-SISTEMA-NOVO-2025-12-11T181430.287_2025-12-11_21-14-42.webp.webp?fit=1200%2C675&ssl=1&resize=1050%2C600 3x"},"classes":[]},{"id":62686,"url":"https:\/\/noticiasribeiraopreto.com.br\/index.php\/2025\/01\/21\/acusado-de-matar-ex-mulher-e-condenado-a-14-anos-e-6-meses-de-prisao-em-ribeirao-preto\/","url_meta":{"origin":28769,"position":4},"title":"Acusado de matar ex-mulher \u00e9 condenado a 14 anos e 6 meses de pris\u00e3o em Ribeir\u00e3o Preto","author":"noticiasribeiraopreto.com.br","date":"21 de January de 2025","format":false,"excerpt":"O homem acusado de matar a ex-mulher, no Jardim Jo\u00e3o Rossi, em Ribeir\u00e3o Preto, foi condenado a 14 anos e 6 meses de pris\u00e3o em regime fechado. Em julgamento que aconteceu nesta ter\u00e7a-feira (21), a justi\u00e7a reconheceu J\u00falio C\u00e9sar Domingos culpado pelos crimes de les\u00e3o corporal seguida de morte e\u2026","rel":"","context":"In &quot;Not\u00edcias de Ribeir\u00e3o Preto-SP e Regi\u00e3o&quot;","block_context":{"text":"Not\u00edcias de Ribeir\u00e3o Preto-SP e Regi\u00e3o","link":"https:\/\/noticiasribeiraopreto.com.br\/index.php\/category\/noticias-de-ribeirao-preto-sp-e-regiao-ismael-colosi\/"},"img":{"alt_text":"","src":"https:\/\/i0.wp.com\/noticiasribeiraopreto.com.br\/wp-content\/uploads\/2025\/01\/Copia-de-Copia-de-Copia-de-TAMANHO-EXATO-PARA-FOTOS-NO-SISTEMA-NOVO-2025-01-21T205614.549_2025-01-21_23-56-41_png_2025-01-21_23-56-41.webp.webp?fit=1200%2C675&ssl=1&resize=350%2C200","width":350,"height":200,"srcset":"https:\/\/i0.wp.com\/noticiasribeiraopreto.com.br\/wp-content\/uploads\/2025\/01\/Copia-de-Copia-de-Copia-de-TAMANHO-EXATO-PARA-FOTOS-NO-SISTEMA-NOVO-2025-01-21T205614.549_2025-01-21_23-56-41_png_2025-01-21_23-56-41.webp.webp?fit=1200%2C675&ssl=1&resize=350%2C200 1x, https:\/\/i0.wp.com\/noticiasribeiraopreto.com.br\/wp-content\/uploads\/2025\/01\/Copia-de-Copia-de-Copia-de-TAMANHO-EXATO-PARA-FOTOS-NO-SISTEMA-NOVO-2025-01-21T205614.549_2025-01-21_23-56-41_png_2025-01-21_23-56-41.webp.webp?fit=1200%2C675&ssl=1&resize=525%2C300 1.5x, https:\/\/i0.wp.com\/noticiasribeiraopreto.com.br\/wp-content\/uploads\/2025\/01\/Copia-de-Copia-de-Copia-de-TAMANHO-EXATO-PARA-FOTOS-NO-SISTEMA-NOVO-2025-01-21T205614.549_2025-01-21_23-56-41_png_2025-01-21_23-56-41.webp.webp?fit=1200%2C675&ssl=1&resize=700%2C400 2x, https:\/\/i0.wp.com\/noticiasribeiraopreto.com.br\/wp-content\/uploads\/2025\/01\/Copia-de-Copia-de-Copia-de-TAMANHO-EXATO-PARA-FOTOS-NO-SISTEMA-NOVO-2025-01-21T205614.549_2025-01-21_23-56-41_png_2025-01-21_23-56-41.webp.webp?fit=1200%2C675&ssl=1&resize=1050%2C600 3x"},"classes":[]},{"id":5571,"url":"https:\/\/noticiasribeiraopreto.com.br\/index.php\/2023\/11\/23\/acusado-de-matar-enteada-de-tres-meses-e-condenado-na-regiao-de-ribeirao-preto\/","url_meta":{"origin":28769,"position":5},"title":"Acusado de matar enteada de tr\u00eas meses \u00e9 condenado na regi\u00e3o de Ribeir\u00e3o Preto","author":"noticiasribeiraopreto.com.br","date":"23 de November de 2023","format":false,"excerpt":"O ajudante de pintor Jeferson Brendo Ramalho Cardoso, acusado de matar a enteada Sophia Vitoria Oliviero Ramalho, de tr\u00eas meses, foi condenado a pouco mais de 42 anos de pris\u00e3o. A sess\u00e3o do J\u00fari Popular aconteceu nesta quinta-feira (23) e teve in\u00edcio por volta das 9h. Ap\u00f3s a decis\u00e3o, David\u2026","rel":"","context":"In &quot;Not\u00edcias de Ribeir\u00e3o Preto-SP e Regi\u00e3o&quot;","block_context":{"text":"Not\u00edcias de Ribeir\u00e3o Preto-SP e Regi\u00e3o","link":"https:\/\/noticiasribeiraopreto.com.br\/index.php\/category\/noticias-de-ribeirao-preto-sp-e-regiao-ismael-colosi\/"},"img":{"alt_text":"","src":"https:\/\/i0.wp.com\/noticiasribeiraopreto.com.br\/wp-content\/uploads\/2023\/11\/WhatsApp-Image-2023-11-23-at-13.34.33.jpeg?fit=1200%2C1200&ssl=1&resize=350%2C200","width":350,"height":200,"srcset":"https:\/\/i0.wp.com\/noticiasribeiraopreto.com.br\/wp-content\/uploads\/2023\/11\/WhatsApp-Image-2023-11-23-at-13.34.33.jpeg?fit=1200%2C1200&ssl=1&resize=350%2C200 1x, https:\/\/i0.wp.com\/noticiasribeiraopreto.com.br\/wp-content\/uploads\/2023\/11\/WhatsApp-Image-2023-11-23-at-13.34.33.jpeg?fit=1200%2C1200&ssl=1&resize=525%2C300 1.5x, https:\/\/i0.wp.com\/noticiasribeiraopreto.com.br\/wp-content\/uploads\/2023\/11\/WhatsApp-Image-2023-11-23-at-13.34.33.jpeg?fit=1200%2C1200&ssl=1&resize=700%2C400 2x, https:\/\/i0.wp.com\/noticiasribeiraopreto.com.br\/wp-content\/uploads\/2023\/11\/WhatsApp-Image-2023-11-23-at-13.34.33.jpeg?fit=1200%2C1200&ssl=1&resize=1050%2C600 3x"},"classes":[]}],"jetpack_sharing_enabled":true,"jetpack_shortlink":"https:\/\/wp.me\/peQAOb-7u1","_links":{"self":[{"href":"https:\/\/noticiasribeiraopreto.com.br\/index.php\/wp-json\/wp\/v2\/posts\/28769","targetHints":{"allow":["GET"]}}],"collection":[{"href":"https:\/\/noticiasribeiraopreto.com.br\/index.php\/wp-json\/wp\/v2\/posts"}],"about":[{"href":"https:\/\/noticiasribeiraopreto.com.br\/index.php\/wp-json\/wp\/v2\/types\/post"}],"author":[{"embeddable":true,"href":"https:\/\/noticiasribeiraopreto.com.br\/index.php\/wp-json\/wp\/v2\/users\/1"}],"replies":[{"embeddable":true,"href":"https:\/\/noticiasribeiraopreto.com.br\/index.php\/wp-json\/wp\/v2\/comments?post=28769"}],"version-history":[{"count":0,"href":"https:\/\/noticiasribeiraopreto.com.br\/index.php\/wp-json\/wp\/v2\/posts\/28769\/revisions"}],"wp:featuredmedia":[{"embeddable":true,"href":"https:\/\/noticiasribeiraopreto.com.br\/index.php\/wp-json\/wp\/v2\/media\/28770"}],"wp:attachment":[{"href":"https:\/\/noticiasribeiraopreto.com.br\/index.php\/wp-json\/wp\/v2\/media?parent=28769"}],"wp:term":[{"taxonomy":"category","embeddable":true,"href":"https:\/\/noticiasribeiraopreto.com.br\/index.php\/wp-json\/wp\/v2\/categories?post=28769"},{"taxonomy":"post_tag","embeddable":true,"href":"https:\/\/noticiasribeiraopreto.com.br\/index.php\/wp-json\/wp\/v2\/tags?post=28769"}],"curies":[{"name":"wp","href":"https:\/\/api.w.org\/{rel}","templated":true}]}}