{"id":28880,"date":"2024-01-16T22:21:40","date_gmt":"2024-01-17T01:21:40","guid":{"rendered":"https:\/\/noticiasribeiraopreto.com.br\/index.php\/2024\/01\/16\/empresario-paulo-junqueira-pode-ser-candidato-a-vice-prefeito\/"},"modified":"2024-01-16T22:21:40","modified_gmt":"2024-01-17T01:21:40","slug":"empresario-paulo-junqueira-pode-ser-candidato-a-vice-prefeito","status":"publish","type":"post","link":"https:\/\/noticiasribeiraopreto.com.br\/index.php\/2024\/01\/16\/empresario-paulo-junqueira-pode-ser-candidato-a-vice-prefeito\/","title":{"rendered":"Empres\u00e1rio Paulo Junqueira pode ser candidato a vice-prefeito"},"content":{"rendered":"<div class='code-block code-block-1' style='margin: 8px 0 8px auto; text-align: right; display: block; clear: both;'>\n<p><a href=\"https:\/\/wa.link\/vpicfd\"><img data-recalc-dims=\"1\" class=\"wp-image-4922\" style=\"aspect-ratio: 2.0253164556962027; width: 561px; height: auto;\" src=\"https:\/\/i0.wp.com\/ismaelcolosi.com.br\/wp-content\/uploads\/2023\/11\/grupo-de-empregos-whatsapp-e-facebook-ismael-colosi-vagas.jpg?ssl=1\" alt=\"\" \/><\/a><\/p>\n<!-- \/wp:image -->\n<\/div>\n<p> <br \/>\n<\/p>\n<div id=\"\">\n<p> <span class=\"entry-meta-item penci-posted-on\"><i class=\"fa fa-clock-o\"\/><time class=\"entry-date published updated\" datetime=\"2024-01-16T16:01:40-03:00\">16 de janeiro de 2024 | 16:01<\/time><\/span><\/p>\n<p> <span class=\"penci-social-buttons penci-social-share-footer\"><a href=\"#\" class=\"penci-post-like penci_post-meta_item  single-like-button penci-social-item like\" data-post_id=\"370549\" title=\"Like\" data-like=\"Like\" data-unlike=\"Unlike\"><i class=\"fa fa-thumbs-o-up\"\/><span class=\"penci-share-number\">0<\/span><\/a><i class=\"fa fa-facebook\"\/><a class=\"penci-social-item twitter\" target=\"_blank\" rel=\"noopener\" title=\"\" href=\"https:\/\/twitter.com\/intent\/tweet?text=Empres\u00e1rio%20Paulo%20Junqueira%20pode%20ser%20candidato%20a%20vice-prefeito%20-%20https:\/\/www.tribunaribeirao.com.br\/site\/empresario-paulo-junqueira-pode-ser-candidato-a-vice-prefeito\/\"><i class=\"fa fa-twitter\"\/><\/a><i class=\"fa fa-whatsapp\"\/><\/span><\/div>\n<div>\n<p>O empres\u00e1rio do setor rural e advogado Paulo Junqueira, confirmou nesta ter\u00e7a-feira, 16 de janeiro, ao Tribuna Ribeir\u00e3o, que poder\u00e1 ser candidato a vice-prefeito de Ribeir\u00e3o Preto, pelo PL, na chapa que tem como pr\u00e9-candidato, o vereador e presidente da C\u00e2mara de Vereadores de Ribeir\u00e3o Preto, Isaac Antunes. O nome do empres\u00e1rio foi anunciado por Isaac em entrevista a uma emissora de tv da cidade.<\/p>\n<p>Presidente do Sindicato Rural e da Associa\u00e7\u00e3o Rural de Ribeir\u00e3o Preto, o empres\u00e1rio tamb\u00e9m comanda a Associa\u00e7\u00e3o Rural Vale do Rio Pardo. (Assovale), e \u00e9 um grande produtor de soja e cana de a\u00e7\u00facar. \u201cSer lembrado para a disputa pelo Isaac e por um partido como o PL, do ex-presidente da Rep\u00fablica, Jair Bolsonaro \u00e9 uma honra muito grande. O processo eleitoral ainda est\u00e1 o come\u00e7o, mas existe a possibilidade da candidatura\u201d, afirmou. Junqueira \u00e9 amigo e aliado pol\u00edtico do ex-presidente da Rep\u00fablica.<\/p>\n<p>A pr\u00e9-candidatura do vereador Isaac Antunes a prefeito foi lan\u00e7ada pelo presidente estadual do Partido Liberal (PL) e da Assembleia Legislativa do estado de S\u00e3o Paulo (Alesp), Andr\u00e9 do Prado (PL), em 9 de dezembro do ano passado. Na ocasi\u00e3o, o vereador afirmou que estava honrado pela indica\u00e7\u00e3o e que trabalhar\u00e1 muito por Ribeir\u00e3o. Estou preparado para qualquer desafio\u201d, afirmou Isaac Antunes.<\/p>\n<p><strong>Outros partidos<\/strong> \u2013 No Partido dos Trabalhadores existem cinco postulantes para disputar as pr\u00e9vias da legenda. S\u00e3o eles o ex-promotor Ant\u00f4nio Machado, o m\u00e9dico Ulysses Strogoff, o advogado Ricardo Sobral, o professor F\u00e1bio Sardinha, al\u00e9m do presidente do diret\u00f3rio municipal da legenda, o advogado Jorge Roque. As pr\u00e9vias do partido dever\u00e3o ser antecedidas por dois debates: um no dia 3 de fevereiro e outro no dia 21 do mesmo m\u00eas.<br \/>J\u00e1 o pr\u00e9-candidato do MDB \u00e9 o vereador Igor Oliveira (MDB) lan\u00e7ado pelo seu partido em outubro do ano passado. O an\u00fancio foi feito pelo presidente Nacional do MDB, o deputado federal Baleia Rossi.<\/p>\n<\/div>\n<p><script async src=\"\/\/platform.twitter.com\/widgets.js\" charset=\"utf-8\"><\/script><br \/>\n<br \/><br \/>\n<br \/><a href=\"https:\/\/www.tribunaribeirao.com.br\/site\/empresario-paulo-junqueira-pode-ser-candidato-a-vice-prefeito\/\">Source link <\/a><\/p>\n<!-- CONTENT END 1 -->\n","protected":false},"excerpt":{"rendered":"<p>16 de janeiro de 2024 | 16:01 0 O empres\u00e1rio do setor rural e advogado Paulo Junqueira, confirmou nesta ter\u00e7a-feira, 16 de janeiro, ao Tribuna&#8230;<\/p>\n","protected":false},"author":1,"featured_media":28881,"comment_status":"open","ping_status":"open","sticky":false,"template":"","format":"standard","meta":{"advanced_seo_description":"","jetpack_seo_html_title":"","jetpack_seo_noindex":false,"jetpack_post_was_ever_published":false,"_jetpack_newsletter_access":"","_jetpack_dont_email_post_to_subs":false,"_jetpack_newsletter_tier_id":0,"_jetpack_memberships_contains_paywalled_content":false,"_jetpack_memberships_contains_paid_content":false,"footnotes":"","jetpack_publicize_message":"","jetpack_publicize_feature_enabled":true,"jetpack_social_post_already_shared":true,"jetpack_social_options":{"image_generator_settings":{"template":"highway","default_image_id":0,"font":"","enabled":false},"version":2}},"categories":[11],"tags":[1668,23,2145,161,217,845,3610],"class_list":["post-28880","post","type-post","status-publish","format-standard","has-post-thumbnail","hentry","category-noticias-de-ribeirao-preto-sp-e-regiao-ismael-colosi","tag-candidato","tag-empresario","tag-junqueira","tag-paulo","tag-pode","tag-ser","tag-viceprefeito"],"jetpack_publicize_connections":[],"jetpack_featured_media_url":"https:\/\/i0.wp.com\/noticiasribeiraopreto.com.br\/wp-content\/uploads\/2024\/01\/f7378f50-b0c2-480c-87df-fd11723b1873.jpg?fit=620%2C351&ssl=1","jetpack-related-posts":[{"id":79978,"url":"https:\/\/noticiasribeiraopreto.com.br\/index.php\/2025\/11\/12\/podcast-tribuna-ribeirao-fernando-junqueira-conta-sobre-trajetoria-empreendedora\/","url_meta":{"origin":28880,"position":0},"title":"Podcast Tribuna Ribeir\u00e3o: Fernando Junqueira conta sobre trajet\u00f3ria empreendedora","author":"noticiasribeiraopreto.com.br","date":"12 de November de 2025","format":false,"excerpt":"11 de novembro de 2025 18:0012 de novembro de 2025 08:27190 Compartilhar0No Podcast Tribuna Ribeir\u00e3o desta semana, o empres\u00e1rio e presidente da AEAARP \u2013 Fernando Junqueira \u2013 contou que sua jornada empreendedora se iniciou em 1986 quando ele e seus atuais s\u00f3cios passaram a assumir a obra de empreendimentos comerciais\u2026","rel":"","context":"In &quot;Not\u00edcias de Ribeir\u00e3o Preto-SP e Regi\u00e3o&quot;","block_context":{"text":"Not\u00edcias de Ribeir\u00e3o Preto-SP e Regi\u00e3o","link":"https:\/\/noticiasribeiraopreto.com.br\/index.php\/category\/noticias-de-ribeirao-preto-sp-e-regiao-ismael-colosi\/"},"img":{"alt_text":"","src":"https:\/\/i0.wp.com\/noticiasribeiraopreto.com.br\/wp-content\/uploads\/2025\/11\/box-fernando-junqueira.jpeg?fit=1200%2C675&ssl=1&resize=350%2C200","width":350,"height":200,"srcset":"https:\/\/i0.wp.com\/noticiasribeiraopreto.com.br\/wp-content\/uploads\/2025\/11\/box-fernando-junqueira.jpeg?fit=1200%2C675&ssl=1&resize=350%2C200 1x, https:\/\/i0.wp.com\/noticiasribeiraopreto.com.br\/wp-content\/uploads\/2025\/11\/box-fernando-junqueira.jpeg?fit=1200%2C675&ssl=1&resize=525%2C300 1.5x, https:\/\/i0.wp.com\/noticiasribeiraopreto.com.br\/wp-content\/uploads\/2025\/11\/box-fernando-junqueira.jpeg?fit=1200%2C675&ssl=1&resize=700%2C400 2x, https:\/\/i0.wp.com\/noticiasribeiraopreto.com.br\/wp-content\/uploads\/2025\/11\/box-fernando-junqueira.jpeg?fit=1200%2C675&ssl=1&resize=1050%2C600 3x"},"classes":[]},{"id":29776,"url":"https:\/\/noticiasribeiraopreto.com.br\/index.php\/2024\/01\/19\/gobbi-diz-ser-o-sucessor-natural-de-nogueira\/","url_meta":{"origin":28880,"position":1},"title":"Gobbi diz ser o sucessor natural de Nogueira","author":"noticiasribeiraopreto.com.br","date":"19 de January de 2024","format":false,"excerpt":"O vice-prefeito e secret\u00e1rio municipal de Planejamento de Ribeir\u00e3o Preto, Daniel Gobbi (PP) afirmou que \u00e9 o sucessor natural do grupo do atual prefeito, Duarte Nogueira (PSDB) nas elei\u00e7\u00f5es municipais deste ano, marcadas para o dia 6 de outubro. Nas cidades onde for necess\u00e1rio o segundo turno, ele ser\u00e1 realizado\u2026","rel":"","context":"In &quot;Not\u00edcias de Ribeir\u00e3o Preto-SP e Regi\u00e3o&quot;","block_context":{"text":"Not\u00edcias de Ribeir\u00e3o Preto-SP e Regi\u00e3o","link":"https:\/\/noticiasribeiraopreto.com.br\/index.php\/category\/noticias-de-ribeirao-preto-sp-e-regiao-ismael-colosi\/"},"img":{"alt_text":"","src":"https:\/\/i0.wp.com\/noticiasribeiraopreto.com.br\/wp-content\/uploads\/2024\/01\/Gobbi-Palacio-768x512-1.jpg?fit=768%2C512&ssl=1&resize=350%2C200","width":350,"height":200,"srcset":"https:\/\/i0.wp.com\/noticiasribeiraopreto.com.br\/wp-content\/uploads\/2024\/01\/Gobbi-Palacio-768x512-1.jpg?fit=768%2C512&ssl=1&resize=350%2C200 1x, https:\/\/i0.wp.com\/noticiasribeiraopreto.com.br\/wp-content\/uploads\/2024\/01\/Gobbi-Palacio-768x512-1.jpg?fit=768%2C512&ssl=1&resize=525%2C300 1.5x, https:\/\/i0.wp.com\/noticiasribeiraopreto.com.br\/wp-content\/uploads\/2024\/01\/Gobbi-Palacio-768x512-1.jpg?fit=768%2C512&ssl=1&resize=700%2C400 2x"},"classes":[]},{"id":59305,"url":"https:\/\/noticiasribeiraopreto.com.br\/index.php\/2024\/10\/20\/confira-a-agenda-dos-candidatos-a-prefeitura-de-ribeirao-preto-nesta-segunda-21\/","url_meta":{"origin":28880,"position":2},"title":"Confira a agenda dos candidatos \u00e0 Prefeitura de Ribeir\u00e3o Preto nesta segunda (21)","author":"noticiasribeiraopreto.com.br","date":"20 de October de 2024","format":false,"excerpt":"Os candidatos \u00e0\u00a0Prefeitura de Ribeir\u00e3o Preto\u00a0divulgaram suas agendas de campanha\u00a0para esta segunda-feira (21). O per\u00edodo de propaganda eleitoral no segundo turno come\u00e7ou no dia 7 de outubro, portanto,\u00a0candidatos podem apresentar \u00e0s eleitoras e aos eleitores suas ideias e propostas. A publicidade das candidaturas pode ser feita na internet, na rua,\u2026","rel":"","context":"In &quot;Not\u00edcias de Ribeir\u00e3o Preto-SP e Regi\u00e3o&quot;","block_context":{"text":"Not\u00edcias de Ribeir\u00e3o Preto-SP e Regi\u00e3o","link":"https:\/\/noticiasribeiraopreto.com.br\/index.php\/category\/noticias-de-ribeirao-preto-sp-e-regiao-ismael-colosi\/"},"img":{"alt_text":"","src":"https:\/\/i0.wp.com\/noticiasribeiraopreto.com.br\/wp-content\/uploads\/2024\/10\/Copia-de-Copia-de-Copia-de-TAMANHO-EXATO-PARA-FOTOS-NO-SISTEMA-NOVO-95_2024-10-06_22-19-13_png_2024-10-06_22-19-13.webp.webp?fit=1200%2C675&ssl=1&resize=350%2C200","width":350,"height":200,"srcset":"https:\/\/i0.wp.com\/noticiasribeiraopreto.com.br\/wp-content\/uploads\/2024\/10\/Copia-de-Copia-de-Copia-de-TAMANHO-EXATO-PARA-FOTOS-NO-SISTEMA-NOVO-95_2024-10-06_22-19-13_png_2024-10-06_22-19-13.webp.webp?fit=1200%2C675&ssl=1&resize=350%2C200 1x, https:\/\/i0.wp.com\/noticiasribeiraopreto.com.br\/wp-content\/uploads\/2024\/10\/Copia-de-Copia-de-Copia-de-TAMANHO-EXATO-PARA-FOTOS-NO-SISTEMA-NOVO-95_2024-10-06_22-19-13_png_2024-10-06_22-19-13.webp.webp?fit=1200%2C675&ssl=1&resize=525%2C300 1.5x, https:\/\/i0.wp.com\/noticiasribeiraopreto.com.br\/wp-content\/uploads\/2024\/10\/Copia-de-Copia-de-Copia-de-TAMANHO-EXATO-PARA-FOTOS-NO-SISTEMA-NOVO-95_2024-10-06_22-19-13_png_2024-10-06_22-19-13.webp.webp?fit=1200%2C675&ssl=1&resize=700%2C400 2x, https:\/\/i0.wp.com\/noticiasribeiraopreto.com.br\/wp-content\/uploads\/2024\/10\/Copia-de-Copia-de-Copia-de-TAMANHO-EXATO-PARA-FOTOS-NO-SISTEMA-NOVO-95_2024-10-06_22-19-13_png_2024-10-06_22-19-13.webp.webp?fit=1200%2C675&ssl=1&resize=1050%2C600 3x"},"classes":[]},{"id":59309,"url":"https:\/\/noticiasribeiraopreto.com.br\/index.php\/2024\/10\/21\/confira-a-agenda-dos-candidatos-a-prefeitura-de-ribeirao-preto-nesta-segunda-21-2\/","url_meta":{"origin":28880,"position":3},"title":"Confira a agenda dos candidatos \u00e0 Prefeitura de Ribeir\u00e3o Preto nesta segunda (21)","author":"noticiasribeiraopreto.com.br","date":"21 de October de 2024","format":false,"excerpt":"Os candidatos \u00e0\u00a0Prefeitura de Ribeir\u00e3o Preto\u00a0divulgaram suas agendas de campanha\u00a0para esta segunda-feira (21). O per\u00edodo de propaganda eleitoral no segundo turno come\u00e7ou no dia 7 de outubro, portanto,\u00a0candidatos podem apresentar \u00e0s eleitoras e aos eleitores suas ideias e propostas. A publicidade das candidaturas pode ser feita na internet, na rua,\u2026","rel":"","context":"In &quot;Not\u00edcias de Ribeir\u00e3o Preto-SP e Regi\u00e3o&quot;","block_context":{"text":"Not\u00edcias de Ribeir\u00e3o Preto-SP e Regi\u00e3o","link":"https:\/\/noticiasribeiraopreto.com.br\/index.php\/category\/noticias-de-ribeirao-preto-sp-e-regiao-ismael-colosi\/"},"img":{"alt_text":"","src":"https:\/\/i0.wp.com\/noticiasribeiraopreto.com.br\/wp-content\/uploads\/2024\/10\/Copia-de-Copia-de-Copia-de-TAMANHO-EXATO-PARA-FOTOS-NO-SISTEMA-NOVO-95_2024-10-06_22-19-13_png_2024-10-06_22-19-13.webp.webp?fit=1200%2C675&ssl=1&resize=350%2C200","width":350,"height":200,"srcset":"https:\/\/i0.wp.com\/noticiasribeiraopreto.com.br\/wp-content\/uploads\/2024\/10\/Copia-de-Copia-de-Copia-de-TAMANHO-EXATO-PARA-FOTOS-NO-SISTEMA-NOVO-95_2024-10-06_22-19-13_png_2024-10-06_22-19-13.webp.webp?fit=1200%2C675&ssl=1&resize=350%2C200 1x, https:\/\/i0.wp.com\/noticiasribeiraopreto.com.br\/wp-content\/uploads\/2024\/10\/Copia-de-Copia-de-Copia-de-TAMANHO-EXATO-PARA-FOTOS-NO-SISTEMA-NOVO-95_2024-10-06_22-19-13_png_2024-10-06_22-19-13.webp.webp?fit=1200%2C675&ssl=1&resize=525%2C300 1.5x, https:\/\/i0.wp.com\/noticiasribeiraopreto.com.br\/wp-content\/uploads\/2024\/10\/Copia-de-Copia-de-Copia-de-TAMANHO-EXATO-PARA-FOTOS-NO-SISTEMA-NOVO-95_2024-10-06_22-19-13_png_2024-10-06_22-19-13.webp.webp?fit=1200%2C675&ssl=1&resize=700%2C400 2x, https:\/\/i0.wp.com\/noticiasribeiraopreto.com.br\/wp-content\/uploads\/2024\/10\/Copia-de-Copia-de-Copia-de-TAMANHO-EXATO-PARA-FOTOS-NO-SISTEMA-NOVO-95_2024-10-06_22-19-13_png_2024-10-06_22-19-13.webp.webp?fit=1200%2C675&ssl=1&resize=1050%2C600 3x"},"classes":[]},{"id":59150,"url":"https:\/\/noticiasribeiraopreto.com.br\/index.php\/2024\/10\/15\/confira-a-agenda-dos-candidatos-a-prefeitura-de-ribeirao-preto-nesta-quarta-feira-16\/","url_meta":{"origin":28880,"position":4},"title":"Confira a agenda dos candidatos \u00e0 Prefeitura de Ribeir\u00e3o Preto nesta quarta-feira (16)","author":"noticiasribeiraopreto.com.br","date":"15 de October de 2024","format":false,"excerpt":"Os candidatos \u00e0\u00a0Prefeitura de Ribeir\u00e3o Preto\u00a0divulgaram suas agendas de campanha para esta quarta-feira (16). O per\u00edodo de propaganda eleitoral, para o segundo turno, come\u00e7ou no dia 7 de outubro, portanto,\u00a0candidatos podem apresentar \u00e0s eleitoras e aos eleitores suas ideias e propostas. A publicidade das candidaturas pode ser feita na internet,\u2026","rel":"","context":"In &quot;Not\u00edcias de Ribeir\u00e3o Preto-SP e Regi\u00e3o&quot;","block_context":{"text":"Not\u00edcias de Ribeir\u00e3o Preto-SP e Regi\u00e3o","link":"https:\/\/noticiasribeiraopreto.com.br\/index.php\/category\/noticias-de-ribeirao-preto-sp-e-regiao-ismael-colosi\/"},"img":{"alt_text":"","src":"https:\/\/i0.wp.com\/noticiasribeiraopreto.com.br\/wp-content\/uploads\/2024\/10\/Copia-de-Copia-de-Copia-de-TAMANHO-EXATO-PARA-FOTOS-NO-SISTEMA-NOVO-95_2024-10-06_22-19-13_png_2024-10-06_22-19-13.webp.webp?fit=1200%2C675&ssl=1&resize=350%2C200","width":350,"height":200,"srcset":"https:\/\/i0.wp.com\/noticiasribeiraopreto.com.br\/wp-content\/uploads\/2024\/10\/Copia-de-Copia-de-Copia-de-TAMANHO-EXATO-PARA-FOTOS-NO-SISTEMA-NOVO-95_2024-10-06_22-19-13_png_2024-10-06_22-19-13.webp.webp?fit=1200%2C675&ssl=1&resize=350%2C200 1x, https:\/\/i0.wp.com\/noticiasribeiraopreto.com.br\/wp-content\/uploads\/2024\/10\/Copia-de-Copia-de-Copia-de-TAMANHO-EXATO-PARA-FOTOS-NO-SISTEMA-NOVO-95_2024-10-06_22-19-13_png_2024-10-06_22-19-13.webp.webp?fit=1200%2C675&ssl=1&resize=525%2C300 1.5x, https:\/\/i0.wp.com\/noticiasribeiraopreto.com.br\/wp-content\/uploads\/2024\/10\/Copia-de-Copia-de-Copia-de-TAMANHO-EXATO-PARA-FOTOS-NO-SISTEMA-NOVO-95_2024-10-06_22-19-13_png_2024-10-06_22-19-13.webp.webp?fit=1200%2C675&ssl=1&resize=700%2C400 2x, https:\/\/i0.wp.com\/noticiasribeiraopreto.com.br\/wp-content\/uploads\/2024\/10\/Copia-de-Copia-de-Copia-de-TAMANHO-EXATO-PARA-FOTOS-NO-SISTEMA-NOVO-95_2024-10-06_22-19-13_png_2024-10-06_22-19-13.webp.webp?fit=1200%2C675&ssl=1&resize=1050%2C600 3x"},"classes":[]},{"id":57978,"url":"https:\/\/noticiasribeiraopreto.com.br\/index.php\/2024\/09\/16\/confira-a-agenda-dos-candidatos-a-prefeitura-de-ribeirao-preto-nesta-segunda-feira-16-2\/","url_meta":{"origin":28880,"position":5},"title":"Confira a agenda dos candidatos \u00e0 Prefeitura de Ribeir\u00e3o Preto nesta segunda-feira (16)","author":"noticiasribeiraopreto.com.br","date":"16 de September de 2024","format":false,"excerpt":"Os candidatos \u00e0\u00a0Prefeitura de Ribeir\u00e3o Preto\u00a0divulgaram suas agendas de campanha para esta segunda-feira (16). O per\u00edodo de propaganda eleitoral come\u00e7ou no dia 16 de agosto, portanto, candidatos podem apresentar \u00e0s eleitoras e aos eleitores suas ideias e propostas. A publicidade das candidaturas pode ser feita na internet, na rua, na\u2026","rel":"","context":"In &quot;Not\u00edcias de Ribeir\u00e3o Preto-SP e Regi\u00e3o&quot;","block_context":{"text":"Not\u00edcias de Ribeir\u00e3o Preto-SP e Regi\u00e3o","link":"https:\/\/noticiasribeiraopreto.com.br\/index.php\/category\/noticias-de-ribeirao-preto-sp-e-regiao-ismael-colosi\/"},"img":{"alt_text":"","src":"https:\/\/i0.wp.com\/noticiasribeiraopreto.com.br\/wp-content\/uploads\/2024\/09\/Capturar_2024-06-27_16-02-08_jpg_2024-06-27_16-02-08.webp.webp?fit=865%2C491&ssl=1&resize=350%2C200","width":350,"height":200,"srcset":"https:\/\/i0.wp.com\/noticiasribeiraopreto.com.br\/wp-content\/uploads\/2024\/09\/Capturar_2024-06-27_16-02-08_jpg_2024-06-27_16-02-08.webp.webp?fit=865%2C491&ssl=1&resize=350%2C200 1x, https:\/\/i0.wp.com\/noticiasribeiraopreto.com.br\/wp-content\/uploads\/2024\/09\/Capturar_2024-06-27_16-02-08_jpg_2024-06-27_16-02-08.webp.webp?fit=865%2C491&ssl=1&resize=525%2C300 1.5x, https:\/\/i0.wp.com\/noticiasribeiraopreto.com.br\/wp-content\/uploads\/2024\/09\/Capturar_2024-06-27_16-02-08_jpg_2024-06-27_16-02-08.webp.webp?fit=865%2C491&ssl=1&resize=700%2C400 2x"},"classes":[]}],"jetpack_sharing_enabled":true,"jetpack_shortlink":"https:\/\/wp.me\/peQAOb-7vO","_links":{"self":[{"href":"https:\/\/noticiasribeiraopreto.com.br\/index.php\/wp-json\/wp\/v2\/posts\/28880","targetHints":{"allow":["GET"]}}],"collection":[{"href":"https:\/\/noticiasribeiraopreto.com.br\/index.php\/wp-json\/wp\/v2\/posts"}],"about":[{"href":"https:\/\/noticiasribeiraopreto.com.br\/index.php\/wp-json\/wp\/v2\/types\/post"}],"author":[{"embeddable":true,"href":"https:\/\/noticiasribeiraopreto.com.br\/index.php\/wp-json\/wp\/v2\/users\/1"}],"replies":[{"embeddable":true,"href":"https:\/\/noticiasribeiraopreto.com.br\/index.php\/wp-json\/wp\/v2\/comments?post=28880"}],"version-history":[{"count":0,"href":"https:\/\/noticiasribeiraopreto.com.br\/index.php\/wp-json\/wp\/v2\/posts\/28880\/revisions"}],"wp:featuredmedia":[{"embeddable":true,"href":"https:\/\/noticiasribeiraopreto.com.br\/index.php\/wp-json\/wp\/v2\/media\/28881"}],"wp:attachment":[{"href":"https:\/\/noticiasribeiraopreto.com.br\/index.php\/wp-json\/wp\/v2\/media?parent=28880"}],"wp:term":[{"taxonomy":"category","embeddable":true,"href":"https:\/\/noticiasribeiraopreto.com.br\/index.php\/wp-json\/wp\/v2\/categories?post=28880"},{"taxonomy":"post_tag","embeddable":true,"href":"https:\/\/noticiasribeiraopreto.com.br\/index.php\/wp-json\/wp\/v2\/tags?post=28880"}],"curies":[{"name":"wp","href":"https:\/\/api.w.org\/{rel}","templated":true}]}}