{"id":28892,"date":"2024-01-16T23:06:25","date_gmt":"2024-01-17T02:06:25","guid":{"rendered":"https:\/\/noticiasribeiraopreto.com.br\/index.php\/2024\/01\/16\/utm_sourcerssutm_mediumrssutm_campaigncasqueiros-sao-presos-furtando-fio-de-cobre-de-viaduto-recem-inaugurado-na-av-brasil\/"},"modified":"2024-01-16T23:06:25","modified_gmt":"2024-01-17T02:06:25","slug":"utm_sourcerssutm_mediumrssutm_campaigncasqueiros-sao-presos-furtando-fio-de-cobre-de-viaduto-recem-inaugurado-na-av-brasil","status":"publish","type":"post","link":"https:\/\/noticiasribeiraopreto.com.br\/index.php\/2024\/01\/16\/utm_sourcerssutm_mediumrssutm_campaigncasqueiros-sao-presos-furtando-fio-de-cobre-de-viaduto-recem-inaugurado-na-av-brasil\/","title":{"rendered":"Casqueiros s\u00e3o presos furtando fio de cobre de viaduto rec\u00e9m inaugurado na Av. Brasil \u2013 X Tudo Ribeir\u00e3o"},"content":{"rendered":"<div class='code-block code-block-1' style='margin: 8px 0 8px auto; text-align: right; display: block; clear: both;'>\n<p><a href=\"https:\/\/wa.link\/vpicfd\"><img data-recalc-dims=\"1\" class=\"wp-image-4922\" style=\"aspect-ratio: 2.0253164556962027; width: 561px; height: auto;\" src=\"https:\/\/i0.wp.com\/ismaelcolosi.com.br\/wp-content\/uploads\/2023\/11\/grupo-de-empregos-whatsapp-e-facebook-ismael-colosi-vagas.jpg?ssl=1\" alt=\"\" \/><\/a><\/p>\n<!-- \/wp:image -->\n<\/div>\n<p> <br \/>\n<\/p>\n<div>\n<p>Dois casqueiros foram presos pela PM (Pol\u00edcia Militar) furtando fios de cobre de um viaduto rec\u00e9m inaugurado pela Prefeitura, na avenida Brasil, na zona Norte de Ribeir\u00e3o Preto.\u00a0<\/p>\n<p>Segundo informa\u00e7\u00f5es da PM, durante o patrulhamento pela regi\u00e3o norte da cidade, os PMs foram avisados por populares que bandidos (casqueiros) estariam furtando fios de cobre do viaduto Jos\u00e9 Ant\u00f4nio Ca\u00e7ola\u00a0Sanches, rec\u00e9m inaugurado pela Prefeitura Municipal.\u00a0<\/p>\n<p>Rapidamente os PMs foram at\u00e9 o local, e depararam com um dos lar\u00e1pios em cima do viaduto e o outro na parte de baixo com um saco contendo os fios furtados.\u00a0<\/p>\n<p>Consta no B.O (boletim de ocorr\u00eancia), que com os bandidos os PMs apreenderam duas facas e uma pedra (utilizada para danificar a caixa de energia). Os dois foram conduzidos para Central de Pol\u00edcia Judici\u00e1ria (CPJ), onde foram presos em flagrante pelo crime de furto.\u00a0<\/p>\n<p>O caso segue em investiga\u00e7\u00e3o pela Pol\u00edcia Civil.<\/p>\n<figure class=\"is-layout-flex wp-block-gallery-1 wp-block-gallery has-nested-images columns-default is-cropped\">\n<figure class=\"wp-block-image size-large\"><\/figure>\n<figure class=\"wp-block-image size-large\"><img data-recalc-dims=\"1\" decoding=\"async\" loading=\"lazy\" width=\"1024\" height=\"845\" data-id=\"27663\" src=\"https:\/\/i0.wp.com\/xtudoribeirao.com.br\/wp-content\/uploads\/2024\/01\/WhatsApp-Image-2024-01-16-at-21.51.08-1-1024x845.jpeg?resize=1024%2C845&#038;ssl=1\" alt=\"\" class=\"wp-image-27663\" srcset=\"https:\/\/xtudoribeirao.com.br\/wp-content\/uploads\/2024\/01\/WhatsApp-Image-2024-01-16-at-21.51.08-1-1024x845.jpeg 1024w, https:\/\/xtudoribeirao.com.br\/wp-content\/uploads\/2024\/01\/WhatsApp-Image-2024-01-16-at-21.51.08-1-300x248.jpeg 300w, https:\/\/xtudoribeirao.com.br\/wp-content\/uploads\/2024\/01\/WhatsApp-Image-2024-01-16-at-21.51.08-1-768x634.jpeg 768w, https:\/\/xtudoribeirao.com.br\/wp-content\/uploads\/2024\/01\/WhatsApp-Image-2024-01-16-at-21.51.08-1-750x619.jpeg 750w, https:\/\/xtudoribeirao.com.br\/wp-content\/uploads\/2024\/01\/WhatsApp-Image-2024-01-16-at-21.51.08-1-1140x941.jpeg 1140w, https:\/\/xtudoribeirao.com.br\/wp-content\/uploads\/2024\/01\/WhatsApp-Image-2024-01-16-at-21.51.08-1.jpeg 1200w\" sizes=\"auto, (max-width: 1024px) 100vw, 1024px\"\/><\/figure>\n<figure class=\"wp-block-image size-large\"><img data-recalc-dims=\"1\" decoding=\"async\" loading=\"lazy\" width=\"1024\" height=\"719\" data-id=\"27661\" src=\"https:\/\/i0.wp.com\/xtudoribeirao.com.br\/wp-content\/uploads\/2024\/01\/WhatsApp-Image-2024-01-16-at-21.51.08-1024x719.jpeg?resize=1024%2C719&#038;ssl=1\" alt=\"\" class=\"wp-image-27661\" srcset=\"https:\/\/xtudoribeirao.com.br\/wp-content\/uploads\/2024\/01\/WhatsApp-Image-2024-01-16-at-21.51.08-1024x719.jpeg 1024w, https:\/\/xtudoribeirao.com.br\/wp-content\/uploads\/2024\/01\/WhatsApp-Image-2024-01-16-at-21.51.08-300x211.jpeg 300w, https:\/\/xtudoribeirao.com.br\/wp-content\/uploads\/2024\/01\/WhatsApp-Image-2024-01-16-at-21.51.08-768x540.jpeg 768w, https:\/\/xtudoribeirao.com.br\/wp-content\/uploads\/2024\/01\/WhatsApp-Image-2024-01-16-at-21.51.08-750x527.jpeg 750w, https:\/\/xtudoribeirao.com.br\/wp-content\/uploads\/2024\/01\/WhatsApp-Image-2024-01-16-at-21.51.08-1140x801.jpeg 1140w, https:\/\/xtudoribeirao.com.br\/wp-content\/uploads\/2024\/01\/WhatsApp-Image-2024-01-16-at-21.51.08.jpeg 1200w\" sizes=\"auto, (max-width: 1024px) 100vw, 1024px\"\/><\/figure>\n<figure class=\"wp-block-image size-large\"><img data-recalc-dims=\"1\" decoding=\"async\" loading=\"lazy\" width=\"1024\" height=\"824\" data-id=\"27662\" src=\"https:\/\/i0.wp.com\/xtudoribeirao.com.br\/wp-content\/uploads\/2024\/01\/WhatsApp-Image-2024-01-16-at-21.51.07-1024x824.jpeg?resize=1024%2C824&#038;ssl=1\" alt=\"\" class=\"wp-image-27662\" srcset=\"https:\/\/xtudoribeirao.com.br\/wp-content\/uploads\/2024\/01\/WhatsApp-Image-2024-01-16-at-21.51.07-1024x824.jpeg 1024w, https:\/\/xtudoribeirao.com.br\/wp-content\/uploads\/2024\/01\/WhatsApp-Image-2024-01-16-at-21.51.07-300x241.jpeg 300w, https:\/\/xtudoribeirao.com.br\/wp-content\/uploads\/2024\/01\/WhatsApp-Image-2024-01-16-at-21.51.07-768x618.jpeg 768w, https:\/\/xtudoribeirao.com.br\/wp-content\/uploads\/2024\/01\/WhatsApp-Image-2024-01-16-at-21.51.07-750x604.jpeg 750w, https:\/\/xtudoribeirao.com.br\/wp-content\/uploads\/2024\/01\/WhatsApp-Image-2024-01-16-at-21.51.07-1140x917.jpeg 1140w, https:\/\/xtudoribeirao.com.br\/wp-content\/uploads\/2024\/01\/WhatsApp-Image-2024-01-16-at-21.51.07.jpeg 1301w\" sizes=\"auto, (max-width: 1024px) 100vw, 1024px\"\/><\/figure>\n<figure class=\"wp-block-image size-large\"><img data-recalc-dims=\"1\" decoding=\"async\" loading=\"lazy\" width=\"679\" height=\"633\" data-id=\"27660\" src=\"https:\/\/i0.wp.com\/xtudoribeirao.com.br\/wp-content\/uploads\/2024\/01\/WhatsApp-Image-2024-01-16-at-21.49.44.jpeg?resize=679%2C633&#038;ssl=1\" alt=\"\" class=\"wp-image-27660\" srcset=\"https:\/\/xtudoribeirao.com.br\/wp-content\/uploads\/2024\/01\/WhatsApp-Image-2024-01-16-at-21.49.44.jpeg 679w, https:\/\/xtudoribeirao.com.br\/wp-content\/uploads\/2024\/01\/WhatsApp-Image-2024-01-16-at-21.49.44-300x280.jpeg 300w\" sizes=\"auto, (max-width: 679px) 100vw, 679px\"\/><\/figure>\n<\/figure><\/div>\n<p><br \/>\n<br \/><a href=\"https:\/\/xtudoribeirao.com.br\/2024\/01\/16\/casqueiros-sao-presos-furtando-fio-de-cobre-de-viaduto-recem-inaugurado-na-av-brasil\/?utm_source=rss&#038;utm_medium=rss&#038;utm_campaign=casqueiros-sao-presos-furtando-fio-de-cobre-de-viaduto-recem-inaugurado-na-av-brasil\">Source link <\/a><\/p>\n<!-- CONTENT END 1 -->\n","protected":false},"excerpt":{"rendered":"<p>Dois casqueiros foram presos pela PM (Pol\u00edcia Militar) furtando fios de cobre de um viaduto rec\u00e9m inaugurado pela Prefeitura, na avenida Brasil, na zona Norte&#8230;<\/p>\n","protected":false},"author":1,"featured_media":28893,"comment_status":"open","ping_status":"open","sticky":false,"template":"","format":"standard","meta":{"advanced_seo_description":"","jetpack_seo_html_title":"","jetpack_seo_noindex":false,"jetpack_post_was_ever_published":false,"_jetpack_newsletter_access":"","_jetpack_dont_email_post_to_subs":false,"_jetpack_newsletter_tier_id":0,"_jetpack_memberships_contains_paywalled_content":false,"_jetpack_memberships_contains_paid_content":false,"footnotes":"","jetpack_publicize_message":"","jetpack_publicize_feature_enabled":true,"jetpack_social_post_already_shared":true,"jetpack_social_options":{"image_generator_settings":{"template":"highway","default_image_id":0,"font":"","enabled":false},"version":2}},"categories":[11],"tags":[137,3612,3614,3613,2142,173,1490,3615,26,50,43,171],"class_list":["post-28892","post","type-post","status-publish","format-standard","has-post-thumbnail","hentry","category-noticias-de-ribeirao-preto-sp-e-regiao-ismael-colosi","tag-brasil","tag-casqueiros","tag-cobre","tag-fio","tag-furtando","tag-inaugurado","tag-presos","tag-recem","tag-ribeirao","tag-sao","tag-tudo","tag-viaduto"],"jetpack_publicize_connections":[],"jetpack_featured_media_url":"https:\/\/i0.wp.com\/noticiasribeiraopreto.com.br\/wp-content\/uploads\/2024\/01\/WhatsApp-Image-2024-01-16-at-21.51.08-2.jpeg?fit=1600%2C1200&ssl=1","jetpack-related-posts":[{"id":82133,"url":"https:\/\/noticiasribeiraopreto.com.br\/index.php\/2026\/02\/05\/homem-e-preso-ao-tentar-furtar-fios-de-cobre-de-escola-em-ribeirao-preto\/","url_meta":{"origin":28892,"position":0},"title":"Homem \u00e9 preso ao tentar furtar fios de cobre de escola em Ribeir\u00e3o Preto","author":"noticiasribeiraopreto.com.br","date":"5 de February de 2026","format":false,"excerpt":"A GCM (Guarda Civil Municipal) prendeu, na manh\u00e3 desta quinta-feira (5), um homem suspeito de tentar furtar fios de cobre da EMEF Vereador Jos\u00e9 Delibo, localizada no bairro Castelo Branco Novo, zona Leste de Ribeir\u00e3o Preto. De acordo com a corpora\u00e7\u00e3o, as equipes foram acionadas via Cecom (Centro de Comunica\u00e7\u00f5es)\u2026","rel":"","context":"In &quot;Not\u00edcias de Ribeir\u00e3o Preto-SP e Regi\u00e3o&quot;","block_context":{"text":"Not\u00edcias de Ribeir\u00e3o Preto-SP e Regi\u00e3o","link":"https:\/\/noticiasribeiraopreto.com.br\/index.php\/category\/noticias-de-ribeirao-preto-sp-e-regiao-ismael-colosi\/"},"img":{"alt_text":"","src":"https:\/\/i0.wp.com\/noticiasribeiraopreto.com.br\/wp-content\/uploads\/2026\/02\/domingo-70_2026-02-05_10-28-25.webp.webp?fit=1200%2C675&ssl=1&resize=350%2C200","width":350,"height":200,"srcset":"https:\/\/i0.wp.com\/noticiasribeiraopreto.com.br\/wp-content\/uploads\/2026\/02\/domingo-70_2026-02-05_10-28-25.webp.webp?fit=1200%2C675&ssl=1&resize=350%2C200 1x, https:\/\/i0.wp.com\/noticiasribeiraopreto.com.br\/wp-content\/uploads\/2026\/02\/domingo-70_2026-02-05_10-28-25.webp.webp?fit=1200%2C675&ssl=1&resize=525%2C300 1.5x, https:\/\/i0.wp.com\/noticiasribeiraopreto.com.br\/wp-content\/uploads\/2026\/02\/domingo-70_2026-02-05_10-28-25.webp.webp?fit=1200%2C675&ssl=1&resize=700%2C400 2x, https:\/\/i0.wp.com\/noticiasribeiraopreto.com.br\/wp-content\/uploads\/2026\/02\/domingo-70_2026-02-05_10-28-25.webp.webp?fit=1200%2C675&ssl=1&resize=1050%2C600 3x"},"classes":[]},{"id":26391,"url":"https:\/\/noticiasribeiraopreto.com.br\/index.php\/2024\/01\/09\/utm_sourcerssutm_mediumrssutm_campaignprofesor-com-diversas-passagens-policial-e-preso-furtando-chocolates-em-ribeirao-preto\/","url_meta":{"origin":28892,"position":1},"title":"Profesor com diversas passagens Policial \u00e9 preso furtando chocolates em Ribeir\u00e3o Preto \u2013 X Tudo Ribeir\u00e3o","author":"noticiasribeiraopreto.com.br","date":"9 de January de 2024","format":false,"excerpt":"Um professor m\u00e3o lisa de 47 anos, foi preso furtando chocolates de um supermercado situado no cruzamento da rua Capit\u00e3o Salom\u00e3o com a avenida Meira J\u00fanior, em Ribeir\u00e3o Preto. O professor tem mais passagem que guich\u00ea de companhia de viagem.\u00a0 Segundo informa\u00e7\u00f5es da PM, funcion\u00e1rios do supermercado acionaram os PMs\u2026","rel":"","context":"In &quot;Not\u00edcias de Ribeir\u00e3o Preto-SP e Regi\u00e3o&quot;","block_context":{"text":"Not\u00edcias de Ribeir\u00e3o Preto-SP e Regi\u00e3o","link":"https:\/\/noticiasribeiraopreto.com.br\/index.php\/category\/noticias-de-ribeirao-preto-sp-e-regiao-ismael-colosi\/"},"img":{"alt_text":"","src":"https:\/\/i0.wp.com\/noticiasribeiraopreto.com.br\/wp-content\/uploads\/2024\/01\/furto-chocolate.jpeg?fit=480%2C320&ssl=1&resize=350%2C200","width":350,"height":200},"classes":[]},{"id":18361,"url":"https:\/\/noticiasribeiraopreto.com.br\/index.php\/2023\/12\/20\/viaduto-da-mogiana-sera-inaugurado-nesta-quarta-feira\/","url_meta":{"origin":28892,"position":2},"title":"Viaduto da Mogiana ser\u00e1 inaugurado nesta quarta-feira\u00a0","author":"noticiasribeiraopreto.com.br","date":"20 de December de 2023","format":false,"excerpt":"20 de dezembro de 2023 | 10:0020 de dezembro de 2023 | 9:55 0A Prefeitura de Ribeir\u00e3o Preto inaugura nesta quarta-feira, 20 de dezembro, o Complexo Vi\u00e1rio \u201cComendador Ant\u00f4nio Lopes Balau\u201d, formado pelo viaduto da avenida Brasil no cruzamento com a avenida Mogiana, na zona Norte, e pela rotat\u00f3ria constru\u00edda\u2026","rel":"","context":"In &quot;Not\u00edcias de Ribeir\u00e3o Preto-SP e Regi\u00e3o&quot;","block_context":{"text":"Not\u00edcias de Ribeir\u00e3o Preto-SP e Regi\u00e3o","link":"https:\/\/noticiasribeiraopreto.com.br\/index.php\/category\/noticias-de-ribeirao-preto-sp-e-regiao-ismael-colosi\/"},"img":{"alt_text":"","src":"https:\/\/i0.wp.com\/noticiasribeiraopreto.com.br\/wp-content\/uploads\/2023\/12\/2-viaduto-2-scaled.jpg?fit=967%2C645&ssl=1&resize=350%2C200","width":350,"height":200,"srcset":"https:\/\/i0.wp.com\/noticiasribeiraopreto.com.br\/wp-content\/uploads\/2023\/12\/2-viaduto-2-scaled.jpg?fit=967%2C645&ssl=1&resize=350%2C200 1x, https:\/\/i0.wp.com\/noticiasribeiraopreto.com.br\/wp-content\/uploads\/2023\/12\/2-viaduto-2-scaled.jpg?fit=967%2C645&ssl=1&resize=525%2C300 1.5x, https:\/\/i0.wp.com\/noticiasribeiraopreto.com.br\/wp-content\/uploads\/2023\/12\/2-viaduto-2-scaled.jpg?fit=967%2C645&ssl=1&resize=700%2C400 2x"},"classes":[]},{"id":81900,"url":"https:\/\/noticiasribeiraopreto.com.br\/index.php\/2026\/01\/29\/video-ladrao-de-fios-leva-choque-e-vai-preso-na-regiao\/","url_meta":{"origin":28892,"position":3},"title":"V\u00cdDEO &#8211; Ladr\u00e3o de fios leva choque e vai preso na regi\u00e3o","author":"noticiasribeiraopreto.com.br","date":"29 de January de 2026","format":false,"excerpt":"\r \r \r Homem pretendia trocar fia\u00e7\u00e3o e canos de cobre furtados por entorpecentes\r \r 29 de janeiro de 2026 11:2229 de janeiro de 2026 11:22 \r Compartilhar2 \r Por: Adalberto Luque Um homem foi preso, na madrugada desta quinta-feira (29) ap\u00f3s furtar fios e canos de cobre de um\u2026","rel":"","context":"In &quot;Not\u00edcias de Ribeir\u00e3o Preto-SP e Regi\u00e3o&quot;","block_context":{"text":"Not\u00edcias de Ribeir\u00e3o Preto-SP e Regi\u00e3o","link":"https:\/\/noticiasribeiraopreto.com.br\/index.php\/category\/noticias-de-ribeirao-preto-sp-e-regiao-ismael-colosi\/"},"img":{"alt_text":"","src":"https:\/\/i0.wp.com\/noticiasribeiraopreto.com.br\/wp-content\/uploads\/2026\/01\/29-jan-2025-ladraochocante1.jpg?fit=778%2C780&ssl=1&resize=350%2C200","width":350,"height":200,"srcset":"https:\/\/i0.wp.com\/noticiasribeiraopreto.com.br\/wp-content\/uploads\/2026\/01\/29-jan-2025-ladraochocante1.jpg?fit=778%2C780&ssl=1&resize=350%2C200 1x, https:\/\/i0.wp.com\/noticiasribeiraopreto.com.br\/wp-content\/uploads\/2026\/01\/29-jan-2025-ladraochocante1.jpg?fit=778%2C780&ssl=1&resize=525%2C300 1.5x, https:\/\/i0.wp.com\/noticiasribeiraopreto.com.br\/wp-content\/uploads\/2026\/01\/29-jan-2025-ladraochocante1.jpg?fit=778%2C780&ssl=1&resize=700%2C400 2x"},"classes":[]},{"id":9809,"url":"https:\/\/noticiasribeiraopreto.com.br\/index.php\/2023\/12\/02\/utm_sourcerssutm_mediumrssutm_campaignhomem-e-preso-apos-matar-bandido-que-furtava-medidor-de-energia-em-ribeirao-preto\/","url_meta":{"origin":28892,"position":4},"title":"Homem \u00e9 preso ap\u00f3s matar bandido que furtava medidor de energia em Ribeir\u00e3o Preto \u2013 X Tudo Ribeir\u00e3o","author":"noticiasribeiraopreto.com.br","date":"2 de December de 2023","format":false,"excerpt":"Um homem foi preso pela Pol\u00edcia na tarde deste s\u00e1bado (2\/12), ap\u00f3s matar um bandido a tiros durante um furto pela manh\u00e3 no bairro Planalto Verde, na zona Oeste de Ribeir\u00e3o Preto. Segundo informa\u00e7\u00f5es da Pol\u00edcia, no come\u00e7o da tarde populares acionaram os Policiais versando sobre um corpo encontrado em\u2026","rel":"","context":"In &quot;Not\u00edcias de Ribeir\u00e3o Preto-SP e Regi\u00e3o&quot;","block_context":{"text":"Not\u00edcias de Ribeir\u00e3o Preto-SP e Regi\u00e3o","link":"https:\/\/noticiasribeiraopreto.com.br\/index.php\/category\/noticias-de-ribeirao-preto-sp-e-regiao-ismael-colosi\/"},"img":{"alt_text":"","src":"https:\/\/i0.wp.com\/noticiasribeiraopreto.com.br\/wp-content\/uploads\/2023\/12\/WhatsApp-Image-2023-12-02-at-22.20.29.jpeg?fit=1200%2C537&ssl=1&resize=350%2C200","width":350,"height":200,"srcset":"https:\/\/i0.wp.com\/noticiasribeiraopreto.com.br\/wp-content\/uploads\/2023\/12\/WhatsApp-Image-2023-12-02-at-22.20.29.jpeg?fit=1200%2C537&ssl=1&resize=350%2C200 1x, https:\/\/i0.wp.com\/noticiasribeiraopreto.com.br\/wp-content\/uploads\/2023\/12\/WhatsApp-Image-2023-12-02-at-22.20.29.jpeg?fit=1200%2C537&ssl=1&resize=525%2C300 1.5x, https:\/\/i0.wp.com\/noticiasribeiraopreto.com.br\/wp-content\/uploads\/2023\/12\/WhatsApp-Image-2023-12-02-at-22.20.29.jpeg?fit=1200%2C537&ssl=1&resize=700%2C400 2x, https:\/\/i0.wp.com\/noticiasribeiraopreto.com.br\/wp-content\/uploads\/2023\/12\/WhatsApp-Image-2023-12-02-at-22.20.29.jpeg?fit=1200%2C537&ssl=1&resize=1050%2C600 3x"},"classes":[]},{"id":16124,"url":"https:\/\/noticiasribeiraopreto.com.br\/index.php\/2023\/12\/15\/viaduto-da-mogiana-sera-inaugurado-na-proxima-semana\/","url_meta":{"origin":28892,"position":5},"title":"Viaduto da Mogiana ser\u00e1\u00a0inaugurado na pr\u00f3xima semana","author":"noticiasribeiraopreto.com.br","date":"15 de December de 2023","format":false,"excerpt":"As obras do viaduto da avenida Brasil, sobre a Mogiana e em dire\u00e7\u00e3o \u00e0 Thomaz Alberto Whately, na Zona Norte de Ribeir\u00e3o Preto, est\u00e3o perto do fim. O equipamento deve ser entregue na pr\u00f3xima semana. No local, os trabalhos est\u00e3o concentrados nos \u00faltimos ajustes.Trabalham na capa final do asfalto, conclus\u00e3o\u2026","rel":"","context":"In &quot;Not\u00edcias de Ribeir\u00e3o Preto-SP e Regi\u00e3o&quot;","block_context":{"text":"Not\u00edcias de Ribeir\u00e3o Preto-SP e Regi\u00e3o","link":"https:\/\/noticiasribeiraopreto.com.br\/index.php\/category\/noticias-de-ribeirao-preto-sp-e-regiao-ismael-colosi\/"},"img":{"alt_text":"","src":"https:\/\/i0.wp.com\/noticiasribeiraopreto.com.br\/wp-content\/uploads\/2023\/12\/mogiana-scaled.jpg?fit=967%2C645&ssl=1&resize=350%2C200","width":350,"height":200,"srcset":"https:\/\/i0.wp.com\/noticiasribeiraopreto.com.br\/wp-content\/uploads\/2023\/12\/mogiana-scaled.jpg?fit=967%2C645&ssl=1&resize=350%2C200 1x, https:\/\/i0.wp.com\/noticiasribeiraopreto.com.br\/wp-content\/uploads\/2023\/12\/mogiana-scaled.jpg?fit=967%2C645&ssl=1&resize=525%2C300 1.5x, https:\/\/i0.wp.com\/noticiasribeiraopreto.com.br\/wp-content\/uploads\/2023\/12\/mogiana-scaled.jpg?fit=967%2C645&ssl=1&resize=700%2C400 2x"},"classes":[]}],"jetpack_sharing_enabled":true,"jetpack_shortlink":"https:\/\/wp.me\/peQAOb-7w0","_links":{"self":[{"href":"https:\/\/noticiasribeiraopreto.com.br\/index.php\/wp-json\/wp\/v2\/posts\/28892","targetHints":{"allow":["GET"]}}],"collection":[{"href":"https:\/\/noticiasribeiraopreto.com.br\/index.php\/wp-json\/wp\/v2\/posts"}],"about":[{"href":"https:\/\/noticiasribeiraopreto.com.br\/index.php\/wp-json\/wp\/v2\/types\/post"}],"author":[{"embeddable":true,"href":"https:\/\/noticiasribeiraopreto.com.br\/index.php\/wp-json\/wp\/v2\/users\/1"}],"replies":[{"embeddable":true,"href":"https:\/\/noticiasribeiraopreto.com.br\/index.php\/wp-json\/wp\/v2\/comments?post=28892"}],"version-history":[{"count":0,"href":"https:\/\/noticiasribeiraopreto.com.br\/index.php\/wp-json\/wp\/v2\/posts\/28892\/revisions"}],"wp:featuredmedia":[{"embeddable":true,"href":"https:\/\/noticiasribeiraopreto.com.br\/index.php\/wp-json\/wp\/v2\/media\/28893"}],"wp:attachment":[{"href":"https:\/\/noticiasribeiraopreto.com.br\/index.php\/wp-json\/wp\/v2\/media?parent=28892"}],"wp:term":[{"taxonomy":"category","embeddable":true,"href":"https:\/\/noticiasribeiraopreto.com.br\/index.php\/wp-json\/wp\/v2\/categories?post=28892"},{"taxonomy":"post_tag","embeddable":true,"href":"https:\/\/noticiasribeiraopreto.com.br\/index.php\/wp-json\/wp\/v2\/tags?post=28892"}],"curies":[{"name":"wp","href":"https:\/\/api.w.org\/{rel}","templated":true}]}}