{"id":28908,"date":"2024-01-17T00:11:21","date_gmt":"2024-01-17T03:11:21","guid":{"rendered":"https:\/\/noticiasribeiraopreto.com.br\/index.php\/2024\/01\/17\/adolescente-de-ribeirao-preto-escala-quatro-montanhas-em-10-dias\/"},"modified":"2024-01-17T00:11:21","modified_gmt":"2024-01-17T03:11:21","slug":"adolescente-de-ribeirao-preto-escala-quatro-montanhas-em-10-dias","status":"publish","type":"post","link":"https:\/\/noticiasribeiraopreto.com.br\/index.php\/2024\/01\/17\/adolescente-de-ribeirao-preto-escala-quatro-montanhas-em-10-dias\/","title":{"rendered":"Adolescente de Ribeir\u00e3o Preto escala quatro montanhas em 10 dias"},"content":{"rendered":"<div class='code-block code-block-1' style='margin: 8px 0 8px auto; text-align: right; display: block; clear: both;'>\n<p><a href=\"https:\/\/wa.link\/vpicfd\"><img data-recalc-dims=\"1\" class=\"wp-image-4922\" style=\"aspect-ratio: 2.0253164556962027; width: 561px; height: auto;\" src=\"https:\/\/i0.wp.com\/ismaelcolosi.com.br\/wp-content\/uploads\/2023\/11\/grupo-de-empregos-whatsapp-e-facebook-ismael-colosi-vagas.jpg?ssl=1\" alt=\"\" \/><\/a><\/p>\n<!-- \/wp:image -->\n<\/div>\n<p> <br \/>\n<\/p>\n<div>\n<p>O ano come\u00e7ou com uma grande conquista para <strong>Kau\u00e3 Bermal<\/strong>, de 16 anos. O jovem realizou <strong>quatro escaladas vulc\u00e2nicas na regi\u00e3o da Cordilheira dos Andes<\/strong>, a maior do mundo quando o assunto \u00e9 extens\u00e3o, <strong>em apenas 10 dias<\/strong>.<\/p>\n<p>O adolescente, que \u00e9 natural de <strong>Ribeir\u00e3o Preto<\/strong>, come\u00e7ou a praticar montanhismo aos 8 anos. Desde pequeno recebeu apoio do pai, <strong>Filipe Bermal<\/strong>, que inclusive foi o <strong>primeiro brasileiro a cruzar a p\u00e9 o Deserto do Atacama<\/strong> \u2013 450 km solo sem apoio ou ajuda motorizada.<\/p>\n<p>Aos 11 anos, o jovem se aventurou em uma das <strong>travessias mais desafiadoras do Brasil<\/strong>, a<strong> Serra Fina<\/strong>, que percorre as mais altas montanhas da <strong>Serra da Mantiqueira<\/strong>.<\/p>\n<p>Neste ano, Kau\u00e3 decidiu se aventurar ainda mais e, ao lado do pai, <mark style=\"background-color:#fcb900\" class=\"has-inline-color\">escalou quatro vulc\u00f5es (um em atividade) no <strong>Deserto do Atacama<\/strong>, para ser mais exato, um dos locais mais <strong>\u00e1ridos <\/strong>e <strong>secos do planeta<\/strong>.<\/mark><\/p>\n<figure class=\"wp-block-pullquote\">\n<blockquote>\n<p>\u201cEu sabia que era capaz e estava pronto. De passinho em passinho fui subindo. A cada cume e montanha que fui conquistando, foi me dando mais for\u00e7a para a pr\u00f3xima montanha\u201d, contou Kau\u00e3 Bermal, em entrevista ao <strong>portal a cidade on<\/strong>.<\/p>\n<\/blockquote>\n<\/figure>\n<p>O pai do jovem acredita que ele se tornou a primeira pessoa do Brasil nesta idade a realizar o feito.<\/p>\n<h4 class=\"wp-block-heading\"><strong>O trajeto<\/strong><\/h4>\n<p>Kau\u00e3 e Filipe chegaram ao ponto de partida no dia 5 de janeiro e come\u00e7aram a aventura no dia seguinte. O pai do jovem conta que o percurso foi realizado de forma \u201cininterrupta, com um dia de intervalo de um vulc\u00e3o para outro\u201d.<\/p>\n<p>A <strong>Cordilheira dos Andes<\/strong> abriga centenas de montanhas <strong>acima de 5 mil metros do n\u00edvel do mar<\/strong>, um verdadeiro parque de divers\u00f5es para quem gosta da modalidade de <strong>montanhismo<\/strong>, <strong>trekking <\/strong>e <strong>alta montanha<\/strong>.<\/p>\n<p>\u201c<strong>Foi algo bem desafiador<\/strong>, tanto f\u00edsico como mental. Em v\u00e1rios momentos me passou pela cabe\u00e7a em desistir, tanto pelas horas caminhando, como pelo <strong>frio<\/strong>, <strong>neve<\/strong>, <strong>press\u00e3o da altitude<\/strong> e <strong>dificuldade em respirar<\/strong>\u201d, disse Kau\u00e3.<\/p>\n<h4 class=\"wp-block-heading\"><strong>Quais foram os vulc\u00f5es escalados?<\/strong><\/h4>\n<p>Para conseguir fazer a ascens\u00e3o vulc\u00e2nica, o pai de Kau\u00e3 conta que precisou realizar um trabalho de <strong>aclimata\u00e7\u00e3o<\/strong>, para que o filho se adaptasse a altitude e aridez do local.<\/p>\n<p>Na altitude em que foram feitas as escaladas, <strong>o ar se torna rarefeito<\/strong>, ou seja, os aventureiros chegaram a ter entre <strong>30%<\/strong> e <strong>40%<\/strong> <strong>de oxig\u00eanio<\/strong>, o que dificulta ainda mais atingir o cume de cada montanha. <em>Veja quais foram os locais da escalada:<\/em><\/p>\n<ul>\n<li><strong>Vulc\u00e3o Cerro Toco<\/strong> \u2013 5.604 metros de altitude<\/li>\n<\/ul>\n<ul>\n<li><strong>Vulc\u00e3o Lascar (em atividade)<\/strong> \u2013 5.600 metros de altitude<\/li>\n<\/ul>\n<ul>\n<li><strong>Vulc\u00e3o Colorado<\/strong> \u2013 5.760 metros de altitude<\/li>\n<\/ul>\n<ul>\n<li><strong>Vulc\u00e3o Sairecambur<\/strong> \u2013 5.986 metros de altitude<\/li>\n<\/ul>\n<figure class=\"wp-block-gallery has-nested-images columns-4 is-cropped wp-block-gallery-1 is-layout-flex\">\n<figure class=\"wp-block-image size-medium\"><figcaption class=\"wp-element-caption\">Vulc\u00e3o Lascar (em atividade) \u2013 5.600 metros de altitude. (Foto: arquivo pessoal)<\/figcaption><\/figure>\n<figure class=\"wp-block-image size-large\"><img data-recalc-dims=\"1\" decoding=\"async\" loading=\"lazy\" width=\"766\" height=\"1024\" data-id=\"65922\" src=\"https:\/\/i0.wp.com\/www.acidadeon.com\/ribeiraopreto\/wp-content\/uploads\/sites\/3\/2024\/01\/WhatsApp-Image-2024-01-16-at-15.08.31-766x1024.jpeg?resize=766%2C1024&#038;ssl=1\" alt=\"\" class=\"wp-image-65922\" srcset=\"https:\/\/www.acidadeon.com\/ribeiraopreto\/wp-content\/uploads\/sites\/3\/2024\/01\/WhatsApp-Image-2024-01-16-at-15.08.31-766x1024.jpeg 766w, https:\/\/www.acidadeon.com\/ribeiraopreto\/wp-content\/uploads\/sites\/3\/2024\/01\/WhatsApp-Image-2024-01-16-at-15.08.31-224x300.jpeg 224w, https:\/\/www.acidadeon.com\/ribeiraopreto\/wp-content\/uploads\/sites\/3\/2024\/01\/WhatsApp-Image-2024-01-16-at-15.08.31-768x1027.jpeg 768w, https:\/\/www.acidadeon.com\/ribeiraopreto\/wp-content\/uploads\/sites\/3\/2024\/01\/WhatsApp-Image-2024-01-16-at-15.08.31-1149x1536.jpeg 1149w, https:\/\/www.acidadeon.com\/ribeiraopreto\/wp-content\/uploads\/sites\/3\/2024\/01\/WhatsApp-Image-2024-01-16-at-15.08.31-696x930.jpeg 696w, https:\/\/www.acidadeon.com\/ribeiraopreto\/wp-content\/uploads\/sites\/3\/2024\/01\/WhatsApp-Image-2024-01-16-at-15.08.31-1068x1428.jpeg 1068w, https:\/\/www.acidadeon.com\/ribeiraopreto\/wp-content\/uploads\/sites\/3\/2024\/01\/WhatsApp-Image-2024-01-16-at-15.08.31.jpeg 1197w\" sizes=\"auto, (max-width: 766px) 100vw, 766px\"\/><figcaption class=\"wp-element-caption\">Vulc\u00e3o Cerro Toco \u2013 5.604 metros de altitude. (Foto: arquivo pessoal)<\/figcaption><\/figure>\n<figure class=\"wp-block-image size-large\"><img data-recalc-dims=\"1\" decoding=\"async\" loading=\"lazy\" width=\"766\" height=\"1024\" data-id=\"65921\" src=\"https:\/\/i0.wp.com\/www.acidadeon.com\/ribeiraopreto\/wp-content\/uploads\/sites\/3\/2024\/01\/WhatsApp-Image-2024-01-16-at-15.08.49-766x1024.jpeg?resize=766%2C1024&#038;ssl=1\" alt=\"\" class=\"wp-image-65921\" srcset=\"https:\/\/www.acidadeon.com\/ribeiraopreto\/wp-content\/uploads\/sites\/3\/2024\/01\/WhatsApp-Image-2024-01-16-at-15.08.49-766x1024.jpeg 766w, https:\/\/www.acidadeon.com\/ribeiraopreto\/wp-content\/uploads\/sites\/3\/2024\/01\/WhatsApp-Image-2024-01-16-at-15.08.49-224x300.jpeg 224w, https:\/\/www.acidadeon.com\/ribeiraopreto\/wp-content\/uploads\/sites\/3\/2024\/01\/WhatsApp-Image-2024-01-16-at-15.08.49-768x1027.jpeg 768w, https:\/\/www.acidadeon.com\/ribeiraopreto\/wp-content\/uploads\/sites\/3\/2024\/01\/WhatsApp-Image-2024-01-16-at-15.08.49-1149x1536.jpeg 1149w, https:\/\/www.acidadeon.com\/ribeiraopreto\/wp-content\/uploads\/sites\/3\/2024\/01\/WhatsApp-Image-2024-01-16-at-15.08.49-696x930.jpeg 696w, https:\/\/www.acidadeon.com\/ribeiraopreto\/wp-content\/uploads\/sites\/3\/2024\/01\/WhatsApp-Image-2024-01-16-at-15.08.49-1068x1428.jpeg 1068w, https:\/\/www.acidadeon.com\/ribeiraopreto\/wp-content\/uploads\/sites\/3\/2024\/01\/WhatsApp-Image-2024-01-16-at-15.08.49.jpeg 1197w\" sizes=\"auto, (max-width: 766px) 100vw, 766px\"\/><figcaption class=\"wp-element-caption\">Vulc\u00e3o Colorado \u2013 5.760 metros de altitude. (Foto: arquivo pessoal)<\/figcaption><\/figure>\n<figure class=\"wp-block-image size-medium\"><img data-recalc-dims=\"1\" decoding=\"async\" loading=\"lazy\" width=\"224\" height=\"300\" data-id=\"65920\" src=\"https:\/\/i0.wp.com\/www.acidadeon.com\/ribeiraopreto\/wp-content\/uploads\/sites\/3\/2024\/01\/WhatsApp-Image-2024-01-16-at-15.08.15-224x300.jpeg?resize=224%2C300&#038;ssl=1\" alt=\"\" class=\"wp-image-65920\" srcset=\"https:\/\/www.acidadeon.com\/ribeiraopreto\/wp-content\/uploads\/sites\/3\/2024\/01\/WhatsApp-Image-2024-01-16-at-15.08.15-224x300.jpeg 224w, https:\/\/www.acidadeon.com\/ribeiraopreto\/wp-content\/uploads\/sites\/3\/2024\/01\/WhatsApp-Image-2024-01-16-at-15.08.15-766x1024.jpeg 766w, https:\/\/www.acidadeon.com\/ribeiraopreto\/wp-content\/uploads\/sites\/3\/2024\/01\/WhatsApp-Image-2024-01-16-at-15.08.15-768x1026.jpeg 768w, https:\/\/www.acidadeon.com\/ribeiraopreto\/wp-content\/uploads\/sites\/3\/2024\/01\/WhatsApp-Image-2024-01-16-at-15.08.15-696x930.jpeg 696w, https:\/\/www.acidadeon.com\/ribeiraopreto\/wp-content\/uploads\/sites\/3\/2024\/01\/WhatsApp-Image-2024-01-16-at-15.08.15.jpeg 868w\" sizes=\"auto, (max-width: 224px) 100vw, 224px\"\/><figcaption class=\"wp-element-caption\">Vulc\u00e3o Sairecambur \u2013 5.986 metros de altitude. (Foto: arquivo pessoal)<\/figcaption><\/figure>\n<\/figure>\n<h4 class=\"wp-block-heading\"><strong>Pr\u00f3ximos passos<\/strong><\/h4>\n<p>Kau\u00e3 e o pai continuam nos Andes at\u00e9 o final de semana. A expectativa \u00e9 de que os dois <strong>retornem a Ribeir\u00e3o Preto no dia 21<\/strong>, no entanto, o jovem j\u00e1 sabe quais s\u00e3o os pr\u00f3ximos passos.<\/p>\n<p>Al\u00e9m de continuar auxiliando o pai, que possui um ref\u00fagio voltado para esportes de aventura na Serra da Canastra, Kau\u00e3 quer realizar uma escalada de 6 mil metros de altitude.<\/p>\n<figure class=\"wp-block-pullquote has-text-align-left\">\n<blockquote>\n<p>\u201cMeu pai me incentivou a n\u00e3o desistir, subir calmo e devagar a cada passo. Eu aprendi ali que n\u00e3o \u00e9 s\u00f3 o esfor\u00e7o f\u00edsico que conta, mais sim o meu psicol\u00f3gico. Estou muito feliz comigo mesmo e pronto para o pr\u00f3ximo desafio, que agora \u00e9 quebrar a barreira dos 6 mil metros\u201d, disse o jovem.<\/p>\n<\/blockquote>\n<\/figure>\n<p>SAIBA MAIS<\/p>\n<p>Ribeir\u00e3o Preto vai ganhar unidade do Bar do Zeca Pagodinho; Veja o local<\/p>\n<h4 class=\"wp-block-heading\"><strong><mark style=\"background-color:#fcb900\" class=\"has-inline-color\">FIQUE ON<\/mark><\/strong><\/h4>\n<p>Fique ligado em tudo que acontece em Ribeir\u00e3o Preto e regi\u00e3o. Siga os perfis do\u00a0<strong>acidade on<\/strong>\u00a0no\u00a0<a href=\"https:\/\/www.instagram.com\/acidadeonribeirao\" target=\"_blank\" rel=\"noreferrer noopener\">Instagram\u00a0<\/a>e no<a href=\"https:\/\/www.facebook.com\/acidadeonribeirao\" target=\"_blank\" rel=\"noreferrer noopener\">\u00a0Facebook.<\/a><\/p>\n<p>Receba not\u00edcias do<strong>\u00a0acidade on\u00a0<\/strong>no WhatsApp.\u00a0<a href=\"https:\/\/chat.whatsapp.com\/Bnv2w66ZT4VDyZW3oiZ69n\" target=\"_blank\" rel=\"noreferrer noopener\">Para entrar no grupo, basta clicar aqui.<\/a><\/p>\n<p>Fa\u00e7a uma den\u00fancia ou sugira uma reportagem sobre Ribeir\u00e3o Preto e regi\u00e3o pelo WhatsApp: 16 99117 7802.<\/p>\n<p>VEJA TAMB\u00c9M<\/p>\n<p>McFish vai voltar? Fast food anuncia retorno de lanche<\/p>\n<p><!-- AI CONTENT END 1 -->\n<\/div>\n<p><script async src=\"\/\/www.instagram.com\/embed.js\"><\/script><br \/>\n<br \/><br \/>\n<br \/><a href=\"https:\/\/www.acidadeon.com\/ribeiraopreto\/cotidiano\/adolescente-de-ribeirao-preto-escala-quatro-montanhas-em-10-dias\/\">Source link <\/a><\/p>\n<!-- CONTENT END 1 -->\n","protected":false},"excerpt":{"rendered":"<p>O ano come\u00e7ou com uma grande conquista para Kau\u00e3 Bermal, de 16 anos. O jovem realizou quatro escaladas vulc\u00e2nicas na regi\u00e3o da Cordilheira dos Andes,&#8230;<\/p>\n","protected":false},"author":1,"featured_media":28909,"comment_status":"open","ping_status":"open","sticky":false,"template":"","format":"standard","meta":{"advanced_seo_description":"","jetpack_seo_html_title":"","jetpack_seo_noindex":false,"jetpack_post_was_ever_published":false,"_jetpack_newsletter_access":"","_jetpack_dont_email_post_to_subs":false,"_jetpack_newsletter_tier_id":0,"_jetpack_memberships_contains_paywalled_content":false,"_jetpack_memberships_contains_paid_content":false,"footnotes":"","jetpack_publicize_message":"","jetpack_publicize_feature_enabled":true,"jetpack_social_post_already_shared":true,"jetpack_social_options":{"image_generator_settings":{"template":"highway","default_image_id":0,"font":"","enabled":false},"version":2}},"categories":[11],"tags":[78,493,3619,3620,27,2109,26],"class_list":["post-28908","post","type-post","status-publish","format-standard","has-post-thumbnail","hentry","category-noticias-de-ribeirao-preto-sp-e-regiao-ismael-colosi","tag-adolescente","tag-dias","tag-escala","tag-montanhas","tag-preto","tag-quatro","tag-ribeirao"],"jetpack_publicize_connections":[],"jetpack_featured_media_url":"https:\/\/i0.wp.com\/noticiasribeiraopreto.com.br\/wp-content\/uploads\/2024\/01\/Copia-de-Copia-de-TAMANHO-EXATO-PARA-FOTOS-NO-SISTEMA-NOVO-14.png?fit=1200%2C675&ssl=1","jetpack-related-posts":[{"id":63451,"url":"https:\/\/noticiasribeiraopreto.com.br\/index.php\/2025\/02\/13\/adolescente-de-ribeirao-preto-escala-montanha-de-mais-de-6-mil-metros-no-chile\/","url_meta":{"origin":28908,"position":0},"title":"Adolescente de Ribeir\u00e3o Preto escala montanha de mais de 6 mil metros\u00a0no\u00a0Chile","author":"noticiasribeiraopreto.com.br","date":"13 de February de 2025","format":false,"excerpt":"Aos 17 anos, o jovem ribeir\u00e3o-pretano Kau\u00e3 Bermal retornou de uma expedi\u00e7\u00e3o na Cordilheira dos Andes, onde alcan\u00e7ou o cume do vulc\u00e3o San Pedro, com 6.145 metros de altitude, tornando-se o brasileiro mais jovem a conquistar essa subida. O adolescente segue os passos do pai, Filipe Bermal \u2014 que tamb\u00e9m\u2026","rel":"","context":"In &quot;Not\u00edcias de Ribeir\u00e3o Preto-SP e Regi\u00e3o&quot;","block_context":{"text":"Not\u00edcias de Ribeir\u00e3o Preto-SP e Regi\u00e3o","link":"https:\/\/noticiasribeiraopreto.com.br\/index.php\/category\/noticias-de-ribeirao-preto-sp-e-regiao-ismael-colosi\/"},"img":{"alt_text":"","src":"https:\/\/i0.wp.com\/noticiasribeiraopreto.com.br\/wp-content\/uploads\/2025\/02\/Copia-de-Copia-de-Copia-de-TAMANHO-EXATO-PARA-FOTOS-NO-SISTEMA-NOVO-2025-02-13T150030.574_2025-02-13_18-01-25_png_2025-02-13_18-01-25.webp.webp?fit=1200%2C675&ssl=1&resize=350%2C200","width":350,"height":200,"srcset":"https:\/\/i0.wp.com\/noticiasribeiraopreto.com.br\/wp-content\/uploads\/2025\/02\/Copia-de-Copia-de-Copia-de-TAMANHO-EXATO-PARA-FOTOS-NO-SISTEMA-NOVO-2025-02-13T150030.574_2025-02-13_18-01-25_png_2025-02-13_18-01-25.webp.webp?fit=1200%2C675&ssl=1&resize=350%2C200 1x, https:\/\/i0.wp.com\/noticiasribeiraopreto.com.br\/wp-content\/uploads\/2025\/02\/Copia-de-Copia-de-Copia-de-TAMANHO-EXATO-PARA-FOTOS-NO-SISTEMA-NOVO-2025-02-13T150030.574_2025-02-13_18-01-25_png_2025-02-13_18-01-25.webp.webp?fit=1200%2C675&ssl=1&resize=525%2C300 1.5x, https:\/\/i0.wp.com\/noticiasribeiraopreto.com.br\/wp-content\/uploads\/2025\/02\/Copia-de-Copia-de-Copia-de-TAMANHO-EXATO-PARA-FOTOS-NO-SISTEMA-NOVO-2025-02-13T150030.574_2025-02-13_18-01-25_png_2025-02-13_18-01-25.webp.webp?fit=1200%2C675&ssl=1&resize=700%2C400 2x, https:\/\/i0.wp.com\/noticiasribeiraopreto.com.br\/wp-content\/uploads\/2025\/02\/Copia-de-Copia-de-Copia-de-TAMANHO-EXATO-PARA-FOTOS-NO-SISTEMA-NOVO-2025-02-13T150030.574_2025-02-13_18-01-25_png_2025-02-13_18-01-25.webp.webp?fit=1200%2C675&ssl=1&resize=1050%2C600 3x"},"classes":[]},{"id":71651,"url":"https:\/\/noticiasribeiraopreto.com.br\/index.php\/2025\/06\/08\/video-adolescente-localizado-no-rio-pardo-e-sepultado-em-pontal\/","url_meta":{"origin":28908,"position":1},"title":"V\u00cdDEO: Adolescente localizado no rio Pardo \u00e9 sepultado em Pontal","author":"noticiasribeiraopreto.com.br","date":"8 de June de 2025","format":false,"excerpt":"Foi sepultado na manh\u00e3 deste domingo (8), no cemit\u00e9rio municipal de Pontal (SP), o corpo de Alex Gabriel dos Santos, de 16 anos. O adolescente estava desaparecido desde o \u00faltimo domingo (1\u00ba) e foi encontrado sem vida no s\u00e1bado (7), no rio Pardo, entre os munic\u00edpios de Pontal e C\u00e2ndia,\u2026","rel":"","context":"In &quot;Not\u00edcias de Ribeir\u00e3o Preto-SP e Regi\u00e3o&quot;","block_context":{"text":"Not\u00edcias de Ribeir\u00e3o Preto-SP e Regi\u00e3o","link":"https:\/\/noticiasribeiraopreto.com.br\/index.php\/category\/noticias-de-ribeirao-preto-sp-e-regiao-ismael-colosi\/"},"img":{"alt_text":"","src":"https:\/\/i0.wp.com\/noticiasribeiraopreto.com.br\/wp-content\/uploads\/2025\/06\/alex_sepultamento-scaled.jpeg?fit=800%2C450&ssl=1&resize=350%2C200","width":350,"height":200,"srcset":"https:\/\/i0.wp.com\/noticiasribeiraopreto.com.br\/wp-content\/uploads\/2025\/06\/alex_sepultamento-scaled.jpeg?fit=800%2C450&ssl=1&resize=350%2C200 1x, https:\/\/i0.wp.com\/noticiasribeiraopreto.com.br\/wp-content\/uploads\/2025\/06\/alex_sepultamento-scaled.jpeg?fit=800%2C450&ssl=1&resize=525%2C300 1.5x, https:\/\/i0.wp.com\/noticiasribeiraopreto.com.br\/wp-content\/uploads\/2025\/06\/alex_sepultamento-scaled.jpeg?fit=800%2C450&ssl=1&resize=700%2C400 2x"},"classes":[]},{"id":71654,"url":"https:\/\/noticiasribeiraopreto.com.br\/index.php\/2025\/06\/08\/video-adolescente-jogado-no-rio-pardo-e-sepultado-em-pontal\/","url_meta":{"origin":28908,"position":2},"title":"V\u00cdDEO: Adolescente jogado no rio Pardo \u00e9 sepultado em Pontal","author":"noticiasribeiraopreto.com.br","date":"8 de June de 2025","format":false,"excerpt":"Foi sepultado na manh\u00e3 deste domingo (8), no cemit\u00e9rio municipal de Pontal (SP), o corpo de Alex Gabriel dos Santos, de 16 anos. O adolescente estava desaparecido desde o \u00faltimo domingo (1\u00ba) e foi encontrado sem vida no s\u00e1bado (7), no rio Pardo, entre os munic\u00edpios de Pontal e C\u00e2ndia,\u2026","rel":"","context":"In &quot;Not\u00edcias de Ribeir\u00e3o Preto-SP e Regi\u00e3o&quot;","block_context":{"text":"Not\u00edcias de Ribeir\u00e3o Preto-SP e Regi\u00e3o","link":"https:\/\/noticiasribeiraopreto.com.br\/index.php\/category\/noticias-de-ribeirao-preto-sp-e-regiao-ismael-colosi\/"},"img":{"alt_text":"","src":"https:\/\/i0.wp.com\/noticiasribeiraopreto.com.br\/wp-content\/uploads\/2025\/06\/1749410756_alex_sepultamento-scaled.jpeg?fit=800%2C450&ssl=1&resize=350%2C200","width":350,"height":200,"srcset":"https:\/\/i0.wp.com\/noticiasribeiraopreto.com.br\/wp-content\/uploads\/2025\/06\/1749410756_alex_sepultamento-scaled.jpeg?fit=800%2C450&ssl=1&resize=350%2C200 1x, https:\/\/i0.wp.com\/noticiasribeiraopreto.com.br\/wp-content\/uploads\/2025\/06\/1749410756_alex_sepultamento-scaled.jpeg?fit=800%2C450&ssl=1&resize=525%2C300 1.5x, https:\/\/i0.wp.com\/noticiasribeiraopreto.com.br\/wp-content\/uploads\/2025\/06\/1749410756_alex_sepultamento-scaled.jpeg?fit=800%2C450&ssl=1&resize=700%2C400 2x"},"classes":[]},{"id":57993,"url":"https:\/\/noticiasribeiraopreto.com.br\/index.php\/2024\/09\/16\/familia-doa-orgaos-de-adolescente-que-morreu-em-escola-na-regiao-de-ribeirao\/","url_meta":{"origin":28908,"position":3},"title":"Fam\u00edlia doa \u00f3rg\u00e3os de adolescente que morreu em escola na regi\u00e3o\u00a0de\u00a0Ribeir\u00e3o","author":"noticiasribeiraopreto.com.br","date":"16 de September de 2024","format":false,"excerpt":"Um jovem de 16 anos morreu no domingo (15) quatro dias ap\u00f3s bater a cabe\u00e7a no ch\u00e3o dentro da escola em que estudava em\u00a0Miguel\u00f3polis, na regi\u00e3o de Ribeir\u00e3o Preto. A fam\u00edlia confirmou a doa\u00e7\u00e3o dos \u00f3rg\u00e3os. Segundo o boletim de ocorr\u00eancia,\u00a0Vitor Hugo Barbosa Soares\u00a0ficou gravemente ferido enquanto brincava com outros\u2026","rel":"","context":"In &quot;Not\u00edcias de Ribeir\u00e3o Preto-SP e Regi\u00e3o&quot;","block_context":{"text":"Not\u00edcias de Ribeir\u00e3o Preto-SP e Regi\u00e3o","link":"https:\/\/noticiasribeiraopreto.com.br\/index.php\/category\/noticias-de-ribeirao-preto-sp-e-regiao-ismael-colosi\/"},"img":{"alt_text":"","src":"https:\/\/i0.wp.com\/noticiasribeiraopreto.com.br\/wp-content\/uploads\/2024\/09\/Copia-de-Copia-de-Copia-de-TAMANHO-EXATO-PARA-FOTOS-NO-SISTEMA-NOVO-22_2024-09-16_15-56-51_png_2024-09-16_15-56-51.webp.webp?fit=1200%2C675&ssl=1&resize=350%2C200","width":350,"height":200,"srcset":"https:\/\/i0.wp.com\/noticiasribeiraopreto.com.br\/wp-content\/uploads\/2024\/09\/Copia-de-Copia-de-Copia-de-TAMANHO-EXATO-PARA-FOTOS-NO-SISTEMA-NOVO-22_2024-09-16_15-56-51_png_2024-09-16_15-56-51.webp.webp?fit=1200%2C675&ssl=1&resize=350%2C200 1x, https:\/\/i0.wp.com\/noticiasribeiraopreto.com.br\/wp-content\/uploads\/2024\/09\/Copia-de-Copia-de-Copia-de-TAMANHO-EXATO-PARA-FOTOS-NO-SISTEMA-NOVO-22_2024-09-16_15-56-51_png_2024-09-16_15-56-51.webp.webp?fit=1200%2C675&ssl=1&resize=525%2C300 1.5x, https:\/\/i0.wp.com\/noticiasribeiraopreto.com.br\/wp-content\/uploads\/2024\/09\/Copia-de-Copia-de-Copia-de-TAMANHO-EXATO-PARA-FOTOS-NO-SISTEMA-NOVO-22_2024-09-16_15-56-51_png_2024-09-16_15-56-51.webp.webp?fit=1200%2C675&ssl=1&resize=700%2C400 2x, https:\/\/i0.wp.com\/noticiasribeiraopreto.com.br\/wp-content\/uploads\/2024\/09\/Copia-de-Copia-de-Copia-de-TAMANHO-EXATO-PARA-FOTOS-NO-SISTEMA-NOVO-22_2024-09-16_15-56-51_png_2024-09-16_15-56-51.webp.webp?fit=1200%2C675&ssl=1&resize=1050%2C600 3x"},"classes":[]},{"id":47613,"url":"https:\/\/noticiasribeiraopreto.com.br\/index.php\/2024\/04\/26\/veja-quantas-criancas-e-adolescentes-ja-tomaram-a-vacina-contra-dengue-em-ribeirao\/","url_meta":{"origin":28908,"position":4},"title":"Veja quantas crian\u00e7as e adolescentes j\u00e1 tomaram a vacina contra dengue em Ribeir\u00e3o","author":"noticiasribeiraopreto.com.br","date":"26 de April de 2024","format":false,"excerpt":"Ap\u00f3s 15 dias que a vacina\u00e7\u00e3o contra dengue come\u00e7ou em Ribeir\u00e3o Preto, das 11 mil doses disponibilizadas para a cidade, apenas 7.010 foram aplicadas at\u00e9 quinta-feira (25). O total representa 63,7% do p\u00fablico-alvo, que s\u00e3o crian\u00e7as e adolescentes de 10 a 14 anos. Segundo dados da Secretaria Municipal da Sa\u00fade,\u2026","rel":"","context":"In &quot;Not\u00edcias de Ribeir\u00e3o Preto-SP e Regi\u00e3o&quot;","block_context":{"text":"Not\u00edcias de Ribeir\u00e3o Preto-SP e Regi\u00e3o","link":"https:\/\/noticiasribeiraopreto.com.br\/index.php\/category\/noticias-de-ribeirao-preto-sp-e-regiao-ismael-colosi\/"},"img":{"alt_text":"","src":"https:\/\/i0.wp.com\/noticiasribeiraopreto.com.br\/wp-content\/uploads\/2024\/04\/Copia-de-Copia-de-TAMANHO-EXATO-PARA-FOTOS-NO-SISTEMA-NOVO-2-3_2024-04-26_17-50-44_png.webp.webp?fit=1200%2C675&ssl=1&resize=350%2C200","width":350,"height":200,"srcset":"https:\/\/i0.wp.com\/noticiasribeiraopreto.com.br\/wp-content\/uploads\/2024\/04\/Copia-de-Copia-de-TAMANHO-EXATO-PARA-FOTOS-NO-SISTEMA-NOVO-2-3_2024-04-26_17-50-44_png.webp.webp?fit=1200%2C675&ssl=1&resize=350%2C200 1x, https:\/\/i0.wp.com\/noticiasribeiraopreto.com.br\/wp-content\/uploads\/2024\/04\/Copia-de-Copia-de-TAMANHO-EXATO-PARA-FOTOS-NO-SISTEMA-NOVO-2-3_2024-04-26_17-50-44_png.webp.webp?fit=1200%2C675&ssl=1&resize=525%2C300 1.5x, https:\/\/i0.wp.com\/noticiasribeiraopreto.com.br\/wp-content\/uploads\/2024\/04\/Copia-de-Copia-de-TAMANHO-EXATO-PARA-FOTOS-NO-SISTEMA-NOVO-2-3_2024-04-26_17-50-44_png.webp.webp?fit=1200%2C675&ssl=1&resize=700%2C400 2x, https:\/\/i0.wp.com\/noticiasribeiraopreto.com.br\/wp-content\/uploads\/2024\/04\/Copia-de-Copia-de-TAMANHO-EXATO-PARA-FOTOS-NO-SISTEMA-NOVO-2-3_2024-04-26_17-50-44_png.webp.webp?fit=1200%2C675&ssl=1&resize=1050%2C600 3x"},"classes":[]},{"id":6763,"url":"https:\/\/noticiasribeiraopreto.com.br\/index.php\/2023\/11\/26\/adolescente-esfaqueia-a-propria-mae-em-ribeirao-preto-vitima-fica-em-estado-grave\/","url_meta":{"origin":28908,"position":5},"title":"Adolescente esfaqueia a pr\u00f3pria m\u00e3e em Ribeir\u00e3o Preto; V\u00edtima fica em estado grave","author":"noticiasribeiraopreto.com.br","date":"26 de November de 2023","format":false,"excerpt":"Um adolescente esfaqueou a pr\u00f3pria m\u00e3e, na tarde deste domingo (26), na zona Oeste de Ribeir\u00e3o Preto. Aos policiais, o adolescente de 13 anos disse que pretendia assustar a m\u00e3e, que n\u00e3o teria deixado ele brincar na pra\u00e7a. A m\u00e3e, de 48 anos, recebeu quatro facadas, uma nas costas e\u2026","rel":"","context":"In &quot;Not\u00edcias de Ribeir\u00e3o Preto-SP e Regi\u00e3o&quot;","block_context":{"text":"Not\u00edcias de Ribeir\u00e3o Preto-SP e Regi\u00e3o","link":"https:\/\/noticiasribeiraopreto.com.br\/index.php\/category\/noticias-de-ribeirao-preto-sp-e-regiao-ismael-colosi\/"},"img":{"alt_text":"","src":"https:\/\/i0.wp.com\/noticiasribeiraopreto.com.br\/wp-content\/uploads\/2023\/11\/foto_governo_estado_sp.jpg_1839041271.webp.webp?fit=404%2C452&ssl=1&resize=350%2C200","width":350,"height":200},"classes":[]}],"jetpack_sharing_enabled":true,"jetpack_shortlink":"https:\/\/wp.me\/peQAOb-7wg","_links":{"self":[{"href":"https:\/\/noticiasribeiraopreto.com.br\/index.php\/wp-json\/wp\/v2\/posts\/28908","targetHints":{"allow":["GET"]}}],"collection":[{"href":"https:\/\/noticiasribeiraopreto.com.br\/index.php\/wp-json\/wp\/v2\/posts"}],"about":[{"href":"https:\/\/noticiasribeiraopreto.com.br\/index.php\/wp-json\/wp\/v2\/types\/post"}],"author":[{"embeddable":true,"href":"https:\/\/noticiasribeiraopreto.com.br\/index.php\/wp-json\/wp\/v2\/users\/1"}],"replies":[{"embeddable":true,"href":"https:\/\/noticiasribeiraopreto.com.br\/index.php\/wp-json\/wp\/v2\/comments?post=28908"}],"version-history":[{"count":0,"href":"https:\/\/noticiasribeiraopreto.com.br\/index.php\/wp-json\/wp\/v2\/posts\/28908\/revisions"}],"wp:featuredmedia":[{"embeddable":true,"href":"https:\/\/noticiasribeiraopreto.com.br\/index.php\/wp-json\/wp\/v2\/media\/28909"}],"wp:attachment":[{"href":"https:\/\/noticiasribeiraopreto.com.br\/index.php\/wp-json\/wp\/v2\/media?parent=28908"}],"wp:term":[{"taxonomy":"category","embeddable":true,"href":"https:\/\/noticiasribeiraopreto.com.br\/index.php\/wp-json\/wp\/v2\/categories?post=28908"},{"taxonomy":"post_tag","embeddable":true,"href":"https:\/\/noticiasribeiraopreto.com.br\/index.php\/wp-json\/wp\/v2\/tags?post=28908"}],"curies":[{"name":"wp","href":"https:\/\/api.w.org\/{rel}","templated":true}]}}