{"id":28926,"date":"2024-01-17T01:15:17","date_gmt":"2024-01-17T04:15:17","guid":{"rendered":"https:\/\/noticiasribeiraopreto.com.br\/index.php\/2024\/01\/17\/saiba-quem-e-guilherme-madruga-vencedor-premio-puskas-com-gol-pelo-botafogo\/"},"modified":"2024-01-17T01:15:17","modified_gmt":"2024-01-17T04:15:17","slug":"saiba-quem-e-guilherme-madruga-vencedor-premio-puskas-com-gol-pelo-botafogo","status":"publish","type":"post","link":"https:\/\/noticiasribeiraopreto.com.br\/index.php\/2024\/01\/17\/saiba-quem-e-guilherme-madruga-vencedor-premio-puskas-com-gol-pelo-botafogo\/","title":{"rendered":"Saiba quem \u00e9 Guilherme Madruga, vencedor do Pr\u00eamio Pusk\u00e1s com gol pelo Botafogo"},"content":{"rendered":"<div class='code-block code-block-1' style='margin: 8px 0 8px auto; text-align: right; display: block; clear: both;'>\n<p><a href=\"https:\/\/wa.link\/vpicfd\"><img data-recalc-dims=\"1\" class=\"wp-image-4922\" style=\"aspect-ratio: 2.0253164556962027; width: 561px; height: auto;\" src=\"https:\/\/i0.wp.com\/ismaelcolosi.com.br\/wp-content\/uploads\/2023\/11\/grupo-de-empregos-whatsapp-e-facebook-ismael-colosi-vagas.jpg?ssl=1\" alt=\"\" \/><\/a><\/p>\n<!-- \/wp:image -->\n<\/div>\n<p> <br \/>\n<\/p>\n<div data-td-block-uid=\"tdi_104\">\n<div class=\"tdb-block-inner td-fix-index\">\n<p>O meio-campista <strong>Guilherme Madruga<\/strong>, de 23 anos, vencedor do <strong>Pr\u00eamio Pusk\u00e1s da Fifa<\/strong> pelo gola\u00e7o de bicicleta marcado pelo <strong>Botafogo de Ribeir\u00e3o Preto <\/strong>em partida contra o Novorizontino, no<strong> Campeonato Brasileiro da S\u00e9rie B de 2023<\/strong>, foi <mark style=\"background-color:#fcb900\" class=\"has-inline-color has-black-color\">vendido para o <strong>Cuiab\u00e1 <\/strong>por R$ 3,6 milh\u00f5es.<\/mark><\/p>\n<p>A negocia\u00e7\u00e3o foi anunciada pela equipe do Mato Grosso na \u00faltima segunda-feira (15). O tricolor de <strong>Ribeir\u00e3o Preto<\/strong> ainda ficar\u00e1 com 40% dos direitos econ\u00f4micos do jogador, que \u00e9 <mark style=\"background-color:#fcb900\" class=\"has-inline-color has-black-color\">nascido em Campo Grande, no Mato Grosso do Sul.<\/mark><\/p>\n<p>Guilherme Madruga estava no Pantera desde novembro de 2022, ap\u00f3s se destacar pelo Desportivo Brasil, entre 2017 e 2022. Ele tamb\u00e9m jogou nas categorias de base do Jos\u00e9 Bonif\u00e1cio.<\/p>\n<p>O atleta come\u00e7ou a carreira como zagueiro, mas conseguiu se destacar atuando no meio-campo, onde atua como segundo volante. Pelo Botafogo, Madruga jogou 46 partidas.<\/p>\n<p>Al\u00e9m do gola\u00e7o de bicicleta, ele fez outro gola\u00e7o, desta vez de antes da metade do campo no ano passado. Curiosamente, o tento tamb\u00e9m foi marcado contra o Novorizontino, mas em partida v\u00e1lido pelo segundo turno da S\u00e9rie B.<\/p>\n<p>SAIBA MAIS<br \/>Ap\u00f3s 2 anos: Entenda a situa\u00e7\u00e3o do restauro dos museus do Caf\u00e9 e Hist\u00f3rico de Ribeir\u00e3o<\/p>\n<h4 class=\"wp-block-heading\"><strong>FIQUE ON<\/strong><\/h4>\n<p>Fique ligado em tudo que acontece em Ribeir\u00e3o Preto e regi\u00e3o. Siga os perfis do <strong>acidade on <\/strong>no <a href=\"https:\/\/www.instagram.com\/acidadeonribeirao\" target=\"_blank\" rel=\"noreferrer noopener nofollow\">Instagram<\/a> e no <a href=\"https:\/\/www.facebook.com\/acidadeonribeirao\" target=\"_blank\" rel=\"noreferrer noopener nofollow\">Facebook.<\/a><\/p>\n<p>Receba not\u00edcias do<strong> acidade on <\/strong>no WhatsApp. <a href=\"https:\/\/chat.whatsapp.com\/Bnv2w66ZT4VDyZW3oiZ69n\" target=\"_blank\" rel=\"noreferrer noopener nofollow\">Para entrar no grupo, basta clicar aqui.<\/a><\/p>\n<p>Fa\u00e7a uma den\u00fancia ou sugira uma reportagem sobre Ribeir\u00e3o Preto e regi\u00e3o pelo WhatsApp: 16 99117 7802.<\/p>\n<p>VEJA TAMB\u00c9M<br \/>Bruna Marquezine mostra passaporte ap\u00f3s conquistar cidadania italiana<\/p>\n<p><!-- AI CONTENT END 1 -->\n<\/div>\n<\/div>\n<p><script async src=\"\/\/www.instagram.com\/embed.js\"><\/script><br \/>\n<br \/><br \/>\n<br \/><a href=\"https:\/\/www.acidadeon.com\/ribeiraopreto\/esportes\/saiba-quem-e-guilherme-madruga-vencedor-premio-puskas-com-gol-pelo-botafogo\/\">Source link <\/a><\/p>\n<!-- CONTENT END 1 -->\n","protected":false},"excerpt":{"rendered":"<p>O meio-campista Guilherme Madruga, de 23 anos, vencedor do Pr\u00eamio Pusk\u00e1s da Fifa pelo gola\u00e7o de bicicleta marcado pelo Botafogo de Ribeir\u00e3o Preto em partida&#8230;<\/p>\n","protected":false},"author":1,"featured_media":28927,"comment_status":"open","ping_status":"open","sticky":false,"template":"","format":"standard","meta":{"advanced_seo_description":"","jetpack_seo_html_title":"","jetpack_seo_noindex":false,"jetpack_post_was_ever_published":false,"_jetpack_newsletter_access":"","_jetpack_dont_email_post_to_subs":false,"_jetpack_newsletter_tier_id":0,"_jetpack_memberships_contains_paywalled_content":false,"_jetpack_memberships_contains_paid_content":false,"footnotes":"","jetpack_publicize_message":"","jetpack_publicize_feature_enabled":true,"jetpack_social_post_already_shared":true,"jetpack_social_options":{"image_generator_settings":{"template":"highway","default_image_id":0,"font":"","enabled":false},"version":2}},"categories":[11],"tags":[52,2592,54,3556,885,507,2153,456,123,3621],"class_list":["post-28926","post","type-post","status-publish","format-standard","has-post-thumbnail","hentry","category-noticias-de-ribeirao-preto-sp-e-regiao-ismael-colosi","tag-botafogo","tag-gol","tag-guilherme","tag-madruga","tag-pelo","tag-premio","tag-puskas","tag-quem","tag-saiba","tag-vencedor"],"jetpack_publicize_connections":[],"jetpack_featured_media_url":"https:\/\/i0.wp.com\/noticiasribeiraopreto.com.br\/wp-content\/uploads\/2024\/01\/guilherme-madruga-1.jpg?fit=1197%2C859&ssl=1","jetpack-related-posts":[{"id":28416,"url":"https:\/\/noticiasribeiraopreto.com.br\/index.php\/2024\/01\/15\/guilherme-madruga-vence-o-premio-puskas-veja-o-video-do-gol-mais-bonito-do-mundo\/","url_meta":{"origin":28926,"position":0},"title":"Guilherme Madruga vence o Pr\u00eamio Puskas com gol de bicicleta; Assista","author":"noticiasribeiraopreto.com.br","date":"15 de January de 2024","format":false,"excerpt":"O gola\u00e7o de bicicleta do volante Guilherme Madruga, ex-jogador do Botafogo, foi o grande vencedor do Pr\u00eamio Puskas. A cerim\u00f4nia que anunciou a vit\u00f3ria do jogador aconteceu em Londres, nesta segunda-feira (15). Veja o v\u00eddeo do gol da partida logo abaixo. Contratado recentemente pelo Cuiab\u00e1, o gol de Madruga aconteceu\u2026","rel":"","context":"In &quot;Not\u00edcias de Ribeir\u00e3o Preto-SP e Regi\u00e3o&quot;","block_context":{"text":"Not\u00edcias de Ribeir\u00e3o Preto-SP e Regi\u00e3o","link":"https:\/\/noticiasribeiraopreto.com.br\/index.php\/category\/noticias-de-ribeirao-preto-sp-e-regiao-ismael-colosi\/"},"img":{"alt_text":"","src":"https:\/\/i0.wp.com\/noticiasribeiraopreto.com.br\/wp-content\/uploads\/2024\/01\/gol-premio-Puskas.jpg?fit=1061%2C769&ssl=1&resize=350%2C200","width":350,"height":200,"srcset":"https:\/\/i0.wp.com\/noticiasribeiraopreto.com.br\/wp-content\/uploads\/2024\/01\/gol-premio-Puskas.jpg?fit=1061%2C769&ssl=1&resize=350%2C200 1x, https:\/\/i0.wp.com\/noticiasribeiraopreto.com.br\/wp-content\/uploads\/2024\/01\/gol-premio-Puskas.jpg?fit=1061%2C769&ssl=1&resize=525%2C300 1.5x, https:\/\/i0.wp.com\/noticiasribeiraopreto.com.br\/wp-content\/uploads\/2024\/01\/gol-premio-Puskas.jpg?fit=1061%2C769&ssl=1&resize=700%2C400 2x, https:\/\/i0.wp.com\/noticiasribeiraopreto.com.br\/wp-content\/uploads\/2024\/01\/gol-premio-Puskas.jpg?fit=1061%2C769&ssl=1&resize=1050%2C600 3x"},"classes":[]},{"id":28514,"url":"https:\/\/noticiasribeiraopreto.com.br\/index.php\/2024\/01\/16\/guilherme-madruga-ex-botafogo-vence-premio-puskas-por-golaco-de-bicicleta\/","url_meta":{"origin":28926,"position":1},"title":"Guilherme Madruga, ex-Botafogo, vence Pr\u00eamio Pusk\u00e1s por gola\u00e7o de bicicleta","author":"noticiasribeiraopreto.com.br","date":"16 de January de 2024","format":false,"excerpt":"15 de janeiro de 2024 | 17:4715 de janeiro de 2024 | 17:49 3Guilherme Madruga, ex-Botafogo-SP e hoje do Cuiab\u00e1, ganhou o Pr\u00eamio Pusk\u00e1s, que elege o gol mais bonito do ano no planeta.O meio-campista de 23 anos superou Julio Enciso e Nuno Santos. Os atletas de Brighton e Sporting,\u2026","rel":"","context":"In &quot;Not\u00edcias de Ribeir\u00e3o Preto-SP e Regi\u00e3o&quot;","block_context":{"text":"Not\u00edcias de Ribeir\u00e3o Preto-SP e Regi\u00e3o","link":"https:\/\/noticiasribeiraopreto.com.br\/index.php\/category\/noticias-de-ribeirao-preto-sp-e-regiao-ismael-colosi\/"},"img":{"alt_text":"","src":"https:\/\/i0.wp.com\/noticiasribeiraopreto.com.br\/wp-content\/uploads\/2024\/01\/a2e12573-2659-4e3c-8127-8a8c7c0893a5.jpg?fit=450%2C450&ssl=1&resize=350%2C200","width":350,"height":200},"classes":[]},{"id":15841,"url":"https:\/\/noticiasribeiraopreto.com.br\/index.php\/2023\/12\/14\/golaco-de-jogador-do-botafogo-e-finalista-do-premio-puskas-da-fifa\/","url_meta":{"origin":28926,"position":2},"title":"Gola\u00e7o de jogador do Botafogo \u00e9 finalista do Pr\u00eamio Pusk\u00e1s da Fifa","author":"noticiasribeiraopreto.com.br","date":"14 de December de 2023","format":false,"excerpt":"A Fifa divulgou nesta quinta-feira (14) os finalistas do Pr\u00eamio Pusk\u00e1s de gol mais bonito de 2023 e, entre os indicados, est\u00e1 o gola\u00e7o de bicicleta de Guilherme Madruga, meio-campo do Botafogo, na partida contra o Novorizontino no Campeonato Brasileiro da S\u00e9rie B. O jogador da equipe de Ribeir\u00e3o Preto\u2026","rel":"","context":"In &quot;Not\u00edcias de Ribeir\u00e3o Preto-SP e Regi\u00e3o&quot;","block_context":{"text":"Not\u00edcias de Ribeir\u00e3o Preto-SP e Regi\u00e3o","link":"https:\/\/noticiasribeiraopreto.com.br\/index.php\/category\/noticias-de-ribeirao-preto-sp-e-regiao-ismael-colosi\/"},"img":{"alt_text":"","src":"https:\/\/i0.wp.com\/noticiasribeiraopreto.com.br\/wp-content\/uploads\/2023\/12\/gol-premio-Puskas.jpg?fit=1061%2C769&ssl=1&resize=350%2C200","width":350,"height":200,"srcset":"https:\/\/i0.wp.com\/noticiasribeiraopreto.com.br\/wp-content\/uploads\/2023\/12\/gol-premio-Puskas.jpg?fit=1061%2C769&ssl=1&resize=350%2C200 1x, https:\/\/i0.wp.com\/noticiasribeiraopreto.com.br\/wp-content\/uploads\/2023\/12\/gol-premio-Puskas.jpg?fit=1061%2C769&ssl=1&resize=525%2C300 1.5x, https:\/\/i0.wp.com\/noticiasribeiraopreto.com.br\/wp-content\/uploads\/2023\/12\/gol-premio-Puskas.jpg?fit=1061%2C769&ssl=1&resize=700%2C400 2x, https:\/\/i0.wp.com\/noticiasribeiraopreto.com.br\/wp-content\/uploads\/2023\/12\/gol-premio-Puskas.jpg?fit=1061%2C769&ssl=1&resize=1050%2C600 3x"},"classes":[]},{"id":28745,"url":"https:\/\/noticiasribeiraopreto.com.br\/index.php\/2024\/01\/16\/ribeirao-preto-vai-ganhar-unidade-do-bar-do-zeca-pagodinho-veja-o-local\/","url_meta":{"origin":28926,"position":3},"title":"Ribeir\u00e3o Preto vai ganhar unidade do Bar do Zeca Pagodinho; Veja o local","author":"noticiasribeiraopreto.com.br","date":"16 de January de 2024","format":false,"excerpt":"Ribeir\u00e3o Preto vai ganhar uma unidade do Bar do Zeca Pagodinho, que dever\u00e1 ser instalado na Arena Nicnet Eurobike, o est\u00e1dio do Botafogo, onde ficava o Seo Tib\u00e9rio, que encerrou as atividades no final de 2023. A informa\u00e7\u00e3o foi confirmada pela assessoria do cantor Zeca Pagodinho ao acidade on Ribeir\u00e3o,\u2026","rel":"","context":"In &quot;Not\u00edcias de Ribeir\u00e3o Preto-SP e Regi\u00e3o&quot;","block_context":{"text":"Not\u00edcias de Ribeir\u00e3o Preto-SP e Regi\u00e3o","link":"https:\/\/noticiasribeiraopreto.com.br\/index.php\/category\/noticias-de-ribeirao-preto-sp-e-regiao-ismael-colosi\/"},"img":{"alt_text":"","src":"https:\/\/i0.wp.com\/noticiasribeiraopreto.com.br\/wp-content\/uploads\/2024\/01\/bar-do-zeca-pagodinho.jpg?fit=940%2C798&ssl=1&resize=350%2C200","width":350,"height":200,"srcset":"https:\/\/i0.wp.com\/noticiasribeiraopreto.com.br\/wp-content\/uploads\/2024\/01\/bar-do-zeca-pagodinho.jpg?fit=940%2C798&ssl=1&resize=350%2C200 1x, https:\/\/i0.wp.com\/noticiasribeiraopreto.com.br\/wp-content\/uploads\/2024\/01\/bar-do-zeca-pagodinho.jpg?fit=940%2C798&ssl=1&resize=525%2C300 1.5x, https:\/\/i0.wp.com\/noticiasribeiraopreto.com.br\/wp-content\/uploads\/2024\/01\/bar-do-zeca-pagodinho.jpg?fit=940%2C798&ssl=1&resize=700%2C400 2x"},"classes":[]},{"id":20459,"url":"https:\/\/noticiasribeiraopreto.com.br\/index.php\/2023\/12\/25\/cartolas-de-botafogo-e-comercial-avaliam-2023-como-positivo\/","url_meta":{"origin":28926,"position":4},"title":"Cartolas de Botafogo e Comercial avaliam 2023 como positivo\u00a0","author":"noticiasribeiraopreto.com.br","date":"25 de December de 2023","format":false,"excerpt":"Pantera \u2013 Se n\u00e3o foi um ano de vit\u00f3rias, como o anterior, quando garantiram acessos ao Brasileiro da S\u00e9rie B e a A2 Paulista, respectivamente, Botafogo e Comercial tamb\u00e9m n\u00e3o podem reclamar de 2023. Mesmo sem apresentar um futebol brilhante e conquistar os torcedores, a dupla Come-Fogo conseguiu se manter\u2026","rel":"","context":"In &quot;Not\u00edcias de Ribeir\u00e3o Preto-SP e Regi\u00e3o&quot;","block_context":{"text":"Not\u00edcias de Ribeir\u00e3o Preto-SP e Regi\u00e3o","link":"https:\/\/noticiasribeiraopreto.com.br\/index.php\/category\/noticias-de-ribeirao-preto-sp-e-regiao-ismael-colosi\/"},"img":{"alt_text":"","src":"https:\/\/i0.wp.com\/noticiasribeiraopreto.com.br\/wp-content\/uploads\/2023\/12\/melhor-bola-futebol-campo.jpg?fit=967%2C645&ssl=1&resize=350%2C200","width":350,"height":200,"srcset":"https:\/\/i0.wp.com\/noticiasribeiraopreto.com.br\/wp-content\/uploads\/2023\/12\/melhor-bola-futebol-campo.jpg?fit=967%2C645&ssl=1&resize=350%2C200 1x, https:\/\/i0.wp.com\/noticiasribeiraopreto.com.br\/wp-content\/uploads\/2023\/12\/melhor-bola-futebol-campo.jpg?fit=967%2C645&ssl=1&resize=525%2C300 1.5x, https:\/\/i0.wp.com\/noticiasribeiraopreto.com.br\/wp-content\/uploads\/2023\/12\/melhor-bola-futebol-campo.jpg?fit=967%2C645&ssl=1&resize=700%2C400 2x"},"classes":[]},{"id":21912,"url":"https:\/\/noticiasribeiraopreto.com.br\/index.php\/2023\/12\/28\/pelaipe-confirma-botafogo-ativo-no-mercado-faltam-ainda-dois-ou-tres-atletas\/","url_meta":{"origin":28926,"position":5},"title":"Pelaipe confirma Botafogo ativo no mercado: \u2018Faltam ainda dois ou tr\u00eas atletas\u2019\u00a0","author":"noticiasribeiraopreto.com.br","date":"28 de December de 2023","format":false,"excerpt":"28 de dezembro de 2023 | 16:0028 de dezembro de 2023 | 9:43 0O Botafogo est\u00e1 ativo no mercado e j\u00e1 fechou a contrata\u00e7\u00e3o de 10 jogadores visando a temporada de 2024. Entretanto, mais nomes ainda devem chegar ao Pantera. Isso \u00e9 o que diz o diretor de futebol do\u2026","rel":"","context":"In &quot;Not\u00edcias de Ribeir\u00e3o Preto-SP e Regi\u00e3o&quot;","block_context":{"text":"Not\u00edcias de Ribeir\u00e3o Preto-SP e Regi\u00e3o","link":"https:\/\/noticiasribeiraopreto.com.br\/index.php\/category\/noticias-de-ribeirao-preto-sp-e-regiao-ismael-colosi\/"},"img":{"alt_text":"","src":"https:\/\/i0.wp.com\/noticiasribeiraopreto.com.br\/wp-content\/uploads\/2023\/12\/Botafogo-2-4-scaled.jpg?fit=967%2C645&ssl=1&resize=350%2C200","width":350,"height":200,"srcset":"https:\/\/i0.wp.com\/noticiasribeiraopreto.com.br\/wp-content\/uploads\/2023\/12\/Botafogo-2-4-scaled.jpg?fit=967%2C645&ssl=1&resize=350%2C200 1x, https:\/\/i0.wp.com\/noticiasribeiraopreto.com.br\/wp-content\/uploads\/2023\/12\/Botafogo-2-4-scaled.jpg?fit=967%2C645&ssl=1&resize=525%2C300 1.5x, https:\/\/i0.wp.com\/noticiasribeiraopreto.com.br\/wp-content\/uploads\/2023\/12\/Botafogo-2-4-scaled.jpg?fit=967%2C645&ssl=1&resize=700%2C400 2x"},"classes":[]}],"jetpack_sharing_enabled":true,"jetpack_shortlink":"https:\/\/wp.me\/peQAOb-7wy","_links":{"self":[{"href":"https:\/\/noticiasribeiraopreto.com.br\/index.php\/wp-json\/wp\/v2\/posts\/28926","targetHints":{"allow":["GET"]}}],"collection":[{"href":"https:\/\/noticiasribeiraopreto.com.br\/index.php\/wp-json\/wp\/v2\/posts"}],"about":[{"href":"https:\/\/noticiasribeiraopreto.com.br\/index.php\/wp-json\/wp\/v2\/types\/post"}],"author":[{"embeddable":true,"href":"https:\/\/noticiasribeiraopreto.com.br\/index.php\/wp-json\/wp\/v2\/users\/1"}],"replies":[{"embeddable":true,"href":"https:\/\/noticiasribeiraopreto.com.br\/index.php\/wp-json\/wp\/v2\/comments?post=28926"}],"version-history":[{"count":0,"href":"https:\/\/noticiasribeiraopreto.com.br\/index.php\/wp-json\/wp\/v2\/posts\/28926\/revisions"}],"wp:featuredmedia":[{"embeddable":true,"href":"https:\/\/noticiasribeiraopreto.com.br\/index.php\/wp-json\/wp\/v2\/media\/28927"}],"wp:attachment":[{"href":"https:\/\/noticiasribeiraopreto.com.br\/index.php\/wp-json\/wp\/v2\/media?parent=28926"}],"wp:term":[{"taxonomy":"category","embeddable":true,"href":"https:\/\/noticiasribeiraopreto.com.br\/index.php\/wp-json\/wp\/v2\/categories?post=28926"},{"taxonomy":"post_tag","embeddable":true,"href":"https:\/\/noticiasribeiraopreto.com.br\/index.php\/wp-json\/wp\/v2\/tags?post=28926"}],"curies":[{"name":"wp","href":"https:\/\/api.w.org\/{rel}","templated":true}]}}