{"id":28953,"date":"2024-01-17T03:35:20","date_gmt":"2024-01-17T06:35:20","guid":{"rendered":"https:\/\/noticiasribeiraopreto.com.br\/index.php\/2024\/01\/17\/vacinacao-contra-a-dengue-vai-priorizar-jovens-de-6-a-16-anos\/"},"modified":"2024-01-17T03:35:20","modified_gmt":"2024-01-17T06:35:20","slug":"vacinacao-contra-a-dengue-vai-priorizar-jovens-de-6-a-16-anos","status":"publish","type":"post","link":"https:\/\/noticiasribeiraopreto.com.br\/index.php\/2024\/01\/17\/vacinacao-contra-a-dengue-vai-priorizar-jovens-de-6-a-16-anos\/","title":{"rendered":"Vacina\u00e7\u00e3o contra a dengue vai priorizar jovens de 6 a 16 anos\u00a0"},"content":{"rendered":"<div class='code-block code-block-1' style='margin: 8px 0 8px auto; text-align: right; display: block; clear: both;'>\n<p><a href=\"https:\/\/wa.link\/vpicfd\"><img data-recalc-dims=\"1\" class=\"wp-image-4922\" style=\"aspect-ratio: 2.0253164556962027; width: 561px; height: auto;\" src=\"https:\/\/i0.wp.com\/ismaelcolosi.com.br\/wp-content\/uploads\/2023\/11\/grupo-de-empregos-whatsapp-e-facebook-ismael-colosi-vagas.jpg?ssl=1\" alt=\"\" \/><\/a><\/p>\n<!-- \/wp:image -->\n<\/div>\n<p> <br \/>\n<\/p>\n<div id=\"post-370510\">\n<header class=\"entry-header penci-entry-header penci-title-center\">\n<p> <span class=\"entry-meta-item penci-posted-on\"><i class=\"fa fa-clock-o\"\/><time class=\"entry-date published\" datetime=\"2024-01-16T14:00:41-03:00\">16 de janeiro de 2024 | 14:00<\/time><time class=\"updated\" datetime=\"2024-01-16T09:10:04-03:00\">16 de janeiro de 2024 | 9:10<\/time><\/span><\/p>\n<p> <span class=\"penci-social-buttons penci-social-share-footer\"><a href=\"#\" class=\"penci-post-like penci_post-meta_item  single-like-button penci-social-item like\" data-post_id=\"370510\" title=\"Like\" data-like=\"Like\" data-unlike=\"Unlike\"><i class=\"fa fa-thumbs-o-up\"\/><span class=\"penci-share-number\">0<\/span><\/a><i class=\"fa fa-facebook\"\/><a class=\"penci-social-item twitter\" target=\"_blank\" rel=\"noopener\" title=\"\" href=\"https:\/\/twitter.com\/intent\/tweet?text=Vacina\u00e7\u00e3o%20contra%20a%20dengue%20vai%20priorizar%20jovens%20de%206%20a%2016%20anos\u00a0%20-%20https:\/\/www.tribunaribeirao.com.br\/site\/vacinacao-contra-a-dengue-vai-priorizar-jovens-de-6-a-16-anos\/\"><i class=\"fa fa-twitter\"\/><\/a><i class=\"fa fa-whatsapp\"\/><\/span><\/header>\n<div class=\"penci-entry-content entry-content\">\n<p><span class=\"TextRun SCXW198808454 BCX0\" lang=\"PT-BR\" xml:lang=\"PT-BR\" data-contrast=\"auto\"><span class=\"NormalTextRun SCXW198808454 BCX0\">O Minist\u00e9rio da Sa\u00fade informou nesta segunda-feira<\/span><span class=\"NormalTextRun SCXW198808454 BCX0\">, 15 de janeiro, <\/span><span class=\"NormalTextRun SCXW198808454 BCX0\">que ir\u00e1 priorizar a faixa et\u00e1ria de 6 a 16 anos na aplica\u00e7\u00e3o da vacina contra a dengue.<\/span> <span class=\"NormalTextRun SCXW198808454 BCX0\">O pa\u00eds ir\u00e1 adquirir 5,2 milh\u00f5es doses da <\/span><span class=\"NormalTextRun SpellingErrorV2Themed SCXW198808454 BCX0\">Qdenga<\/span><span class=\"NormalTextRun SCXW198808454 BCX0\">, fabricada pelo laborat\u00f3rio japon\u00eas Takeda, al\u00e9m de doa\u00e7\u00f5es. O quantitativo ir\u00e1 possibilitar vacina\u00e7\u00e3o de at\u00e9 <\/span><span class=\"NormalTextRun SCXW198808454 BCX0\">tr\u00eas<\/span><span class=\"NormalTextRun SCXW198808454 BCX0\"> milh\u00f5es de pessoas, j\u00e1 que o esquema vacinal prev\u00ea duas doses.<\/span><\/span><span class=\"LineBreakBlob BlobObject DragDrop SCXW198808454 BCX0\"><span class=\"SCXW198808454 BCX0\">\u00a0<\/span><br class=\"SCXW198808454 BCX0\"\/><\/span><span class=\"LineBreakBlob BlobObject DragDrop SCXW198808454 BCX0\"><span class=\"SCXW198808454 BCX0\">\u00a0<\/span><br class=\"SCXW198808454 BCX0\"\/><\/span><span class=\"TextRun SCXW198808454 BCX0\" lang=\"PT-BR\" xml:lang=\"PT-BR\" data-contrast=\"auto\"><span class=\"NormalTextRun SCXW198808454 BCX0\">De acordo com o diretor do Programa Nacional de Imuniza\u00e7\u00f5es (PNI), Eder Gatti, a faixa et\u00e1ria \u00e9 preconizada pela Organiza\u00e7\u00e3o Mundial da Sa\u00fade (OMS) e recomendada pela C\u00e2mara T\u00e9cnica de Assessoramento em Imuniza\u00e7\u00e3o, composta por especialistas na \u00e1rea e que <\/span><span class=\"NormalTextRun ContextualSpellingAndGrammarErrorV2Themed SCXW198808454 BCX0\">reuniu-se<\/span> <span class=\"NormalTextRun SCXW198808454 BCX0\">ontem.<\/span><\/span><span class=\"LineBreakBlob BlobObject DragDrop SCXW198808454 BCX0\"><span class=\"SCXW198808454 BCX0\">\u00a0<\/span><br class=\"SCXW198808454 BCX0\"\/><\/span><span class=\"LineBreakBlob BlobObject DragDrop SCXW198808454 BCX0\"><span class=\"SCXW198808454 BCX0\">\u00a0<\/span><br class=\"SCXW198808454 BCX0\"\/><\/span><span class=\"TextRun SCXW198808454 BCX0\" lang=\"PT-BR\" xml:lang=\"PT-BR\" data-contrast=\"auto\"><span class=\"NormalTextRun SCXW198808454 BCX0\">\u201cDentro desse grupo [6 a 16 anos], vamos ver qual \u00e9 o melhor grupo et\u00e1rio para ter melhor resultado epidemiol\u00f3gico, evitando hospitaliza\u00e7\u00f5es e mortes\u201d, explicou o diretor.<\/span> <span class=\"NormalTextRun SCXW198808454 BCX0\">A defini\u00e7\u00e3o sobre qual p\u00fablico-alvo, bem como as localidades priorit\u00e1rias, ser\u00e1 feita em conjunto com estados e munic\u00edpios, em reuni\u00e3o marcada para \u00faltima quinta-feira deste m\u00eas.<\/span><\/span><span class=\"LineBreakBlob BlobObject DragDrop SCXW198808454 BCX0\"><span class=\"SCXW198808454 BCX0\">\u00a0<\/span><br class=\"SCXW198808454 BCX0\"\/><\/span><span class=\"LineBreakBlob BlobObject DragDrop SCXW198808454 BCX0\"><span class=\"SCXW198808454 BCX0\">\u00a0<\/span><br class=\"SCXW198808454 BCX0\"\/><\/span><span class=\"TextRun SCXW198808454 BCX0\" lang=\"PT-BR\" xml:lang=\"PT-BR\" data-contrast=\"auto\"><span class=\"NormalTextRun SCXW198808454 BCX0\">Gatti confirmou que a previs\u00e3o \u00e9 iniciar a vacina\u00e7\u00e3o em fevereiro. No dia 21 de dezembro, o Minist\u00e9rio da Sa\u00fade anunciou a incorpora\u00e7\u00e3o da vacina no Sistema \u00danico de Sa\u00fade (SUS). Segundo o governo federal, o Brasil \u00e9 o primeiro pa\u00eds do mundo a oferecer o imunizante em sistema p\u00fablico e universal.<\/span><\/span><span class=\"LineBreakBlob BlobObject DragDrop SCXW198808454 BCX0\"><span class=\"SCXW198808454 BCX0\">\u00a0<\/span><br class=\"SCXW198808454 BCX0\"\/><\/span><span class=\"LineBreakBlob BlobObject DragDrop SCXW198808454 BCX0\"><span class=\"SCXW198808454 BCX0\">\u00a0<\/span><br class=\"SCXW198808454 BCX0\"\/><\/span><span class=\"TextRun SCXW198808454 BCX0\" lang=\"PT-BR\" xml:lang=\"PT-BR\" data-contrast=\"auto\"><span class=\"NormalTextRun SCXW198808454 BCX0\">O imunizante <\/span><span class=\"NormalTextRun SpellingErrorV2Themed SCXW198808454 BCX0\">Qdenga<\/span><span class=\"NormalTextRun SCXW198808454 BCX0\"> tem registro na Ag\u00eancia Nacional de Vigil\u00e2ncia Sanit\u00e1ria (<\/span><span class=\"NormalTextRun SCXW198808454 BCX0\">Anvisa<\/span><span class=\"NormalTextRun SCXW198808454 BCX0\">) e \u00e9 indicado para preven\u00e7\u00e3o de dengue de 4 a 60 anos de idade, independentemente de a pessoa ter tido ou n\u00e3o a doen\u00e7a previamente.<\/span> <span class=\"NormalTextRun SCXW198808454 BCX0\">O Brasil bateu recorde de mortes por dengue no ano de 2023. Foram 1.079 mortes pela doen\u00e7a at\u00e9 o dia 27 de dezembro.<\/span><\/span><span class=\"LineBreakBlob BlobObject DragDrop SCXW198808454 BCX0\"><span class=\"SCXW198808454 BCX0\">\u00a0<\/span><br class=\"SCXW198808454 BCX0\"\/><\/span><span class=\"LineBreakBlob BlobObject DragDrop SCXW198808454 BCX0\"><span class=\"SCXW198808454 BCX0\">\u00a0<\/span><br class=\"SCXW198808454 BCX0\"\/><\/span><span class=\"TextRun SCXW198808454 BCX0\" lang=\"PT-BR\" xml:lang=\"PT-BR\" data-contrast=\"auto\"><span class=\"NormalTextRun SCXW198808454 BCX0\">De acordo com a <\/span><span class=\"NormalTextRun SCXW198808454 BCX0\">Organiza\u00e7\u00e3o Mundial da Sa\u00fade<\/span><span class=\"NormalTextRun SCXW198808454 BCX0\">, o pa\u00eds tem o maior n\u00famero de casos da doen\u00e7a no mundo, respondendo por metade do total global. Autoridades de sa\u00fade j\u00e1 alertaram para uma epidemia da doen\u00e7a no Brasil em 2024<\/span><span class=\"NormalTextRun SCXW198808454 BCX0\">. <\/span><\/span><span class=\"LineBreakBlob BlobObject DragDrop SCXW198808454 BCX0\"><span class=\"SCXW198808454 BCX0\">\u00a0<\/span><br class=\"SCXW198808454 BCX0\"\/><\/span><span class=\"LineBreakBlob BlobObject DragDrop SCXW198808454 BCX0\"><span class=\"SCXW198808454 BCX0\">\u00a0<\/span><br class=\"SCXW198808454 BCX0\"\/><\/span><\/p>\n<\/div>\n<footer class=\"penci-entry-footer\"\/><\/div>\n<p><script async src=\"\/\/platform.twitter.com\/widgets.js\" charset=\"utf-8\"><\/script><br \/>\n<br \/><br \/>\n<br \/><a href=\"https:\/\/www.tribunaribeirao.com.br\/site\/vacinacao-contra-a-dengue-vai-priorizar-jovens-de-6-a-16-anos\/\">Source link <\/a><\/p>\n<!-- CONTENT END 1 -->\n","protected":false},"excerpt":{"rendered":"<p>16 de janeiro de 2024 | 14:0016 de janeiro de 2024 | 9:10 0 O Minist\u00e9rio da Sa\u00fade informou nesta segunda-feira, 15 de janeiro, que&#8230;<\/p>\n","protected":false},"author":1,"featured_media":28954,"comment_status":"open","ping_status":"open","sticky":false,"template":"","format":"standard","meta":{"advanced_seo_description":"","jetpack_seo_html_title":"","jetpack_seo_noindex":false,"jetpack_post_was_ever_published":false,"_jetpack_newsletter_access":"","_jetpack_dont_email_post_to_subs":false,"_jetpack_newsletter_tier_id":0,"_jetpack_memberships_contains_paywalled_content":false,"_jetpack_memberships_contains_paid_content":false,"footnotes":"","jetpack_publicize_message":"","jetpack_publicize_feature_enabled":true,"jetpack_social_post_already_shared":true,"jetpack_social_options":{"image_generator_settings":{"template":"highway","default_image_id":0,"font":"","enabled":false},"version":2}},"categories":[11],"tags":[84,109,1269,1242,3558,1072,529],"class_list":["post-28953","post","type-post","status-publish","format-standard","has-post-thumbnail","hentry","category-noticias-de-ribeirao-preto-sp-e-regiao-ismael-colosi","tag-anos","tag-contra","tag-dengue","tag-jovens","tag-priorizar","tag-vacinacao","tag-vai"],"jetpack_publicize_connections":[],"jetpack_featured_media_url":"https:\/\/i0.wp.com\/noticiasribeiraopreto.com.br\/wp-content\/uploads\/2024\/01\/DengueVAC-Rogerio-Vidmantas-Prefeitura-de-Dourados-scaled.jpg?fit=1000%2C604&ssl=1","jetpack-related-posts":[{"id":28600,"url":"https:\/\/noticiasribeiraopreto.com.br\/index.php\/2024\/01\/16\/vacinacao-contra-dengue-vai-priorizar-faixa-etaria-de-6-a-16-anos\/","url_meta":{"origin":28953,"position":0},"title":"Vacina\u00e7\u00e3o contra dengue vai priorizar faixa et\u00e1ria de 6 a 16 anos \u2013 Folha de Ribeir\u00e3o","author":"noticiasribeiraopreto.com.br","date":"16 de January de 2024","format":false,"excerpt":"O Minist\u00e9rio da Sa\u00fade informou nesta segunda-feira (15) que ir\u00e1 priorizar a faixa et\u00e1ria de 6 a 16 anos na aplica\u00e7\u00e3o da vacina contra a dengue. O pa\u00eds ir\u00e1 adquirir\u00a05,2 milh\u00f5es de doses da Qdenga, fabricada pelo laborat\u00f3rio japon\u00eas Takeda, al\u00e9m de receber doa\u00e7\u00f5es. O quantitativo ir\u00e1 possibilitar vacina\u00e7\u00e3o de\u2026","rel":"","context":"In &quot;Not\u00edcias de Ribeir\u00e3o Preto-SP e Regi\u00e3o&quot;","block_context":{"text":"Not\u00edcias de Ribeir\u00e3o Preto-SP e Regi\u00e3o","link":"https:\/\/noticiasribeiraopreto.com.br\/index.php\/category\/noticias-de-ribeirao-preto-sp-e-regiao-ismael-colosi\/"},"img":{"alt_text":"","src":"","width":0,"height":0},"classes":[]},{"id":28449,"url":"https:\/\/noticiasribeiraopreto.com.br\/index.php\/2024\/01\/15\/vacinacao-contra-dengue-vai-priorizar-faixa-etaria-de-6-a-16-anos-entenda-1\/","url_meta":{"origin":28953,"position":1},"title":"Vacina\u00e7\u00e3o contra dengue vai priorizar faixa et\u00e1ria de 6 a 16 anos; Entenda","author":"noticiasribeiraopreto.com.br","date":"15 de January de 2024","format":false,"excerpt":"O Minist\u00e9rio da Sa\u00fade informou nesta segunda-feira (15) que ir\u00e1 priorizar a faixa et\u00e1ria de 6 a 16 anos na aplica\u00e7\u00e3o da vacina contra a dengue. O pa\u00eds ir\u00e1 adquirir\u00a05,2 milh\u00f5es de doses da Qdenga, fabricada pelo laborat\u00f3rio japon\u00eas Takeda, al\u00e9m de receber doa\u00e7\u00f5es. O quantitativo ir\u00e1 possibilitar vacina\u00e7\u00e3o de\u2026","rel":"","context":"In &quot;Not\u00edcias de Ribeir\u00e3o Preto-SP e Regi\u00e3o&quot;","block_context":{"text":"Not\u00edcias de Ribeir\u00e3o Preto-SP e Regi\u00e3o","link":"https:\/\/noticiasribeiraopreto.com.br\/index.php\/category\/noticias-de-ribeirao-preto-sp-e-regiao-ismael-colosi\/"},"img":{"alt_text":"","src":"https:\/\/i0.wp.com\/noticiasribeiraopreto.com.br\/wp-content\/uploads\/2024\/01\/1705362349_mosquito-213805_1280.jpg?fit=1200%2C800&ssl=1&resize=350%2C200","width":350,"height":200,"srcset":"https:\/\/i0.wp.com\/noticiasribeiraopreto.com.br\/wp-content\/uploads\/2024\/01\/1705362349_mosquito-213805_1280.jpg?fit=1200%2C800&ssl=1&resize=350%2C200 1x, https:\/\/i0.wp.com\/noticiasribeiraopreto.com.br\/wp-content\/uploads\/2024\/01\/1705362349_mosquito-213805_1280.jpg?fit=1200%2C800&ssl=1&resize=525%2C300 1.5x, https:\/\/i0.wp.com\/noticiasribeiraopreto.com.br\/wp-content\/uploads\/2024\/01\/1705362349_mosquito-213805_1280.jpg?fit=1200%2C800&ssl=1&resize=700%2C400 2x, https:\/\/i0.wp.com\/noticiasribeiraopreto.com.br\/wp-content\/uploads\/2024\/01\/1705362349_mosquito-213805_1280.jpg?fit=1200%2C800&ssl=1&resize=1050%2C600 3x"},"classes":[]},{"id":46438,"url":"https:\/\/noticiasribeiraopreto.com.br\/index.php\/2024\/04\/11\/vacinacao-contra-dengue-comeca-nesta-sexta-feira-em-ribeirao-preto-saiba-mais\/","url_meta":{"origin":28953,"position":2},"title":"Vacina\u00e7\u00e3o contra dengue come\u00e7a nesta sexta-feira em Ribeir\u00e3o Preto; Saiba mais","author":"noticiasribeiraopreto.com.br","date":"11 de April de 2024","format":false,"excerpt":"A vacina\u00e7\u00e3o contra dengue para crian\u00e7as de 10 e 11 anos de idade come\u00e7a nesta sexta-feira (12) em Ribeir\u00e3o Preto, nas 34 salas de vacinas nas unidades de sa\u00fade. Com 11 mil doses dispon\u00edveis, a\u00a0imuniza\u00e7\u00e3o\u00a0segue na\u00a0segunda-feira\u00a0(15) e pode ser agendada pelo site da Prefeitura de Ribeir\u00e3o Preto. Para receber a\u2026","rel":"","context":"In &quot;Not\u00edcias de Ribeir\u00e3o Preto-SP e Regi\u00e3o&quot;","block_context":{"text":"Not\u00edcias de Ribeir\u00e3o Preto-SP e Regi\u00e3o","link":"https:\/\/noticiasribeiraopreto.com.br\/index.php\/category\/noticias-de-ribeirao-preto-sp-e-regiao-ismael-colosi\/"},"img":{"alt_text":"","src":"https:\/\/i0.wp.com\/noticiasribeiraopreto.com.br\/wp-content\/uploads\/2024\/04\/Copia-de-Copia-de-TAMANHO-EXATO-PARA-FOTOS-NO-SISTEMA-NOVO-21-1.jpg?fit=1200%2C675&ssl=1&resize=350%2C200","width":350,"height":200,"srcset":"https:\/\/i0.wp.com\/noticiasribeiraopreto.com.br\/wp-content\/uploads\/2024\/04\/Copia-de-Copia-de-TAMANHO-EXATO-PARA-FOTOS-NO-SISTEMA-NOVO-21-1.jpg?fit=1200%2C675&ssl=1&resize=350%2C200 1x, https:\/\/i0.wp.com\/noticiasribeiraopreto.com.br\/wp-content\/uploads\/2024\/04\/Copia-de-Copia-de-TAMANHO-EXATO-PARA-FOTOS-NO-SISTEMA-NOVO-21-1.jpg?fit=1200%2C675&ssl=1&resize=525%2C300 1.5x, https:\/\/i0.wp.com\/noticiasribeiraopreto.com.br\/wp-content\/uploads\/2024\/04\/Copia-de-Copia-de-TAMANHO-EXATO-PARA-FOTOS-NO-SISTEMA-NOVO-21-1.jpg?fit=1200%2C675&ssl=1&resize=700%2C400 2x, https:\/\/i0.wp.com\/noticiasribeiraopreto.com.br\/wp-content\/uploads\/2024\/04\/Copia-de-Copia-de-TAMANHO-EXATO-PARA-FOTOS-NO-SISTEMA-NOVO-21-1.jpg?fit=1200%2C675&ssl=1&resize=1050%2C600 3x"},"classes":[]},{"id":79601,"url":"https:\/\/noticiasribeiraopreto.com.br\/index.php\/2025\/11\/04\/ribeirao-preto-tem-dia-d-de-vacinacao-contra-dengue-e-hpv-saiba-quando\/","url_meta":{"origin":28953,"position":3},"title":"Ribeir\u00e3o Preto tem Dia D de vacina\u00e7\u00e3o contra dengue e HPV; Saiba quando","author":"noticiasribeiraopreto.com.br","date":"4 de November de 2025","format":false,"excerpt":"Ribeir\u00e3o Preto promove o Dia D de vacina\u00e7\u00e3o contra a dengue e o HPV, para crian\u00e7as e adolescentes. A a\u00e7\u00e3o acontece no pr\u00f3ximo s\u00e1bado (8) em todas as 38 salas de vacina do munic\u00edpio, das 8h \u00e0s 16h30. Clique aqui e veja os endere\u00e7os. Para a imuniza\u00e7\u00e3o \u00e9 necess\u00e1rio apresentar\u2026","rel":"","context":"In &quot;Not\u00edcias de Ribeir\u00e3o Preto-SP e Regi\u00e3o&quot;","block_context":{"text":"Not\u00edcias de Ribeir\u00e3o Preto-SP e Regi\u00e3o","link":"https:\/\/noticiasribeiraopreto.com.br\/index.php\/category\/noticias-de-ribeirao-preto-sp-e-regiao-ismael-colosi\/"},"img":{"alt_text":"","src":"https:\/\/i0.wp.com\/noticiasribeiraopreto.com.br\/wp-content\/uploads\/2025\/11\/vacinacao_h1n1_-_foto_fernando_gonzaga_1_2025-11-04_16-59-11.webp.webp?fit=1200%2C800&ssl=1&resize=350%2C200","width":350,"height":200,"srcset":"https:\/\/i0.wp.com\/noticiasribeiraopreto.com.br\/wp-content\/uploads\/2025\/11\/vacinacao_h1n1_-_foto_fernando_gonzaga_1_2025-11-04_16-59-11.webp.webp?fit=1200%2C800&ssl=1&resize=350%2C200 1x, https:\/\/i0.wp.com\/noticiasribeiraopreto.com.br\/wp-content\/uploads\/2025\/11\/vacinacao_h1n1_-_foto_fernando_gonzaga_1_2025-11-04_16-59-11.webp.webp?fit=1200%2C800&ssl=1&resize=525%2C300 1.5x, https:\/\/i0.wp.com\/noticiasribeiraopreto.com.br\/wp-content\/uploads\/2025\/11\/vacinacao_h1n1_-_foto_fernando_gonzaga_1_2025-11-04_16-59-11.webp.webp?fit=1200%2C800&ssl=1&resize=700%2C400 2x, https:\/\/i0.wp.com\/noticiasribeiraopreto.com.br\/wp-content\/uploads\/2025\/11\/vacinacao_h1n1_-_foto_fernando_gonzaga_1_2025-11-04_16-59-11.webp.webp?fit=1200%2C800&ssl=1&resize=1050%2C600 3x"},"classes":[]},{"id":46098,"url":"https:\/\/noticiasribeiraopreto.com.br\/index.php\/2024\/04\/09\/ribeirao-preto-abre-agendamento-para-vacinacao-contra-dengue-saiba-mais\/","url_meta":{"origin":28953,"position":4},"title":"Ribeir\u00e3o Preto abre agendamento para vacina\u00e7\u00e3o contra dengue; Saiba mais","author":"noticiasribeiraopreto.com.br","date":"9 de April de 2024","format":false,"excerpt":"A Secretaria Municipal da Sa\u00fade abrir\u00e1 a partir das 10h desta quarta-feira (10) o agendamento da primeira dose da vacina contra dengue para crian\u00e7as de 10 e 11 anos. Para agendar basta acessar o site da Prefeitura de Ribeir\u00e3o Preto. A imuniza\u00e7\u00e3o acontecer\u00e1 na sexta-feira (12) e na segunda-feira (15),\u2026","rel":"","context":"In &quot;Not\u00edcias de Ribeir\u00e3o Preto-SP e Regi\u00e3o&quot;","block_context":{"text":"Not\u00edcias de Ribeir\u00e3o Preto-SP e Regi\u00e3o","link":"https:\/\/noticiasribeiraopreto.com.br\/index.php\/category\/noticias-de-ribeirao-preto-sp-e-regiao-ismael-colosi\/"},"img":{"alt_text":"","src":"https:\/\/i0.wp.com\/noticiasribeiraopreto.com.br\/wp-content\/uploads\/2024\/03\/AnyConv.com__vacina-dengue-1.webp.webp?fit=845%2C561&ssl=1&resize=350%2C200","width":350,"height":200,"srcset":"https:\/\/i0.wp.com\/noticiasribeiraopreto.com.br\/wp-content\/uploads\/2024\/03\/AnyConv.com__vacina-dengue-1.webp.webp?fit=845%2C561&ssl=1&resize=350%2C200 1x, https:\/\/i0.wp.com\/noticiasribeiraopreto.com.br\/wp-content\/uploads\/2024\/03\/AnyConv.com__vacina-dengue-1.webp.webp?fit=845%2C561&ssl=1&resize=525%2C300 1.5x, https:\/\/i0.wp.com\/noticiasribeiraopreto.com.br\/wp-content\/uploads\/2024\/03\/AnyConv.com__vacina-dengue-1.webp.webp?fit=845%2C561&ssl=1&resize=700%2C400 2x"},"classes":[]},{"id":33464,"url":"https:\/\/noticiasribeiraopreto.com.br\/index.php\/2024\/01\/29\/sus-vacinacao-contra-a-dengue-comeca-em-fevereiro-em-521-municipios\/","url_meta":{"origin":28953,"position":5},"title":"vacina\u00e7\u00e3o contra a dengue come\u00e7a em fevereiro, em 521 munic\u00edpios \u2013 Folha de Ribeir\u00e3o","author":"noticiasribeiraopreto.com.br","date":"29 de January de 2024","format":false,"excerpt":"O Minist\u00e9rio da Sa\u00fade informou que 521 munic\u00edpios brasileiros foram selecionados para iniciar a vacina\u00e7\u00e3o contra a dengue via Sistema \u00danico de Sa\u00fade (SUS) a partir de fevereiro. As cidades comp\u00f5em um total de 37 regi\u00f5es de sa\u00fade que, segundo a pasta, s\u00e3o consideradas end\u00eamicas para a doen\u00e7a. Acesse a\u00a0lista\u2026","rel":"","context":"In &quot;Not\u00edcias de Ribeir\u00e3o Preto-SP e Regi\u00e3o&quot;","block_context":{"text":"Not\u00edcias de Ribeir\u00e3o Preto-SP e Regi\u00e3o","link":"https:\/\/noticiasribeiraopreto.com.br\/index.php\/category\/noticias-de-ribeirao-preto-sp-e-regiao-ismael-colosi\/"},"img":{"alt_text":"Arte Mapa vacina\u00e7\u00e3o dengue por estado ","src":"https:\/\/i0.wp.com\/agenciabrasil.ebc.com.br\/sites\/default\/files\/thumbnails\/image\/mapa-vacinacao-dengue.png?resize=350%2C200&ssl=1","width":350,"height":200,"srcset":"https:\/\/i0.wp.com\/agenciabrasil.ebc.com.br\/sites\/default\/files\/thumbnails\/image\/mapa-vacinacao-dengue.png?resize=350%2C200&ssl=1 1x, https:\/\/i0.wp.com\/agenciabrasil.ebc.com.br\/sites\/default\/files\/thumbnails\/image\/mapa-vacinacao-dengue.png?resize=525%2C300&ssl=1 1.5x, https:\/\/i0.wp.com\/agenciabrasil.ebc.com.br\/sites\/default\/files\/thumbnails\/image\/mapa-vacinacao-dengue.png?resize=700%2C400&ssl=1 2x, https:\/\/i0.wp.com\/agenciabrasil.ebc.com.br\/sites\/default\/files\/thumbnails\/image\/mapa-vacinacao-dengue.png?resize=1050%2C600&ssl=1 3x"},"classes":[]}],"jetpack_sharing_enabled":true,"jetpack_shortlink":"https:\/\/wp.me\/peQAOb-7wZ","_links":{"self":[{"href":"https:\/\/noticiasribeiraopreto.com.br\/index.php\/wp-json\/wp\/v2\/posts\/28953","targetHints":{"allow":["GET"]}}],"collection":[{"href":"https:\/\/noticiasribeiraopreto.com.br\/index.php\/wp-json\/wp\/v2\/posts"}],"about":[{"href":"https:\/\/noticiasribeiraopreto.com.br\/index.php\/wp-json\/wp\/v2\/types\/post"}],"author":[{"embeddable":true,"href":"https:\/\/noticiasribeiraopreto.com.br\/index.php\/wp-json\/wp\/v2\/users\/1"}],"replies":[{"embeddable":true,"href":"https:\/\/noticiasribeiraopreto.com.br\/index.php\/wp-json\/wp\/v2\/comments?post=28953"}],"version-history":[{"count":0,"href":"https:\/\/noticiasribeiraopreto.com.br\/index.php\/wp-json\/wp\/v2\/posts\/28953\/revisions"}],"wp:featuredmedia":[{"embeddable":true,"href":"https:\/\/noticiasribeiraopreto.com.br\/index.php\/wp-json\/wp\/v2\/media\/28954"}],"wp:attachment":[{"href":"https:\/\/noticiasribeiraopreto.com.br\/index.php\/wp-json\/wp\/v2\/media?parent=28953"}],"wp:term":[{"taxonomy":"category","embeddable":true,"href":"https:\/\/noticiasribeiraopreto.com.br\/index.php\/wp-json\/wp\/v2\/categories?post=28953"},{"taxonomy":"post_tag","embeddable":true,"href":"https:\/\/noticiasribeiraopreto.com.br\/index.php\/wp-json\/wp\/v2\/tags?post=28953"}],"curies":[{"name":"wp","href":"https:\/\/api.w.org\/{rel}","templated":true}]}}