{"id":28979,"date":"2024-01-17T06:46:06","date_gmt":"2024-01-17T09:46:06","guid":{"rendered":"https:\/\/noticiasribeiraopreto.com.br\/index.php\/2024\/01\/17\/lancamentos-2024-as-duas-novas-marcas-chinesas-de-automoveis-que-chegam-ao-brasil-os-carros-de-luxo-e-as-estreias-adiadas\/"},"modified":"2024-01-17T06:46:06","modified_gmt":"2024-01-17T09:46:06","slug":"lancamentos-2024-as-duas-novas-marcas-chinesas-de-automoveis-que-chegam-ao-brasil-os-carros-de-luxo-e-as-estreias-adiadas","status":"publish","type":"post","link":"https:\/\/noticiasribeiraopreto.com.br\/index.php\/2024\/01\/17\/lancamentos-2024-as-duas-novas-marcas-chinesas-de-automoveis-que-chegam-ao-brasil-os-carros-de-luxo-e-as-estreias-adiadas\/","title":{"rendered":"Lan\u00e7amentos 2024: As duas novas marcas chinesas de autom\u00f3veis que chegam ao Brasil, os carros de luxo e as estreias adiadas"},"content":{"rendered":"<div class='code-block code-block-1' style='margin: 8px 0 8px auto; text-align: right; display: block; clear: both;'>\n<p><a href=\"https:\/\/wa.link\/vpicfd\"><img data-recalc-dims=\"1\" class=\"wp-image-4922\" style=\"aspect-ratio: 2.0253164556962027; width: 561px; height: auto;\" src=\"https:\/\/i0.wp.com\/ismaelcolosi.com.br\/wp-content\/uploads\/2023\/11\/grupo-de-empregos-whatsapp-e-facebook-ismael-colosi-vagas.jpg?ssl=1\" alt=\"\" \/><\/a><\/p>\n<!-- \/wp:image -->\n<\/div>\n<p> <br \/>\n<\/p>\n<div id=\"js-first-letter\">\n<p>Em meio aos <a href=\"https:\/\/www.seudinheiro.com\/2024\/economia\/lancamentos-de-2024-confira-6-modelos-de-suvs-acessiveis-vinp\/\" target=\"_blank\" rel=\"noreferrer noopener\">mais de 40 lan\u00e7amentos<\/a> de carros em todos os segmentos que montadoras e importadoras devem promover no Brasil em 2024, dois novos nomes v\u00e3o come\u00e7ar a aparecer: <strong>Omoda<\/strong> e <strong>Jaecoo<\/strong>.<\/p>\n<p>As duas novas marcas chinesas de autom\u00f3veis chegam ao pa\u00eds neste ano, ambas sob o comando da Chery.<\/p>\n<p>No sempre disputado segmento premium, as marcas alem\u00e3s prometem ser as protagonistas do ano.<\/p>\n<p>Enquanto isso, algumas estreias aguardadas, como o novo Nissan Kicks, s\u00f3 devem chegar \u00e0s ruas brasileiras em 2025.<\/p>\n<p>Confira a seguir a lista que fecha a s\u00e9rie do <strong>Seu Dinheiro <\/strong>sobre os lan\u00e7amentos de 2024 do mercado automotivo:<\/p>\n<p class=\"has-cyan-bluish-gray-background-color has-background\"><strong>Leia todas as reportagens da s\u00e9rie:<br \/><\/strong>&#8211;\u00a0<a href=\"https:\/\/www.seudinheiro.com\/2024\/economia\/lancamentos-de-2024-confira-6-modelos-de-suvs-acessiveis-vinp\/\" target=\"_blank\" rel=\"noreferrer noopener\">SUVs<\/a><br \/>&#8211;\u00a0<a href=\"https:\/\/www.seudinheiro.com\/2024\/economia\/lancamentos-2024-os-carros-eletricos-e-hibridos-que-chegam-ao-pais-neste-ano-vinp\/\" target=\"_blank\" rel=\"noreferrer noopener\">El\u00e9tricos e h\u00edbridos<\/a><br \/>&#8211; <a href=\"https:\/\/www.seudinheiro.com\/2024\/economia\/lancamentos-2024-as-picapes-e-outros-destaques-do-mercado-automotivo-vinp\/\" target=\"_blank\" rel=\"noreferrer noopener\">Picapes e outros<\/a><br \/><strong>&#8211; Novas marcas, carros de luxo e lan\u00e7amentos adiados para 2025 (voc\u00ea est\u00e1 aqui)<\/strong><\/p>\n<h3 class=\"wp-block-heading\" id=\"h-omoda\">Omoda<\/h3>\n<p>Sob o comando da Chery, a Omoda inicia em 2024 suas opera\u00e7\u00f5es no Brasil, que nada t\u00eam a ver com a Caoa Chery, que produz carros em An\u00e1polis (GO) e importa alguns modelos Chery da China.<\/p>\n<p>A nova marca, com planos de estar em 30 diferentes mercados, tem uma proposta voltada ao esp\u00edrito jovem, comprometida com ve\u00edculos \u201cde design avan\u00e7ado e tecnologia do futuro\u201d. Ela far\u00e1 sua estreia no Brasil com o 5, nome do SUV cup\u00ea na mesma faixa de pre\u00e7o e porte do Tiggo 5X, al\u00e9m de uma posterior vers\u00e3o el\u00e9trica.<\/p>\n<h3 class=\"wp-block-heading\" id=\"h-jaecoo\">Jaecoo<\/h3>\n<figure class=\"wp-block-image size-large\"><img data-recalc-dims=\"1\" loading=\"lazy\" decoding=\"async\" width=\"1024\" height=\"576\" src=\"https:\/\/i0.wp.com\/media.seudinheiro.com\/uploads\/2024\/01\/Jaecoo-J7-foto-Jaecoo-e1705430282119-1024x576.webp?resize=1024%2C576&#038;ssl=1\" alt=\"Jaecoo J7\" class=\"wp-image-531789\" srcset=\"https:\/\/media.seudinheiro.com\/uploads\/2024\/01\/Jaecoo-J7-foto-Jaecoo-e1705430282119-1024x576.webp 1024w, https:\/\/media.seudinheiro.com\/uploads\/2024\/01\/Jaecoo-J7-foto-Jaecoo-e1705430282119-715x402.webp 715w, https:\/\/media.seudinheiro.com\/uploads\/2024\/01\/Jaecoo-J7-foto-Jaecoo-e1705430282119-260x146.webp 260w, https:\/\/media.seudinheiro.com\/uploads\/2024\/01\/Jaecoo-J7-foto-Jaecoo-e1705430282119-300x169.webp 300w, https:\/\/media.seudinheiro.com\/uploads\/2024\/01\/Jaecoo-J7-foto-Jaecoo-e1705430282119-768x432.webp 768w, https:\/\/media.seudinheiro.com\/uploads\/2024\/01\/Jaecoo-J7-foto-Jaecoo-e1705430282119.webp 1200w\" sizes=\"auto, (max-width: 1024px) 100vw, 1024px\"\/><figcaption class=\"wp-element-caption\">Jaecoo J7<\/figcaption><\/figure>\n<p>Marca chinesa que tamb\u00e9m pertence \u00e0 Chery, a Jaecoo \u00e9 focada em ve\u00edculos off-road 4&#215;4 luxuosos. O primeiro modelo a desembarcar ser\u00e1 o J7 h\u00edbrido, SUV m\u00e9dio baseado no Chery TJ-1 e que ainda n\u00e3o entrou em produ\u00e7\u00e3o. \u00c9 uma marca menor, com perspectivas iniciais de atuar em dez pa\u00edses.<\/p>\n<h2 class=\"wp-block-heading\" id=\"h-lancamentos-do-segmento-premium-em-2024\">Lan\u00e7amentos do segmento premium em 2024<\/h2>\n<h3 class=\"wp-block-heading\" id=\"h-audi-q6-e-tron\">Audi Q6 e-tron<\/h3>\n<p>O SUV el\u00e9trico que compartilha plataforma com o Porsche Macan e posicionado abaixo do Q8 e-tron, ainda nem iniciou suas vendas na Europa, mas \u00e9 certo que desembarca no Brasil no segundo semestre.<\/p>\n<p>Os motores el\u00e9tricos variam de 396 a 517 cv. Tecnologias avan\u00e7adas, como tr\u00eas telas, controle por voz com aux\u00edlio de intelig\u00eancia artificial e realidade aumentada projetada no para-brisa ser\u00e3o alguns de seus destaques.\u00a0<\/p>\n<h3 class=\"wp-block-heading\" id=\"h-audi-rs6-avant-performance\">Audi RS6 Avant Performance<\/h3>\n<figure class=\"wp-block-image size-full\"><img data-recalc-dims=\"1\" decoding=\"async\" loading=\"lazy\" width=\"1200\" height=\"675\" src=\"https:\/\/i0.wp.com\/media.seudinheiro.com\/uploads\/2024\/01\/Audi-RS6-Avant-performance-foto-Audi.jpg?resize=1200%2C675&#038;ssl=1\" alt=\"Audi RS6 Avant Performance \" class=\"wp-image-531786\" srcset=\"https:\/\/media.seudinheiro.com\/uploads\/2024\/01\/Audi-RS6-Avant-performance-foto-Audi.jpg 1200w, https:\/\/media.seudinheiro.com\/uploads\/2024\/01\/Audi-RS6-Avant-performance-foto-Audi-715x402.jpg 715w, https:\/\/media.seudinheiro.com\/uploads\/2024\/01\/Audi-RS6-Avant-performance-foto-Audi-260x146.jpg 260w\" sizes=\"auto, (max-width: 1200px) 100vw, 1200px\"\/><figcaption class=\"wp-element-caption\">Audi RS6 Avant Performance <\/figcaption><\/figure>\n<p>Apesar de ser um segmento quase em extin\u00e7\u00e3o, a marca alem\u00e3 j\u00e1 confirmou a importa\u00e7\u00e3o da station wagon esportiva para este primeiro semestre. Dizem ser a derradeira vers\u00e3o movida a gasolina, antes da chegada de uma nova gera\u00e7\u00e3o el\u00e9trica.<\/p>\n<p>Sob o cap\u00f4, esta brava perua vem equipada com o motor V8 biturbo de 4 litros que gera 630 cv de pot\u00eancia acoplado a uma transmiss\u00e3o autom\u00e1tica de 8 marchas. O pre\u00e7o ainda n\u00e3o foi divulgado, mas a expectativa \u00e9 que ultrapasse os R$ 1,2 milh\u00e3o.<\/p>\n<h3 class=\"wp-block-heading\" id=\"h-bmw-i5\">BMW i5<\/h3>\n<figure class=\"wp-block-image size-full\"><img data-recalc-dims=\"1\" decoding=\"async\" loading=\"lazy\" width=\"1200\" height=\"675\" src=\"https:\/\/i0.wp.com\/media.seudinheiro.com\/uploads\/2024\/01\/BMW-i5-M60-2024-foto-BMW.jpg?resize=1200%2C675&#038;ssl=1\" alt=\"BMW i5 M60\" class=\"wp-image-531785\" srcset=\"https:\/\/media.seudinheiro.com\/uploads\/2024\/01\/BMW-i5-M60-2024-foto-BMW.jpg 1200w, https:\/\/media.seudinheiro.com\/uploads\/2024\/01\/BMW-i5-M60-2024-foto-BMW-715x402.jpg 715w, https:\/\/media.seudinheiro.com\/uploads\/2024\/01\/BMW-i5-M60-2024-foto-BMW-260x146.jpg 260w\" sizes=\"auto, (max-width: 1200px) 100vw, 1200px\"\/><figcaption class=\"wp-element-caption\">BMW i5<\/figcaption><\/figure>\n<p>O novo sed\u00e3 el\u00e9trico \u00e9 o primeiro de uma leva de carros que a BMW trar\u00e1 ao Brasil em 2024. Ele estreia na vers\u00e3o M60, com motor de 600 cv e autonomia perto dos 500 km.<\/p>\n<h3 class=\"wp-block-heading\" id=\"h-bmw-x2\">BMW X2<\/h3>\n<p>A nova gera\u00e7\u00e3o do SUV cup\u00ea, feito sobre a mesma plataforma do X1, chega ao Brasil no segundo semestre, importado da Alemanha. Nesta atualiza\u00e7\u00e3o, o X2 est\u00e1 20 cm maior e seu porta-malas acomoda 560 litros. A BMW ainda n\u00e3o divulgou com qual motoriza\u00e7\u00e3o vir\u00e1. Na Europa, o BMW conta com duas op\u00e7\u00f5es a gasolina: 2.0 de 170 cv e 2.0 de 300 cv.<\/p>\n<h3 class=\"wp-block-heading\" id=\"h-mercedes-amg-c63-s-e-performance\">Mercedes-AMG C63 S E Performance<\/h3>\n<figure class=\"wp-block-image size-full\"><img data-recalc-dims=\"1\" decoding=\"async\" loading=\"lazy\" width=\"1200\" height=\"675\" src=\"https:\/\/i0.wp.com\/media.seudinheiro.com\/uploads\/2024\/01\/Mercedes-Benz-C63-S-AMG-E-Performance-foto-Mercedes-Benz.jpg?resize=1200%2C675&#038;ssl=1\" alt=\"Mercedes-Benz C63 S AMG E Performance\" class=\"wp-image-531784\" srcset=\"https:\/\/media.seudinheiro.com\/uploads\/2024\/01\/Mercedes-Benz-C63-S-AMG-E-Performance-foto-Mercedes-Benz.jpg 1200w, https:\/\/media.seudinheiro.com\/uploads\/2024\/01\/Mercedes-Benz-C63-S-AMG-E-Performance-foto-Mercedes-Benz-715x402.jpg 715w, https:\/\/media.seudinheiro.com\/uploads\/2024\/01\/Mercedes-Benz-C63-S-AMG-E-Performance-foto-Mercedes-Benz-260x146.jpg 260w\" sizes=\"auto, (max-width: 1200px) 100vw, 1200px\"\/><figcaption class=\"wp-element-caption\">Mercedes-Benz C63 S AMG E Performance<\/figcaption><\/figure>\n<p>O sed\u00e3 Classe C troca o motor V8 pelo h\u00edbrido de 4 cilindros 2.0 turbo a gasolina junto a outro el\u00e9trico, que combinados geram 680 cv.\u00a0 O DNA da performance \u00e9 herdado das pistas: muitas das tecnologias colocadas do carro vieram da F\u00f3rmula 1.<\/p>\n<h2 class=\"wp-block-heading\" id=\"h-o-que-ficou-para-2025\">O que ficou para 2025<\/h2>\n<h3 class=\"wp-block-heading\" id=\"h-gwm-poer\">GWM Poer<\/h3>\n<p>A retomada do imposto de importa\u00e7\u00e3o para eletrificados adiou a produ\u00e7\u00e3o da picape Poer, que ser\u00e1 feita na f\u00e1brica da Great Wall em Iracem\u00e1polis (SP).<\/p>\n<p>Mas dois fatores ficaram em seu caminho: a necessidade da marca em nacionalizar sua linha de h\u00edbridos H6 e a pr\u00f3pria GWM admitiu que o desenvolvimento de um in\u00e9dito motor h\u00edbrido plug-in flex para a picape 4&#215;4, em parceria com a Bosch, requer um per\u00edodo maior de testes. Por isso, a chegada da picape deve ficar apenas para 2025.<\/p>\n<h3 class=\"wp-block-heading\" id=\"h-nissan-kicks\">Nissan Kicks<\/h3>\n<p>A fabricante j\u00e1 anunciou investimentos de R$ 2,8 bilh\u00f5es at\u00e9 2025 em Resende (RJ), para a produ\u00e7\u00e3o de dois SUVs e um motor turbo nacional.<\/p>\n<p>O primeiro deles ser\u00e1 a pr\u00f3xima gera\u00e7\u00e3o do Kicks, aguardada para 2025 e anunciada globalmente por aqui. Isso porque o novo SUV compacto n\u00e3o saiu nem fora do Brasil.<\/p>\n<p>Uma coisa \u00e9 certa: o Kicks vir\u00e1 com um novo motor 1.0 turbo flex da marca. O nome e o porte do segundo SUV ainda s\u00e3o mantidos sob segredo. S\u00f3 se sabe que ser\u00e1 produzido na planta de Resende.\u00a0<\/p>\n<h3 class=\"wp-block-heading\" id=\"h-hyundai-creta\">Hyundai Creta<\/h3>\n<p>Lan\u00e7ado em 2021 sob olhares desconfiados, o Hyundai Creta trouxe um design pol\u00eamico, derivado do modelo global, mas sua excentricidade nunca abalou as vendas.<\/p>\n<p>O SUV conquistou o mercado pelo seu visual diferent\u00e3o, amplo espa\u00e7o interno, acabamento caprichado, \u00f3tima dirigibilidade e conte\u00fados.<\/p>\n<p>Neste in\u00edcio de ano, a subsidi\u00e1ria indiana da Hyundai exibiu em suas redes sociais os tra\u00e7os da pr\u00f3xima gera\u00e7\u00e3o do Creta, em um visual mais empolgante e sofisticado.<\/p>\n<p>Tamb\u00e9m se espera uma nova gera\u00e7\u00e3o de motor turbo, mais forte que o atual 1.0 TGDI e substituindo o 2.0, \u00e0s v\u00e9speras de uma nova fase do Proconve (programa de controle de emiss\u00f5es).<\/p>\n<p>Pode at\u00e9 ser que a marca de origem sul-coreana surpreenda com o lan\u00e7amento do SUV este ano, mas as vendas s\u00f3 devem come\u00e7ar em 2025.<\/p>\n<h3 class=\"wp-block-heading\" id=\"h-onde-investir-em-2024-acoes-renda-fixa-dividendos-fiis-bdrs-e-criptomoedas-indicacoes-gratis\"><a href=\"https:\/\/www.youtube.com\/watch?v=12mhWLu7bl4\" target=\"_blank\" rel=\"noreferrer noopener\">ONDE INVESTIR EM 2024: A\u00c7\u00d5ES, RENDA FIXA, DIVIDENDOS, FIIS, BDRs E CRIPTOMOEDAS &#8211; INDICA\u00c7\u00d5ES GR\u00c1TIS<\/a><\/h3>\n<figure class=\"wp-block-embed is-type-video is-provider-youtube wp-block-embed-youtube wp-embed-aspect-16-9 wp-has-aspect-ratio\">\n<p>\n<iframe loading=\"lazy\" title=\"ONDE INVESTIR EM 2024: A\u00c7\u00d5ES, RENDA FIXA, DIVIDENDOS, FIIS, BDRs E CRIPTOMOEDAS - INDICA\u00c7\u00d5ES GR\u00c1TIS\" width=\"500\" height=\"281\" src=\"https:\/\/www.youtube.com\/embed\/12mhWLu7bl4?feature=oembed\" frameborder=\"0\" allow=\"accelerometer; autoplay; clipboard-write; encrypted-media; gyroscope; picture-in-picture; web-share\" referrerpolicy=\"strict-origin-when-cross-origin\" allowfullscreen><\/iframe>\n<\/p>\n<\/figure>\n<\/div>\n<p><br \/>\n<br \/><a href=\"https:\/\/www.seudinheiro.com\/2024\/economia\/lancamentos-2024-as-duas-novas-marcas-chinesas-de-automoveis-que-chegam-ao-brasil-os-carros-de-luxo-e-as-estreias-adiadas-vinp\/\">Source link <\/a><\/p>\n<!-- CONTENT END 1 -->\n","protected":false},"excerpt":{"rendered":"<p>Em meio aos mais de 40 lan\u00e7amentos de carros em todos os segmentos que montadoras e importadoras devem promover no Brasil em 2024, dois novos&#8230;<\/p>\n","protected":false},"author":1,"featured_media":28980,"comment_status":"open","ping_status":"open","sticky":false,"template":"","format":"standard","meta":{"advanced_seo_description":"","jetpack_seo_html_title":"","jetpack_seo_noindex":false,"jetpack_post_was_ever_published":false,"_jetpack_newsletter_access":"","_jetpack_dont_email_post_to_subs":false,"_jetpack_newsletter_tier_id":0,"_jetpack_memberships_contains_paywalled_content":false,"_jetpack_memberships_contains_paid_content":false,"footnotes":"","jetpack_publicize_message":"","jetpack_publicize_feature_enabled":true,"jetpack_social_post_already_shared":true,"jetpack_social_options":{"image_generator_settings":{"template":"highway","default_image_id":0,"font":"","enabled":false},"version":2}},"categories":[1235],"tags":[],"class_list":["post-28979","post","type-post","status-publish","format-standard","has-post-thumbnail","hentry","category-dinheiro-e-investimento-como-fazer-como-ganhar"],"jetpack_publicize_connections":[],"jetpack_featured_media_url":"https:\/\/i0.wp.com\/noticiasribeiraopreto.com.br\/wp-content\/uploads\/2024\/01\/Omoda-5-MHEV_foto-Omoda-715x402.jpg?fit=715%2C402&ssl=1","jetpack-related-posts":[{"id":28012,"url":"https:\/\/noticiasribeiraopreto.com.br\/index.php\/2024\/01\/14\/lancamentos-de-2024-confira-6-modelos-de-suvs-acessiveis-que-chegam-as-lojas-neste-ano\/","url_meta":{"origin":28979,"position":0},"title":"Lan\u00e7amentos de 2024: confira 6 modelos de SUVs &#8220;acess\u00edveis&#8221; que chegam \u00e0s lojas neste ano","author":"noticiasribeiraopreto.com.br","date":"14 de January de 2024","format":false,"excerpt":"O ano de 2024 come\u00e7a com muita expectativa para a ind\u00fastria automotiva ap\u00f3s a publica\u00e7\u00e3o da Medida Provis\u00f3ria 1.205, que institui o Programa Mobilidade Verde e Inova\u00e7\u00e3o ou Mover. O programa prev\u00ea uma nova fase de incentivos ao setor at\u00e9 2028 em troca de investimentos em descarboniza\u00e7\u00e3o e em pesquisa\u2026","rel":"","context":"In &quot;Dinheiro e Investimento&quot;","block_context":{"text":"Dinheiro e Investimento","link":"https:\/\/noticiasribeiraopreto.com.br\/index.php\/category\/dinheiro-e-investimento-como-fazer-como-ganhar\/"},"img":{"alt_text":"","src":"https:\/\/i0.wp.com\/noticiasribeiraopreto.com.br\/wp-content\/uploads\/2024\/01\/toyota_yaris_cross-tailandia-Foto-Toyota-715x402.jpg?fit=715%2C402&ssl=1&resize=350%2C200","width":350,"height":200,"srcset":"https:\/\/i0.wp.com\/noticiasribeiraopreto.com.br\/wp-content\/uploads\/2024\/01\/toyota_yaris_cross-tailandia-Foto-Toyota-715x402.jpg?fit=715%2C402&ssl=1&resize=350%2C200 1x, https:\/\/i0.wp.com\/noticiasribeiraopreto.com.br\/wp-content\/uploads\/2024\/01\/toyota_yaris_cross-tailandia-Foto-Toyota-715x402.jpg?fit=715%2C402&ssl=1&resize=525%2C300 1.5x, https:\/\/i0.wp.com\/noticiasribeiraopreto.com.br\/wp-content\/uploads\/2024\/01\/toyota_yaris_cross-tailandia-Foto-Toyota-715x402.jpg?fit=715%2C402&ssl=1&resize=700%2C400 2x"},"classes":[]},{"id":28624,"url":"https:\/\/noticiasribeiraopreto.com.br\/index.php\/2024\/01\/16\/os-lancamentos-de-picapes-e-outros-destaques-do-mercado-automotivo-em-2024\/","url_meta":{"origin":28979,"position":1},"title":"Os lan\u00e7amentos de picapes e outros destaques do mercado automotivo em 2024","author":"noticiasribeiraopreto.com.br","date":"16 de January de 2024","format":false,"excerpt":"Na terceira reportagem da s\u00e9rie sobre os principais lan\u00e7amentos do mercado automotivo em 2024, chegou a vez das picapes e outros modelos. Marca tradicional, a Fiat vai se refor\u00e7ar no segmento de picapes m\u00e9dias com a Titano. GM, Volkswagen e Ford tamb\u00e9m prometem novidades para este ano. Enquanto isso, a\u2026","rel":"","context":"In &quot;Dinheiro e Investimento&quot;","block_context":{"text":"Dinheiro e Investimento","link":"https:\/\/noticiasribeiraopreto.com.br\/index.php\/category\/dinheiro-e-investimento-como-fazer-como-ganhar\/"},"img":{"alt_text":"","src":"https:\/\/i0.wp.com\/noticiasribeiraopreto.com.br\/wp-content\/uploads\/2024\/01\/Ford-F-150-Raptor-foto-Ford-715x402.jpg?fit=715%2C402&ssl=1&resize=350%2C200","width":350,"height":200,"srcset":"https:\/\/i0.wp.com\/noticiasribeiraopreto.com.br\/wp-content\/uploads\/2024\/01\/Ford-F-150-Raptor-foto-Ford-715x402.jpg?fit=715%2C402&ssl=1&resize=350%2C200 1x, https:\/\/i0.wp.com\/noticiasribeiraopreto.com.br\/wp-content\/uploads\/2024\/01\/Ford-F-150-Raptor-foto-Ford-715x402.jpg?fit=715%2C402&ssl=1&resize=525%2C300 1.5x, https:\/\/i0.wp.com\/noticiasribeiraopreto.com.br\/wp-content\/uploads\/2024\/01\/Ford-F-150-Raptor-foto-Ford-715x402.jpg?fit=715%2C402&ssl=1&resize=700%2C400 2x"},"classes":[]},{"id":28220,"url":"https:\/\/noticiasribeiraopreto.com.br\/index.php\/2024\/01\/15\/lancamentos-2024-os-carros-eletricos-e-hibridos-que-chegam-ao-pais-neste-ano\/","url_meta":{"origin":28979,"position":2},"title":"Lan\u00e7amentos 2024: Os carros el\u00e9tricos e h\u00edbridos que chegam ao pa\u00eds neste ano","author":"noticiasribeiraopreto.com.br","date":"15 de January de 2024","format":false,"excerpt":"Na segunda parte da s\u00e9rie especial do Seu Dinheiro sobre os lan\u00e7amentos no mercado brasileiro em 2024, chegou a vez dos carros el\u00e9tricos e h\u00edbridos. Com destaque para a BYD, as marcas chinesas chegam com for\u00e7a. Mas as montadoras tradicionais como Fiat e GM tamb\u00e9m pretendem avan\u00e7ar nesse mercado. Destaque\u2026","rel":"","context":"In &quot;Dinheiro e Investimento&quot;","block_context":{"text":"Dinheiro e Investimento","link":"https:\/\/noticiasribeiraopreto.com.br\/index.php\/category\/dinheiro-e-investimento-como-fazer-como-ganhar\/"},"img":{"alt_text":"","src":"https:\/\/i0.wp.com\/noticiasribeiraopreto.com.br\/wp-content\/uploads\/2024\/01\/Kia-EV9-foto-Kia-715x402.jpg?fit=715%2C402&ssl=1&resize=350%2C200","width":350,"height":200,"srcset":"https:\/\/i0.wp.com\/noticiasribeiraopreto.com.br\/wp-content\/uploads\/2024\/01\/Kia-EV9-foto-Kia-715x402.jpg?fit=715%2C402&ssl=1&resize=350%2C200 1x, https:\/\/i0.wp.com\/noticiasribeiraopreto.com.br\/wp-content\/uploads\/2024\/01\/Kia-EV9-foto-Kia-715x402.jpg?fit=715%2C402&ssl=1&resize=525%2C300 1.5x, https:\/\/i0.wp.com\/noticiasribeiraopreto.com.br\/wp-content\/uploads\/2024\/01\/Kia-EV9-foto-Kia-715x402.jpg?fit=715%2C402&ssl=1&resize=700%2C400 2x"},"classes":[]},{"id":30170,"url":"https:\/\/noticiasribeiraopreto.com.br\/index.php\/2024\/01\/20\/impacto-das-canetas-do-emagrecimento-e-heranca-para-amante\/","url_meta":{"origin":28979,"position":3},"title":"Impacto das \u201ccanetas do emagrecimento\u201d e heran\u00e7a para amante","author":"noticiasribeiraopreto.com.br","date":"20 de January de 2024","format":false,"excerpt":"As \u201ccanetas do emagrecimento\u201d como o Ozempic dominaram os holofotes nos \u00faltimos meses \u2014 e tamb\u00e9m movimentaram a audi\u00eancia do Seu Dinheiro nesta semana. Na vis\u00e3o da gestora Ace Capital, o sucesso desses medicamentos pode impactar o futuro de muitas empresas na B3, inclusive a Ambev (ABEV3). Isso porque a\u2026","rel":"","context":"In &quot;Dinheiro e Investimento&quot;","block_context":{"text":"Dinheiro e Investimento","link":"https:\/\/noticiasribeiraopreto.com.br\/index.php\/category\/dinheiro-e-investimento-como-fazer-como-ganhar\/"},"img":{"alt_text":"","src":"https:\/\/i0.wp.com\/noticiasribeiraopreto.com.br\/wp-content\/uploads\/2024\/01\/Novo-Nordisk-fabricante-do-Ozempic-2-715x402.jpg?fit=715%2C402&ssl=1&resize=350%2C200","width":350,"height":200,"srcset":"https:\/\/i0.wp.com\/noticiasribeiraopreto.com.br\/wp-content\/uploads\/2024\/01\/Novo-Nordisk-fabricante-do-Ozempic-2-715x402.jpg?fit=715%2C402&ssl=1&resize=350%2C200 1x, https:\/\/i0.wp.com\/noticiasribeiraopreto.com.br\/wp-content\/uploads\/2024\/01\/Novo-Nordisk-fabricante-do-Ozempic-2-715x402.jpg?fit=715%2C402&ssl=1&resize=525%2C300 1.5x, https:\/\/i0.wp.com\/noticiasribeiraopreto.com.br\/wp-content\/uploads\/2024\/01\/Novo-Nordisk-fabricante-do-Ozempic-2-715x402.jpg?fit=715%2C402&ssl=1&resize=700%2C400 2x"},"classes":[]},{"id":32479,"url":"https:\/\/noticiasribeiraopreto.com.br\/index.php\/2024\/01\/25\/essa-fabricante-de-automoveis-decidiu-investir-apenas-r-7-bilhoes-no-brasil-e-a-culpa-e-dos-carros-eletricos\/","url_meta":{"origin":28979,"position":4},"title":"Essa fabricante de autom\u00f3veis decidiu investir &#8220;apenas&#8221; R$ 7 bilh\u00f5es no Brasil \u2014 e a \u201cculpa\u201d \u00e9 dos carros el\u00e9tricos","author":"noticiasribeiraopreto.com.br","date":"25 de January de 2024","format":false,"excerpt":"A\u00a0montadora de autom\u00f3veis General Motors (GM) anunciou nesta quarta-feira (24) que vai investir \"apenas\" R$ 7 bilh\u00f5es at\u00e9 2028 no Brasil \u2014 e a \u201cculpa\u201d \u00e9 da regula\u00e7\u00e3o dos carros el\u00e9tricos no pa\u00eds. De acordo com o an\u00fancio da empresa, o montante corresponde apenas \u00e0 primeira fase e outros aportes\u2026","rel":"","context":"In &quot;Dinheiro e Investimento&quot;","block_context":{"text":"Dinheiro e Investimento","link":"https:\/\/noticiasribeiraopreto.com.br\/index.php\/category\/dinheiro-e-investimento-como-fazer-como-ganhar\/"},"img":{"alt_text":"","src":"https:\/\/i0.wp.com\/noticiasribeiraopreto.com.br\/wp-content\/uploads\/2024\/01\/fabrica-da-GM-em-sao-caetano-do-sul-2-foto-General-Motors-628x353.jpg?fit=628%2C353&ssl=1&resize=350%2C200","width":350,"height":200,"srcset":"https:\/\/i0.wp.com\/noticiasribeiraopreto.com.br\/wp-content\/uploads\/2024\/01\/fabrica-da-GM-em-sao-caetano-do-sul-2-foto-General-Motors-628x353.jpg?fit=628%2C353&ssl=1&resize=350%2C200 1x, https:\/\/i0.wp.com\/noticiasribeiraopreto.com.br\/wp-content\/uploads\/2024\/01\/fabrica-da-GM-em-sao-caetano-do-sul-2-foto-General-Motors-628x353.jpg?fit=628%2C353&ssl=1&resize=525%2C300 1.5x"},"classes":[]},{"id":23579,"url":"https:\/\/noticiasribeiraopreto.com.br\/index.php\/2024\/01\/02\/elon-musk-cumpre-a-meta-e-tesla-entrega-18-milhao-de-carros-em-2023-mas-fica-atras-da-chinesa-byd-mais-uma-vez\/","url_meta":{"origin":28979,"position":5},"title":"Elon Musk cumpre a meta e Tesla entrega 1,8 milh\u00e3o de carros em 2023, mas fica atr\u00e1s da chinesa BYD mais uma vez","author":"noticiasribeiraopreto.com.br","date":"2 de January de 2024","format":false,"excerpt":"A Tesla, empresa de carros el\u00e9tricos do bilion\u00e1rio Elon Musk, publicou mais cedo os n\u00fameros de produ\u00e7\u00e3o de carros em 2023. A montadora encerrou o \u00faltimo trimestre com uma produ\u00e7\u00e3o de 494 mil ve\u00edculos, totalizando 1,8 milh\u00e3o no ano passado.\u00a0 Os n\u00fameros representam um crescimento da produ\u00e7\u00e3o da ordem de\u2026","rel":"","context":"In &quot;Dinheiro e Investimento&quot;","block_context":{"text":"Dinheiro e Investimento","link":"https:\/\/noticiasribeiraopreto.com.br\/index.php\/category\/dinheiro-e-investimento-como-fazer-como-ganhar\/"},"img":{"alt_text":"","src":"https:\/\/i0.wp.com\/noticiasribeiraopreto.com.br\/wp-content\/uploads\/2024\/01\/carros-eletricos-tesla-1024x538-1-628x353.jpg?fit=628%2C353&ssl=1&resize=350%2C200","width":350,"height":200,"srcset":"https:\/\/i0.wp.com\/noticiasribeiraopreto.com.br\/wp-content\/uploads\/2024\/01\/carros-eletricos-tesla-1024x538-1-628x353.jpg?fit=628%2C353&ssl=1&resize=350%2C200 1x, https:\/\/i0.wp.com\/noticiasribeiraopreto.com.br\/wp-content\/uploads\/2024\/01\/carros-eletricos-tesla-1024x538-1-628x353.jpg?fit=628%2C353&ssl=1&resize=525%2C300 1.5x"},"classes":[]}],"jetpack_sharing_enabled":true,"jetpack_shortlink":"https:\/\/wp.me\/peQAOb-7xp","_links":{"self":[{"href":"https:\/\/noticiasribeiraopreto.com.br\/index.php\/wp-json\/wp\/v2\/posts\/28979","targetHints":{"allow":["GET"]}}],"collection":[{"href":"https:\/\/noticiasribeiraopreto.com.br\/index.php\/wp-json\/wp\/v2\/posts"}],"about":[{"href":"https:\/\/noticiasribeiraopreto.com.br\/index.php\/wp-json\/wp\/v2\/types\/post"}],"author":[{"embeddable":true,"href":"https:\/\/noticiasribeiraopreto.com.br\/index.php\/wp-json\/wp\/v2\/users\/1"}],"replies":[{"embeddable":true,"href":"https:\/\/noticiasribeiraopreto.com.br\/index.php\/wp-json\/wp\/v2\/comments?post=28979"}],"version-history":[{"count":0,"href":"https:\/\/noticiasribeiraopreto.com.br\/index.php\/wp-json\/wp\/v2\/posts\/28979\/revisions"}],"wp:featuredmedia":[{"embeddable":true,"href":"https:\/\/noticiasribeiraopreto.com.br\/index.php\/wp-json\/wp\/v2\/media\/28980"}],"wp:attachment":[{"href":"https:\/\/noticiasribeiraopreto.com.br\/index.php\/wp-json\/wp\/v2\/media?parent=28979"}],"wp:term":[{"taxonomy":"category","embeddable":true,"href":"https:\/\/noticiasribeiraopreto.com.br\/index.php\/wp-json\/wp\/v2\/categories?post=28979"},{"taxonomy":"post_tag","embeddable":true,"href":"https:\/\/noticiasribeiraopreto.com.br\/index.php\/wp-json\/wp\/v2\/tags?post=28979"}],"curies":[{"name":"wp","href":"https:\/\/api.w.org\/{rel}","templated":true}]}}