{"id":29028,"date":"2024-01-17T10:25:47","date_gmt":"2024-01-17T13:25:47","guid":{"rendered":"https:\/\/noticiasribeiraopreto.com.br\/index.php\/2024\/01\/17\/corpo-de-ultramaratonista-e-localizado-em-canavial\/"},"modified":"2024-01-17T10:25:47","modified_gmt":"2024-01-17T13:25:47","slug":"corpo-de-ultramaratonista-e-localizado-em-canavial","status":"publish","type":"post","link":"https:\/\/noticiasribeiraopreto.com.br\/index.php\/2024\/01\/17\/corpo-de-ultramaratonista-e-localizado-em-canavial\/","title":{"rendered":"Corpo de ultramaratonista \u00e9 localizado em canavial"},"content":{"rendered":"<div class='code-block code-block-1' style='margin: 8px 0 8px auto; text-align: right; display: block; clear: both;'>\n<p><a href=\"https:\/\/wa.link\/vpicfd\"><img data-recalc-dims=\"1\" class=\"wp-image-4922\" style=\"aspect-ratio: 2.0253164556962027; width: 561px; height: auto;\" src=\"https:\/\/i0.wp.com\/ismaelcolosi.com.br\/wp-content\/uploads\/2023\/11\/grupo-de-empregos-whatsapp-e-facebook-ismael-colosi-vagas.jpg?ssl=1\" alt=\"\" \/><\/a><\/p>\n<!-- \/wp:image -->\n<\/div>\n<p> <br \/>\n<\/p>\n<div id=\"\">\n<h2 class=\"penci-post-subtitle\">Atleta estava desaparecida desde domingo (14) quando, segundo marido, teria sa\u00eddo de Leme para almo\u00e7ar com os pais em S\u00e3o Carlos<\/h2>\n<p> <span class=\"entry-meta-item penci-posted-on\"><i class=\"fa fa-clock-o\"\/><time class=\"entry-date published\" datetime=\"2024-01-17T10:18:26-03:00\">17 de janeiro de 2024 | 10:18<\/time><time class=\"updated\" datetime=\"2024-01-17T10:21:28-03:00\">17 de janeiro de 2024 | 10:21<\/time><\/span><\/p>\n<p> <span class=\"penci-social-buttons penci-social-share-footer\"><a href=\"#\" class=\"penci-post-like penci_post-meta_item  single-like-button penci-social-item like\" data-post_id=\"370633\" title=\"Like\" data-like=\"Like\" data-unlike=\"Unlike\"><i class=\"fa fa-thumbs-o-up\"\/><span class=\"penci-share-number\">0<\/span><\/a><i class=\"fa fa-facebook\"\/><a class=\"penci-social-item twitter\" target=\"_blank\" rel=\"noopener\" title=\"\" href=\"https:\/\/twitter.com\/intent\/tweet?text=Corpo%20de%20ultramaratonista%20\u00e9%20localizado%20em%20canavial%20-%20https:\/\/www.tribunaribeirao.com.br\/site\/corpo-de-ultramaratonista-e-localizado-em-canavial\/\"><i class=\"fa fa-twitter\"\/><\/a><i class=\"fa fa-whatsapp\"\/><\/span><\/div>\n<div>\n<p>Por: Adalberto Luque<\/p>\n<p>Um fazendeiro encontrou, na tarde desta ter\u00e7a-feira (16), o corpo da ultramaratonista Camila Matte, de 44 anos. Ela estaria desaparecida desde o domingo (14) quando, segundo informa\u00e7\u00f5es, teria sa\u00eddo para almo\u00e7ar na casa dos pais, na cidade de S\u00e3o Carlos.<\/p>\n<p>Camila e seu marido e treinador, Peterson C\u00e9sar Malachias, de 48 anos, s\u00e3o moradores de Leme. Ao comunicar o desaparecimento da esposa ainda no domingo, de acordo com boletim de ocorr\u00eancia, Malachias teria informado que o casal teve uma discuss\u00e3o e a mulher decidiu almo\u00e7ar com os pais em S\u00e3o Carlos, a 95 km de dist\u00e2ncia de onde morava. Desde ent\u00e3o n\u00e3o foi mais vista com vida.<\/p>\n<p>V\u00e1rias buscas foram feitas, inclusive com o uso de avi\u00f5es agr\u00edcolas que faziam voos de baixa altitude, mas ela acabou sendo encontrada por um fazendeiro, que passava por um canavial, na zona Rural de Leme. O carro da ultramaratonista estava parado com a porta aberta e o corpo foi localizado a poucos metros, parcialmente queimado e j\u00e1 em estado de decomposi\u00e7\u00e3o.<\/p>\n<p>Pr\u00f3ximo ao corpo havia dois frascos com \u00e1lcool, um aparelho celular e a chave do carro. Pol\u00edcias Civil, T\u00e9cnico-Cient\u00edfica e Militar foram acionadas. Foi feita a per\u00edcia no local.<\/p>\n<figure id=\"attachment_370626\" aria-describedby=\"caption-attachment-370626\" style=\"width: 874px\" class=\"wp-caption alignnone\"><noscript><img data-recalc-dims=\"1\" loading=\"lazy\" decoding=\"async\" class=\"size-full wp-image-370626\" src=\"https:\/\/i0.wp.com\/www.tribunaribeirao.com.br\/site\/wp-content\/uploads\/2024\/01\/00-17-jan-2024-ultramaratonista-morta-foto-redes-sociais.jpg?resize=874%2C645&#038;ssl=1\" alt=\"\" width=\"874\" height=\"645\" srcset=\"https:\/\/www.tribunaribeirao.com.br\/site\/wp-content\/uploads\/2024\/01\/00-17-jan-2024-ultramaratonista-morta-foto-redes-sociais.jpg 874w, https:\/\/www.tribunaribeirao.com.br\/site\/wp-content\/uploads\/2024\/01\/00-17-jan-2024-ultramaratonista-morta-foto-redes-sociais-300x221.jpg 300w, https:\/\/www.tribunaribeirao.com.br\/site\/wp-content\/uploads\/2024\/01\/00-17-jan-2024-ultramaratonista-morta-foto-redes-sociais-768x567.jpg 768w, https:\/\/www.tribunaribeirao.com.br\/site\/wp-content\/uploads\/2024\/01\/00-17-jan-2024-ultramaratonista-morta-foto-redes-sociais-542x400.jpg 542w, https:\/\/www.tribunaribeirao.com.br\/site\/wp-content\/uploads\/2024\/01\/00-17-jan-2024-ultramaratonista-morta-foto-redes-sociais-585x432.jpg 585w\" sizes=\"auto, (max-width: 874px) 100vw, 874px\"\/><\/noscript><figcaption id=\"caption-attachment-370626\" class=\"wp-caption-text\">Camila ao lado do marido e treinador Petersen Malachias ap\u00f3s prova (Foto: Redes Sociais)<\/figcaption><\/figure>\n<p>Depois o corpo de Camila foi levado para o Instituto M\u00e9dico Legal, para exames detalhados. A delegacia de Leme est\u00e1 \u00e0 frente das investiga\u00e7\u00f5es. O delegado Jo\u00e3o Pinheiro disse \u00e0 imprensa que, a princ\u00edpio, descarta a hip\u00f3tese de latroc\u00ednio, pois os pertences da v\u00edtima estavam ao lado do corpo. O caso foi registrado como morte suspeita.<\/p>\n<p><span style=\"color: #008000\"><em><strong>A atleta<\/strong><\/em><\/span><\/p>\n<p>Camila iniciou na nata\u00e7\u00e3o aos nove anos e, aos 16, se destacou no tri\u00e1tlon, sendo convocada v\u00e1rias vezes para representar o Brasil em competi\u00e7\u00f5es internacionais. Acabou se especializando nas provas de longu\u00edssima dist\u00e2ncia e tornou-se ultramaratonista.<\/p>\n<p>Participou das provas de ultramaratona mais conhecidas no mundo, como a \u201cUltra da Morte\u201d na Calif\u00f3rnia, a \u201cExtremo Sul Ultramarathon\u201d e a Ultra Trail do Mont Blanc (UMTB), com percurso de 170 km passando por Fran\u00e7a, Su\u00ed\u00e7a e It\u00e1lia. Foi uma das quatro brasileiras a disputar a prova e completou o trajeto em 45 horas. Formada em educa\u00e7\u00e3o f\u00edsica, especializou-se em fisiologia do exerc\u00edcio na Universidade Federal de S\u00e3o Carlos (UFSCar). Treinava para participar novamente na UMTB, realizada em agosto, na Europa.<\/p>\n<\/div>\n<p><script async src=\"\/\/platform.twitter.com\/widgets.js\" charset=\"utf-8\"><\/script><br \/>\n<br \/><br \/>\n<br \/><a href=\"https:\/\/www.tribunaribeirao.com.br\/site\/corpo-de-ultramaratonista-e-localizado-em-canavial\/\">Source link <\/a><\/p>\n<!-- CONTENT END 1 -->\n","protected":false},"excerpt":{"rendered":"<p>Atleta estava desaparecida desde domingo (14) quando, segundo marido, teria sa\u00eddo de Leme para almo\u00e7ar com os pais em S\u00e3o Carlos 17 de janeiro de&#8230;<\/p>\n","protected":false},"author":1,"featured_media":29029,"comment_status":"open","ping_status":"open","sticky":false,"template":"","format":"standard","meta":{"advanced_seo_description":"","jetpack_seo_html_title":"","jetpack_seo_noindex":false,"jetpack_post_was_ever_published":false,"_jetpack_newsletter_access":"","_jetpack_dont_email_post_to_subs":false,"_jetpack_newsletter_tier_id":0,"_jetpack_memberships_contains_paywalled_content":false,"_jetpack_memberships_contains_paid_content":false,"footnotes":"","jetpack_publicize_message":"","jetpack_publicize_feature_enabled":true,"jetpack_social_post_already_shared":true,"jetpack_social_options":{"image_generator_settings":{"template":"highway","default_image_id":0,"font":"","enabled":false},"version":2}},"categories":[11],"tags":[1836,944,2343,3627],"class_list":["post-29028","post","type-post","status-publish","format-standard","has-post-thumbnail","hentry","category-noticias-de-ribeirao-preto-sp-e-regiao-ismael-colosi","tag-canavial","tag-corpo","tag-localizado","tag-ultramaratonista"],"jetpack_publicize_connections":[],"jetpack_featured_media_url":"https:\/\/i0.wp.com\/noticiasribeiraopreto.com.br\/wp-content\/uploads\/2024\/01\/00-17-jan-2024-ultramaratonista-morta-foto-portal-reporter-naressi-scaled.jpg?fit=860%2C645&ssl=1","jetpack-related-posts":[{"id":67077,"url":"https:\/\/noticiasribeiraopreto.com.br\/index.php\/2025\/04\/09\/corpo-de-homem-e-encontrado-com-marcas-de-tiros-em-canavial-de-ribeirao-preto\/","url_meta":{"origin":29028,"position":0},"title":"Corpo de homem \u00e9 encontrado com marcas de tiros em canavial de Ribeir\u00e3o Preto","author":"noticiasribeiraopreto.com.br","date":"9 de April de 2025","format":false,"excerpt":"O corpo de um homem foi encontrado na noite desta ter\u00e7a-feira (8), em um canavial \u00e0s margens do Anel Vi\u00e1rio Norte (rodovia Alexandre Balbo, SP-328), em Ribeir\u00e3o Preto. Segundo o boletim de ocorr\u00eancia (BO), havia marcas de tiros na regi\u00e3o cervical e no queixo da v\u00edtima, que n\u00e3o portava documentos.\u2026","rel":"","context":"In &quot;Not\u00edcias de Ribeir\u00e3o Preto-SP e Regi\u00e3o&quot;","block_context":{"text":"Not\u00edcias de Ribeir\u00e3o Preto-SP e Regi\u00e3o","link":"https:\/\/noticiasribeiraopreto.com.br\/index.php\/category\/noticias-de-ribeirao-preto-sp-e-regiao-ismael-colosi\/"},"img":{"alt_text":"","src":"https:\/\/i0.wp.com\/noticiasribeiraopreto.com.br\/wp-content\/uploads\/2025\/04\/cpj_policia_1024x576_21012021082231.jpg?fit=1024%2C576&ssl=1&resize=350%2C200","width":350,"height":200,"srcset":"https:\/\/i0.wp.com\/noticiasribeiraopreto.com.br\/wp-content\/uploads\/2025\/04\/cpj_policia_1024x576_21012021082231.jpg?fit=1024%2C576&ssl=1&resize=350%2C200 1x, https:\/\/i0.wp.com\/noticiasribeiraopreto.com.br\/wp-content\/uploads\/2025\/04\/cpj_policia_1024x576_21012021082231.jpg?fit=1024%2C576&ssl=1&resize=525%2C300 1.5x, https:\/\/i0.wp.com\/noticiasribeiraopreto.com.br\/wp-content\/uploads\/2025\/04\/cpj_policia_1024x576_21012021082231.jpg?fit=1024%2C576&ssl=1&resize=700%2C400 2x"},"classes":[]},{"id":16382,"url":"https:\/\/noticiasribeiraopreto.com.br\/index.php\/2023\/12\/15\/utm_sourcerssutm_mediumrssutm_campaigncorpo-e-encontrado-enterrado-em-cova-rasa-em-serrana\/","url_meta":{"origin":29028,"position":1},"title":"Corpo \u00e9 encontrado enterrado em cova rasa em Serrana \u2013 X Tudo Ribeir\u00e3o","author":"noticiasribeiraopreto.com.br","date":"15 de December de 2023","format":false,"excerpt":"O corpo de um homem, aparentando cerca de 50 anos, foi localizado na tarde desta quinta-feira (14), no canavial de uma propriedade rural arrendada por uma usina para a planta\u00e7\u00e3o de cana. O cad\u00e1ver foi localizado na cidade de Serrana. Segundo informa\u00e7\u00f5es do boletim de ocorr\u00eancia, trabalhadores rurais andavam pelo\u2026","rel":"","context":"In &quot;Not\u00edcias de Ribeir\u00e3o Preto-SP e Regi\u00e3o&quot;","block_context":{"text":"Not\u00edcias de Ribeir\u00e3o Preto-SP e Regi\u00e3o","link":"https:\/\/noticiasribeiraopreto.com.br\/index.php\/category\/noticias-de-ribeirao-preto-sp-e-regiao-ismael-colosi\/"},"img":{"alt_text":"","src":"https:\/\/i0.wp.com\/noticiasribeiraopreto.com.br\/wp-content\/uploads\/2023\/12\/e220e5b2-3178-422d-b39a-5305412a48a4.jpeg?fit=1200%2C900&ssl=1&resize=350%2C200","width":350,"height":200,"srcset":"https:\/\/i0.wp.com\/noticiasribeiraopreto.com.br\/wp-content\/uploads\/2023\/12\/e220e5b2-3178-422d-b39a-5305412a48a4.jpeg?fit=1200%2C900&ssl=1&resize=350%2C200 1x, https:\/\/i0.wp.com\/noticiasribeiraopreto.com.br\/wp-content\/uploads\/2023\/12\/e220e5b2-3178-422d-b39a-5305412a48a4.jpeg?fit=1200%2C900&ssl=1&resize=525%2C300 1.5x, https:\/\/i0.wp.com\/noticiasribeiraopreto.com.br\/wp-content\/uploads\/2023\/12\/e220e5b2-3178-422d-b39a-5305412a48a4.jpeg?fit=1200%2C900&ssl=1&resize=700%2C400 2x, https:\/\/i0.wp.com\/noticiasribeiraopreto.com.br\/wp-content\/uploads\/2023\/12\/e220e5b2-3178-422d-b39a-5305412a48a4.jpeg?fit=1200%2C900&ssl=1&resize=1050%2C600 3x"},"classes":[]},{"id":24143,"url":"https:\/\/noticiasribeiraopreto.com.br\/index.php\/2024\/01\/03\/testemunha-da-informacao-crucial-sobre-familia-que-foi-encontrada-morta-em-canavial-no-interior-de-sp\/","url_meta":{"origin":29028,"position":2},"title":"Testemunha d\u00e1 informa\u00e7\u00e3o crucial sobre fam\u00edlia que foi encontrada morta em canavial no interior de SP","author":"noticiasribeiraopreto.com.br","date":"3 de January de 2024","format":false,"excerpt":"A Pol\u00edcia Civil realizou avan\u00e7os nas investiga\u00e7\u00f5es envolvendo o caso da fam\u00edlia encontrada morta em um canavial de Votuporanga, no interior de S\u00e3o Paulo, ao ouvir uma testemunha nesta \u00faltima quarta-feira, dia 3 de janeiro.De acordo com o depoimento, Anderson Marinho, de 35 anos, estava transportando maconha no dia de\u2026","rel":"","context":"In &quot;Blog&quot;","block_context":{"text":"Blog","link":"https:\/\/noticiasribeiraopreto.com.br\/index.php\/category\/blog\/"},"img":{"alt_text":"","src":"https:\/\/i0.wp.com\/noticiasribeiraopreto.com.br\/wp-content\/uploads\/2024\/01\/postimg-6595aa58a6afa3248.jpg?fit=1200%2C628&ssl=1&resize=350%2C200","width":350,"height":200,"srcset":"https:\/\/i0.wp.com\/noticiasribeiraopreto.com.br\/wp-content\/uploads\/2024\/01\/postimg-6595aa58a6afa3248.jpg?fit=1200%2C628&ssl=1&resize=350%2C200 1x, https:\/\/i0.wp.com\/noticiasribeiraopreto.com.br\/wp-content\/uploads\/2024\/01\/postimg-6595aa58a6afa3248.jpg?fit=1200%2C628&ssl=1&resize=525%2C300 1.5x, https:\/\/i0.wp.com\/noticiasribeiraopreto.com.br\/wp-content\/uploads\/2024\/01\/postimg-6595aa58a6afa3248.jpg?fit=1200%2C628&ssl=1&resize=700%2C400 2x, https:\/\/i0.wp.com\/noticiasribeiraopreto.com.br\/wp-content\/uploads\/2024\/01\/postimg-6595aa58a6afa3248.jpg?fit=1200%2C628&ssl=1&resize=1050%2C600 3x"},"classes":[]},{"id":62193,"url":"https:\/\/noticiasribeiraopreto.com.br\/index.php\/2025\/01\/07\/homem-desaparecido-e-encontrado-morto-em-canavial-na-regiao-de-ribeirao-preto\/","url_meta":{"origin":29028,"position":3},"title":"Homem desaparecido \u00e9 encontrado morto em canavial na regi\u00e3o de Ribeir\u00e3o Preto","author":"noticiasribeiraopreto.com.br","date":"7 de January de 2025","format":false,"excerpt":"Um homem de 38 anos foi encontrado morto no in\u00edcio da noite desta segunda-feira (7), em um canavial \u00e0s margens da rodovia Jos\u00e9 Fregonezi (SP-328), em Cravinhos, na regi\u00e3o de Ribeir\u00e3o Preto. Segundo o boletim de ocorr\u00eancia (BO), o caso foi registrado pela Pol\u00edcia Civil como homic\u00eddio, j\u00e1 que a\u2026","rel":"","context":"In &quot;Not\u00edcias de Ribeir\u00e3o Preto-SP e Regi\u00e3o&quot;","block_context":{"text":"Not\u00edcias de Ribeir\u00e3o Preto-SP e Regi\u00e3o","link":"https:\/\/noticiasribeiraopreto.com.br\/index.php\/category\/noticias-de-ribeirao-preto-sp-e-regiao-ismael-colosi\/"},"img":{"alt_text":"","src":"https:\/\/noticiasribeiraopreto.com.br\/wp-content\/uploads\/2025\/01\/whatsapp_image_2023-02-19_at_12_33_32.jpe","width":350,"height":200,"srcset":"https:\/\/noticiasribeiraopreto.com.br\/wp-content\/uploads\/2025\/01\/whatsapp_image_2023-02-19_at_12_33_32.jpe 1x, https:\/\/noticiasribeiraopreto.com.br\/wp-content\/uploads\/2025\/01\/whatsapp_image_2023-02-19_at_12_33_32.jpe 1.5x, https:\/\/noticiasribeiraopreto.com.br\/wp-content\/uploads\/2025\/01\/whatsapp_image_2023-02-19_at_12_33_32.jpe 2x, https:\/\/noticiasribeiraopreto.com.br\/wp-content\/uploads\/2025\/01\/whatsapp_image_2023-02-19_at_12_33_32.jpe 3x"},"classes":[]},{"id":13210,"url":"https:\/\/noticiasribeiraopreto.com.br\/index.php\/2023\/12\/09\/corpo-de-homem-e-encontrado-em-canavial-da-regiao-de-ribeirao-preto\/","url_meta":{"origin":29028,"position":4},"title":"Corpo de homem \u00e9 encontrado em canavial da regi\u00e3o de Ribeir\u00e3o Preto","author":"noticiasribeiraopreto.com.br","date":"9 de December de 2023","format":false,"excerpt":"O corpo de um homem foi encontrado em um canavial, na Rodovia Candido Portinari, em Batatais, a 40 quil\u00f4metros de Ribeir\u00e3o Preto. Funcion\u00e1rios de uma usina passavam pelo canavial, na tarde da sexta-feira (8), quando perceberam o corpo. A v\u00edtima tem marcas no corpo que sugerem que a causa da\u2026","rel":"","context":"In &quot;Not\u00edcias de Ribeir\u00e3o Preto-SP e Regi\u00e3o&quot;","block_context":{"text":"Not\u00edcias de Ribeir\u00e3o Preto-SP e Regi\u00e3o","link":"https:\/\/noticiasribeiraopreto.com.br\/index.php\/category\/noticias-de-ribeirao-preto-sp-e-regiao-ismael-colosi\/"},"img":{"alt_text":"","src":"https:\/\/i0.wp.com\/noticiasribeiraopreto.com.br\/wp-content\/uploads\/2023\/12\/WhatsApp-Image-2023-12-09-at-13.55.44.jpeg?fit=1024%2C576&ssl=1&resize=350%2C200","width":350,"height":200,"srcset":"https:\/\/i0.wp.com\/noticiasribeiraopreto.com.br\/wp-content\/uploads\/2023\/12\/WhatsApp-Image-2023-12-09-at-13.55.44.jpeg?fit=1024%2C576&ssl=1&resize=350%2C200 1x, https:\/\/i0.wp.com\/noticiasribeiraopreto.com.br\/wp-content\/uploads\/2023\/12\/WhatsApp-Image-2023-12-09-at-13.55.44.jpeg?fit=1024%2C576&ssl=1&resize=525%2C300 1.5x, https:\/\/i0.wp.com\/noticiasribeiraopreto.com.br\/wp-content\/uploads\/2023\/12\/WhatsApp-Image-2023-12-09-at-13.55.44.jpeg?fit=1024%2C576&ssl=1&resize=700%2C400 2x"},"classes":[]},{"id":58223,"url":"https:\/\/noticiasribeiraopreto.com.br\/index.php\/2024\/09\/21\/homem-e-suspeito-de-colocar-fogo-em-canavial-para-fugir-da-policia-na-regiao-de-ribeirao\/","url_meta":{"origin":29028,"position":5},"title":"Homem \u00e9 suspeito de colocar fogo em canavial para fugir da pol\u00edcia na regi\u00e3o de Ribeir\u00e3o","author":"noticiasribeiraopreto.com.br","date":"21 de September de 2024","format":false,"excerpt":"Um homem \u00e9 suspeito de colocar fogo em um canavial \u00e0s margens da rodovia Anhanguera (SP-330) enquanto tentava fugir da pol\u00edcia na noite desta sexta-feira (20), em S\u00e3o Sim\u00e3o, cidade na regi\u00e3o de Ribeir\u00e3o Preto \u2013 veja v\u00eddeo abaixo. Conforme a Pol\u00edcia Militar (PM), dois homens foram abordados em um\u2026","rel":"","context":"In &quot;Not\u00edcias de Ribeir\u00e3o Preto-SP e Regi\u00e3o&quot;","block_context":{"text":"Not\u00edcias de Ribeir\u00e3o Preto-SP e Regi\u00e3o","link":"https:\/\/noticiasribeiraopreto.com.br\/index.php\/category\/noticias-de-ribeirao-preto-sp-e-regiao-ismael-colosi\/"},"img":{"alt_text":"","src":"https:\/\/i0.wp.com\/noticiasribeiraopreto.com.br\/wp-content\/uploads\/2024\/09\/Copia-de-Copia-de-Copia-de-TAMANHO-EXATO-PARA-FOTOS-NO-SISTEMA-NOVO-66_2024-09-21_17-32-46_png_2024-09-21_17-32-46.webp.webp?fit=1200%2C675&ssl=1&resize=350%2C200","width":350,"height":200,"srcset":"https:\/\/i0.wp.com\/noticiasribeiraopreto.com.br\/wp-content\/uploads\/2024\/09\/Copia-de-Copia-de-Copia-de-TAMANHO-EXATO-PARA-FOTOS-NO-SISTEMA-NOVO-66_2024-09-21_17-32-46_png_2024-09-21_17-32-46.webp.webp?fit=1200%2C675&ssl=1&resize=350%2C200 1x, https:\/\/i0.wp.com\/noticiasribeiraopreto.com.br\/wp-content\/uploads\/2024\/09\/Copia-de-Copia-de-Copia-de-TAMANHO-EXATO-PARA-FOTOS-NO-SISTEMA-NOVO-66_2024-09-21_17-32-46_png_2024-09-21_17-32-46.webp.webp?fit=1200%2C675&ssl=1&resize=525%2C300 1.5x, https:\/\/i0.wp.com\/noticiasribeiraopreto.com.br\/wp-content\/uploads\/2024\/09\/Copia-de-Copia-de-Copia-de-TAMANHO-EXATO-PARA-FOTOS-NO-SISTEMA-NOVO-66_2024-09-21_17-32-46_png_2024-09-21_17-32-46.webp.webp?fit=1200%2C675&ssl=1&resize=700%2C400 2x, https:\/\/i0.wp.com\/noticiasribeiraopreto.com.br\/wp-content\/uploads\/2024\/09\/Copia-de-Copia-de-Copia-de-TAMANHO-EXATO-PARA-FOTOS-NO-SISTEMA-NOVO-66_2024-09-21_17-32-46_png_2024-09-21_17-32-46.webp.webp?fit=1200%2C675&ssl=1&resize=1050%2C600 3x"},"classes":[]}],"jetpack_sharing_enabled":true,"jetpack_shortlink":"https:\/\/wp.me\/peQAOb-7yc","_links":{"self":[{"href":"https:\/\/noticiasribeiraopreto.com.br\/index.php\/wp-json\/wp\/v2\/posts\/29028","targetHints":{"allow":["GET"]}}],"collection":[{"href":"https:\/\/noticiasribeiraopreto.com.br\/index.php\/wp-json\/wp\/v2\/posts"}],"about":[{"href":"https:\/\/noticiasribeiraopreto.com.br\/index.php\/wp-json\/wp\/v2\/types\/post"}],"author":[{"embeddable":true,"href":"https:\/\/noticiasribeiraopreto.com.br\/index.php\/wp-json\/wp\/v2\/users\/1"}],"replies":[{"embeddable":true,"href":"https:\/\/noticiasribeiraopreto.com.br\/index.php\/wp-json\/wp\/v2\/comments?post=29028"}],"version-history":[{"count":0,"href":"https:\/\/noticiasribeiraopreto.com.br\/index.php\/wp-json\/wp\/v2\/posts\/29028\/revisions"}],"wp:featuredmedia":[{"embeddable":true,"href":"https:\/\/noticiasribeiraopreto.com.br\/index.php\/wp-json\/wp\/v2\/media\/29029"}],"wp:attachment":[{"href":"https:\/\/noticiasribeiraopreto.com.br\/index.php\/wp-json\/wp\/v2\/media?parent=29028"}],"wp:term":[{"taxonomy":"category","embeddable":true,"href":"https:\/\/noticiasribeiraopreto.com.br\/index.php\/wp-json\/wp\/v2\/categories?post=29028"},{"taxonomy":"post_tag","embeddable":true,"href":"https:\/\/noticiasribeiraopreto.com.br\/index.php\/wp-json\/wp\/v2\/tags?post=29028"}],"curies":[{"name":"wp","href":"https:\/\/api.w.org\/{rel}","templated":true}]}}