{"id":29050,"date":"2024-01-17T11:25:48","date_gmt":"2024-01-17T14:25:48","guid":{"rendered":"https:\/\/noticiasribeiraopreto.com.br\/index.php\/2024\/01\/17\/copinha-corinthians-goleia-crb-para-se-garantir-nas-quartas\/"},"modified":"2024-01-17T11:25:48","modified_gmt":"2024-01-17T14:25:48","slug":"copinha-corinthians-goleia-crb-para-se-garantir-nas-quartas","status":"publish","type":"post","link":"https:\/\/noticiasribeiraopreto.com.br\/index.php\/2024\/01\/17\/copinha-corinthians-goleia-crb-para-se-garantir-nas-quartas\/","title":{"rendered":"Corinthians goleia CRB para se garantir nas quartas \u2013 Folha de Ribeir\u00e3o"},"content":{"rendered":"<div class='code-block code-block-1' style='margin: 8px 0 8px auto; text-align: right; display: block; clear: both;'>\n<p><a href=\"https:\/\/wa.link\/vpicfd\"><img data-recalc-dims=\"1\" class=\"wp-image-4922\" style=\"aspect-ratio: 2.0253164556962027; width: 561px; height: auto;\" src=\"https:\/\/i0.wp.com\/ismaelcolosi.com.br\/wp-content\/uploads\/2023\/11\/grupo-de-empregos-whatsapp-e-facebook-ismael-colosi-vagas.jpg?ssl=1\" alt=\"\" \/><\/a><\/p>\n<!-- \/wp:image -->\n<\/div>\n<p> <br \/>\n<\/p>\n<div>\n<p>O Corinthians avan\u00e7ou para as quartas de final da Copa S\u00e3o Paulo de Futebol ap\u00f3s golear o CRB por 6 a 0, na noite desta ter\u00e7a-feira (16) no est\u00e1dio Bento de Abreu Sampaio Vidal, em Mar\u00edlia. Desta forma o Tim\u00e3o, que \u00e9 o maior campe\u00e3o da hist\u00f3ria da competi\u00e7\u00e3o, continua em busca de seu 11\u00ba t\u00edtulo.<img data-recalc-dims=\"1\" decoding=\"async\" src=\"https:\/\/i0.wp.com\/agenciabrasil.ebc.com.br\/ebc.gif?ssl=1\"\/><\/p>\n<p>No primeiro tempo, a equipe do Parque S\u00e3o Jorge marcou cinco vezes com L\u00e9o Man\u00e1, Hygor, Pedrinho, Ryan e Wallace (contra). No in\u00edcio da etapa final, Kayky fechou a conta.<\/p>\n<p>O advers\u00e1rio do Corinthians na pr\u00f3xima etapa da Copinha ser\u00e1 o Am\u00e9rica-MG, que bateu o Ituano por 2 a 1 no est\u00e1dio Prof. Luiz Augusto de Oliveira, em S\u00e3o Carlos. O Coelho construiu a vit\u00f3ria com gols de S\u00e1nchez e Ighor Gabriel, enquanto o Galo Rubro-Negro descontou com Z\u00e9 Carlos.<\/p>\n<p>Quem tamb\u00e9m avan\u00e7ou na competi\u00e7\u00e3o foi o Athletico-PR, que, em uma partida repleta de emo\u00e7\u00e3o, superou o Gr\u00eamio por 5 a 3 de virada em Franca. A equipe ga\u00facha chegou a abrir uma vantagem de dois gols gra\u00e7as a Gustavo Nunes e Cheron, mas o Furac\u00e3o virou o marcador com tentos de Walace, Chiqueti, Biro e Jo\u00e3o Cruz. Riquelme chegou a descontar para o Imortal, mas Keven deu n\u00fameros finais ao placar.<\/p>\n<p>O Athletico mede for\u00e7as nas quartas com o Novorizontino, que derrotou o S\u00e3o Paulo por 3 a 2 na Arena Fonte Luminosa, em Araraquara.<\/p>\n<\/p><\/div>\n<p><br \/>\n<br \/><a href=\"https:\/\/folhaderibeirao.com.br\/2024\/01\/17\/copinha-corinthians-goleia-crb-para-se-garantir-nas-quartas\/\">Source link <\/a><\/p>\n<!-- CONTENT END 1 -->\n","protected":false},"excerpt":{"rendered":"<p>O Corinthians avan\u00e7ou para as quartas de final da Copa S\u00e3o Paulo de Futebol ap\u00f3s golear o CRB por 6 a 0, na noite desta&#8230;<\/p>\n","protected":false},"author":1,"featured_media":29051,"comment_status":"open","ping_status":"open","sticky":false,"template":"","format":"standard","meta":{"advanced_seo_description":"","jetpack_seo_html_title":"","jetpack_seo_noindex":false,"jetpack_post_was_ever_published":false,"_jetpack_newsletter_access":"","_jetpack_dont_email_post_to_subs":false,"_jetpack_newsletter_tier_id":0,"_jetpack_memberships_contains_paywalled_content":false,"_jetpack_memberships_contains_paid_content":false,"footnotes":"","jetpack_publicize_message":"","jetpack_publicize_feature_enabled":true,"jetpack_social_post_already_shared":true,"jetpack_social_options":{"image_generator_settings":{"template":"highway","default_image_id":0,"font":"","enabled":false},"version":2}},"categories":[11],"tags":[1723,3631,753,3216,3342,104,71,3632,26],"class_list":["post-29050","post","type-post","status-publish","format-standard","has-post-thumbnail","hentry","category-noticias-de-ribeirao-preto-sp-e-regiao-ismael-colosi","tag-corinthians","tag-crb","tag-folha","tag-garantir","tag-goleia","tag-nas","tag-para","tag-quartas","tag-ribeirao"],"jetpack_publicize_connections":[],"jetpack_featured_media_url":"https:\/\/i0.wp.com\/noticiasribeiraopreto.com.br\/wp-content\/uploads\/2024\/01\/1705501550_ebc.png?fit=1%2C1&ssl=1","jetpack-related-posts":[{"id":77741,"url":"https:\/\/noticiasribeiraopreto.com.br\/index.php\/2025\/09\/24\/botafogo-perde-por-3-a-2-para-o-crb-e-segue-sem-vencer-ha-quatro-jogos\/","url_meta":{"origin":29050,"position":0},"title":"Botafogo perde por 3 a 2 para o CRB e segue sem vencer h\u00e1 quatro jogos","author":"noticiasribeiraopreto.com.br","date":"24 de September de 2025","format":false,"excerpt":"O Botafogo perdeu por 3 a 2 para o CRB na noite desta quarta-feira (24), no est\u00e1dio Rei Pel\u00e9, em Macei\u00f3, em partida v\u00e1lida pela 28\u00aa rodada da S\u00e9rie B do Campeonato Brasileiro. O zagueiro F\u00e1bio Alem\u00e3o abriu o placar para o CRB aos 19 minutos do primeiro tempo, e\u2026","rel":"","context":"In &quot;Not\u00edcias de Ribeir\u00e3o Preto-SP e Regi\u00e3o&quot;","block_context":{"text":"Not\u00edcias de Ribeir\u00e3o Preto-SP e Regi\u00e3o","link":"https:\/\/noticiasribeiraopreto.com.br\/index.php\/category\/noticias-de-ribeirao-preto-sp-e-regiao-ismael-colosi\/"},"img":{"alt_text":"","src":"https:\/\/i0.wp.com\/noticiasribeiraopreto.com.br\/wp-content\/uploads\/2025\/09\/WhatsApp-Image-2025-09-24-at-20.20.51_2025-09-25_00-06-04.webp.webp?fit=1200%2C800&ssl=1&resize=350%2C200","width":350,"height":200,"srcset":"https:\/\/i0.wp.com\/noticiasribeiraopreto.com.br\/wp-content\/uploads\/2025\/09\/WhatsApp-Image-2025-09-24-at-20.20.51_2025-09-25_00-06-04.webp.webp?fit=1200%2C800&ssl=1&resize=350%2C200 1x, https:\/\/i0.wp.com\/noticiasribeiraopreto.com.br\/wp-content\/uploads\/2025\/09\/WhatsApp-Image-2025-09-24-at-20.20.51_2025-09-25_00-06-04.webp.webp?fit=1200%2C800&ssl=1&resize=525%2C300 1.5x, https:\/\/i0.wp.com\/noticiasribeiraopreto.com.br\/wp-content\/uploads\/2025\/09\/WhatsApp-Image-2025-09-24-at-20.20.51_2025-09-25_00-06-04.webp.webp?fit=1200%2C800&ssl=1&resize=700%2C400 2x, https:\/\/i0.wp.com\/noticiasribeiraopreto.com.br\/wp-content\/uploads\/2025\/09\/WhatsApp-Image-2025-09-24-at-20.20.51_2025-09-25_00-06-04.webp.webp?fit=1200%2C800&ssl=1&resize=1050%2C600 3x"},"classes":[]},{"id":74665,"url":"https:\/\/noticiasribeiraopreto.com.br\/index.php\/2025\/07\/26\/botafogo-goleia-corinthians-pelo-paulista-sub-20\/","url_meta":{"origin":29050,"position":1},"title":"Botafogo goleia Corinthians pelo Paulista sub-20","author":"noticiasribeiraopreto.com.br","date":"26 de July de 2025","format":false,"excerpt":"Pantera aplica 4 a 1 e se mant\u00e9m vivo na briga pela classifica\u00e7\u00e3o 26 de julho de 2025 17:415 Compartilhar0 Por Hugo Luque O Botafogo goleou o Corinthians por 4 a 1 neste s\u00e1bado (26), pela 13\u00aa rodada do Campeonato Paulista sub-20, no Est\u00e1dio Santa Cruz\/Arena Nicnet. O Pantera levou\u2026","rel":"","context":"In &quot;Not\u00edcias de Ribeir\u00e3o Preto-SP e Regi\u00e3o&quot;","block_context":{"text":"Not\u00edcias de Ribeir\u00e3o Preto-SP e Regi\u00e3o","link":"https:\/\/noticiasribeiraopreto.com.br\/index.php\/category\/noticias-de-ribeirao-preto-sp-e-regiao-ismael-colosi\/"},"img":{"alt_text":"","src":"https:\/\/i0.wp.com\/noticiasribeiraopreto.com.br\/wp-content\/uploads\/2025\/07\/Molde-Midiass-24.jpg?fit=960%2C539&ssl=1&resize=350%2C200","width":350,"height":200,"srcset":"https:\/\/i0.wp.com\/noticiasribeiraopreto.com.br\/wp-content\/uploads\/2025\/07\/Molde-Midiass-24.jpg?fit=960%2C539&ssl=1&resize=350%2C200 1x, https:\/\/i0.wp.com\/noticiasribeiraopreto.com.br\/wp-content\/uploads\/2025\/07\/Molde-Midiass-24.jpg?fit=960%2C539&ssl=1&resize=525%2C300 1.5x, https:\/\/i0.wp.com\/noticiasribeiraopreto.com.br\/wp-content\/uploads\/2025\/07\/Molde-Midiass-24.jpg?fit=960%2C539&ssl=1&resize=700%2C400 2x"},"classes":[]},{"id":26683,"url":"https:\/\/noticiasribeiraopreto.com.br\/index.php\/2024\/01\/10\/botafogo-goleia-e-garante-classificacao-na-copinha\/","url_meta":{"origin":29050,"position":2},"title":"Botafogo goleia e garante classifica\u00e7\u00e3o na Copinha","author":"noticiasribeiraopreto.com.br","date":"10 de January de 2024","format":false,"excerpt":"10 de janeiro de 2024 | 15:25 0Bota espera o t\u00e9rmino da rodada para conhecer o seu advers\u00e1rio na pr\u00f3xima fase.O Botafogo venceu o Fast Clube (AM) na tarde desta quarta-feira (10) e garantiu sua classifica\u00e7\u00e3o para a segunda fase da Copa S\u00e3o Paulo de Futebol J\u00fanior. O jogo aconteceu\u2026","rel":"","context":"In &quot;Not\u00edcias de Ribeir\u00e3o Preto-SP e Regi\u00e3o&quot;","block_context":{"text":"Not\u00edcias de Ribeir\u00e3o Preto-SP e Regi\u00e3o","link":"https:\/\/noticiasribeiraopreto.com.br\/index.php\/category\/noticias-de-ribeirao-preto-sp-e-regiao-ismael-colosi\/"},"img":{"alt_text":"","src":"https:\/\/i0.wp.com\/noticiasribeiraopreto.com.br\/wp-content\/uploads\/2024\/01\/bota2-scaled.jpeg?fit=968%2C645&ssl=1&resize=350%2C200","width":350,"height":200,"srcset":"https:\/\/i0.wp.com\/noticiasribeiraopreto.com.br\/wp-content\/uploads\/2024\/01\/bota2-scaled.jpeg?fit=968%2C645&ssl=1&resize=350%2C200 1x, https:\/\/i0.wp.com\/noticiasribeiraopreto.com.br\/wp-content\/uploads\/2024\/01\/bota2-scaled.jpeg?fit=968%2C645&ssl=1&resize=525%2C300 1.5x, https:\/\/i0.wp.com\/noticiasribeiraopreto.com.br\/wp-content\/uploads\/2024\/01\/bota2-scaled.jpeg?fit=968%2C645&ssl=1&resize=700%2C400 2x"},"classes":[]},{"id":28510,"url":"https:\/\/noticiasribeiraopreto.com.br\/index.php\/2024\/01\/16\/sao-paulo-vence-ferroviaria-e-mantem-vivo-sonho-do-penta-na-copinha\/","url_meta":{"origin":29050,"position":3},"title":"S\u00e3o Paulo vence Ferrovi\u00e1ria e mant\u00e9m vivo sonho do penta na Copinha \u2013 Folha de Ribeir\u00e3o","author":"noticiasribeiraopreto.com.br","date":"16 de January de 2024","format":false,"excerpt":"Os Meninos de Cotia seguem na briga pelo quinto t\u00edtulo da Copa S\u00e3o Paulo de Futebol J\u00fanior. No \u00faltimo dos oito jogos deste domingo (14), que encerraram a terceira fase da principal competi\u00e7\u00e3o de futebol de base do mundo, o S\u00e3o Paulo derrotou a Ferrovi\u00e1ria por 2 a 1, na\u2026","rel":"","context":"In &quot;Not\u00edcias de Ribeir\u00e3o Preto-SP e Regi\u00e3o&quot;","block_context":{"text":"Not\u00edcias de Ribeir\u00e3o Preto-SP e Regi\u00e3o","link":"https:\/\/noticiasribeiraopreto.com.br\/index.php\/category\/noticias-de-ribeirao-preto-sp-e-regiao-ismael-colosi\/"},"img":{"alt_text":"","src":"","width":0,"height":0},"classes":[]},{"id":62830,"url":"https:\/\/noticiasribeiraopreto.com.br\/index.php\/2025\/01\/25\/sao-paulo-vence-o-corinthians-de-virada-e-e-pentacampeao-da-copinha\/","url_meta":{"origin":29050,"position":4},"title":"S\u00e3o Paulo vence o Corinthians de virada e \u00e9 pentacampe\u00e3o\u00a0da Copinha","author":"noticiasribeiraopreto.com.br","date":"25 de January de 2025","format":false,"excerpt":"O S\u00e3o Paulo venceu o Corinthians de virada por 3 a 2 e ganhou a edi\u00e7\u00e3o de 2025 da Copa S\u00e3o Paulo de Futebol J\u00fanior neste s\u00e1bado (25), no est\u00e1dio do Pacaembu. Este \u00e9 o 5\u00ba t\u00edtulo do Tricolor na competi\u00e7\u00e3o, que est\u00e1 em sua 55\u00aa edi\u00e7\u00e3o. O Corinthians estava\u2026","rel":"","context":"In &quot;Not\u00edcias de Ribeir\u00e3o Preto-SP e Regi\u00e3o&quot;","block_context":{"text":"Not\u00edcias de Ribeir\u00e3o Preto-SP e Regi\u00e3o","link":"https:\/\/noticiasribeiraopreto.com.br\/index.php\/category\/noticias-de-ribeirao-preto-sp-e-regiao-ismael-colosi\/"},"img":{"alt_text":"","src":"https:\/\/i0.wp.com\/noticiasribeiraopreto.com.br\/wp-content\/uploads\/2025\/01\/WhatsApp-Image-2025-01-25-at-11.51.53-1_2025-01-25_15-04-28_jpeg_2025-01-25_15-04-28.webp.webp?fit=1200%2C675&ssl=1&resize=350%2C200","width":350,"height":200,"srcset":"https:\/\/i0.wp.com\/noticiasribeiraopreto.com.br\/wp-content\/uploads\/2025\/01\/WhatsApp-Image-2025-01-25-at-11.51.53-1_2025-01-25_15-04-28_jpeg_2025-01-25_15-04-28.webp.webp?fit=1200%2C675&ssl=1&resize=350%2C200 1x, https:\/\/i0.wp.com\/noticiasribeiraopreto.com.br\/wp-content\/uploads\/2025\/01\/WhatsApp-Image-2025-01-25-at-11.51.53-1_2025-01-25_15-04-28_jpeg_2025-01-25_15-04-28.webp.webp?fit=1200%2C675&ssl=1&resize=525%2C300 1.5x, https:\/\/i0.wp.com\/noticiasribeiraopreto.com.br\/wp-content\/uploads\/2025\/01\/WhatsApp-Image-2025-01-25-at-11.51.53-1_2025-01-25_15-04-28_jpeg_2025-01-25_15-04-28.webp.webp?fit=1200%2C675&ssl=1&resize=700%2C400 2x, https:\/\/i0.wp.com\/noticiasribeiraopreto.com.br\/wp-content\/uploads\/2025\/01\/WhatsApp-Image-2025-01-25-at-11.51.53-1_2025-01-25_15-04-28_jpeg_2025-01-25_15-04-28.webp.webp?fit=1200%2C675&ssl=1&resize=1050%2C600 3x"},"classes":[]},{"id":37090,"url":"https:\/\/noticiasribeiraopreto.com.br\/index.php\/2024\/02\/14\/saiba-o-hotel-que-o-corinthians-esta-hospedado-em-ribeirao-preto\/","url_meta":{"origin":29050,"position":5},"title":"Saiba o hotel que o Corinthians est\u00e1 hospedado em Ribeir\u00e3o Preto","author":"noticiasribeiraopreto.com.br","date":"14 de February de 2024","format":false,"excerpt":"O Corinthians j\u00e1 est\u00e1 em Ribeir\u00e3o Preto para enfrentar o Botafogo pela 8\u00aa rodada do Campeonato Paulista 2024, nesta quarta-feira (14), na Arena Nicnet\/Est\u00e1dio Santa Cruz. A equipe da capital est\u00e1 hospedada no hotel Wyndham Garden Ribeir\u00e3o Preto, que fica no Jardim Bot\u00e2nico, na zona Sul. A chegada do Corinthians\u2026","rel":"","context":"In &quot;Not\u00edcias de Ribeir\u00e3o Preto-SP e Regi\u00e3o&quot;","block_context":{"text":"Not\u00edcias de Ribeir\u00e3o Preto-SP e Regi\u00e3o","link":"https:\/\/noticiasribeiraopreto.com.br\/index.php\/category\/noticias-de-ribeirao-preto-sp-e-regiao-ismael-colosi\/"},"img":{"alt_text":"","src":"https:\/\/i0.wp.com\/noticiasribeiraopreto.com.br\/wp-content\/uploads\/2024\/02\/corinthians-ribeirao-preto.jpg?fit=1089%2C837&ssl=1&resize=350%2C200","width":350,"height":200,"srcset":"https:\/\/i0.wp.com\/noticiasribeiraopreto.com.br\/wp-content\/uploads\/2024\/02\/corinthians-ribeirao-preto.jpg?fit=1089%2C837&ssl=1&resize=350%2C200 1x, https:\/\/i0.wp.com\/noticiasribeiraopreto.com.br\/wp-content\/uploads\/2024\/02\/corinthians-ribeirao-preto.jpg?fit=1089%2C837&ssl=1&resize=525%2C300 1.5x, https:\/\/i0.wp.com\/noticiasribeiraopreto.com.br\/wp-content\/uploads\/2024\/02\/corinthians-ribeirao-preto.jpg?fit=1089%2C837&ssl=1&resize=700%2C400 2x, https:\/\/i0.wp.com\/noticiasribeiraopreto.com.br\/wp-content\/uploads\/2024\/02\/corinthians-ribeirao-preto.jpg?fit=1089%2C837&ssl=1&resize=1050%2C600 3x"},"classes":[]}],"jetpack_sharing_enabled":true,"jetpack_shortlink":"https:\/\/wp.me\/peQAOb-7yy","_links":{"self":[{"href":"https:\/\/noticiasribeiraopreto.com.br\/index.php\/wp-json\/wp\/v2\/posts\/29050","targetHints":{"allow":["GET"]}}],"collection":[{"href":"https:\/\/noticiasribeiraopreto.com.br\/index.php\/wp-json\/wp\/v2\/posts"}],"about":[{"href":"https:\/\/noticiasribeiraopreto.com.br\/index.php\/wp-json\/wp\/v2\/types\/post"}],"author":[{"embeddable":true,"href":"https:\/\/noticiasribeiraopreto.com.br\/index.php\/wp-json\/wp\/v2\/users\/1"}],"replies":[{"embeddable":true,"href":"https:\/\/noticiasribeiraopreto.com.br\/index.php\/wp-json\/wp\/v2\/comments?post=29050"}],"version-history":[{"count":0,"href":"https:\/\/noticiasribeiraopreto.com.br\/index.php\/wp-json\/wp\/v2\/posts\/29050\/revisions"}],"wp:featuredmedia":[{"embeddable":true,"href":"https:\/\/noticiasribeiraopreto.com.br\/index.php\/wp-json\/wp\/v2\/media\/29051"}],"wp:attachment":[{"href":"https:\/\/noticiasribeiraopreto.com.br\/index.php\/wp-json\/wp\/v2\/media?parent=29050"}],"wp:term":[{"taxonomy":"category","embeddable":true,"href":"https:\/\/noticiasribeiraopreto.com.br\/index.php\/wp-json\/wp\/v2\/categories?post=29050"},{"taxonomy":"post_tag","embeddable":true,"href":"https:\/\/noticiasribeiraopreto.com.br\/index.php\/wp-json\/wp\/v2\/tags?post=29050"}],"curies":[{"name":"wp","href":"https:\/\/api.w.org\/{rel}","templated":true}]}}