{"id":29074,"date":"2024-01-17T12:16:45","date_gmt":"2024-01-17T15:16:45","guid":{"rendered":"https:\/\/noticiasribeiraopreto.com.br\/index.php\/2024\/01\/17\/entenda-que-e-o-programa-pe-de-meia-para-estudantes\/"},"modified":"2024-01-17T12:16:45","modified_gmt":"2024-01-17T15:16:45","slug":"entenda-que-e-o-programa-pe-de-meia-para-estudantes","status":"publish","type":"post","link":"https:\/\/noticiasribeiraopreto.com.br\/index.php\/2024\/01\/17\/entenda-que-e-o-programa-pe-de-meia-para-estudantes\/","title":{"rendered":"Entenda o que \u00e9 o programa P\u00e9-de-Meia para estudantes do ensino m\u00e9dio"},"content":{"rendered":"<div class='code-block code-block-1' style='margin: 8px 0 8px auto; text-align: right; display: block; clear: both;'>\n<p><a href=\"https:\/\/wa.link\/vpicfd\"><img data-recalc-dims=\"1\" class=\"wp-image-4922\" style=\"aspect-ratio: 2.0253164556962027; width: 561px; height: auto;\" src=\"https:\/\/i0.wp.com\/ismaelcolosi.com.br\/wp-content\/uploads\/2023\/11\/grupo-de-empregos-whatsapp-e-facebook-ismael-colosi-vagas.jpg?ssl=1\" alt=\"\" \/><\/a><\/p>\n<!-- \/wp:image -->\n<\/div>\n<p> <br \/>\n<\/p>\n<div>\n<p>A lei que incentiva os estudantes do ensino m\u00e9dio p\u00fablico e cria o programa <strong>P\u00e9-de-Meia<\/strong> foi publicada nesta quarta-feira (17) no <strong>Di\u00e1rio Oficial da Uni\u00e3o<\/strong>. Com a publica\u00e7\u00e3o fica definido quem pode receber o incentivo do governo e a forma de financiamento do benef\u00edcio. Al\u00e9m disso, \u00e9 poss\u00edvel saber como e quando o dinheiro poder\u00e1 ser usado.<\/p>\n<p>Embora o detalhamento sobre valores que ser\u00e3o depositados nas poupan\u00e7as e efetiva\u00e7\u00e3o dos saques devam ser regulamentados em outra publica\u00e7\u00e3o, a lei j\u00e1 define quem poder\u00e1 participar do programa. Os principais crit\u00e9rios s\u00e3o relacionados \u00e0 educa\u00e7\u00e3o e renda.<\/p>\n<h4 class=\"wp-block-heading\"><strong>Para o ensino regular<\/strong><\/h4>\n<ul>\n<li>Ser estudante do ensino m\u00e9dio das redes p\u00fablicas;<\/li>\n<li>pertencer a fam\u00edlia inscrita no Cadastro \u00danico para Programas Sociais do Governo Federal (Cad\u00danico);<\/li>\n<li>efetivar a matr\u00edcula no in\u00edcio de cada ano letivo;<\/li>\n<li>ter frequ\u00eancia escolar m\u00ednima de 80% do total de horas;<\/li>\n<li>concluir o ano com aprova\u00e7\u00e3o;<\/li>\n<li>participar dos exames do Sistema de Avalia\u00e7\u00e3o da Educa\u00e7\u00e3o B\u00e1sica (Saeb) e da avalia\u00e7\u00e3o externa de estados e Distrito Federal, para o ensino m\u00e9dio;<\/li>\n<li>e participar do Exame Nacional do Ensino M\u00e9dio (Enem), no \u00faltimo ano do ensino m\u00e9dio.<\/li>\n<\/ul>\n<h4 class=\"wp-block-heading\"><strong>Para a Educa\u00e7\u00e3o de Jovens e Adultos (EJA)<\/strong><\/h4>\n<ul>\n<li>Ter idade entre 19 e 24 anos;<\/li>\n<li>pertencer a fam\u00edlia inscrita no Cadastro \u00danico para Programas Sociais do Governo Federal (Cad\u00danico);<\/li>\n<li>participar no Exame Nacional para Certifica\u00e7\u00e3o de Compet\u00eancias de Jovens e Adultos (Encceja),<\/li>\n<li>e participar do Exame Nacional do Ensino M\u00e9dio (Enem).<\/li>\n<\/ul>\n<p>Estudantes de fam\u00edlias com renda per capita mensal igual ou inferior a R$ 218 ter\u00e3o prioridade na participa\u00e7\u00e3o do programa. Nos casos de fam\u00edlias compostas por uma pessoa, a poupan\u00e7a n\u00e3o poder\u00e1 ser acumulada com o recebimento dos Benef\u00edcios de Renda de Cidadania, Complementar, Primeira Inf\u00e2ncia, Vari\u00e1vel Familiar e Extraordin\u00e1rio de Transi\u00e7\u00e3o.<\/p>\n<h4 class=\"wp-block-heading\"><strong>Fundo<\/strong><\/h4>\n<p>Alguns dos principais objetivos do Programa P\u00e9-de-Meia est\u00e3o relacionados \u00e0 redu\u00e7\u00e3o das taxas de reten\u00e7\u00e3o, abandono e evas\u00e3o escolar, geralmente causadas por desigualdades e falta de mobilidade sociais.\u00a0<\/p>\n<p>Inicialmente, o Minist\u00e9rio da Educa\u00e7\u00e3o anunciou um aporte de R$ 20 bilh\u00f5es para integrar a cria\u00e7\u00e3o de um fundo para custear o programa. Desse valor, uma cota de R$ 13 bilh\u00f5es tem origem no super\u00e1vit do fundo social da venda de petr\u00f3leo, g\u00e1s natural e outros hidrocarbonetos, do per\u00edodo de 2018 a 2023.<\/p>\n<p>O fundo ser\u00e1 basicamente constitu\u00eddo pela integra\u00e7\u00e3o de cotas que podem ter origem na Uni\u00e3o e em outras pessoas f\u00edsicas ou jur\u00eddicas, inclusive estados, Distrito Federal e munic\u00edpios; por aplica\u00e7\u00f5es financeiras desses recursos e por outras fontes que ainda ser\u00e3o estabelecidas.<\/p>\n<p>Um agente financeiro oficial dever\u00e1 criar e gerir o fundo, que ter\u00e1 natureza privada e patrim\u00f4nio pr\u00f3prio separado dos cotistas, e sem comunica\u00e7\u00e3o com o patrim\u00f4nio do gestor, ou seja, n\u00e3o poder\u00e1 ser usado de nenhuma forma por bancos p\u00fablicos ou outras institui\u00e7\u00f5es que sejam contratadas para administrar esses recursos.<\/p>\n<h4 class=\"wp-block-heading\"><strong>Saque<\/strong><\/h4>\n<p>Os recursos ser\u00e3o depositados em uma conta em nome do estudante benefici\u00e1rio, de natureza pessoal e intransfer\u00edvel, que poder\u00e1 ser do tipo poupan\u00e7a social digital. E os valores n\u00e3o entrar\u00e3o no c\u00e1lculo para declara\u00e7\u00e3o de renda familiar e recebimento de outros benef\u00edcios, como Bolsa Fam\u00edlia, por exemplo.<\/p>\n<p>Os estudantes do ensino regular, benefici\u00e1rios do programa, poder\u00e3o realizar saques, a qualquer momento, nos 3 anos do ensino m\u00e9dio, apenas do percentual relativo \u00e0 manuten\u00e7\u00e3o dos estudos, desde de que cumpram as exig\u00eancias de matr\u00edcula e frequ\u00eancia. Esses valores, dever\u00e3o ser depositados pelo gestor do fundo, ao menos nove vezes ao longo de cada ano.<\/p>\n<p>J\u00e1 os dep\u00f3sitos relativos \u00e0 participa\u00e7\u00e3o nas avalia\u00e7\u00f5es e no Enem, s\u00f3 poder\u00e3o ser sacados depois que o estudante receber o certificado de conclus\u00e3o do ensino m\u00e9dio.<\/p>\n<p>Parte dos recursos depositados poder\u00e1 ser aplicada pelo estudante em t\u00edtulos p\u00fablicos federais ou valores mobili\u00e1rios, principalmente os que s\u00e3o voltados para financiar a educa\u00e7\u00e3o superior.<\/p>\n<p>Estados, Distrito Federal e munic\u00edpios colaborar\u00e3o com informa\u00e7\u00f5es sobre matr\u00edcula e frequ\u00eancia dos estudantes, por exemplo, al\u00e9m de incentivarem a participa\u00e7\u00e3o da sociedade no acompanhamento e fiscaliza\u00e7\u00e3o do programa (Fab\u00edola Siminb\u00fa\u00a0\/Ag\u00eancia Brasil).<\/p>\n<p>SAIBA MAIS<br \/><strong>Festa do Pe\u00e3o de Barretos inicia a venda de ingressos; Veja como comprar<\/strong><\/p>\n<h4 class=\"wp-block-heading\">FIQUE ON<\/h4>\n<p>Fique ligado em tudo que acontece em Ribeir\u00e3o Preto e regi\u00e3o. Siga os perfis do acidade on no <a href=\"https:\/\/www.instagram.com\/acidadeonribeirao\/\" target=\"_blank\" rel=\"noreferrer noopener nofollow\">Instagram<\/a> e no <a href=\"https:\/\/www.facebook.com\/acidadeonribeirao\/?locale=pt_BR\" target=\"_blank\" rel=\"noreferrer noopener nofollow\">Facebook<\/a>.<\/p>\n<p>Receba not\u00edcias do acidade on no WhatsApp. <a href=\"https:\/\/chat.whatsapp.com\/Bnv2w66ZT4VDyZW3oiZ69n\" target=\"_blank\" rel=\"noreferrer noopener nofollow\">Para entrar no grupo, basta clicar aqui<\/a>.<\/p>\n<p>Fa\u00e7a uma den\u00fancia ou sugira uma reportagem sobre Ribeir\u00e3o Preto e regi\u00e3o pelo WhatsApp: 16 99117 7802.<\/p>\n<p>VEJA TAMB\u00c9M<br \/>Ludmilla no Coachella 2024: veja datas<\/p>\n<p><!-- AI CONTENT END 1 -->\n<\/div>\n<p><script async src=\"\/\/www.instagram.com\/embed.js\"><\/script><br \/>\n<br \/><br \/>\n<br \/><a href=\"https:\/\/www.acidadeon.com\/ribeiraopreto\/politica\/entenda-que-e-o-programa-pe-de-meia-para-estudantes\/\">Source link <\/a><\/p>\n<!-- CONTENT END 1 -->\n","protected":false},"excerpt":{"rendered":"<p>A lei que incentiva os estudantes do ensino m\u00e9dio p\u00fablico e cria o programa P\u00e9-de-Meia foi publicada nesta quarta-feira (17) no Di\u00e1rio Oficial da Uni\u00e3o&#8230;.<\/p>\n","protected":false},"author":1,"featured_media":29075,"comment_status":"open","ping_status":"open","sticky":false,"template":"","format":"standard","meta":{"advanced_seo_description":"","jetpack_seo_html_title":"","jetpack_seo_noindex":false,"jetpack_post_was_ever_published":false,"_jetpack_newsletter_access":"","_jetpack_dont_email_post_to_subs":false,"_jetpack_newsletter_tier_id":0,"_jetpack_memberships_contains_paywalled_content":false,"_jetpack_memberships_contains_paid_content":false,"footnotes":"","jetpack_publicize_message":"","jetpack_publicize_feature_enabled":true,"jetpack_social_post_already_shared":true,"jetpack_social_options":{"image_generator_settings":{"template":"highway","default_image_id":0,"font":"","enabled":false},"version":2}},"categories":[11],"tags":[2336,33,1387,102,71,3635,1071],"class_list":["post-29074","post","type-post","status-publish","format-standard","has-post-thumbnail","hentry","category-noticias-de-ribeirao-preto-sp-e-regiao-ismael-colosi","tag-ensino","tag-entenda","tag-estudantes","tag-medio","tag-para","tag-pedemeia","tag-programa"],"jetpack_publicize_connections":[],"jetpack_featured_media_url":"https:\/\/i0.wp.com\/noticiasribeiraopreto.com.br\/wp-content\/uploads\/2024\/01\/foto-agencia-brasil.jpg?fit=1170%2C700&ssl=1","jetpack-related-posts":[{"id":43014,"url":"https:\/\/noticiasribeiraopreto.com.br\/index.php\/2024\/03\/18\/pagamento-do-programa-pe-de-meia-sera-feito-a-partir-de-26-de-marco\/","url_meta":{"origin":29074,"position":0},"title":"Pagamento do Programa P\u00e9-de-Meia ser\u00e1 feito a partir de 26 de mar\u00e7o","author":"noticiasribeiraopreto.com.br","date":"18 de March de 2024","format":false,"excerpt":"O pagamento do Incentivo-Matr\u00edcula do Programa P\u00e9-de-Meia do Minist\u00e9rio da Educa\u00e7\u00e3o (MEC) ser\u00e1 pago a partir de 26 de mar\u00e7o at\u00e9 3 de abril aos estudantes matriculados em alguma das tr\u00eas s\u00e9ries do ensino m\u00e9dio p\u00fablico.O dep\u00f3sito da parcela \u00fanica de R$ 200 do primeiro incentivo financeiro-educacional do programa ser\u00e1\u2026","rel":"","context":"In &quot;Not\u00edcias de Ribeir\u00e3o Preto-SP e Regi\u00e3o&quot;","block_context":{"text":"Not\u00edcias de Ribeir\u00e3o Preto-SP e Regi\u00e3o","link":"https:\/\/noticiasribeiraopreto.com.br\/index.php\/category\/noticias-de-ribeirao-preto-sp-e-regiao-ismael-colosi\/"},"img":{"alt_text":"","src":"https:\/\/i0.wp.com\/noticiasribeiraopreto.com.br\/wp-content\/uploads\/2024\/03\/aac5c7bf-d866-4632-88a3-825fa746101d-scaled.jpg?fit=1000%2C598&ssl=1&resize=350%2C200","width":350,"height":200,"srcset":"https:\/\/i0.wp.com\/noticiasribeiraopreto.com.br\/wp-content\/uploads\/2024\/03\/aac5c7bf-d866-4632-88a3-825fa746101d-scaled.jpg?fit=1000%2C598&ssl=1&resize=350%2C200 1x, https:\/\/i0.wp.com\/noticiasribeiraopreto.com.br\/wp-content\/uploads\/2024\/03\/aac5c7bf-d866-4632-88a3-825fa746101d-scaled.jpg?fit=1000%2C598&ssl=1&resize=525%2C300 1.5x, https:\/\/i0.wp.com\/noticiasribeiraopreto.com.br\/wp-content\/uploads\/2024\/03\/aac5c7bf-d866-4632-88a3-825fa746101d-scaled.jpg?fit=1000%2C598&ssl=1&resize=700%2C400 2x"},"classes":[]},{"id":32946,"url":"https:\/\/noticiasribeiraopreto.com.br\/index.php\/2024\/01\/27\/pe-de-meia-estudantes-do-ensino-medio-vao-r-2-mil-por-ano\/","url_meta":{"origin":29074,"position":1},"title":"P\u00e9-de-Meia: Estudantes do ensino m\u00e9dio v\u00e3o receber R$ 2 mil por ano","author":"noticiasribeiraopreto.com.br","date":"27 de January de 2024","format":false,"excerpt":"26 de janeiro de 2024 | 15:3626 de janeiro de 2024 | 15:45 0O presidente Luiz In\u00e1cio Lula reuniu a imprensa, na manh\u00e3 desta sexta-feira (26), para detalhar o Programa P\u00e9-de-Meia, que \u00e9 uma esp\u00e9cie de poupan\u00e7a que o governo federal far\u00e1 para os alunos que cursarem o ensino m\u00e9dio.O\u2026","rel":"","context":"In &quot;Not\u00edcias de Ribeir\u00e3o Preto-SP e Regi\u00e3o&quot;","block_context":{"text":"Not\u00edcias de Ribeir\u00e3o Preto-SP e Regi\u00e3o","link":"https:\/\/noticiasribeiraopreto.com.br\/index.php\/category\/noticias-de-ribeirao-preto-sp-e-regiao-ismael-colosi\/"},"img":{"alt_text":"","src":"https:\/\/i0.wp.com\/noticiasribeiraopreto.com.br\/wp-content\/uploads\/2024\/01\/conexiaeducacao_conexiaeducacao_image_943-1250x834-1-scaled.jpeg?fit=967%2C645&ssl=1&resize=350%2C200","width":350,"height":200,"srcset":"https:\/\/i0.wp.com\/noticiasribeiraopreto.com.br\/wp-content\/uploads\/2024\/01\/conexiaeducacao_conexiaeducacao_image_943-1250x834-1-scaled.jpeg?fit=967%2C645&ssl=1&resize=350%2C200 1x, https:\/\/i0.wp.com\/noticiasribeiraopreto.com.br\/wp-content\/uploads\/2024\/01\/conexiaeducacao_conexiaeducacao_image_943-1250x834-1-scaled.jpeg?fit=967%2C645&ssl=1&resize=525%2C300 1.5x, https:\/\/i0.wp.com\/noticiasribeiraopreto.com.br\/wp-content\/uploads\/2024\/01\/conexiaeducacao_conexiaeducacao_image_943-1250x834-1-scaled.jpeg?fit=967%2C645&ssl=1&resize=700%2C400 2x"},"classes":[]},{"id":38442,"url":"https:\/\/noticiasribeiraopreto.com.br\/index.php\/2024\/02\/20\/prazo-para-adesao-ao-programa-pe-de-meia-termina-no-proximo-domingo\/","url_meta":{"origin":29074,"position":2},"title":"Prazo para ades\u00e3o ao Programa P\u00e9-de-Meia termina no pr\u00f3ximo domingo","author":"noticiasribeiraopreto.com.br","date":"20 de February de 2024","format":false,"excerpt":"19 de fevereiro de 2024 | 14:0019 de fevereiro de 2024 | 10:44 0Termina no pr\u00f3ximo domingo (25) o prazo para a assinatura do termo de compromisso das redes federais, estaduais, distrital e municipais com o Programa P\u00e9-de-Meia, institu\u00eddo pelo governo federal como uma esp\u00e9cie de poupan\u00e7a que serve de\u2026","rel":"","context":"In &quot;Not\u00edcias de Ribeir\u00e3o Preto-SP e Regi\u00e3o&quot;","block_context":{"text":"Not\u00edcias de Ribeir\u00e3o Preto-SP e Regi\u00e3o","link":"https:\/\/noticiasribeiraopreto.com.br\/index.php\/category\/noticias-de-ribeirao-preto-sp-e-regiao-ismael-colosi\/"},"img":{"alt_text":"","src":"https:\/\/i0.wp.com\/noticiasribeiraopreto.com.br\/wp-content\/uploads\/2024\/02\/cederj.jpg?fit=600%2C400&ssl=1&resize=350%2C200","width":350,"height":200,"srcset":"https:\/\/i0.wp.com\/noticiasribeiraopreto.com.br\/wp-content\/uploads\/2024\/02\/cederj.jpg?fit=600%2C400&ssl=1&resize=350%2C200 1x, https:\/\/i0.wp.com\/noticiasribeiraopreto.com.br\/wp-content\/uploads\/2024\/02\/cederj.jpg?fit=600%2C400&ssl=1&resize=525%2C300 1.5x"},"classes":[]},{"id":22363,"url":"https:\/\/noticiasribeiraopreto.com.br\/index.php\/2023\/12\/29\/governo-federal-destina-montante-bilionario-para-poupanca-de-estudantes-do-ensino-medio-2\/","url_meta":{"origin":29074,"position":3},"title":"Governo Federal destina montante bilion\u00e1rio para poupan\u00e7a de estudantes do ensino m\u00e9dio","author":"noticiasribeiraopreto.com.br","date":"29 de December de 2023","format":false,"excerpt":"O ministro da Educa\u00e7\u00e3o, Camilo Santana, anunciou que o Minist\u00e9rio da Fazenda destinou R$ 6,1 bilh\u00f5es ao fundo que sustentar\u00e1 a Poupan\u00e7a de Incentivo \u00e0 Perman\u00eancia e Conclus\u00e3o Escolar para Estudantes do Ensino M\u00e9dio p\u00fablico, carinhosamente chamada de P\u00e9-de-Meia. A autoriza\u00e7\u00e3o para a transfer\u00eancia foi oficializada no Di\u00e1rio Oficial da\u2026","rel":"","context":"In &quot;Vagas de Emprego em Ribeir\u00e3o Preto-SP&quot;","block_context":{"text":"Vagas de Emprego em Ribeir\u00e3o Preto-SP","link":"https:\/\/noticiasribeiraopreto.com.br\/index.php\/category\/empregos-classificados-vagas-trabalho\/vagas-de-empregos-em-ribeirao-preto-regiao-brasil\/"},"img":{"alt_text":"","src":"https:\/\/i0.wp.com\/noticiasribeiraopreto.com.br\/wp-content\/uploads\/2023\/12\/pe_de_meia_poupanca_ensino_medio_-_canvajc_concursos.jpg?fit=1200%2C675&ssl=1&resize=350%2C200","width":350,"height":200,"srcset":"https:\/\/i0.wp.com\/noticiasribeiraopreto.com.br\/wp-content\/uploads\/2023\/12\/pe_de_meia_poupanca_ensino_medio_-_canvajc_concursos.jpg?fit=1200%2C675&ssl=1&resize=350%2C200 1x, https:\/\/i0.wp.com\/noticiasribeiraopreto.com.br\/wp-content\/uploads\/2023\/12\/pe_de_meia_poupanca_ensino_medio_-_canvajc_concursos.jpg?fit=1200%2C675&ssl=1&resize=525%2C300 1.5x, https:\/\/i0.wp.com\/noticiasribeiraopreto.com.br\/wp-content\/uploads\/2023\/12\/pe_de_meia_poupanca_ensino_medio_-_canvajc_concursos.jpg?fit=1200%2C675&ssl=1&resize=700%2C400 2x, https:\/\/i0.wp.com\/noticiasribeiraopreto.com.br\/wp-content\/uploads\/2023\/12\/pe_de_meia_poupanca_ensino_medio_-_canvajc_concursos.jpg?fit=1200%2C675&ssl=1&resize=1050%2C600 3x"},"classes":[]},{"id":76226,"url":"https:\/\/noticiasribeiraopreto.com.br\/index.php\/2025\/08\/25\/pe-de-meia-pagamento-da-sexta-parcela-comeca-nesta-segunda-feira\/","url_meta":{"origin":29074,"position":4},"title":"P\u00e9-de-Meia:\u202fpagamento\u202fda sexta parcela come\u00e7a nesta segunda-feira","author":"noticiasribeiraopreto.com.br","date":"25 de August de 2025","format":false,"excerpt":"25 de agosto de 2025 10:3925 de agosto de 2025 09:480 Compartilhar0 O Minist\u00e9rio da Educa\u00e7\u00e3o (MEC) inicia, nesta segunda-feira (25), o pagamento da\u202fsexta parcela\u202faos participantes do programa P\u00e9-de-Meia de 2025. Os beneficiados pelo programa s\u00e3o os estudantes do ensino m\u00e9dio matriculados na rede p\u00fablica regular e na modalidade educa\u00e7\u00e3o\u2026","rel":"","context":"In &quot;Not\u00edcias de Ribeir\u00e3o Preto-SP e Regi\u00e3o&quot;","block_context":{"text":"Not\u00edcias de Ribeir\u00e3o Preto-SP e Regi\u00e3o","link":"https:\/\/noticiasribeiraopreto.com.br\/index.php\/category\/noticias-de-ribeirao-preto-sp-e-regiao-ismael-colosi\/"},"img":{"alt_text":"","src":"https:\/\/i0.wp.com\/noticiasribeiraopreto.com.br\/wp-content\/uploads\/2025\/08\/pe-de-meia.jpeg?fit=1170%2C700&ssl=1&resize=350%2C200","width":350,"height":200,"srcset":"https:\/\/i0.wp.com\/noticiasribeiraopreto.com.br\/wp-content\/uploads\/2025\/08\/pe-de-meia.jpeg?fit=1170%2C700&ssl=1&resize=350%2C200 1x, https:\/\/i0.wp.com\/noticiasribeiraopreto.com.br\/wp-content\/uploads\/2025\/08\/pe-de-meia.jpeg?fit=1170%2C700&ssl=1&resize=525%2C300 1.5x, https:\/\/i0.wp.com\/noticiasribeiraopreto.com.br\/wp-content\/uploads\/2025\/08\/pe-de-meia.jpeg?fit=1170%2C700&ssl=1&resize=700%2C400 2x, https:\/\/i0.wp.com\/noticiasribeiraopreto.com.br\/wp-content\/uploads\/2025\/08\/pe-de-meia.jpeg?fit=1170%2C700&ssl=1&resize=1050%2C600 3x"},"classes":[]},{"id":77924,"url":"https:\/\/noticiasribeiraopreto.com.br\/index.php\/2025\/09\/29\/pe-de-meia-pagamento-da-7a-parcela-comeca-hoje\/","url_meta":{"origin":29074,"position":5},"title":"P\u00e9-de-Meia:\u202fpagamento\u202fda 7\u00aa parcela come\u00e7a hoje","author":"noticiasribeiraopreto.com.br","date":"29 de September de 2025","format":false,"excerpt":"Valor de R$ 200 \u00e9 depositado conforme m\u00eas de nascimento do aluno Daniella Almeida \u2013 (Da Ag\u00eancia Brasil) O Minist\u00e9rio da Educa\u00e7\u00e3o (MEC) inicia, nesta segunda-feira (29), o pagamento da\u202fs\u00e9tima parcela\u202faos participantes do programa P\u00e9-de-Meia de 2025. Os beneficiados pelo programa federal s\u00e3o os estudantes do ensino m\u00e9dio matriculados na\u2026","rel":"","context":"In &quot;Not\u00edcias de Ribeir\u00e3o Preto-SP e Regi\u00e3o&quot;","block_context":{"text":"Not\u00edcias de Ribeir\u00e3o Preto-SP e Regi\u00e3o","link":"https:\/\/noticiasribeiraopreto.com.br\/index.php\/category\/noticias-de-ribeirao-preto-sp-e-regiao-ismael-colosi\/"},"img":{"alt_text":"","src":"https:\/\/i0.wp.com\/noticiasribeiraopreto.com.br\/wp-content\/uploads\/2025\/09\/pe-de-meia-antonio-cruz.webp.webp?fit=1170%2C700&ssl=1&resize=350%2C200","width":350,"height":200,"srcset":"https:\/\/i0.wp.com\/noticiasribeiraopreto.com.br\/wp-content\/uploads\/2025\/09\/pe-de-meia-antonio-cruz.webp.webp?fit=1170%2C700&ssl=1&resize=350%2C200 1x, https:\/\/i0.wp.com\/noticiasribeiraopreto.com.br\/wp-content\/uploads\/2025\/09\/pe-de-meia-antonio-cruz.webp.webp?fit=1170%2C700&ssl=1&resize=525%2C300 1.5x, https:\/\/i0.wp.com\/noticiasribeiraopreto.com.br\/wp-content\/uploads\/2025\/09\/pe-de-meia-antonio-cruz.webp.webp?fit=1170%2C700&ssl=1&resize=700%2C400 2x, https:\/\/i0.wp.com\/noticiasribeiraopreto.com.br\/wp-content\/uploads\/2025\/09\/pe-de-meia-antonio-cruz.webp.webp?fit=1170%2C700&ssl=1&resize=1050%2C600 3x"},"classes":[]}],"jetpack_sharing_enabled":true,"jetpack_shortlink":"https:\/\/wp.me\/peQAOb-7yW","_links":{"self":[{"href":"https:\/\/noticiasribeiraopreto.com.br\/index.php\/wp-json\/wp\/v2\/posts\/29074","targetHints":{"allow":["GET"]}}],"collection":[{"href":"https:\/\/noticiasribeiraopreto.com.br\/index.php\/wp-json\/wp\/v2\/posts"}],"about":[{"href":"https:\/\/noticiasribeiraopreto.com.br\/index.php\/wp-json\/wp\/v2\/types\/post"}],"author":[{"embeddable":true,"href":"https:\/\/noticiasribeiraopreto.com.br\/index.php\/wp-json\/wp\/v2\/users\/1"}],"replies":[{"embeddable":true,"href":"https:\/\/noticiasribeiraopreto.com.br\/index.php\/wp-json\/wp\/v2\/comments?post=29074"}],"version-history":[{"count":0,"href":"https:\/\/noticiasribeiraopreto.com.br\/index.php\/wp-json\/wp\/v2\/posts\/29074\/revisions"}],"wp:featuredmedia":[{"embeddable":true,"href":"https:\/\/noticiasribeiraopreto.com.br\/index.php\/wp-json\/wp\/v2\/media\/29075"}],"wp:attachment":[{"href":"https:\/\/noticiasribeiraopreto.com.br\/index.php\/wp-json\/wp\/v2\/media?parent=29074"}],"wp:term":[{"taxonomy":"category","embeddable":true,"href":"https:\/\/noticiasribeiraopreto.com.br\/index.php\/wp-json\/wp\/v2\/categories?post=29074"},{"taxonomy":"post_tag","embeddable":true,"href":"https:\/\/noticiasribeiraopreto.com.br\/index.php\/wp-json\/wp\/v2\/tags?post=29074"}],"curies":[{"name":"wp","href":"https:\/\/api.w.org\/{rel}","templated":true}]}}