{"id":29082,"date":"2024-01-17T12:56:42","date_gmt":"2024-01-17T15:56:42","guid":{"rendered":"https:\/\/noticiasribeiraopreto.com.br\/index.php\/2024\/01\/17\/linkedin-divulga-as-25-profissoes-em-alta-neste-ano\/"},"modified":"2024-01-17T12:56:42","modified_gmt":"2024-01-17T15:56:42","slug":"linkedin-divulga-as-25-profissoes-em-alta-neste-ano","status":"publish","type":"post","link":"https:\/\/noticiasribeiraopreto.com.br\/index.php\/2024\/01\/17\/linkedin-divulga-as-25-profissoes-em-alta-neste-ano\/","title":{"rendered":"LinkedIn divulga as 25 profiss\u00f5es em alta neste ano"},"content":{"rendered":"<div class='code-block code-block-1' style='margin: 8px 0 8px auto; text-align: right; display: block; clear: both;'>\n<p><a href=\"https:\/\/wa.link\/vpicfd\"><img data-recalc-dims=\"1\" class=\"wp-image-4922\" style=\"aspect-ratio: 2.0253164556962027; width: 561px; height: auto;\" src=\"https:\/\/i0.wp.com\/ismaelcolosi.com.br\/wp-content\/uploads\/2023\/11\/grupo-de-empregos-whatsapp-e-facebook-ismael-colosi-vagas.jpg?ssl=1\" alt=\"\" \/><\/a><\/p>\n<!-- \/wp:image -->\n<\/div>\n<p> <br \/>\n<\/p>\n<div>\n<div id=\"attachment_590569\" class=\"wp-caption alignnone style=\" max-width:=\"\"><img data-recalc-dims=\"1\" fetchpriority=\"high\" decoding=\"async\" class=\"alignnone wp-image-590569 size-full\" src=\"https:\/\/i0.wp.com\/forbes.com.br\/wp-content\/uploads\/2024\/01\/carreira-trabalho-time-768x512.jpg?resize=678%2C452&#038;ssl=1\" http:=\"\" alt=\"Getty Images\" width=\"678\" height=\"452\" data-lazy-src=\"https:\/\/forbes.com.br\/wp-content\/uploads\/2024\/01\/carreira-trabalho-time-768x512.jpg\"\/><noscript><img data-recalc-dims=\"1\" fetchpriority=\"high\" decoding=\"async\" class=\"alignnone wp-image-590569 size-full\" src=\"https:\/\/i0.wp.com\/forbes.com.br\/wp-content\/uploads\/2024\/01\/carreira-trabalho-time-768x512.jpg?resize=678%2C452&#038;ssl=1\" alt=\"Getty Images\" width=\"678\" height=\"452\"\/><\/noscript><\/p>\n<p>Getty Images<\/p>\n<p class=\"wp-caption-text\">Posi\u00e7\u00f5es de tecnologia e vendas se destacam entre os cargos com maior demanda em 2024, mostra relat\u00f3rio do LinkedIn<\/p>\n<\/div>\n<p>As <a href=\"https:\/\/www.linkedin.com\/pulse\/redefining-work-ryan-roslansky\/\" target=\"_blank\" rel=\"noopener\">compet\u00eancias exigidas dos profissionais mudaram 25% desde 2015<\/a>, e esse n\u00famero deve chegar a 65% at\u00e9 2030, segundo dados do LinkedIn.<\/p>\n<p>O r\u00e1pido avan\u00e7o da tecnologia e as suas transforma\u00e7\u00f5es no mercado exigem atualiza\u00e7\u00e3o constante. Al\u00e9m de assumir tarefas rotineiras, aumentando a produtividade das equipes, a intelig\u00eancia artificial tem criado novas profiss\u00f5es e impactado os empregos de forma geral \u2013 substituindo alguns e complementando outros.<\/p>\n<ul>\n<li>\n<h4>Siga o canal da <a href=\"https:\/\/whatsapp.com\/channel\/0029Va9gQKwBFLgM96cJnu0u\" target=\"_blank\" rel=\"noopener\">Forbes<\/a> e de <a href=\"https:\/\/whatsapp.com\/channel\/0029VaAZk57JuyA9F4UwQc2I\" target=\"_blank\" rel=\"noopener\">Forbes Money<\/a> no WhatsApp e receba as principais not\u00edcias sobre neg\u00f3cios, carreira, tecnologia e estilo de vida<\/h4>\n<\/li>\n<\/ul>\n<p>De olho nas tend\u00eancias do mercado de trabalho para este ano, o LinkedIn divulgou as <strong>25 posi\u00e7\u00f5es que tiveram maior crescimento de demanda nos \u00faltimos cinco anos<\/strong>.<\/p>\n<p>A formula\u00e7\u00e3o da pesquisa contou com o c\u00e1lculo das taxas de crescimento a partir da an\u00e1lise de milh\u00f5es de empregos iniciados pelos profissionais no Linkedin entre os per\u00edodos de 1\u00ba de janeiro de 2019 e 31 de julho de 2023. Al\u00e9m disso, cada cargo adicionado \u00e0 lista precisou ter crescimento consistente na base de usu\u00e1rios da plataforma e significativo aumento em 2023.<\/p>\n<p><strong>Leia tamb\u00e9m:<\/strong><\/p>\n<p>Dar uma olhada na lista pode ser relevante mesmo para aqueles que n\u00e3o est\u00e3o considerando uma transi\u00e7\u00e3o de carreira, mas que desejam se preparar ativamente para o futuro do mercado de trabalho.<\/p>\n<h4>Confira as primeiras 10 profiss\u00f5es que estar\u00e3o em demanda no ano de 2024 segundo o LinkedIn:<\/h4>\n<h3>1. Analista de privacidade<\/h3>\n<p>O que faz: avalia de forma cont\u00ednua os riscos relacionados a dados sens\u00edveis, ajudando as empresas a desenvolver procedimentos para tratar essas informa\u00e7\u00f5es de maneira adequada.<\/p>\n<p>Compet\u00eancias: conformidade em privacidade e privacidade de dados.<\/p>\n<p>Setores mais comuns: servi\u00e7os e consultoria de TI, instala\u00e7\u00f5es recreativas, justi\u00e7a.<\/p>\n<p>Principais cargos ocupados antes da contrata\u00e7\u00e3o: advogado, consultor de dados e analista de seguran\u00e7a da informa\u00e7\u00e3o.<\/p>\n<h3>2. Analista de ciberseguran\u00e7a<\/h3>\n<p>Cargos relacionados: analista de centro de opera\u00e7\u00f5es de seguran\u00e7a (SOC) ou especialista de ciberseguran\u00e7a<\/p>\n<p>O que faz: respons\u00e1vel por evitar amea\u00e7as cibern\u00e9ticas a dispositivos e \u00e0 rede da empresa, monitorando incidentes e avaliando vulnerabilidades.<\/p>\n<p>Compet\u00eancias mais comuns: seguran\u00e7a da informa\u00e7\u00e3o, teste de intrus\u00e3o, gest\u00e3o de informa\u00e7\u00f5es e eventos de seguran\u00e7a.<\/p>\n<p>Setores mais comuns: servi\u00e7os e consultoria de TI, tecnologia, informa\u00e7\u00e3o e internet, intermedia\u00e7\u00e3o de cr\u00e9dito.<\/p>\n<p>Principais cargos ocupados antes da contrata\u00e7\u00e3o: analista de seguran\u00e7a da informa\u00e7\u00e3o, analista de infraestrutura, analista de suporte.<\/p>\n<p>Disponibilidade de vagas remotas: 31,4%<\/p>\n<p>Disponibilidade de vagas h\u00edbridas: 41,9%<\/p>\n<p>3. Executivo(a) de vendas<\/p>\n<p>Cargos relacionados: executivo de inside sales ou executivo de outside sales<\/p>\n<p>O que faz: coloca em pr\u00e1tica a estrat\u00e9gia de vendas, sendo respons\u00e1vel por processos desde a identifica\u00e7\u00e3o de potenciais clientes a fechar neg\u00f3cios e administrar sua carteira de contas.<\/p>\n<p>Compet\u00eancias mais comuns: SPIN Selling, gest\u00e3o de vendas e negocia\u00e7\u00e3o.<\/p>\n<p>Setores mais comuns: tecnologia, informa\u00e7\u00e3o e internet, servi\u00e7os e consultoria de TI, servi\u00e7os e consultoria Empresarial.<\/p>\n<p>Principais cargos ocupados antes da contrata\u00e7\u00e3o: representante de desenvolvimento de vendas, consultor de vendas, consultor de neg\u00f3cios.<\/p>\n<p>Disponibilidade de vagas remotas: 16%<\/p>\n<p>Disponibilidade de vagas h\u00edbridas: 17,9%<\/p>\n<h3>4. Representante de desenvolvimento de neg\u00f3cios (BDR)<\/h3>\n<p>Cargos relacionados: representante de desenvolvimento de vendas ou analista de pr\u00e9-vendas<\/p>\n<p>O que faz: prospecta e cultiva relacionamentos com potenciais clientes para gerar contatos qualificados e novas oportunidades de neg\u00f3cios para suas empresas.<\/p>\n<p>Compet\u00eancias mais comuns: prospec\u00e7\u00e3o de clientes, pr\u00e9-vendas, SPIN Selling.<\/p>\n<p>Setores mais comuns: tecnologia, informa\u00e7\u00e3o e internet, servi\u00e7os e consultoria de TI, servi\u00e7os de publicidade.<\/p>\n<p>Principais cargos ocupados antes da contrata\u00e7\u00e3o: vendedor, consultor de vendas, representante de desenvolvimento de vendas.<\/p>\n<p>Disponibilidade de vagas remotas: 30,4%<\/p>\n<p>Disponibilidade de vagas h\u00edbridas: 24,5%<\/p>\n<h3>5. Gerente de contas estrat\u00e9gicas<\/h3>\n<p>Cargos relacionados: executivo de contas enterprise<\/p>\n<p>O que faz: gerencia as contas de clientes que representam a maior parcela do faturamento da empresa ou que representam oportunidades estrat\u00e9gicas, oferece atendimento personalizado.<\/p>\n<p>Compet\u00eancias mais comuns: processo de venda, gest\u00e3o de vendas, desenvolvimento de contas-chave.<\/p>\n<p>Setores mais comuns: manufatura qu\u00edmica, alimentos e bebidas, tecnologia, informa\u00e7\u00e3o e internet.<\/p>\n<p>Principais cargos ocupados antes da contrata\u00e7\u00e3o: gerente de vendas, executivo de vendas, executivo de contas.<\/p>\n<p>Disponibilidade de vagas remotas: 33,3%<\/p>\n<h3>6. Diretor(a) de receita<\/h3>\n<p>O que faz: supervisiona todos os processos geradores de receita em uma empresa, escolhendo setores para focar e participando na defini\u00e7\u00e3o das estrat\u00e9gias de planejamento e opera\u00e7\u00f5es.<\/p>\n<p>Compet\u00eancias mais comuns: SaaS, growth hacking, planejamento empresarial.<\/p>\n<p>Setores mais comuns: tecnologia, informa\u00e7\u00e3o e internet, servi\u00e7os e consultoria de TI, servi\u00e7os e consultoria empresarial.<\/p>\n<p>Principais cargos ocupados antes da contrata\u00e7\u00e3o: diretor de vendas, diretor de opera\u00e7\u00f5es, CEO.<\/p>\n<h3>7. Engenheiro de seguran\u00e7a de processo<\/h3>\n<p>O que faz: analisa riscos em processos industriais relacionados a compostos qu\u00edmicos e materiais, lidera projetos de engenharia e da ind\u00fastria para propor melhorias e evitar acidentes.<\/p>\n<p>Compet\u00eancias mais comuns: seguran\u00e7a de processos, an\u00e1lise de riscos, estudo de perigos e operabilidade (HAZOP).<\/p>\n<p>Setores mais comuns: petr\u00f3leo e g\u00e1s, servi\u00e7os e consultoria empresarial, manufatura qu\u00edmica.<\/p>\n<p>Principais cargos ocupados antes da contrata\u00e7\u00e3o: engenheiro de processos, engenheiro de seguran\u00e7a, analista de engenharia.<\/p>\n<p>Disponibilidade de vagas h\u00edbridas: 9,1%<\/p>\n<h3>8. Assessor(a) de investimento<\/h3>\n<p>O que faz: auxilia sua carteira de clientes a tomar decis\u00f5es de investimento, mostrando op\u00e7\u00f5es de produtos do mercado financeiro dentro de cada perfil de risco.<\/p>\n<p>Compet\u00eancias mais comuns: investimentos, servi\u00e7os banc\u00e1rios, mercados financeiros.<\/p>\n<p>Setores mais comuns: intermedia\u00e7\u00e3o de cr\u00e9dito, mercado de capitais, servi\u00e7os e consultoria empresarial.<\/p>\n<p>Principais cargos ocupados antes da contrata\u00e7\u00e3o: gerente de relacionamento, gerente geral, gerente de investimentos.<\/p>\n<p>Disponibilidade de vagas remotas: 9,4%<\/p>\n<p>Disponibilidade de vagas h\u00edbridas: 46,7%<\/p>\n<h3>9. Analista de dados<\/h3>\n<p>Cargos relacionados: assistente de dados ou coordenador de dados<\/p>\n<p>O que faz: coleta e limpa bases de dados, faz an\u00e1lises e fornece materiais que auxiliam outras \u00e1reas do neg\u00f3cio a tomar decis\u00f5es assertivas.<\/p>\n<p>Compet\u00eancias mais comuns: SQL, ETL (Extra\u00e7\u00e3o, transforma\u00e7\u00e3o e carregamento), Python.<\/p>\n<p>Setores mais comuns: tecnologia, informa\u00e7\u00e3o e internet, servi\u00e7os e consultoria de TI, servi\u00e7os e consultoria empresarial.<\/p>\n<p>Principais cargos ocupados antes da contrata\u00e7\u00e3o: assistente administrativo, cientista de dados, analista de intelig\u00eancia de neg\u00f3cios (Business Intelligence).<\/p>\n<p>Disponibilidade de vagas remotas: 24,1%<\/p>\n<p>Disponibilidade de vagas h\u00edbridas: 38,9%<\/p>\n<p>10. Gerente de tr\u00e1fego<\/p>\n<p>O que faz: planeja a distribui\u00e7\u00e3o de conte\u00fados e an\u00fancios em m\u00eddias digitais, mensurando resultados das campanhas para a empresa e administra a verba de an\u00fancios pagos.<\/p>\n<p>Compet\u00eancias mais comuns: gest\u00e3o de tr\u00e1fego, marketing digital, Facebook Ads.<\/p>\n<p>Setores mais comuns: servi\u00e7os de publicidade, consultoria e servi\u00e7os empresariais, tecnologia, informa\u00e7\u00e3o e internet.<\/p>\n<p>Principais cargos ocupados antes da contrata\u00e7\u00e3o: analista de marketing, assistente administrativo, auxiliar administrativo.<\/p>\n<p>Disponibilidade de vagas remotas: 18,5%<\/p>\n<p>Disponibilidade de vagas h\u00edbridas: 18,2%<\/p>\n<h4>Veja os outros 15 cargos que mais crescem no Brasil segundo o relat\u00f3rio do LinkedIn:<\/h4>\n<p>11. L\u00edder de gerentes de produto<br \/>12. Analista de constru\u00e7\u00e3o civil<br \/>13. Especialista de campo<br \/>14. Diretor(a) comercial<br \/>15. Gerente middle market<br \/>16. Psic\u00f3logo(a) infantil<br \/>17. Piloto de drone<br \/>18. Estrategista de m\u00eddias sociais<br \/>19. T\u00e9cnico(a) em geologia<br \/>20. T\u00e9cnico(a) de seguran\u00e7a do trabalho<br \/>21. Engenheiro(a) de seguran\u00e7a<br \/>22. Analista de suporte de TI<br \/>23. Engenheiro(a) de confiabilidade<br \/>24. Analista de sustentabilidade<br \/>25. Analista de implementa\u00e7\u00e3o<\/p>\n<\/div>\n<p><script type=\"rocketlazyloadscript\">\n\t\t\t\t(function(d, s, id){\n\t\t\t\t\tvar js, fjs = d.getElementsByTagName(s)[0];\n\t\t\t\t\tif (d.getElementById(id)) return;\n\t\t\t\t\tjs = d.createElement(s); js.id = id;\n\t\t\t\t\tjs.src = \"\/\/connect.facebook.net\/pt_BR\/sdk.js#xfbml=1&version=v2.9\";\n\t\t\t\t\tfjs.parentNode.insertBefore(js, fjs);\n\t\t\t\t}(document, 'script', 'facebook-jssdk'));\n\t\t\t<\/script><br \/>\n<br \/><br \/>\n<br \/><a href=\"https:\/\/forbes.com.br\/carreira\/2024\/01\/veja-as-25-profissoes-em-alta-neste-ano-segundo-o-linkedin\/\">Source link <\/a><\/p>\n<!-- CONTENT END 1 -->\n","protected":false},"excerpt":{"rendered":"<p>Getty Images Posi\u00e7\u00f5es de tecnologia e vendas se destacam entre os cargos com maior demanda em 2024, mostra relat\u00f3rio do LinkedIn As compet\u00eancias exigidas dos&#8230;<\/p>\n","protected":false},"author":1,"featured_media":29083,"comment_status":"open","ping_status":"open","sticky":false,"template":"","format":"standard","meta":{"advanced_seo_description":"","jetpack_seo_html_title":"","jetpack_seo_noindex":false,"jetpack_post_was_ever_published":false,"_jetpack_newsletter_access":"","_jetpack_dont_email_post_to_subs":false,"_jetpack_newsletter_tier_id":0,"_jetpack_memberships_contains_paywalled_content":false,"_jetpack_memberships_contains_paid_content":false,"footnotes":"","jetpack_publicize_message":"","jetpack_publicize_feature_enabled":true,"jetpack_social_post_already_shared":true,"jetpack_social_options":{"image_generator_settings":{"template":"highway","default_image_id":0,"font":"","enabled":false},"version":2}},"categories":[1],"tags":[],"class_list":["post-29082","post","type-post","status-publish","format-standard","has-post-thumbnail","hentry","category-blog"],"jetpack_publicize_connections":[],"jetpack_featured_media_url":"https:\/\/i0.wp.com\/noticiasribeiraopreto.com.br\/wp-content\/uploads\/2024\/01\/carreira-trabalho-time-1024x683.jpg?fit=1024%2C683&ssl=1","jetpack-related-posts":[{"id":51616,"url":"https:\/\/noticiasribeiraopreto.com.br\/index.php\/2024\/05\/28\/linkedin-disponibiliza-75-cursos-gratuitos\/","url_meta":{"origin":29082,"position":0},"title":"LinkedIn disponibiliza 75 cursos gratuitos","author":"noticiasribeiraopreto.com.br","date":"28 de May de 2024","format":false,"excerpt":"Em comemora\u00e7\u00e3o aos 75 milh\u00f5es de usu\u00e1rios no Brasil, o LinkedIn est\u00e1 disponibilizando 75 cursos gratuitos na plataforma. Acessibilidade L L A- A+ \u25d0 As aulas abrangem soft e hard skills e envolvem intelig\u00eancia artificial, desenvolvimento de carreira, ferramentas digitais, neg\u00f3cios, lideran\u00e7a e comunica\u00e7\u00e3o. Tamb\u00e9m h\u00e1 cursos voltados para mulheres\u2026","rel":"","context":"In &quot;Blog&quot;","block_context":{"text":"Blog","link":"https:\/\/noticiasribeiraopreto.com.br\/index.php\/category\/blog\/"},"img":{"alt_text":"","src":"https:\/\/i0.wp.com\/noticiasribeiraopreto.com.br\/wp-content\/uploads\/2024\/05\/carreira-linkedin-1024x683.jpg?fit=1024%2C683&ssl=1&resize=350%2C200","width":350,"height":200,"srcset":"https:\/\/i0.wp.com\/noticiasribeiraopreto.com.br\/wp-content\/uploads\/2024\/05\/carreira-linkedin-1024x683.jpg?fit=1024%2C683&ssl=1&resize=350%2C200 1x, https:\/\/i0.wp.com\/noticiasribeiraopreto.com.br\/wp-content\/uploads\/2024\/05\/carreira-linkedin-1024x683.jpg?fit=1024%2C683&ssl=1&resize=525%2C300 1.5x, https:\/\/i0.wp.com\/noticiasribeiraopreto.com.br\/wp-content\/uploads\/2024\/05\/carreira-linkedin-1024x683.jpg?fit=1024%2C683&ssl=1&resize=700%2C400 2x"},"classes":[]},{"id":50597,"url":"https:\/\/noticiasribeiraopreto.com.br\/index.php\/2024\/05\/17\/presidente-do-ifood-vai-comandar-grupo-holandes-de-tecnologia-prosus\/","url_meta":{"origin":29082,"position":1},"title":"Presidente do iFood vai comandar grupo holand\u00eas de tecnologia Prosus","author":"noticiasribeiraopreto.com.br","date":"17 de May de 2024","format":false,"excerpt":"Reprodu\u00e7\u00e3o\/LinkedInO iFood \u00e9 controlado pela holding de tecnologia Movile, cofundada por Bloisi e controlada pela Naspers Acessibilidade L L A- A+ \u25d0 O investidor holand\u00eas em tecnologia Prosus e seu grupo controlador sul-africano Naspers nomearam nesta sexta-feira (17) o brasileiro Fabricio Bloisi, presidente do iFood, como seu novo presidente-executivo, em\u2026","rel":"","context":"In &quot;Blog&quot;","block_context":{"text":"Blog","link":"https:\/\/noticiasribeiraopreto.com.br\/index.php\/category\/blog\/"},"img":{"alt_text":"","src":"https:\/\/i0.wp.com\/noticiasribeiraopreto.com.br\/wp-content\/uploads\/2024\/05\/Ifood-1024x683.png?fit=1024%2C683&ssl=1&resize=350%2C200","width":350,"height":200,"srcset":"https:\/\/i0.wp.com\/noticiasribeiraopreto.com.br\/wp-content\/uploads\/2024\/05\/Ifood-1024x683.png?fit=1024%2C683&ssl=1&resize=350%2C200 1x, https:\/\/i0.wp.com\/noticiasribeiraopreto.com.br\/wp-content\/uploads\/2024\/05\/Ifood-1024x683.png?fit=1024%2C683&ssl=1&resize=525%2C300 1.5x, https:\/\/i0.wp.com\/noticiasribeiraopreto.com.br\/wp-content\/uploads\/2024\/05\/Ifood-1024x683.png?fit=1024%2C683&ssl=1&resize=700%2C400 2x"},"classes":[]},{"id":47327,"url":"https:\/\/noticiasribeiraopreto.com.br\/index.php\/2024\/04\/25\/linkedin-as-25-top-empresas-para-crescer-na-carreira\/","url_meta":{"origin":29082,"position":2},"title":"LinkedIn: as 25 top empresas para crescer na carreira","author":"noticiasribeiraopreto.com.br","date":"25 de April de 2024","format":false,"excerpt":"Getty ImagesLista do LinkedIn das melhores empresas para crescer profissionalmente \u00e9 liderada pelo Ita\u00fa Unibanco desde 2018 O LinkedIn acaba de publicar sua lista anual das 25 melhores companhias para quem quer se desenvolver profissionalmente no Brasil. A metodologia do levantamento levou em considera\u00e7\u00e3o o crescimento profissional dos funcion\u00e1rios quando\u2026","rel":"","context":"In &quot;Blog&quot;","block_context":{"text":"Blog","link":"https:\/\/noticiasribeiraopreto.com.br\/index.php\/category\/blog\/"},"img":{"alt_text":"","src":"https:\/\/i0.wp.com\/noticiasribeiraopreto.com.br\/wp-content\/uploads\/2024\/04\/carreira-trabalho-crescimento-1024x683.jpg?fit=1024%2C683&ssl=1&resize=350%2C200","width":350,"height":200,"srcset":"https:\/\/i0.wp.com\/noticiasribeiraopreto.com.br\/wp-content\/uploads\/2024\/04\/carreira-trabalho-crescimento-1024x683.jpg?fit=1024%2C683&ssl=1&resize=350%2C200 1x, https:\/\/i0.wp.com\/noticiasribeiraopreto.com.br\/wp-content\/uploads\/2024\/04\/carreira-trabalho-crescimento-1024x683.jpg?fit=1024%2C683&ssl=1&resize=525%2C300 1.5x, https:\/\/i0.wp.com\/noticiasribeiraopreto.com.br\/wp-content\/uploads\/2024\/04\/carreira-trabalho-crescimento-1024x683.jpg?fit=1024%2C683&ssl=1&resize=700%2C400 2x"},"classes":[]},{"id":47323,"url":"https:\/\/noticiasribeiraopreto.com.br\/index.php\/2024\/04\/25\/como-empreendedor-usou-linkedin-para-levantar-r-72-milhoes\/","url_meta":{"origin":29082,"position":3},"title":"Como empreendedor usou LinkedIn para levantar R$ 72 milh\u00f5es","author":"noticiasribeiraopreto.com.br","date":"25 de April de 2024","format":false,"excerpt":"Reprodu\u00e7\u00e3o\/Forbes USA AI Squared atua na incorpora\u00e7\u00e3o de insights captados por intelig\u00eancia artificial em aplicativos comerciais e plataformas de fluxos de trabalho em tempo real. Ap\u00f3s quatro anos desenvolvendo sua startup, Benjamin Harvey imaginou que um homem de neg\u00f3cios como Roger Ferguson, ex-CEO da TIAA, empresa de aposentadoria e seguros,\u2026","rel":"","context":"In &quot;Blog&quot;","block_context":{"text":"Blog","link":"https:\/\/noticiasribeiraopreto.com.br\/index.php\/category\/blog\/"},"img":{"alt_text":"","src":"https:\/\/i0.wp.com\/noticiasribeiraopreto.com.br\/wp-content\/uploads\/2024\/04\/Benjamin.IA_.Empreendedor.Linkedin-1024x683.png?fit=1024%2C683&ssl=1&resize=350%2C200","width":350,"height":200,"srcset":"https:\/\/i0.wp.com\/noticiasribeiraopreto.com.br\/wp-content\/uploads\/2024\/04\/Benjamin.IA_.Empreendedor.Linkedin-1024x683.png?fit=1024%2C683&ssl=1&resize=350%2C200 1x, https:\/\/i0.wp.com\/noticiasribeiraopreto.com.br\/wp-content\/uploads\/2024\/04\/Benjamin.IA_.Empreendedor.Linkedin-1024x683.png?fit=1024%2C683&ssl=1&resize=525%2C300 1.5x, https:\/\/i0.wp.com\/noticiasribeiraopreto.com.br\/wp-content\/uploads\/2024\/04\/Benjamin.IA_.Empreendedor.Linkedin-1024x683.png?fit=1024%2C683&ssl=1&resize=700%2C400 2x"},"classes":[]},{"id":50575,"url":"https:\/\/noticiasribeiraopreto.com.br\/index.php\/2024\/05\/17\/bacharel-em-direito-e-escritor-quem-e-o-novo-ceo-do-ifood\/","url_meta":{"origin":29082,"position":4},"title":"Bacharel em direito e escritor: quem \u00e9 o novo CEO do iFood?","author":"noticiasribeiraopreto.com.br","date":"17 de May de 2024","format":false,"excerpt":"Reprodu\u00e7\u00e3o\/LinkedInDiego j\u00e1 atuou em empresas como Suzano Papel e Celulose, OAS, AES e Lopes Im\u00f3veis. Acessibilidade L L A- A+ \u25d0 A Movile, holding do iFood, anunciou mudan\u00e7as em seu comando nesta sexta-feira, 17. Fabr\u00edcio Bloisi, CEO e fundador da plataforma de delivery deixou o cargo para assumir a Prosus,\u2026","rel":"","context":"In &quot;Blog&quot;","block_context":{"text":"Blog","link":"https:\/\/noticiasribeiraopreto.com.br\/index.php\/category\/blog\/"},"img":{"alt_text":"","src":"https:\/\/i0.wp.com\/noticiasribeiraopreto.com.br\/wp-content\/uploads\/2024\/05\/Diego-Barreto-1024x683.png?fit=1024%2C683&ssl=1&resize=350%2C200","width":350,"height":200,"srcset":"https:\/\/i0.wp.com\/noticiasribeiraopreto.com.br\/wp-content\/uploads\/2024\/05\/Diego-Barreto-1024x683.png?fit=1024%2C683&ssl=1&resize=350%2C200 1x, https:\/\/i0.wp.com\/noticiasribeiraopreto.com.br\/wp-content\/uploads\/2024\/05\/Diego-Barreto-1024x683.png?fit=1024%2C683&ssl=1&resize=525%2C300 1.5x, https:\/\/i0.wp.com\/noticiasribeiraopreto.com.br\/wp-content\/uploads\/2024\/05\/Diego-Barreto-1024x683.png?fit=1024%2C683&ssl=1&resize=700%2C400 2x"},"classes":[]},{"id":65884,"url":"https:\/\/noticiasribeiraopreto.com.br\/index.php\/2025\/03\/25\/jornal-da-franca-algar-telecom-inaugura-sua-primeira-loja-conceito-em-franca-veja-onde-fica\/","url_meta":{"origin":29082,"position":5},"title":"Jornal da Franca &#8211; Algar Telecom inaugura sua primeira loja conceito em Franca. Veja onde fica","author":"noticiasribeiraopreto.com.br","date":"25 de March de 2025","format":false,"excerpt":"compartilhar no whatsapp compartilhar no telegram compartilhar no facebook compartilhar no linkedin A loja estar\u00e1 sempre aberta de segunda-feira a s\u00e1bado, das 10h \u00e0s 22h, e aos domingos, das 14h \u00e0s 20h, no Franca Shopping. A Algar Telecom, empresa de TI e telecom do grupo Algar, inaugurou a sua primeira\u2026","rel":"","context":"In &quot;Not\u00edcias de Franca-SP&quot;","block_context":{"text":"Not\u00edcias de Franca-SP","link":"https:\/\/noticiasribeiraopreto.com.br\/index.php\/category\/noticias-de-ribeirao-preto-sp-e-regiao-ismael-colosi\/noticias-franca-sp\/"},"img":{"alt_text":"","src":"https:\/\/i0.wp.com\/noticiasribeiraopreto.com.br\/wp-content\/uploads\/2025\/03\/f721f9c5b32036e3061b0f0b9277d197low.jpeg?fit=800%2C533&ssl=1&resize=350%2C200","width":350,"height":200,"srcset":"https:\/\/i0.wp.com\/noticiasribeiraopreto.com.br\/wp-content\/uploads\/2025\/03\/f721f9c5b32036e3061b0f0b9277d197low.jpeg?fit=800%2C533&ssl=1&resize=350%2C200 1x, https:\/\/i0.wp.com\/noticiasribeiraopreto.com.br\/wp-content\/uploads\/2025\/03\/f721f9c5b32036e3061b0f0b9277d197low.jpeg?fit=800%2C533&ssl=1&resize=525%2C300 1.5x, https:\/\/i0.wp.com\/noticiasribeiraopreto.com.br\/wp-content\/uploads\/2025\/03\/f721f9c5b32036e3061b0f0b9277d197low.jpeg?fit=800%2C533&ssl=1&resize=700%2C400 2x"},"classes":[]}],"jetpack_sharing_enabled":true,"jetpack_shortlink":"https:\/\/wp.me\/peQAOb-7z4","_links":{"self":[{"href":"https:\/\/noticiasribeiraopreto.com.br\/index.php\/wp-json\/wp\/v2\/posts\/29082","targetHints":{"allow":["GET"]}}],"collection":[{"href":"https:\/\/noticiasribeiraopreto.com.br\/index.php\/wp-json\/wp\/v2\/posts"}],"about":[{"href":"https:\/\/noticiasribeiraopreto.com.br\/index.php\/wp-json\/wp\/v2\/types\/post"}],"author":[{"embeddable":true,"href":"https:\/\/noticiasribeiraopreto.com.br\/index.php\/wp-json\/wp\/v2\/users\/1"}],"replies":[{"embeddable":true,"href":"https:\/\/noticiasribeiraopreto.com.br\/index.php\/wp-json\/wp\/v2\/comments?post=29082"}],"version-history":[{"count":0,"href":"https:\/\/noticiasribeiraopreto.com.br\/index.php\/wp-json\/wp\/v2\/posts\/29082\/revisions"}],"wp:featuredmedia":[{"embeddable":true,"href":"https:\/\/noticiasribeiraopreto.com.br\/index.php\/wp-json\/wp\/v2\/media\/29083"}],"wp:attachment":[{"href":"https:\/\/noticiasribeiraopreto.com.br\/index.php\/wp-json\/wp\/v2\/media?parent=29082"}],"wp:term":[{"taxonomy":"category","embeddable":true,"href":"https:\/\/noticiasribeiraopreto.com.br\/index.php\/wp-json\/wp\/v2\/categories?post=29082"},{"taxonomy":"post_tag","embeddable":true,"href":"https:\/\/noticiasribeiraopreto.com.br\/index.php\/wp-json\/wp\/v2\/tags?post=29082"}],"curies":[{"name":"wp","href":"https:\/\/api.w.org\/{rel}","templated":true}]}}