{"id":29110,"date":"2024-01-17T14:17:04","date_gmt":"2024-01-17T17:17:04","guid":{"rendered":"https:\/\/noticiasribeiraopreto.com.br\/index.php\/2024\/01\/17\/chega-ao-fim-a-luta-de-evaristo-costa-internado-na-uti-ele-venceu\/"},"modified":"2024-01-17T14:17:04","modified_gmt":"2024-01-17T17:17:04","slug":"chega-ao-fim-a-luta-de-evaristo-costa-internado-na-uti-ele-venceu","status":"publish","type":"post","link":"https:\/\/noticiasribeiraopreto.com.br\/index.php\/2024\/01\/17\/chega-ao-fim-a-luta-de-evaristo-costa-internado-na-uti-ele-venceu\/","title":{"rendered":"Chega ao fim a luta de Evaristo Costa internado na UTI; ele venceu"},"content":{"rendered":"<div class='code-block code-block-1' style='margin: 8px 0 8px auto; text-align: right; display: block; clear: both;'>\n<p><a href=\"https:\/\/wa.link\/vpicfd\"><img data-recalc-dims=\"1\" class=\"wp-image-4922\" style=\"aspect-ratio: 2.0253164556962027; width: 561px; height: auto;\" src=\"https:\/\/i0.wp.com\/ismaelcolosi.com.br\/wp-content\/uploads\/2023\/11\/grupo-de-empregos-whatsapp-e-facebook-ismael-colosi-vagas.jpg?ssl=1\" alt=\"\" \/><\/a><\/p>\n<!-- \/wp:image -->\n<\/div>\n<p> <br \/>\n<\/p>\n<div itemprop=\"text\">\n<p>O famoso jornalista Evaristo Costa, de 47 anos de idade, venceu sua luta no hospital e recebeu alta ap\u00f3s ter sido internado na UTI (Unidade de Tratamento Intensivo). Ele estava internado em uma unidade de sa\u00fade do Reino Unido, local em que mora, para tratar a Doen\u00e7a de Crohn.<\/p>\n<p>\u201c<strong>Chegou a hora de dar tchau! A ALTA veio. N\u00e3o estou saindo com a infec\u00e7\u00e3o totalmente controlada, segundo os \u00faltimos exames, mas seguirei o tratamento de casa com antibi\u00f3ticos via oral. Obrigado por todas as mensagens de carinho, apoio, ora\u00e7\u00f5es<\/strong>\u201c, declarou ele, ao falar mais sobre o assunto em suas redes sociais.<\/p>\n<p>Durante sua trajet\u00f3ria e com a descoberta da doen\u00e7a, o jornalista tem buscado conscientizar mais os seus seguidores diante da situa\u00e7\u00e3o que enfrenta, expondo sintomas da doen\u00e7a que costuma ter de lidar.<\/p>\n<p>Ele contou que inicialmente, quando apareceram os primeiros sintomas, que eram diarreia e sangue, n\u00e3o chegou a dar muita import\u00e2ncia, pois pensou que apenas se tratava de uma alimenta\u00e7\u00e3o inadequada.<\/p>\n<p>Contudo, a situa\u00e7\u00e3o evoluiu e ele come\u00e7ou a sentir fortes dores, estando com a barriga sempre inchada. O jornalista s\u00f3 foi ao m\u00e9dico ap\u00f3s ter sentido uma fraqueza extrema.<\/p>\n<p>Evaristo narrou que a fraqueza o impedia de tomar qualquer atitude, como ir buscar suas filhas na escola ou andar de bicicleta. Inicialmente, ele recebeu o diagn\u00f3stico de gastrite, e por 1 ano, tomou medicamentos que n\u00e3o resolviam a situa\u00e7\u00e3o.<\/p>\n<p>Ao finalmente investigar, ele descobriu o diagn\u00f3stico. E atualmente, tem falado mais sobre os seus seguidores diante do assunto. Muitos est\u00e3o felizes que Evaristo est\u00e1 conseguindo se recuperar.<\/p>\n<\/div>\n<p><br \/>\n<br \/><a href=\"https:\/\/fnmais.com\/chega-ao-fim-luta-evaristo-costa-internado-na-uti-ele-venceu\/\">Source link <\/a><\/p>\n<!-- CONTENT END 1 -->\n","protected":false},"excerpt":{"rendered":"<p>O famoso jornalista Evaristo Costa, de 47 anos de idade, venceu sua luta no hospital e recebeu alta ap\u00f3s ter sido internado na UTI (Unidade&#8230;<\/p>\n","protected":false},"author":1,"featured_media":29111,"comment_status":"open","ping_status":"open","sticky":false,"template":"","format":"standard","meta":{"advanced_seo_description":"","jetpack_seo_html_title":"","jetpack_seo_noindex":false,"jetpack_post_was_ever_published":false,"_jetpack_newsletter_access":"","_jetpack_dont_email_post_to_subs":false,"_jetpack_newsletter_tier_id":0,"_jetpack_memberships_contains_paywalled_content":false,"_jetpack_memberships_contains_paid_content":false,"footnotes":"","jetpack_publicize_message":"","jetpack_publicize_feature_enabled":true,"jetpack_social_post_already_shared":true,"jetpack_social_options":{"image_generator_settings":{"template":"highway","default_image_id":0,"font":"","enabled":false},"version":2}},"categories":[1],"tags":[],"class_list":["post-29110","post","type-post","status-publish","format-standard","has-post-thumbnail","hentry","category-blog"],"jetpack_publicize_connections":[],"jetpack_featured_media_url":"https:\/\/i0.wp.com\/noticiasribeiraopreto.com.br\/wp-content\/uploads\/2024\/01\/postimg-65a7f68f8ccfd2788.jpg?fit=1200%2C628&ssl=1","jetpack-related-posts":[{"id":28890,"url":"https:\/\/noticiasribeiraopreto.com.br\/index.php\/2024\/01\/16\/ainda-internado-evaristo-costa-detalha-doenca-grave-e-revela-ter-recebido-diagnostico-errado-inicialmente\/","url_meta":{"origin":29110,"position":0},"title":"Ainda internado, Evaristo Costa detalha doen\u00e7a grave e revela ter recebido diagn\u00f3stico errado inicialmente","author":"noticiasribeiraopreto.com.br","date":"16 de January de 2024","format":false,"excerpt":"Evaristo Costa usou as redes sociais nesta ter\u00e7a-feira (16\/01) para falar um pouco mais sobre seu estado de sa\u00fade. O jornalista esta internado tratando de complica\u00e7\u00f5es da Doen\u00e7a de Crohn.Em seu desabafo nas redes sociais, Evaristo contou que nem sempre teve o diagn\u00f3stico correto da doen\u00e7a e que isso lhe\u2026","rel":"","context":"In &quot;Blog&quot;","block_context":{"text":"Blog","link":"https:\/\/noticiasribeiraopreto.com.br\/index.php\/category\/blog\/"},"img":{"alt_text":"","src":"https:\/\/i0.wp.com\/noticiasribeiraopreto.com.br\/wp-content\/uploads\/2024\/01\/postimg-65a72b6e3c41a4594.jpg?fit=1200%2C628&ssl=1&resize=350%2C200","width":350,"height":200,"srcset":"https:\/\/i0.wp.com\/noticiasribeiraopreto.com.br\/wp-content\/uploads\/2024\/01\/postimg-65a72b6e3c41a4594.jpg?fit=1200%2C628&ssl=1&resize=350%2C200 1x, https:\/\/i0.wp.com\/noticiasribeiraopreto.com.br\/wp-content\/uploads\/2024\/01\/postimg-65a72b6e3c41a4594.jpg?fit=1200%2C628&ssl=1&resize=525%2C300 1.5x, https:\/\/i0.wp.com\/noticiasribeiraopreto.com.br\/wp-content\/uploads\/2024\/01\/postimg-65a72b6e3c41a4594.jpg?fit=1200%2C628&ssl=1&resize=700%2C400 2x, https:\/\/i0.wp.com\/noticiasribeiraopreto.com.br\/wp-content\/uploads\/2024\/01\/postimg-65a72b6e3c41a4594.jpg?fit=1200%2C628&ssl=1&resize=1050%2C600 3x"},"classes":[]},{"id":6309,"url":"https:\/\/noticiasribeiraopreto.com.br\/index.php\/2023\/11\/25\/o-que-e-sintomas-e-tratamento-da-doenca-que-internou-o-jornalista-evaristo-costa\/","url_meta":{"origin":29110,"position":1},"title":"o que \u00e9, sintomas e tratamento da doen\u00e7a que internou o jornalista Evaristo Costa","author":"noticiasribeiraopreto.com.br","date":"25 de November de 2023","format":false,"excerpt":"De forma recente, o jornalista Evaristo Costa abriu o jogo com os seus seguidores e confessou que est\u00e1 enfrentando uma doen\u00e7a complicada. Ele recebeu o diagn\u00f3stico de celulite e erisipele em sua perna esquerda.Por conta do problema de sa\u00fade, o comunicador precisou ser internado, e com isso, buscou atualizar os\u2026","rel":"","context":"In &quot;Blog&quot;","block_context":{"text":"Blog","link":"https:\/\/noticiasribeiraopreto.com.br\/index.php\/category\/blog\/"},"img":{"alt_text":"","src":"https:\/\/i0.wp.com\/noticiasribeiraopreto.com.br\/wp-content\/uploads\/2023\/11\/postimg-656226bb2c4211548.jpg?fit=1200%2C628&ssl=1&resize=350%2C200","width":350,"height":200,"srcset":"https:\/\/i0.wp.com\/noticiasribeiraopreto.com.br\/wp-content\/uploads\/2023\/11\/postimg-656226bb2c4211548.jpg?fit=1200%2C628&ssl=1&resize=350%2C200 1x, https:\/\/i0.wp.com\/noticiasribeiraopreto.com.br\/wp-content\/uploads\/2023\/11\/postimg-656226bb2c4211548.jpg?fit=1200%2C628&ssl=1&resize=525%2C300 1.5x, https:\/\/i0.wp.com\/noticiasribeiraopreto.com.br\/wp-content\/uploads\/2023\/11\/postimg-656226bb2c4211548.jpg?fit=1200%2C628&ssl=1&resize=700%2C400 2x, https:\/\/i0.wp.com\/noticiasribeiraopreto.com.br\/wp-content\/uploads\/2023\/11\/postimg-656226bb2c4211548.jpg?fit=1200%2C628&ssl=1&resize=1050%2C600 3x"},"classes":[]},{"id":7810,"url":"https:\/\/noticiasribeiraopreto.com.br\/index.php\/2023\/11\/28\/chega-ao-fim-a-luta-do-jornalista-evaristo-costa-apos-internacao-ele-venceu\/","url_meta":{"origin":29110,"position":2},"title":"Chega ao fim a luta do jornalista Evaristo Costa ap\u00f3s interna\u00e7\u00e3o; ele venceu","author":"noticiasribeiraopreto.com.br","date":"28 de November de 2023","format":false,"excerpt":"Ap\u00f3s ter ido parado no hospital e ter precisado de uma interna\u00e7\u00e3o, o famoso jornalista Evaristo Costa se pronunciou em suas redes sociais, alegando que j\u00e1 recebeu alta e inicou os seus preparativos para conseguir retornar ao seu lar.O comunicador recebeu o diagn\u00f3stico de eripsela, uma infec\u00e7\u00e3o de pele. Com\u2026","rel":"","context":"In &quot;Blog&quot;","block_context":{"text":"Blog","link":"https:\/\/noticiasribeiraopreto.com.br\/index.php\/category\/blog\/"},"img":{"alt_text":"","src":"https:\/\/i0.wp.com\/noticiasribeiraopreto.com.br\/wp-content\/uploads\/2023\/11\/postimg-656679acdb02f9237.jpg?fit=1200%2C628&ssl=1&resize=350%2C200","width":350,"height":200,"srcset":"https:\/\/i0.wp.com\/noticiasribeiraopreto.com.br\/wp-content\/uploads\/2023\/11\/postimg-656679acdb02f9237.jpg?fit=1200%2C628&ssl=1&resize=350%2C200 1x, https:\/\/i0.wp.com\/noticiasribeiraopreto.com.br\/wp-content\/uploads\/2023\/11\/postimg-656679acdb02f9237.jpg?fit=1200%2C628&ssl=1&resize=525%2C300 1.5x, https:\/\/i0.wp.com\/noticiasribeiraopreto.com.br\/wp-content\/uploads\/2023\/11\/postimg-656679acdb02f9237.jpg?fit=1200%2C628&ssl=1&resize=700%2C400 2x, https:\/\/i0.wp.com\/noticiasribeiraopreto.com.br\/wp-content\/uploads\/2023\/11\/postimg-656679acdb02f9237.jpg?fit=1200%2C628&ssl=1&resize=1050%2C600 3x"},"classes":[]},{"id":25025,"url":"https:\/\/noticiasribeiraopreto.com.br\/index.php\/2024\/01\/05\/chega-ao-fim-a-luta-de-jose-roberto-burnier-apos-infarto-ele-venceu\/","url_meta":{"origin":29110,"position":3},"title":"Chega ao fim a luta de Jos\u00e9 Roberto Burnier ap\u00f3s infarto; ele venceu","author":"noticiasribeiraopreto.com.br","date":"5 de January de 2024","format":false,"excerpt":"Na manh\u00e3 desta sexta-feira, dia 5 de janeiro, o jornalista Jos\u00e9 Roberto Burnier recebeu alta hospitalar ap\u00f3s ter passado por um per\u00eddo de interna\u00e7\u00e3o no Hospital S\u00edrio-Lib\u00e2nes, na regi\u00e3o de S\u00e3o Paulo.Sua entrada no hospital ocorreu no dia 29 de dezembro, ap\u00f3s ter se submetido a uma angioplastia durante a\u2026","rel":"","context":"In &quot;Blog&quot;","block_context":{"text":"Blog","link":"https:\/\/noticiasribeiraopreto.com.br\/index.php\/category\/blog\/"},"img":{"alt_text":"","src":"https:\/\/i0.wp.com\/noticiasribeiraopreto.com.br\/wp-content\/uploads\/2024\/01\/postimg-65986f03dd9c93453.jpg?fit=1200%2C628&ssl=1&resize=350%2C200","width":350,"height":200,"srcset":"https:\/\/i0.wp.com\/noticiasribeiraopreto.com.br\/wp-content\/uploads\/2024\/01\/postimg-65986f03dd9c93453.jpg?fit=1200%2C628&ssl=1&resize=350%2C200 1x, https:\/\/i0.wp.com\/noticiasribeiraopreto.com.br\/wp-content\/uploads\/2024\/01\/postimg-65986f03dd9c93453.jpg?fit=1200%2C628&ssl=1&resize=525%2C300 1.5x, https:\/\/i0.wp.com\/noticiasribeiraopreto.com.br\/wp-content\/uploads\/2024\/01\/postimg-65986f03dd9c93453.jpg?fit=1200%2C628&ssl=1&resize=700%2C400 2x, https:\/\/i0.wp.com\/noticiasribeiraopreto.com.br\/wp-content\/uploads\/2024\/01\/postimg-65986f03dd9c93453.jpg?fit=1200%2C628&ssl=1&resize=1050%2C600 3x"},"classes":[]},{"id":5452,"url":"https:\/\/noticiasribeiraopreto.com.br\/index.php\/2023\/11\/23\/jornalista-evaristo-costa-e-encaminhado-as-pressas-para-hospital-apos-diagnostico-delicado\/","url_meta":{"origin":29110,"position":4},"title":"Jornalista Evaristo Costa \u00e9 encaminhado \u00e0s pressas para hospital ap\u00f3s diagn\u00f3stico delicado","author":"noticiasribeiraopreto.com.br","date":"23 de November de 2023","format":false,"excerpt":"De forma recente, o jornalista Evaristo Costa enfrentou problemas de sa\u00fade e resolveu compartilhar com os seus seguidores a situa\u00e7\u00e3o que precisou encarar.Atrav\u00e9s de uma sequ\u00eancia de publica\u00e7\u00f5es postadas em suas redes sociais, o apresentador explicou que recebeu o diagn\u00f3stico de infec\u00e7\u00e3o nas pernas, assim sendo necess\u00e1rio buscar por atendimento\u2026","rel":"","context":"In &quot;Blog&quot;","block_context":{"text":"Blog","link":"https:\/\/noticiasribeiraopreto.com.br\/index.php\/category\/blog\/"},"img":{"alt_text":"","src":"https:\/\/i0.wp.com\/noticiasribeiraopreto.com.br\/wp-content\/uploads\/2023\/11\/postimg-655f881271e0d2537.jpg?fit=1200%2C628&ssl=1&resize=350%2C200","width":350,"height":200,"srcset":"https:\/\/i0.wp.com\/noticiasribeiraopreto.com.br\/wp-content\/uploads\/2023\/11\/postimg-655f881271e0d2537.jpg?fit=1200%2C628&ssl=1&resize=350%2C200 1x, https:\/\/i0.wp.com\/noticiasribeiraopreto.com.br\/wp-content\/uploads\/2023\/11\/postimg-655f881271e0d2537.jpg?fit=1200%2C628&ssl=1&resize=525%2C300 1.5x, https:\/\/i0.wp.com\/noticiasribeiraopreto.com.br\/wp-content\/uploads\/2023\/11\/postimg-655f881271e0d2537.jpg?fit=1200%2C628&ssl=1&resize=700%2C400 2x, https:\/\/i0.wp.com\/noticiasribeiraopreto.com.br\/wp-content\/uploads\/2023\/11\/postimg-655f881271e0d2537.jpg?fit=1200%2C628&ssl=1&resize=1050%2C600 3x"},"classes":[]},{"id":27208,"url":"https:\/\/noticiasribeiraopreto.com.br\/index.php\/2024\/01\/11\/o-que-aconteceu-com-marcelo-pereira-jornalista-foi-internado-duas-vezes-em-apenas-4-dias-e-preocupa-fas\/","url_meta":{"origin":29110,"position":5},"title":"O que aconteceu com Marcelo Pereira? Jornalista foi internado duas vezes em apenas 4 dias e preocupa f\u00e3s","author":"noticiasribeiraopreto.com.br","date":"11 de January de 2024","format":false,"excerpt":"Marcelo Pereira \u00e9 um jornaista bastante conhecido por suas apresenta\u00e7\u00f5es no programa \u2018Bom Dia Brasil\u2019, no momento, ele se encontrado afastado das telas, o que deixou muitos telespectadores preocupados com sua sa\u00fade geral.Diante disso, chegou a ser exposto que o apresentador foi internado duas vezes em um intervalo de quatro\u2026","rel":"","context":"In &quot;Blog&quot;","block_context":{"text":"Blog","link":"https:\/\/noticiasribeiraopreto.com.br\/index.php\/category\/blog\/"},"img":{"alt_text":"","src":"https:\/\/i0.wp.com\/noticiasribeiraopreto.com.br\/wp-content\/uploads\/2024\/01\/postimg-65a01eee3728a5764.jpg?fit=1200%2C628&ssl=1&resize=350%2C200","width":350,"height":200,"srcset":"https:\/\/i0.wp.com\/noticiasribeiraopreto.com.br\/wp-content\/uploads\/2024\/01\/postimg-65a01eee3728a5764.jpg?fit=1200%2C628&ssl=1&resize=350%2C200 1x, https:\/\/i0.wp.com\/noticiasribeiraopreto.com.br\/wp-content\/uploads\/2024\/01\/postimg-65a01eee3728a5764.jpg?fit=1200%2C628&ssl=1&resize=525%2C300 1.5x, https:\/\/i0.wp.com\/noticiasribeiraopreto.com.br\/wp-content\/uploads\/2024\/01\/postimg-65a01eee3728a5764.jpg?fit=1200%2C628&ssl=1&resize=700%2C400 2x, https:\/\/i0.wp.com\/noticiasribeiraopreto.com.br\/wp-content\/uploads\/2024\/01\/postimg-65a01eee3728a5764.jpg?fit=1200%2C628&ssl=1&resize=1050%2C600 3x"},"classes":[]}],"jetpack_sharing_enabled":true,"jetpack_shortlink":"https:\/\/wp.me\/peQAOb-7zw","_links":{"self":[{"href":"https:\/\/noticiasribeiraopreto.com.br\/index.php\/wp-json\/wp\/v2\/posts\/29110","targetHints":{"allow":["GET"]}}],"collection":[{"href":"https:\/\/noticiasribeiraopreto.com.br\/index.php\/wp-json\/wp\/v2\/posts"}],"about":[{"href":"https:\/\/noticiasribeiraopreto.com.br\/index.php\/wp-json\/wp\/v2\/types\/post"}],"author":[{"embeddable":true,"href":"https:\/\/noticiasribeiraopreto.com.br\/index.php\/wp-json\/wp\/v2\/users\/1"}],"replies":[{"embeddable":true,"href":"https:\/\/noticiasribeiraopreto.com.br\/index.php\/wp-json\/wp\/v2\/comments?post=29110"}],"version-history":[{"count":0,"href":"https:\/\/noticiasribeiraopreto.com.br\/index.php\/wp-json\/wp\/v2\/posts\/29110\/revisions"}],"wp:featuredmedia":[{"embeddable":true,"href":"https:\/\/noticiasribeiraopreto.com.br\/index.php\/wp-json\/wp\/v2\/media\/29111"}],"wp:attachment":[{"href":"https:\/\/noticiasribeiraopreto.com.br\/index.php\/wp-json\/wp\/v2\/media?parent=29110"}],"wp:term":[{"taxonomy":"category","embeddable":true,"href":"https:\/\/noticiasribeiraopreto.com.br\/index.php\/wp-json\/wp\/v2\/categories?post=29110"},{"taxonomy":"post_tag","embeddable":true,"href":"https:\/\/noticiasribeiraopreto.com.br\/index.php\/wp-json\/wp\/v2\/tags?post=29110"}],"curies":[{"name":"wp","href":"https:\/\/api.w.org\/{rel}","templated":true}]}}