{"id":29192,"date":"2024-01-17T17:27:15","date_gmt":"2024-01-17T20:27:15","guid":{"rendered":"https:\/\/noticiasribeiraopreto.com.br\/index.php\/2024\/01\/17\/ira-ataca-tres-paises-em-24-horas\/"},"modified":"2024-01-17T17:27:15","modified_gmt":"2024-01-17T20:27:15","slug":"ira-ataca-tres-paises-em-24-horas","status":"publish","type":"post","link":"https:\/\/noticiasribeiraopreto.com.br\/index.php\/2024\/01\/17\/ira-ataca-tres-paises-em-24-horas\/","title":{"rendered":"Ir\u00e3 ataca tr\u00eas pa\u00edses em 24 horas"},"content":{"rendered":"<div class='code-block code-block-1' style='margin: 8px 0 8px auto; text-align: right; display: block; clear: both;'>\n<p><a href=\"https:\/\/wa.link\/vpicfd\"><img data-recalc-dims=\"1\" class=\"wp-image-4922\" style=\"aspect-ratio: 2.0253164556962027; width: 561px; height: auto;\" src=\"https:\/\/i0.wp.com\/ismaelcolosi.com.br\/wp-content\/uploads\/2023\/11\/grupo-de-empregos-whatsapp-e-facebook-ismael-colosi-vagas.jpg?ssl=1\" alt=\"\" \/><\/a><\/p>\n<!-- \/wp:image -->\n<\/div>\n<p> <br \/>\n<\/p>\n<div id=\"js-first-letter\">\n<p>A escalada da <strong>guerra <\/strong>no <strong>Oriente M\u00e9dio<\/strong> ganhou novos contornos depois que o <strong>Ir\u00e3 <\/strong>atacou tr\u00eas pa\u00edses em 24 horas \u2014 provocando a ira e promessas de revanche.<\/p>\n<p>Iraque, S\u00edria e Paquist\u00e3o foram os alvos das ofensivas de Teer\u00e3, que usou drones e m\u00edsseis contra os tr\u00eas inimigos.<\/p>\n<p>Os <a href=\"https:\/\/www.seudinheiro.com\/2024\/internacional\/a-terceira-guerra-mundial-esta-batendo-na-porta-as-condicoes-para-o-conflito-global-acontecer-e-elas-ja-estao-sobre-a-mesa-ccgg\/\" target=\"_blank\" rel=\"noreferrer noopener\">ataques aumentaram as preocupa\u00e7\u00f5es sobre a possibilidade de um conflito mais amplo no M\u00e9dio Oriente<\/a>, \u00e0 medida que a recente guerra entre Israel e o Hamas ultrapassa a marca dos 100 dias.<\/p>\n<p>O <a href=\"https:\/\/www.seudinheiro.com\/2023\/internacional\/oriente-medio-em-chamas-os-novos-ataques-que-ameacam-escalar-os-conflitos-para-alem-de-israel-e-da-faixa-de-gaza-ccgg\/\" target=\"_blank\" rel=\"noreferrer noopener\">Iraque chamou de volta o embaixador no Ir\u00e3<\/a> depois que o ataque \u00e0 regi\u00e3o semiaut\u00f4noma do Curdist\u00e3o, no norte, matou quatro civis e feriu pelo menos seis.\u00a0<\/p>\n<p>Teer\u00e3 disse que a ofensiva teve como alvo um centro de espionagem israelense perto do consulado dos EUA em Erbil, capital regional do Curdist\u00e3o.\u00a0<\/p>\n<p>O primeiro-ministro curdo iraquiano, Masrour Barzani, contestou a afirma\u00e7\u00e3o iraniana, descrevendo o ataque como um \u201ccrime contra o povo curdo\u201d.<\/p>\n<p>O Minist\u00e9rio das Rela\u00e7\u00f5es Exteriores do Paquist\u00e3o publicou uma nota na qual \u201ccondena veementemente a viola\u00e7\u00e3o n\u00e3o provocada de seu espa\u00e7o a\u00e9reo pelo Ir\u00e3\u201d e informou que duas crian\u00e7as morreram na a\u00e7\u00e3o e tr\u00eas ficaram feridas.\u00a0<\/p>\n<p>A nota tamb\u00e9m dizia que \u201c\u00e9 ainda mais preocupante que este ato ilegal tenha ocorrido apesar da exist\u00eancia de v\u00e1rios canais de comunica\u00e7\u00e3o entre o Paquist\u00e3o e o Ir\u00e3\u201d.<\/p>\n<h3 class=\"wp-block-heading\" id=\"h-touros-e-ursos-voce-acha-que-o-seu-dinheiro-fez-o-l-aqui-vai-nossa-real-opiniao-sobre-o-1-ano-de-lula\"><a href=\"https:\/\/www.youtube.com\/watch?v=E6ANetKtpW4\" target=\"_blank\" rel=\"noreferrer noopener\">TOUROS E URSOS &#8211;<\/a> Voc\u00ea acha que o Seu Dinheiro &#8220;fez o L&#8221;? Aqui vai nossa real opini\u00e3o sobre o 1\u00b0 ano de Lula<\/h3>\n<figure class=\"wp-block-embed is-type-video is-provider-youtube wp-block-embed-youtube wp-embed-aspect-16-9 wp-has-aspect-ratio\">\n<p>\n<iframe loading=\"lazy\" title=\"AQUI EST\u00c1 NOSSA REAL OPINI\u00c3O SOBRE O 1\u00b0 ANO DE LULA I TOUROS E URSOS\" width=\"500\" height=\"281\" src=\"https:\/\/www.youtube.com\/embed\/E6ANetKtpW4?feature=oembed\" frameborder=\"0\" allow=\"accelerometer; autoplay; clipboard-write; encrypted-media; gyroscope; picture-in-picture; web-share\" referrerpolicy=\"strict-origin-when-cross-origin\" allowfullscreen><\/iframe>\n<\/p>\n<\/figure>\n<h2 class=\"wp-block-heading\" id=\"h-ira-na-guerra\"><strong>Ir\u00e3 na guerra<\/strong><\/h2>\n<p>Embora <a href=\"https:\/\/www.seudinheiro.com\/2024\/bolsa-dolar\/a-reacao-aos-ataques-do-grupo-houthis-petroleo-dispara-mais-uma-vez-e-volta-ao-patamar-proximo-de-80-dolares-lils\/\" target=\"_blank\" rel=\"noreferrer noopener\">os ataques \u00e0 S\u00edria e ao Paquist\u00e3o n\u00e3o estejam relacionados com Israel<\/a> \u2013 Teer\u00e3 disse que a ofensivas tinham como alvo grupos terroristas anti-Ir\u00e3 \u2013 eles significam uma a\u00e7\u00e3o direta mais ousada do Ir\u00e3, que financia e fornece for\u00e7as que se op\u00f5em a Israel, como o Hezbollah no L\u00edbano, o Hamas em Gaza e o Houthis no I\u00eamen.<\/p>\n<p>Os Houthi lan\u00e7aram nas \u00faltimas semanas dezenas de ataques a navios comerciais no Mar Vermelho em protesto contra o que diz ser o genoc\u00eddio do povo da Faixa de Gaza por parte de Israel.<\/p>\n<p>Em resposta aos ataques no Mar Vermelho, os governos dos EUA e do Reino Unido come\u00e7aram na semana passada a lan\u00e7ar ofensivas com m\u00edsseis contra posi\u00e7\u00f5es Houthi no I\u00eamen.\u00a0<\/p>\n<p>Embora os EUA tenham atingido representantes iranianos na S\u00edria e no Iraque desde o in\u00edcio da guerra em Gaza, a a\u00e7\u00e3o com m\u00edsseis s\u00e3o as primeiras dos EUA ao grupo iemenita.\u00a0<\/p>\n<p>\u201cQuando se junta a integra\u00e7\u00e3o na regi\u00e3o, a normaliza\u00e7\u00e3o das rela\u00e7\u00f5es de Israel com todos os pa\u00edses, garantias e compromissos de seguran\u00e7a, um Estado palestiniano&#8230; cria-se uma regi\u00e3o inteiramente nova. E ent\u00e3o o maior desafio de Israel, o maior problema, tamb\u00e9m para n\u00f3s \u2013 o Ir\u00e3 \u2013 est\u00e1 isolado\u201d, disse o secret\u00e1rio de Estado norte-americano, Antony Blinken, \u00e0 CNBC na ter\u00e7a-feira em Davos.<\/p>\n<p><em>*Com informa\u00e7\u00f5es da CNBC<\/em><\/p>\n<\/div>\n<p><br \/>\n<br \/><a href=\"https:\/\/www.seudinheiro.com\/2024\/internacional\/oriente-medio-pega-fogo-ira-entra-de-vez-na-guerra-e-ataca-tres-paises-em-24-horas-ccgg\/\">Source link <\/a><\/p>\n<!-- CONTENT END 1 -->\n","protected":false},"excerpt":{"rendered":"<p>A escalada da guerra no Oriente M\u00e9dio ganhou novos contornos depois que o Ir\u00e3 atacou tr\u00eas pa\u00edses em 24 horas \u2014 provocando a ira e&#8230;<\/p>\n","protected":false},"author":1,"featured_media":29193,"comment_status":"open","ping_status":"open","sticky":false,"template":"","format":"standard","meta":{"advanced_seo_description":"","jetpack_seo_html_title":"","jetpack_seo_noindex":false,"jetpack_post_was_ever_published":false,"_jetpack_newsletter_access":"","_jetpack_dont_email_post_to_subs":false,"_jetpack_newsletter_tier_id":0,"_jetpack_memberships_contains_paywalled_content":false,"_jetpack_memberships_contains_paid_content":false,"footnotes":"","jetpack_publicize_message":"","jetpack_publicize_feature_enabled":true,"jetpack_social_post_already_shared":true,"jetpack_social_options":{"image_generator_settings":{"template":"highway","default_image_id":0,"font":"","enabled":false},"version":2}},"categories":[1235],"tags":[],"class_list":["post-29192","post","type-post","status-publish","format-standard","has-post-thumbnail","hentry","category-dinheiro-e-investimento-como-fazer-como-ganhar"],"jetpack_publicize_connections":[],"jetpack_featured_media_url":"https:\/\/i0.wp.com\/noticiasribeiraopreto.com.br\/wp-content\/uploads\/2024\/01\/Design-sem-nome-1-1-628x353.jpg?fit=628%2C353&ssl=1","jetpack-related-posts":[{"id":21468,"url":"https:\/\/noticiasribeiraopreto.com.br\/index.php\/2023\/12\/27\/oriente-medio-em-chamas-os-novos-ataques-que-ameacam-escalar-os-conflitos-para-alem-de-israel-e-da-faixa-de-gaza\/","url_meta":{"origin":29192,"position":0},"title":"Oriente M\u00e9dio em chamas: os novos ataques que amea\u00e7am escalar os conflitos para al\u00e9m de Israel e da Faixa de Gaza","author":"noticiasribeiraopreto.com.br","date":"27 de December de 2023","format":false,"excerpt":"Os receios de que a guerra entre Israel e o Hamas na Faixa de Gaza pudesse engolir o Oriente M\u00e9dio ganharam novos contornos nesta quarta-feira (27).\u00a0 Os rebeldes Houthi, do I\u00eamen, lan\u00e7aram uma nova ofensiva contra navios de carga no Mar Vermelho, enquanto os EUA levaram a cabo ataques contra\u2026","rel":"","context":"In &quot;Dinheiro e Investimento&quot;","block_context":{"text":"Dinheiro e Investimento","link":"https:\/\/noticiasribeiraopreto.com.br\/index.php\/category\/dinheiro-e-investimento-como-fazer-como-ganhar\/"},"img":{"alt_text":"","src":"https:\/\/i0.wp.com\/noticiasribeiraopreto.com.br\/wp-content\/uploads\/2023\/12\/Mapa-Israel-715x402.jpg?fit=715%2C402&ssl=1&resize=350%2C200","width":350,"height":200,"srcset":"https:\/\/i0.wp.com\/noticiasribeiraopreto.com.br\/wp-content\/uploads\/2023\/12\/Mapa-Israel-715x402.jpg?fit=715%2C402&ssl=1&resize=350%2C200 1x, https:\/\/i0.wp.com\/noticiasribeiraopreto.com.br\/wp-content\/uploads\/2023\/12\/Mapa-Israel-715x402.jpg?fit=715%2C402&ssl=1&resize=525%2C300 1.5x, https:\/\/i0.wp.com\/noticiasribeiraopreto.com.br\/wp-content\/uploads\/2023\/12\/Mapa-Israel-715x402.jpg?fit=715%2C402&ssl=1&resize=700%2C400 2x"},"classes":[]},{"id":33477,"url":"https:\/\/noticiasribeiraopreto.com.br\/index.php\/2024\/01\/29\/biden-vai-se-vingar-a-pressao-para-que-os-eua-saiam-a-caca-do-ira-e-respondam-a-morte-de-militares\/","url_meta":{"origin":29192,"position":1},"title":"Biden vai se vingar? A press\u00e3o para que os EUA saiam \u00e0 ca\u00e7a do Ir\u00e3 e respondam \u00e0 morte de militares","author":"noticiasribeiraopreto.com.br","date":"29 de January de 2024","format":false,"excerpt":"Dizem que a vingan\u00e7a \u00e9 um prato que se come frio e se isso for verdade, o presidente dos EUA, Joe Biden, deve resistir \u00e0 press\u00e3o de responder agora ao ataque da Resist\u00eancia Isl\u00e2mica no Iraque \u2014 um grupo de mil\u00edcias apoiado pelo Ir\u00e3 \u2014 e que resultou na morte\u2026","rel":"","context":"In &quot;Dinheiro e Investimento&quot;","block_context":{"text":"Dinheiro e Investimento","link":"https:\/\/noticiasribeiraopreto.com.br\/index.php\/category\/dinheiro-e-investimento-como-fazer-como-ganhar\/"},"img":{"alt_text":"","src":"https:\/\/i0.wp.com\/noticiasribeiraopreto.com.br\/wp-content\/uploads\/2024\/01\/1706561717_Joe-Biden-EUA-715x402.jpg?fit=715%2C402&ssl=1&resize=350%2C200","width":350,"height":200,"srcset":"https:\/\/i0.wp.com\/noticiasribeiraopreto.com.br\/wp-content\/uploads\/2024\/01\/1706561717_Joe-Biden-EUA-715x402.jpg?fit=715%2C402&ssl=1&resize=350%2C200 1x, https:\/\/i0.wp.com\/noticiasribeiraopreto.com.br\/wp-content\/uploads\/2024\/01\/1706561717_Joe-Biden-EUA-715x402.jpg?fit=715%2C402&ssl=1&resize=525%2C300 1.5x, https:\/\/i0.wp.com\/noticiasribeiraopreto.com.br\/wp-content\/uploads\/2024\/01\/1706561717_Joe-Biden-EUA-715x402.jpg?fit=715%2C402&ssl=1&resize=700%2C400 2x"},"classes":[]},{"id":20210,"url":"https:\/\/noticiasribeiraopreto.com.br\/index.php\/2023\/12\/24\/novo-eixo-de-putin-russia-depende-da-coreia-do-norte-e-do-ira-para-manter-avancos-na-guerra-contra-a-ucrania\/","url_meta":{"origin":29192,"position":2},"title":"Novo eixo de Putin? R\u00fassia depende da Coreia do Norte e do Ir\u00e3 para manter avan\u00e7os na guerra contra a Ucr\u00e2nia","author":"noticiasribeiraopreto.com.br","date":"24 de December de 2023","format":false,"excerpt":"O presidente da R\u00fassia, Vladimir Putin, teve que recorrer ao Ir\u00e3 e \u00e0 Coreia do Norte para manter o avan\u00e7o na guerra contra a Ucr\u00e2nia. Dada a necessidade de reabastecer o estoque de suprimentos militares para continuar os conflitos em Kiev, os pa\u00edses passaram a se tornar parceiros cada vez\u2026","rel":"","context":"In &quot;Dinheiro e Investimento&quot;","block_context":{"text":"Dinheiro e Investimento","link":"https:\/\/noticiasribeiraopreto.com.br\/index.php\/category\/dinheiro-e-investimento-como-fazer-como-ganhar\/"},"img":{"alt_text":"","src":"https:\/\/i0.wp.com\/noticiasribeiraopreto.com.br\/wp-content\/uploads\/2023\/12\/mca_141119abr_2726-715x402.jpg?fit=715%2C402&ssl=1&resize=350%2C200","width":350,"height":200,"srcset":"https:\/\/i0.wp.com\/noticiasribeiraopreto.com.br\/wp-content\/uploads\/2023\/12\/mca_141119abr_2726-715x402.jpg?fit=715%2C402&ssl=1&resize=350%2C200 1x, https:\/\/i0.wp.com\/noticiasribeiraopreto.com.br\/wp-content\/uploads\/2023\/12\/mca_141119abr_2726-715x402.jpg?fit=715%2C402&ssl=1&resize=525%2C300 1.5x, https:\/\/i0.wp.com\/noticiasribeiraopreto.com.br\/wp-content\/uploads\/2023\/12\/mca_141119abr_2726-715x402.jpg?fit=715%2C402&ssl=1&resize=700%2C400 2x"},"classes":[]},{"id":82873,"url":"https:\/\/noticiasribeiraopreto.com.br\/index.php\/2026\/03\/02\/guerra-no-oriente-medio-tem-mais-bombardeios-e-mortes-neste-domingo\/","url_meta":{"origin":29192,"position":3},"title":"Guerra no Oriente M\u00e9dio tem mais bombardeios e mortes neste domingo","author":"noticiasribeiraopreto.com.br","date":"2 de March de 2026","format":false,"excerpt":"\r \r \r 2 de mar\u00e7o de 2026 07:55 \r Compartilhar0 Os ataques realizados por Estados Unidos e Israel contra o Ir\u00e3 desde a madrugada de s\u00e1bado (28) seguiram neste domingo (1\u00ba), quando foram confirmadas mortes de autoridades do pa\u00eds persa, como o l\u00edder supremo, aiatol\u00e1 Ali Khamenei, e o\u2026","rel":"","context":"In &quot;Not\u00edcias de Ribeir\u00e3o Preto-SP e Regi\u00e3o&quot;","block_context":{"text":"Not\u00edcias de Ribeir\u00e3o Preto-SP e Regi\u00e3o","link":"https:\/\/noticiasribeiraopreto.com.br\/index.php\/category\/noticias-de-ribeirao-preto-sp-e-regiao-ismael-colosi\/"},"img":{"alt_text":"","src":"https:\/\/i0.wp.com\/noticiasribeiraopreto.com.br\/wp-content\/uploads\/2026\/03\/guerra-oriente-medio.webp.webp?fit=1170%2C700&ssl=1&resize=350%2C200","width":350,"height":200,"srcset":"https:\/\/i0.wp.com\/noticiasribeiraopreto.com.br\/wp-content\/uploads\/2026\/03\/guerra-oriente-medio.webp.webp?fit=1170%2C700&ssl=1&resize=350%2C200 1x, https:\/\/i0.wp.com\/noticiasribeiraopreto.com.br\/wp-content\/uploads\/2026\/03\/guerra-oriente-medio.webp.webp?fit=1170%2C700&ssl=1&resize=525%2C300 1.5x, https:\/\/i0.wp.com\/noticiasribeiraopreto.com.br\/wp-content\/uploads\/2026\/03\/guerra-oriente-medio.webp.webp?fit=1170%2C700&ssl=1&resize=700%2C400 2x, https:\/\/i0.wp.com\/noticiasribeiraopreto.com.br\/wp-content\/uploads\/2026\/03\/guerra-oriente-medio.webp.webp?fit=1170%2C700&ssl=1&resize=1050%2C600 3x"},"classes":[]},{"id":24631,"url":"https:\/\/noticiasribeiraopreto.com.br\/index.php\/2024\/01\/04\/temor-no-mar-vermelho-ataque-do-ira-e-aviso-dos-eua-deixa-o-oriente-medio-em-estado-de-alerta\/","url_meta":{"origin":29192,"position":4},"title":"Temor no Mar Vermelho: ataque do Ir\u00e3 e aviso dos EUA deixa o Oriente M\u00e9dio em estado de alerta","author":"noticiasribeiraopreto.com.br","date":"4 de January de 2024","format":false,"excerpt":"O temor da escalada do conflito no Oriente M\u00e9dio j\u00e1 vinha tomando corpo no fim do ano passado e agora parece que s\u00e3o cada vez maiores as preocupa\u00e7\u00f5es de que as tens\u00f5es se alastrem por toda a regi\u00e3o, com o envolvimento de novos atores.\u00a0 E mais um sinal veio de\u2026","rel":"","context":"In &quot;Dinheiro e Investimento&quot;","block_context":{"text":"Dinheiro e Investimento","link":"https:\/\/noticiasribeiraopreto.com.br\/index.php\/category\/dinheiro-e-investimento-como-fazer-como-ganhar\/"},"img":{"alt_text":"","src":"https:\/\/i0.wp.com\/noticiasribeiraopreto.com.br\/wp-content\/uploads\/2024\/01\/Mapa-Israel-715x402.jpg?fit=715%2C402&ssl=1&resize=350%2C200","width":350,"height":200,"srcset":"https:\/\/i0.wp.com\/noticiasribeiraopreto.com.br\/wp-content\/uploads\/2024\/01\/Mapa-Israel-715x402.jpg?fit=715%2C402&ssl=1&resize=350%2C200 1x, https:\/\/i0.wp.com\/noticiasribeiraopreto.com.br\/wp-content\/uploads\/2024\/01\/Mapa-Israel-715x402.jpg?fit=715%2C402&ssl=1&resize=525%2C300 1.5x, https:\/\/i0.wp.com\/noticiasribeiraopreto.com.br\/wp-content\/uploads\/2024\/01\/Mapa-Israel-715x402.jpg?fit=715%2C402&ssl=1&resize=700%2C400 2x"},"classes":[]},{"id":11770,"url":"https:\/\/noticiasribeiraopreto.com.br\/index.php\/2023\/12\/06\/a-rara-visita-de-putin-aos-paises-do-oriente-medio\/","url_meta":{"origin":29192,"position":5},"title":"A rara visita de Putin aos pa\u00edses do Oriente M\u00e9dio","author":"noticiasribeiraopreto.com.br","date":"6 de December de 2023","format":false,"excerpt":"O presidente russo, Vladimir Putin, iniciou uma rara visita ao Oriente M\u00e9dio, passando pelos Emirados \u00c1rabes Unidos e pela Ar\u00e1bia Saudita. Essas s\u00e3o as primeiras viagens do chefe do Kremlin \u00e0 regi\u00e3o desde o in\u00edcio da guerra na Ucr\u00e2nia, em fevereiro de 2022. Putin fez poucas incurs\u00f5es para al\u00e9m das\u2026","rel":"","context":"In &quot;Dinheiro e Investimento&quot;","block_context":{"text":"Dinheiro e Investimento","link":"https:\/\/noticiasribeiraopreto.com.br\/index.php\/category\/dinheiro-e-investimento-como-fazer-como-ganhar\/"},"img":{"alt_text":"","src":"https:\/\/i0.wp.com\/noticiasribeiraopreto.com.br\/wp-content\/uploads\/2023\/12\/Vladimir-Putin-iStock-715x402.jpg?fit=715%2C402&ssl=1&resize=350%2C200","width":350,"height":200,"srcset":"https:\/\/i0.wp.com\/noticiasribeiraopreto.com.br\/wp-content\/uploads\/2023\/12\/Vladimir-Putin-iStock-715x402.jpg?fit=715%2C402&ssl=1&resize=350%2C200 1x, https:\/\/i0.wp.com\/noticiasribeiraopreto.com.br\/wp-content\/uploads\/2023\/12\/Vladimir-Putin-iStock-715x402.jpg?fit=715%2C402&ssl=1&resize=525%2C300 1.5x, https:\/\/i0.wp.com\/noticiasribeiraopreto.com.br\/wp-content\/uploads\/2023\/12\/Vladimir-Putin-iStock-715x402.jpg?fit=715%2C402&ssl=1&resize=700%2C400 2x"},"classes":[]}],"jetpack_sharing_enabled":true,"jetpack_shortlink":"https:\/\/wp.me\/peQAOb-7AQ","_links":{"self":[{"href":"https:\/\/noticiasribeiraopreto.com.br\/index.php\/wp-json\/wp\/v2\/posts\/29192","targetHints":{"allow":["GET"]}}],"collection":[{"href":"https:\/\/noticiasribeiraopreto.com.br\/index.php\/wp-json\/wp\/v2\/posts"}],"about":[{"href":"https:\/\/noticiasribeiraopreto.com.br\/index.php\/wp-json\/wp\/v2\/types\/post"}],"author":[{"embeddable":true,"href":"https:\/\/noticiasribeiraopreto.com.br\/index.php\/wp-json\/wp\/v2\/users\/1"}],"replies":[{"embeddable":true,"href":"https:\/\/noticiasribeiraopreto.com.br\/index.php\/wp-json\/wp\/v2\/comments?post=29192"}],"version-history":[{"count":0,"href":"https:\/\/noticiasribeiraopreto.com.br\/index.php\/wp-json\/wp\/v2\/posts\/29192\/revisions"}],"wp:featuredmedia":[{"embeddable":true,"href":"https:\/\/noticiasribeiraopreto.com.br\/index.php\/wp-json\/wp\/v2\/media\/29193"}],"wp:attachment":[{"href":"https:\/\/noticiasribeiraopreto.com.br\/index.php\/wp-json\/wp\/v2\/media?parent=29192"}],"wp:term":[{"taxonomy":"category","embeddable":true,"href":"https:\/\/noticiasribeiraopreto.com.br\/index.php\/wp-json\/wp\/v2\/categories?post=29192"},{"taxonomy":"post_tag","embeddable":true,"href":"https:\/\/noticiasribeiraopreto.com.br\/index.php\/wp-json\/wp\/v2\/tags?post=29192"}],"curies":[{"name":"wp","href":"https:\/\/api.w.org\/{rel}","templated":true}]}}